{"id":2032,"date":"2025-10-16T00:55:47","date_gmt":"2025-10-16T03:55:47","guid":{"rendered":"https:\/\/gazetapernambucana.com\/?p=2032"},"modified":"2025-10-16T11:24:31","modified_gmt":"2025-10-16T14:24:31","slug":"15-de-outubro-celebracao-memoria-e-compromisso-com-os-professores","status":"publish","type":"post","link":"https:\/\/gazetapernambucana.com\/?p=2032","title":{"rendered":"15 de outubro: celebra\u00e7\u00e3o, mem\u00f3ria e compromisso com os professores"},"content":{"rendered":"<p data-start=\"316\" data-end=\"531\">\u00a0 Neste 15 de outubro, o Brasil celebra o Dia do Professor. Mais do que uma data no calend\u00e1rio, \u00e9 um momento de reconhecimento, reflex\u00e3o e compromisso com aqueles que formam gera\u00e7\u00f5es e sustentam os alicerces do saber.<\/p>\n<p data-start=\"533\" data-end=\"888\">A origem da data remonta a 1827, quando Dom Pedro I instituiu um decreto determinando a cria\u00e7\u00e3o de escolas de primeiras letras em todas as cidades, vilas e lugarejos do pa\u00eds. Mas o 15 de outubro como dia de homenagem aos professores ganhou for\u00e7a apenas mais de um s\u00e9culo depois, a partir de uma iniciativa surgida em S\u00e3o Paulo, no final da d\u00e9cada de 1940.<\/p>\n<p data-start=\"890\" data-end=\"1368\">No entanto, o que muitos desconhecem \u00e9 que a primeira lei oficial que reconheceu esta data como Dia do Professor foi apresentada em Santa Catarina. A autora foi a professora, jornalista e deputada Antonieta de Barros. Mulher negra, filha de ex-escravizada, Antonieta foi uma figura pioneira na pol\u00edtica brasileira. Em 1948, ela apresentou e conseguiu aprovar a Lei Estadual n\u00famero 145, que oficializava o Dia do Professor em 15 de outubro como feriado escolar em Santa Catarina.<\/p>\n<p data-start=\"1370\" data-end=\"1690\">Quinze anos depois, em 1963, o ent\u00e3o presidente Jo\u00e3o Goulart assinou o decreto que oficializou a data nacionalmente. O gesto de Antonieta de Barros teve, portanto, um papel decisivo e inaugural, abrindo caminho para o reconhecimento nacional dos professores. Sua iniciativa saiu do papel, virou lei e atravessou o tempo.<\/p>\n<p data-start=\"1692\" data-end=\"2242\">Antonieta nasceu em 1901, em Florian\u00f3polis. Desde jovem, enfrentou obst\u00e1culos impostos pelo racismo, pela desigualdade social e pela exclus\u00e3o de g\u00eanero. Fundou uma escola, escreveu artigos, combateu o analfabetismo, defendeu a cultura e fez da educa\u00e7\u00e3o sua principal bandeira. Em 1934, foi eleita deputada estadual por Santa Catarina, tornando-se a primeira mulher negra a ocupar esse cargo no Brasil. Sua atua\u00e7\u00e3o legislativa foi marcada pelo compromisso com o ensino p\u00fablico, com a valoriza\u00e7\u00e3o dos professores e com a amplia\u00e7\u00e3o do acesso \u00e0 educa\u00e7\u00e3o.<\/p>\n<p data-start=\"2244\" data-end=\"2554\">Faleceu em 1952, aos 50 anos, mas deixou um legado ainda vivo. Hoje seu nome est\u00e1 inscrito no livro dos Her\u00f3is e Hero\u00ednas da P\u00e1tria. E mais do que isso, Antonieta vive na hist\u00f3ria de cada professor e professora que, apesar de tantas dificuldades, segue acreditando na transforma\u00e7\u00e3o social por meio da educa\u00e7\u00e3o.<\/p>\n<p data-start=\"2556\" data-end=\"2894\">Celebrar o Dia do Professor \u00e9 reconhecer a import\u00e2ncia dessa profiss\u00e3o para o presente e o futuro do pa\u00eds. \u00c9 lembrar que nenhuma sociedade progride quando desvaloriza seus educadores. \u00c9 refletir sobre a necessidade urgente de melhorar sal\u00e1rios, garantir forma\u00e7\u00e3o continuada, dar condi\u00e7\u00f5es dignas de trabalho e fortalecer a escola p\u00fablica.<\/p>\n<p data-start=\"2896\" data-end=\"3161\">O Dia do Professor \u00e9 tamb\u00e9m um convite \u00e0 mem\u00f3ria. A mem\u00f3ria de figuras como Antonieta de Barros, que n\u00e3o aceitou o apagamento e, com coragem, escreveu seu nome na hist\u00f3ria. \u00c9 gra\u00e7as a ela que hoje temos uma data nacional que homenageia quem dedica a vida a ensinar.<\/p>\n<p data-start=\"3163\" data-end=\"3402\">Neste 15 de outubro, a homenagem vai para todos os professores e professoras que resistem, inovam, se doam e se reinventam todos os dias. A cada um que acredita na pot\u00eancia do ensino, o nosso respeito, nossa gratid\u00e3o e o nosso compromisso.<\/p>\n<p data-start=\"3404\" data-end=\"3474\">Dia do Professor. Viva Antonieta de Barros. Viva os mestres do Brasil.<\/p>\n<p data-start=\"3404\" data-end=\"3474\"><strong>Veja o V\u00eddeo:<\/strong><\/p>\n<div style=\"width: 640px;\" class=\"wp-video\"><video class=\"wp-video-shortcode\" id=\"video-2032-1\" width=\"640\" height=\"1138\" preload=\"metadata\" controls=\"controls\"><source type=\"video\/mp4\" src=\"http:\/\/gazetapernambucana.com\/wp-content\/uploads\/2025\/10\/SnapInsta.to_AQP5JOyGaDXsuUrE9BwhykSOn_18GEV0E35LMUo0j_ES0aN_7OqHYVC12kuJgiKI3qRd6PV7g7e0qMRx3iU_Z3A7UxE44LJh5yMLyi0.mp4?_=1\" \/><a href=\"http:\/\/gazetapernambucana.com\/wp-content\/uploads\/2025\/10\/SnapInsta.to_AQP5JOyGaDXsuUrE9BwhykSOn_18GEV0E35LMUo0j_ES0aN_7OqHYVC12kuJgiKI3qRd6PV7g7e0qMRx3iU_Z3A7UxE44LJh5yMLyi0.mp4\">http:\/\/gazetapernambucana.com\/wp-content\/uploads\/2025\/10\/SnapInsta.to_AQP5JOyGaDXsuUrE9BwhykSOn_18GEV0E35LMUo0j_ES0aN_7OqHYVC12kuJgiKI3qRd6PV7g7e0qMRx3iU_Z3A7UxE44LJh5yMLyi0.mp4<\/a><\/video><\/div>\n","protected":false},"excerpt":{"rendered":"<p>\u00a0 Neste 15 de outubro, o Brasil celebra o Dia do Professor. Mais do que uma data no calend\u00e1rio, \u00e9 um momento de reconhecimento, reflex\u00e3o e compromisso com aqueles que formam gera\u00e7\u00f5es e sustentam os alicerces do saber. A origem da data remonta a 1827, quando Dom Pedro I instituiu um decreto determinando a cria\u00e7\u00e3o [&hellip;]<\/p>\n","protected":false},"author":1,"featured_media":2033,"comment_status":"open","ping_status":"open","sticky":false,"template":"","format":"standard","meta":{"footnotes":"","jetpack_publicize_message":"","jetpack_publicize_feature_enabled":true,"jetpack_social_post_already_shared":true,"jetpack_social_options":{"image_generator_settings":{"template":"highway","default_image_id":0,"font":"","enabled":false},"version":2}},"categories":[66,1,35,65],"tags":[],"class_list":["post-2032","post","type-post","status-publish","format-standard","has-post-thumbnail","hentry","category-cidades","category-https-gazetapernambucana-com-page_id225","category-https-gazetapernambucana-com-page_id218","category-politica"],"yoast_head":"<!-- This site is optimized with the Yoast SEO plugin v24.5 - https:\/\/yoast.com\/wordpress\/plugins\/seo\/ -->\n<title>15 de outubro: celebra\u00e7\u00e3o, mem\u00f3ria e compromisso com os professores -<\/title>\n<meta name=\"robots\" content=\"index, follow, max-snippet:-1, max-image-preview:large, max-video-preview:-1\" \/>\n<link rel=\"canonical\" href=\"https:\/\/gazetapernambucana.com\/?p=2032\" \/>\n<meta property=\"og:locale\" content=\"pt_BR\" \/>\n<meta property=\"og:type\" content=\"article\" \/>\n<meta property=\"og:title\" content=\"15 de outubro: celebra\u00e7\u00e3o, mem\u00f3ria e compromisso com os professores -\" \/>\n<meta property=\"og:description\" content=\"\u00a0 Neste 15 de outubro, o Brasil celebra o Dia do Professor. Mais do que uma data no calend\u00e1rio, \u00e9 um momento de reconhecimento, reflex\u00e3o e compromisso com aqueles que formam gera\u00e7\u00f5es e sustentam os alicerces do saber. A origem da data remonta a 1827, quando Dom Pedro I instituiu um decreto determinando a cria\u00e7\u00e3o [&hellip;]\" \/>\n<meta property=\"og:url\" content=\"https:\/\/gazetapernambucana.com\/?p=2032\" \/>\n<meta property=\"article:published_time\" content=\"2025-10-16T03:55:47+00:00\" \/>\n<meta property=\"article:modified_time\" content=\"2025-10-16T14:24:31+00:00\" \/>\n<meta property=\"og:image\" content=\"https:\/\/gazetapernambucana.com\/wp-content\/uploads\/2025\/10\/579981.jpg\" \/>\n\t<meta property=\"og:image:width\" content=\"999\" \/>\n\t<meta property=\"og:image:height\" content=\"582\" \/>\n\t<meta property=\"og:image:type\" content=\"image\/jpeg\" \/>\n<meta name=\"author\" content=\"GP\" \/>\n<meta name=\"twitter:card\" content=\"summary_large_image\" \/>\n<meta name=\"twitter:label1\" content=\"Escrito por\" \/>\n\t<meta name=\"twitter:data1\" content=\"GP\" \/>\n\t<meta name=\"twitter:label2\" content=\"Est. tempo de leitura\" \/>\n\t<meta name=\"twitter:data2\" content=\"4 minutos\" \/>\n<script type=\"application\/ld+json\" class=\"yoast-schema-graph\">{\"@context\":\"https:\/\/schema.org\",\"@graph\":[{\"@type\":\"WebPage\",\"@id\":\"https:\/\/gazetapernambucana.com\/?p=2032\",\"url\":\"https:\/\/gazetapernambucana.com\/?p=2032\",\"name\":\"15 de outubro: celebra\u00e7\u00e3o, mem\u00f3ria e compromisso com os professores -\",\"isPartOf\":{\"@id\":\"https:\/\/gazetapernambucana.com\/#website\"},\"primaryImageOfPage\":{\"@id\":\"https:\/\/gazetapernambucana.com\/?p=2032#primaryimage\"},\"image\":{\"@id\":\"https:\/\/gazetapernambucana.com\/?p=2032#primaryimage\"},\"thumbnailUrl\":\"https:\/\/gazetapernambucana.com\/wp-content\/uploads\/2025\/10\/579981.jpg\",\"datePublished\":\"2025-10-16T03:55:47+00:00\",\"dateModified\":\"2025-10-16T14:24:31+00:00\",\"author\":{\"@id\":\"https:\/\/gazetapernambucana.com\/#\/schema\/person\/188dc283325181ac2de4db1e9e987427\"},\"breadcrumb\":{\"@id\":\"https:\/\/gazetapernambucana.com\/?p=2032#breadcrumb\"},\"inLanguage\":\"pt-BR\",\"potentialAction\":[{\"@type\":\"ReadAction\",\"target\":[\"https:\/\/gazetapernambucana.com\/?p=2032\"]}]},{\"@type\":\"ImageObject\",\"inLanguage\":\"pt-BR\",\"@id\":\"https:\/\/gazetapernambucana.com\/?p=2032#primaryimage\",\"url\":\"https:\/\/gazetapernambucana.com\/wp-content\/uploads\/2025\/10\/579981.jpg\",\"contentUrl\":\"https:\/\/gazetapernambucana.com\/wp-content\/uploads\/2025\/10\/579981.jpg\",\"width\":999,\"height\":582},{\"@type\":\"BreadcrumbList\",\"@id\":\"https:\/\/gazetapernambucana.com\/?p=2032#breadcrumb\",\"itemListElement\":[{\"@type\":\"ListItem\",\"position\":1,\"name\":\"In\u00edcio\",\"item\":\"https:\/\/gazetapernambucana.com\/\"},{\"@type\":\"ListItem\",\"position\":2,\"name\":\"15 de outubro: celebra\u00e7\u00e3o, mem\u00f3ria e compromisso com os professores\"}]},{\"@type\":\"WebSite\",\"@id\":\"https:\/\/gazetapernambucana.com\/#website\",\"url\":\"https:\/\/gazetapernambucana.com\/\",\"name\":\"\",\"description\":\"\",\"potentialAction\":[{\"@type\":\"SearchAction\",\"target\":{\"@type\":\"EntryPoint\",\"urlTemplate\":\"https:\/\/gazetapernambucana.com\/?s={search_term_string}\"},\"query-input\":{\"@type\":\"PropertyValueSpecification\",\"valueRequired\":true,\"valueName\":\"search_term_string\"}}],\"inLanguage\":\"pt-BR\"},{\"@type\":\"Person\",\"@id\":\"https:\/\/gazetapernambucana.com\/#\/schema\/person\/188dc283325181ac2de4db1e9e987427\",\"name\":\"GP\",\"image\":{\"@type\":\"ImageObject\",\"inLanguage\":\"pt-BR\",\"@id\":\"https:\/\/gazetapernambucana.com\/#\/schema\/person\/image\/\",\"url\":\"https:\/\/secure.gravatar.com\/avatar\/9dad78ff9a2d8b5742d11779f8a3f53b052320c550b2e1907882353c067bb111?s=96&d=mm&r=g\",\"contentUrl\":\"https:\/\/secure.gravatar.com\/avatar\/9dad78ff9a2d8b5742d11779f8a3f53b052320c550b2e1907882353c067bb111?s=96&d=mm&r=g\",\"caption\":\"GP\"},\"sameAs\":[\"http:\/\/gazetapernambucana.com\"],\"url\":\"https:\/\/gazetapernambucana.com\/?author=1\"}]}<\/script>\n<!-- \/ Yoast SEO plugin. -->","yoast_head_json":{"title":"15 de outubro: celebra\u00e7\u00e3o, mem\u00f3ria e compromisso com os professores -","robots":{"index":"index","follow":"follow","max-snippet":"max-snippet:-1","max-image-preview":"max-image-preview:large","max-video-preview":"max-video-preview:-1"},"canonical":"https:\/\/gazetapernambucana.com\/?p=2032","og_locale":"pt_BR","og_type":"article","og_title":"15 de outubro: celebra\u00e7\u00e3o, mem\u00f3ria e compromisso com os professores -","og_description":"\u00a0 Neste 15 de outubro, o Brasil celebra o Dia do Professor. Mais do que uma data no calend\u00e1rio, \u00e9 um momento de reconhecimento, reflex\u00e3o e compromisso com aqueles que formam gera\u00e7\u00f5es e sustentam os alicerces do saber. A origem da data remonta a 1827, quando Dom Pedro I instituiu um decreto determinando a cria\u00e7\u00e3o [&hellip;]","og_url":"https:\/\/gazetapernambucana.com\/?p=2032","article_published_time":"2025-10-16T03:55:47+00:00","article_modified_time":"2025-10-16T14:24:31+00:00","og_image":[{"width":999,"height":582,"url":"https:\/\/gazetapernambucana.com\/wp-content\/uploads\/2025\/10\/579981.jpg","type":"image\/jpeg"}],"author":"GP","twitter_card":"summary_large_image","twitter_misc":{"Escrito por":"GP","Est. tempo de leitura":"4 minutos"},"schema":{"@context":"https:\/\/schema.org","@graph":[{"@type":"WebPage","@id":"https:\/\/gazetapernambucana.com\/?p=2032","url":"https:\/\/gazetapernambucana.com\/?p=2032","name":"15 de outubro: celebra\u00e7\u00e3o, mem\u00f3ria e compromisso com os professores -","isPartOf":{"@id":"https:\/\/gazetapernambucana.com\/#website"},"primaryImageOfPage":{"@id":"https:\/\/gazetapernambucana.com\/?p=2032#primaryimage"},"image":{"@id":"https:\/\/gazetapernambucana.com\/?p=2032#primaryimage"},"thumbnailUrl":"https:\/\/gazetapernambucana.com\/wp-content\/uploads\/2025\/10\/579981.jpg","datePublished":"2025-10-16T03:55:47+00:00","dateModified":"2025-10-16T14:24:31+00:00","author":{"@id":"https:\/\/gazetapernambucana.com\/#\/schema\/person\/188dc283325181ac2de4db1e9e987427"},"breadcrumb":{"@id":"https:\/\/gazetapernambucana.com\/?p=2032#breadcrumb"},"inLanguage":"pt-BR","potentialAction":[{"@type":"ReadAction","target":["https:\/\/gazetapernambucana.com\/?p=2032"]}]},{"@type":"ImageObject","inLanguage":"pt-BR","@id":"https:\/\/gazetapernambucana.com\/?p=2032#primaryimage","url":"https:\/\/gazetapernambucana.com\/wp-content\/uploads\/2025\/10\/579981.jpg","contentUrl":"https:\/\/gazetapernambucana.com\/wp-content\/uploads\/2025\/10\/579981.jpg","width":999,"height":582},{"@type":"BreadcrumbList","@id":"https:\/\/gazetapernambucana.com\/?p=2032#breadcrumb","itemListElement":[{"@type":"ListItem","position":1,"name":"In\u00edcio","item":"https:\/\/gazetapernambucana.com\/"},{"@type":"ListItem","position":2,"name":"15 de outubro: celebra\u00e7\u00e3o, mem\u00f3ria e compromisso com os professores"}]},{"@type":"WebSite","@id":"https:\/\/gazetapernambucana.com\/#website","url":"https:\/\/gazetapernambucana.com\/","name":"","description":"","potentialAction":[{"@type":"SearchAction","target":{"@type":"EntryPoint","urlTemplate":"https:\/\/gazetapernambucana.com\/?s={search_term_string}"},"query-input":{"@type":"PropertyValueSpecification","valueRequired":true,"valueName":"search_term_string"}}],"inLanguage":"pt-BR"},{"@type":"Person","@id":"https:\/\/gazetapernambucana.com\/#\/schema\/person\/188dc283325181ac2de4db1e9e987427","name":"GP","image":{"@type":"ImageObject","inLanguage":"pt-BR","@id":"https:\/\/gazetapernambucana.com\/#\/schema\/person\/image\/","url":"https:\/\/secure.gravatar.com\/avatar\/9dad78ff9a2d8b5742d11779f8a3f53b052320c550b2e1907882353c067bb111?s=96&d=mm&r=g","contentUrl":"https:\/\/secure.gravatar.com\/avatar\/9dad78ff9a2d8b5742d11779f8a3f53b052320c550b2e1907882353c067bb111?s=96&d=mm&r=g","caption":"GP"},"sameAs":["http:\/\/gazetapernambucana.com"],"url":"https:\/\/gazetapernambucana.com\/?author=1"}]}},"jetpack_publicize_connections":[],"_links":{"self":[{"href":"https:\/\/gazetapernambucana.com\/index.php?rest_route=\/wp\/v2\/posts\/2032","targetHints":{"allow":["GET"]}}],"collection":[{"href":"https:\/\/gazetapernambucana.com\/index.php?rest_route=\/wp\/v2\/posts"}],"about":[{"href":"https:\/\/gazetapernambucana.com\/index.php?rest_route=\/wp\/v2\/types\/post"}],"author":[{"embeddable":true,"href":"https:\/\/gazetapernambucana.com\/index.php?rest_route=\/wp\/v2\/users\/1"}],"replies":[{"embeddable":true,"href":"https:\/\/gazetapernambucana.com\/index.php?rest_route=%2Fwp%2Fv2%2Fcomments&post=2032"}],"version-history":[{"count":3,"href":"https:\/\/gazetapernambucana.com\/index.php?rest_route=\/wp\/v2\/posts\/2032\/revisions"}],"predecessor-version":[{"id":2037,"href":"https:\/\/gazetapernambucana.com\/index.php?rest_route=\/wp\/v2\/posts\/2032\/revisions\/2037"}],"wp:featuredmedia":[{"embeddable":true,"href":"https:\/\/gazetapernambucana.com\/index.php?rest_route=\/wp\/v2\/media\/2033"}],"wp:attachment":[{"href":"https:\/\/gazetapernambucana.com\/index.php?rest_route=%2Fwp%2Fv2%2Fmedia&parent=2032"}],"wp:term":[{"taxonomy":"category","embeddable":true,"href":"https:\/\/gazetapernambucana.com\/index.php?rest_route=%2Fwp%2Fv2%2Fcategories&post=2032"},{"taxonomy":"post_tag","embeddable":true,"href":"https:\/\/gazetapernambucana.com\/index.php?rest_route=%2Fwp%2Fv2%2Ftags&post=2032"}],"curies":[{"name":"wp","href":"https:\/\/api.w.org\/{rel}","templated":true}]}}