{"id":2028,"date":"2025-10-15T23:41:48","date_gmt":"2025-10-16T02:41:48","guid":{"rendered":"https:\/\/gazetapernambucana.com\/?p=2028"},"modified":"2025-10-15T23:41:48","modified_gmt":"2025-10-16T02:41:48","slug":"editorial-gazeta-pernambucana-15-de-outubro-a-palavra-como-chamado","status":"publish","type":"post","link":"https:\/\/gazetapernambucana.com\/?p=2028","title":{"rendered":"EDITORIAL | Gazeta Pernambucana \u2013 15 de Outubro:  A Palavra como Chamado"},"content":{"rendered":"<h3 data-start=\"125\" data-end=\"186\">Terceira Reflex\u00e3o da Semana da Miss\u00e3o do Escritor: quando a escrita se torna destino e entrega<\/h3>\n<p data-start=\"188\" data-end=\"558\">A palavra escrita \u00e9 o fio t\u00eanue que sustenta a teia da humanidade. \u00c9 por meio dela que atravessamos o tempo, tocamos outras consci\u00eancias, reinventamos sonhos e resistimos ao esquecimento. Nesta Semana do Escritor, mais do que celebrar nomes consagrados, dedicamo\u2011nos \u00e0 ess\u00eancia: ao impulso que leva algu\u00e9m a escolher o sil\u00eancio, cortar o ru\u00eddo, enveredar pela linguagem.<\/p>\n<p data-start=\"560\" data-end=\"919\">Em tempos de efemeridade, a escrita \u00e9 resist\u00eancia. Enquanto eles apressam o mundo, o escritor recusa a pressa. Enquanto eles diluem o sentido em slogans, ele devolve complexidade. Enquanto eles inspiram consensos f\u00e1ceis, ele pergunta. \u00c9 no espa\u00e7o entre os signos que mora a inquietude: quem escreve vai al\u00e9m do repert\u00f3rio; transgride, remodela, rasga e refaz.<\/p>\n<p data-start=\"921\" data-end=\"1361\">Mas essa voca\u00e7\u00e3o exige cuidados \u2014 sustento institucional, liberdade de express\u00e3o, leitura cultivada, editora\u00e7\u00e3o s\u00e9ria e remunera\u00e7\u00e3o justa. N\u00e3o basta reverenciar o escritor como mito: \u00e9 preciso integr\u00e1\u2011lo \u00e0 vida cultural, educacional e econ\u00f4mica da sociedade. Precisamos leitoras que revisitem velhos cl\u00e1ssicos e descubram novos horizontes; escolas que fomentem narrativas plurais; governos que reconhe\u00e7am a literatura como pol\u00edtica p\u00fablica.<\/p>\n<p data-start=\"1363\" data-end=\"1686\">Durante os pr\u00f3ximos dias, esta casa abrir\u00e1 espa\u00e7o para di\u00e1logos com vozes m\u00faltiplas: o escritor que escreve na periferia, a poeta que traduz sua ancestralidade, o cronista que registra o inusitado cotidiano, o autor emergente que busca visibilidade. Ser\u00e1 uma semana de encontro, entre letras, entre desafios, entre futuro.<\/p>\n<p data-start=\"1688\" data-end=\"1965\">Que este tempo n\u00e3o passe como comemora\u00e7\u00e3o autom\u00e1tica. Que ele se grave como um pacto: conosco, com o leitor, com a vida. Que o escritor sinta, em cada aceno, que n\u00e3o est\u00e1 sozinho. E que, por meio da escrita, possamos manter acesa a chama da reflex\u00e3o, da dignidade e da mem\u00f3ria.<\/p>\n<p data-start=\"1967\" data-end=\"2052\">Porque, no fim, escrever \u00e9 um ato de f\u00e9 no humano, e essa f\u00e9 sempre ser\u00e1 necess\u00e1ria.<\/p>\n","protected":false},"excerpt":{"rendered":"<p>Terceira Reflex\u00e3o da Semana da Miss\u00e3o do Escritor: quando a escrita se torna destino e entrega A palavra escrita \u00e9 o fio t\u00eanue que sustenta a teia da humanidade. \u00c9 por meio dela que atravessamos o tempo, tocamos outras consci\u00eancias, reinventamos sonhos e resistimos ao esquecimento. Nesta Semana do Escritor, mais do que celebrar nomes [&hellip;]<\/p>\n","protected":false},"author":1,"featured_media":2030,"comment_status":"open","ping_status":"open","sticky":false,"template":"","format":"standard","meta":{"footnotes":"","jetpack_publicize_message":"","jetpack_publicize_feature_enabled":true,"jetpack_social_post_already_shared":true,"jetpack_social_options":{"image_generator_settings":{"template":"highway","default_image_id":0,"font":"","enabled":false},"version":2}},"categories":[1,35,46],"tags":[],"class_list":["post-2028","post","type-post","status-publish","format-standard","has-post-thumbnail","hentry","category-https-gazetapernambucana-com-page_id225","category-https-gazetapernambucana-com-page_id218","category-literatura"],"yoast_head":"<!-- This site is optimized with the Yoast SEO plugin v24.5 - https:\/\/yoast.com\/wordpress\/plugins\/seo\/ -->\n<title>EDITORIAL | Gazeta Pernambucana \u2013 15 de Outubro: A Palavra como Chamado -<\/title>\n<meta name=\"robots\" content=\"index, follow, max-snippet:-1, max-image-preview:large, max-video-preview:-1\" \/>\n<link rel=\"canonical\" href=\"https:\/\/gazetapernambucana.com\/?p=2028\" \/>\n<meta property=\"og:locale\" content=\"pt_BR\" \/>\n<meta property=\"og:type\" content=\"article\" \/>\n<meta property=\"og:title\" content=\"EDITORIAL | Gazeta Pernambucana \u2013 15 de Outubro: A Palavra como Chamado -\" \/>\n<meta property=\"og:description\" content=\"Terceira Reflex\u00e3o da Semana da Miss\u00e3o do Escritor: quando a escrita se torna destino e entrega A palavra escrita \u00e9 o fio t\u00eanue que sustenta a teia da humanidade. \u00c9 por meio dela que atravessamos o tempo, tocamos outras consci\u00eancias, reinventamos sonhos e resistimos ao esquecimento. Nesta Semana do Escritor, mais do que celebrar nomes [&hellip;]\" \/>\n<meta property=\"og:url\" content=\"https:\/\/gazetapernambucana.com\/?p=2028\" \/>\n<meta property=\"article:published_time\" content=\"2025-10-16T02:41:48+00:00\" \/>\n<meta property=\"og:image\" content=\"https:\/\/gazetapernambucana.com\/wp-content\/uploads\/2025\/10\/download-72.jpeg\" \/>\n\t<meta property=\"og:image:width\" content=\"784\" \/>\n\t<meta property=\"og:image:height\" content=\"894\" \/>\n\t<meta property=\"og:image:type\" content=\"image\/jpeg\" \/>\n<meta name=\"author\" content=\"GP\" \/>\n<meta name=\"twitter:card\" content=\"summary_large_image\" \/>\n<meta name=\"twitter:label1\" content=\"Escrito por\" \/>\n\t<meta name=\"twitter:data1\" content=\"GP\" \/>\n\t<meta name=\"twitter:label2\" content=\"Est. tempo de leitura\" \/>\n\t<meta name=\"twitter:data2\" content=\"2 minutos\" \/>\n<script type=\"application\/ld+json\" class=\"yoast-schema-graph\">{\"@context\":\"https:\/\/schema.org\",\"@graph\":[{\"@type\":\"WebPage\",\"@id\":\"https:\/\/gazetapernambucana.com\/?p=2028\",\"url\":\"https:\/\/gazetapernambucana.com\/?p=2028\",\"name\":\"EDITORIAL | Gazeta Pernambucana \u2013 15 de Outubro: A Palavra como Chamado -\",\"isPartOf\":{\"@id\":\"https:\/\/gazetapernambucana.com\/#website\"},\"primaryImageOfPage\":{\"@id\":\"https:\/\/gazetapernambucana.com\/?p=2028#primaryimage\"},\"image\":{\"@id\":\"https:\/\/gazetapernambucana.com\/?p=2028#primaryimage\"},\"thumbnailUrl\":\"https:\/\/gazetapernambucana.com\/wp-content\/uploads\/2025\/10\/download-72.jpeg\",\"datePublished\":\"2025-10-16T02:41:48+00:00\",\"author\":{\"@id\":\"https:\/\/gazetapernambucana.com\/#\/schema\/person\/188dc283325181ac2de4db1e9e987427\"},\"breadcrumb\":{\"@id\":\"https:\/\/gazetapernambucana.com\/?p=2028#breadcrumb\"},\"inLanguage\":\"pt-BR\",\"potentialAction\":[{\"@type\":\"ReadAction\",\"target\":[\"https:\/\/gazetapernambucana.com\/?p=2028\"]}]},{\"@type\":\"ImageObject\",\"inLanguage\":\"pt-BR\",\"@id\":\"https:\/\/gazetapernambucana.com\/?p=2028#primaryimage\",\"url\":\"https:\/\/gazetapernambucana.com\/wp-content\/uploads\/2025\/10\/download-72.jpeg\",\"contentUrl\":\"https:\/\/gazetapernambucana.com\/wp-content\/uploads\/2025\/10\/download-72.jpeg\",\"width\":784,\"height\":894},{\"@type\":\"BreadcrumbList\",\"@id\":\"https:\/\/gazetapernambucana.com\/?p=2028#breadcrumb\",\"itemListElement\":[{\"@type\":\"ListItem\",\"position\":1,\"name\":\"In\u00edcio\",\"item\":\"https:\/\/gazetapernambucana.com\/\"},{\"@type\":\"ListItem\",\"position\":2,\"name\":\"EDITORIAL | Gazeta Pernambucana \u2013 15 de Outubro: A Palavra como Chamado\"}]},{\"@type\":\"WebSite\",\"@id\":\"https:\/\/gazetapernambucana.com\/#website\",\"url\":\"https:\/\/gazetapernambucana.com\/\",\"name\":\"\",\"description\":\"\",\"potentialAction\":[{\"@type\":\"SearchAction\",\"target\":{\"@type\":\"EntryPoint\",\"urlTemplate\":\"https:\/\/gazetapernambucana.com\/?s={search_term_string}\"},\"query-input\":{\"@type\":\"PropertyValueSpecification\",\"valueRequired\":true,\"valueName\":\"search_term_string\"}}],\"inLanguage\":\"pt-BR\"},{\"@type\":\"Person\",\"@id\":\"https:\/\/gazetapernambucana.com\/#\/schema\/person\/188dc283325181ac2de4db1e9e987427\",\"name\":\"GP\",\"image\":{\"@type\":\"ImageObject\",\"inLanguage\":\"pt-BR\",\"@id\":\"https:\/\/gazetapernambucana.com\/#\/schema\/person\/image\/\",\"url\":\"https:\/\/secure.gravatar.com\/avatar\/9dad78ff9a2d8b5742d11779f8a3f53b052320c550b2e1907882353c067bb111?s=96&d=mm&r=g\",\"contentUrl\":\"https:\/\/secure.gravatar.com\/avatar\/9dad78ff9a2d8b5742d11779f8a3f53b052320c550b2e1907882353c067bb111?s=96&d=mm&r=g\",\"caption\":\"GP\"},\"sameAs\":[\"http:\/\/gazetapernambucana.com\"],\"url\":\"https:\/\/gazetapernambucana.com\/?author=1\"}]}<\/script>\n<!-- \/ Yoast SEO plugin. -->","yoast_head_json":{"title":"EDITORIAL | Gazeta Pernambucana \u2013 15 de Outubro: A Palavra como Chamado -","robots":{"index":"index","follow":"follow","max-snippet":"max-snippet:-1","max-image-preview":"max-image-preview:large","max-video-preview":"max-video-preview:-1"},"canonical":"https:\/\/gazetapernambucana.com\/?p=2028","og_locale":"pt_BR","og_type":"article","og_title":"EDITORIAL | Gazeta Pernambucana \u2013 15 de Outubro: A Palavra como Chamado -","og_description":"Terceira Reflex\u00e3o da Semana da Miss\u00e3o do Escritor: quando a escrita se torna destino e entrega A palavra escrita \u00e9 o fio t\u00eanue que sustenta a teia da humanidade. \u00c9 por meio dela que atravessamos o tempo, tocamos outras consci\u00eancias, reinventamos sonhos e resistimos ao esquecimento. Nesta Semana do Escritor, mais do que celebrar nomes [&hellip;]","og_url":"https:\/\/gazetapernambucana.com\/?p=2028","article_published_time":"2025-10-16T02:41:48+00:00","og_image":[{"width":784,"height":894,"url":"https:\/\/gazetapernambucana.com\/wp-content\/uploads\/2025\/10\/download-72.jpeg","type":"image\/jpeg"}],"author":"GP","twitter_card":"summary_large_image","twitter_misc":{"Escrito por":"GP","Est. tempo de leitura":"2 minutos"},"schema":{"@context":"https:\/\/schema.org","@graph":[{"@type":"WebPage","@id":"https:\/\/gazetapernambucana.com\/?p=2028","url":"https:\/\/gazetapernambucana.com\/?p=2028","name":"EDITORIAL | Gazeta Pernambucana \u2013 15 de Outubro: A Palavra como Chamado -","isPartOf":{"@id":"https:\/\/gazetapernambucana.com\/#website"},"primaryImageOfPage":{"@id":"https:\/\/gazetapernambucana.com\/?p=2028#primaryimage"},"image":{"@id":"https:\/\/gazetapernambucana.com\/?p=2028#primaryimage"},"thumbnailUrl":"https:\/\/gazetapernambucana.com\/wp-content\/uploads\/2025\/10\/download-72.jpeg","datePublished":"2025-10-16T02:41:48+00:00","author":{"@id":"https:\/\/gazetapernambucana.com\/#\/schema\/person\/188dc283325181ac2de4db1e9e987427"},"breadcrumb":{"@id":"https:\/\/gazetapernambucana.com\/?p=2028#breadcrumb"},"inLanguage":"pt-BR","potentialAction":[{"@type":"ReadAction","target":["https:\/\/gazetapernambucana.com\/?p=2028"]}]},{"@type":"ImageObject","inLanguage":"pt-BR","@id":"https:\/\/gazetapernambucana.com\/?p=2028#primaryimage","url":"https:\/\/gazetapernambucana.com\/wp-content\/uploads\/2025\/10\/download-72.jpeg","contentUrl":"https:\/\/gazetapernambucana.com\/wp-content\/uploads\/2025\/10\/download-72.jpeg","width":784,"height":894},{"@type":"BreadcrumbList","@id":"https:\/\/gazetapernambucana.com\/?p=2028#breadcrumb","itemListElement":[{"@type":"ListItem","position":1,"name":"In\u00edcio","item":"https:\/\/gazetapernambucana.com\/"},{"@type":"ListItem","position":2,"name":"EDITORIAL | Gazeta Pernambucana \u2013 15 de Outubro: A Palavra como Chamado"}]},{"@type":"WebSite","@id":"https:\/\/gazetapernambucana.com\/#website","url":"https:\/\/gazetapernambucana.com\/","name":"","description":"","potentialAction":[{"@type":"SearchAction","target":{"@type":"EntryPoint","urlTemplate":"https:\/\/gazetapernambucana.com\/?s={search_term_string}"},"query-input":{"@type":"PropertyValueSpecification","valueRequired":true,"valueName":"search_term_string"}}],"inLanguage":"pt-BR"},{"@type":"Person","@id":"https:\/\/gazetapernambucana.com\/#\/schema\/person\/188dc283325181ac2de4db1e9e987427","name":"GP","image":{"@type":"ImageObject","inLanguage":"pt-BR","@id":"https:\/\/gazetapernambucana.com\/#\/schema\/person\/image\/","url":"https:\/\/secure.gravatar.com\/avatar\/9dad78ff9a2d8b5742d11779f8a3f53b052320c550b2e1907882353c067bb111?s=96&d=mm&r=g","contentUrl":"https:\/\/secure.gravatar.com\/avatar\/9dad78ff9a2d8b5742d11779f8a3f53b052320c550b2e1907882353c067bb111?s=96&d=mm&r=g","caption":"GP"},"sameAs":["http:\/\/gazetapernambucana.com"],"url":"https:\/\/gazetapernambucana.com\/?author=1"}]}},"jetpack_publicize_connections":[],"_links":{"self":[{"href":"https:\/\/gazetapernambucana.com\/index.php?rest_route=\/wp\/v2\/posts\/2028","targetHints":{"allow":["GET"]}}],"collection":[{"href":"https:\/\/gazetapernambucana.com\/index.php?rest_route=\/wp\/v2\/posts"}],"about":[{"href":"https:\/\/gazetapernambucana.com\/index.php?rest_route=\/wp\/v2\/types\/post"}],"author":[{"embeddable":true,"href":"https:\/\/gazetapernambucana.com\/index.php?rest_route=\/wp\/v2\/users\/1"}],"replies":[{"embeddable":true,"href":"https:\/\/gazetapernambucana.com\/index.php?rest_route=%2Fwp%2Fv2%2Fcomments&post=2028"}],"version-history":[{"count":1,"href":"https:\/\/gazetapernambucana.com\/index.php?rest_route=\/wp\/v2\/posts\/2028\/revisions"}],"predecessor-version":[{"id":2031,"href":"https:\/\/gazetapernambucana.com\/index.php?rest_route=\/wp\/v2\/posts\/2028\/revisions\/2031"}],"wp:featuredmedia":[{"embeddable":true,"href":"https:\/\/gazetapernambucana.com\/index.php?rest_route=\/wp\/v2\/media\/2030"}],"wp:attachment":[{"href":"https:\/\/gazetapernambucana.com\/index.php?rest_route=%2Fwp%2Fv2%2Fmedia&parent=2028"}],"wp:term":[{"taxonomy":"category","embeddable":true,"href":"https:\/\/gazetapernambucana.com\/index.php?rest_route=%2Fwp%2Fv2%2Fcategories&post=2028"},{"taxonomy":"post_tag","embeddable":true,"href":"https:\/\/gazetapernambucana.com\/index.php?rest_route=%2Fwp%2Fv2%2Ftags&post=2028"}],"curies":[{"name":"wp","href":"https:\/\/api.w.org\/{rel}","templated":true}]}}