{"id":2022,"date":"2025-10-15T12:44:37","date_gmt":"2025-10-15T15:44:37","guid":{"rendered":"https:\/\/gazetapernambucana.com\/?p=2022"},"modified":"2025-10-15T13:31:44","modified_gmt":"2025-10-15T16:31:44","slug":"um-dia-sem-ti-e-o-mundo-se-curva-para-o-nada","status":"publish","type":"post","link":"https:\/\/gazetapernambucana.com\/?p=2022","title":{"rendered":"UM DIA SEM TI, E O MUNDO SE CURVA PARA O NADA. Por Fl\u00e1vio Chaves"},"content":{"rendered":"<p><strong>Por Fl\u00e1vio Chaves \u2013 Jornalista, poeta, escritor e membro da Academia Pernambucana de Letras. Foi Delegado Federal\/Minc\u00a0 \u2013\u00a0 <\/strong>H\u00e1 dias que n\u00e3o s\u00e3o dias, s\u00e3o apenas intervalos vazios entre o que fomos e o que tememos ser. E h\u00e1 um tipo de aus\u00eancia que n\u00e3o se anuncia com estardalha\u00e7o, mas chega de mansinho, como o vento frio que entra pela fresta da janela e vai roubando a alma do corpo aos poucos. Assim \u00e9 o dia em que n\u00e3o se sabe de ti. Um dia que n\u00e3o traz teu nome na boca do mundo, que n\u00e3o deixa vest\u00edgio teu no c\u00e9u da manh\u00e3, que n\u00e3o permite \u00e0 mem\u00f3ria o consolo de um sinal. Um dia desses \u00e9 como morrer \u00e0 m\u00edngua, sem saber, sem entender, sem poder fazer nada al\u00e9m de esperar.<\/p>\n<p>N\u00e3o saber de ti \u00e9 vagar por um mundo sem tradu\u00e7\u00e3o. \u00c9 habitar um idioma de sombras, onde cada objeto lembra tua aus\u00eancia, onde o espelho se recusa a refletir um rosto inteiro, e o sil\u00eancio lateja como uma ferida aberta dentro do peito. O mundo, sem tua not\u00edcia, sem tua voz ecoando ainda que em uma s\u00edlaba, torna-se um territ\u00f3rio in\u00f3spito, um deserto onde os p\u00e1ssaros se calam e os rel\u00f3gios giram sem sentido. O tempo, esse impostor que sempre enganou, se arrasta como um animal ferido, cuspindo horas sem brilho, sem destino, sem calor.<\/p>\n<p>Tu, que foste farol, agora \u00e9s sombra. Mas n\u00e3o uma sombra qualquer. \u00c9s aquela que permanece mesmo quando todas as luzes se apagam. Aquela que n\u00e3o abandona nem quando se tenta esquecer, nem quando se finge n\u00e3o sentir, nem quando se sorri por educa\u00e7\u00e3o diante dos outros. Est\u00e1s aqui, na margem de tudo que n\u00e3o se sabe mais nomear, como um fantasma terno que observa enquanto se vive esse dia mudo, esse espa\u00e7o sem ti.<\/p>\n<p>Como pode um simples sil\u00eancio teu abalar tanto a estrutura do mundo? Como pode um dia sem tua palavra tornar-se uma eternidade de afli\u00e7\u00e3o? D\u00f3i a espera, sim, mas d\u00f3i ainda mais o vazio de sentido que tua aus\u00eancia provoca. N\u00e3o saber se est\u00e1s bem, se respiras com leveza, se pensas em mim enquanto o dia corre, isso \u00e9 uma forma de mart\u00edrio que os dicion\u00e1rios n\u00e3o explicam. \u00c9 um luto sem corpo, uma saudade sem endere\u00e7o, uma ora\u00e7\u00e3o feita ao vazio.<\/p>\n<p>Tudo grita tua falta. O caf\u00e9 que esfria na x\u00edcara porque tua aus\u00eancia o amarga. A cadeira ao lado da mesa que n\u00e3o se move, que permanece im\u00f3vel, como se soubesse que tu n\u00e3o vir\u00e1s. A cortina que se agita com o vento, e que engana por um segundo, como se fosse tua m\u00e3o abrindo a janela. At\u00e9 os objetos da casa aprenderam a se calar. Como tudo.<\/p>\n<p>E, no entanto, a esperan\u00e7a \u00e9 uma teimosa. Um pequeno lume que insiste em n\u00e3o apagar. A cada notifica\u00e7\u00e3o no telefone, a cada passo vindo da rua, a cada sombra que se move no fim da tarde, o cora\u00e7\u00e3o acelera, perguntando-se se ser\u00e1s tu. Como se a vida toda estivesse condensada na possibilidade do teu retorno, na promessa da tua voz rompendo o ex\u00edlio que teu sil\u00eancio construiu entre n\u00f3s.<\/p>\n<p>H\u00e1 quem diga que o amor \u00e9 presen\u00e7a. Mas o amor verdadeiro \u00e9 resist\u00eancia. \u00c9 continuar sentindo mesmo quando tudo empurra para o esquecimento. \u00c9 continuar vivendo mesmo quando tudo dentro pede rendi\u00e7\u00e3o. \u00c9 continuar morando em ti, mesmo que tua casa esteja fechada.<\/p>\n<p>E mesmo que amanh\u00e3 o mundo volte a curvar-se para o nada, ainda assim haver\u00e1 olhos voltados para o horizonte, esperando tua luz.<\/p>\n","protected":false},"excerpt":{"rendered":"<p>Por Fl\u00e1vio Chaves \u2013 Jornalista, poeta, escritor e membro da Academia Pernambucana de Letras. Foi Delegado Federal\/Minc\u00a0 \u2013\u00a0 H\u00e1 dias que n\u00e3o s\u00e3o dias, s\u00e3o apenas intervalos vazios entre o que fomos e o que tememos ser. E h\u00e1 um tipo de aus\u00eancia que n\u00e3o se anuncia com estardalha\u00e7o, mas chega de mansinho, como o [&hellip;]<\/p>\n","protected":false},"author":1,"featured_media":139,"comment_status":"open","ping_status":"open","sticky":false,"template":"","format":"standard","meta":{"footnotes":"","jetpack_publicize_message":"","jetpack_publicize_feature_enabled":true,"jetpack_social_post_already_shared":true,"jetpack_social_options":{"image_generator_settings":{"template":"highway","default_image_id":0,"font":"","enabled":false},"version":2}},"categories":[1,35,46],"tags":[],"class_list":["post-2022","post","type-post","status-publish","format-standard","has-post-thumbnail","hentry","category-https-gazetapernambucana-com-page_id225","category-https-gazetapernambucana-com-page_id218","category-literatura"],"yoast_head":"<!-- This site is optimized with the Yoast SEO plugin v24.5 - https:\/\/yoast.com\/wordpress\/plugins\/seo\/ -->\n<title>UM DIA SEM TI, E O MUNDO SE CURVA PARA O NADA. Por Fl\u00e1vio Chaves -<\/title>\n<meta name=\"robots\" content=\"index, follow, max-snippet:-1, max-image-preview:large, max-video-preview:-1\" \/>\n<link rel=\"canonical\" href=\"https:\/\/gazetapernambucana.com\/?p=2022\" \/>\n<meta property=\"og:locale\" content=\"pt_BR\" \/>\n<meta property=\"og:type\" content=\"article\" \/>\n<meta property=\"og:title\" content=\"UM DIA SEM TI, E O MUNDO SE CURVA PARA O NADA. Por Fl\u00e1vio Chaves -\" \/>\n<meta property=\"og:description\" content=\"Por Fl\u00e1vio Chaves \u2013 Jornalista, poeta, escritor e membro da Academia Pernambucana de Letras. Foi Delegado Federal\/Minc\u00a0 \u2013\u00a0 H\u00e1 dias que n\u00e3o s\u00e3o dias, s\u00e3o apenas intervalos vazios entre o que fomos e o que tememos ser. E h\u00e1 um tipo de aus\u00eancia que n\u00e3o se anuncia com estardalha\u00e7o, mas chega de mansinho, como o [&hellip;]\" \/>\n<meta property=\"og:url\" content=\"https:\/\/gazetapernambucana.com\/?p=2022\" \/>\n<meta property=\"article:published_time\" content=\"2025-10-15T15:44:37+00:00\" \/>\n<meta property=\"article:modified_time\" content=\"2025-10-15T16:31:44+00:00\" \/>\n<meta property=\"og:image\" content=\"https:\/\/gazetapernambucana.com\/wp-content\/uploads\/2025\/02\/FLAVIO-CHAVES-1sdsds.jpg\" \/>\n\t<meta property=\"og:image:width\" content=\"827\" \/>\n\t<meta property=\"og:image:height\" content=\"1272\" \/>\n\t<meta property=\"og:image:type\" content=\"image\/jpeg\" \/>\n<meta name=\"author\" content=\"GP\" \/>\n<meta name=\"twitter:card\" content=\"summary_large_image\" \/>\n<meta name=\"twitter:label1\" content=\"Escrito por\" \/>\n\t<meta name=\"twitter:data1\" content=\"GP\" \/>\n\t<meta name=\"twitter:label2\" content=\"Est. tempo de leitura\" \/>\n\t<meta name=\"twitter:data2\" content=\"4 minutos\" \/>\n<script type=\"application\/ld+json\" class=\"yoast-schema-graph\">{\"@context\":\"https:\/\/schema.org\",\"@graph\":[{\"@type\":\"WebPage\",\"@id\":\"https:\/\/gazetapernambucana.com\/?p=2022\",\"url\":\"https:\/\/gazetapernambucana.com\/?p=2022\",\"name\":\"UM DIA SEM TI, E O MUNDO SE CURVA PARA O NADA. Por Fl\u00e1vio Chaves -\",\"isPartOf\":{\"@id\":\"https:\/\/gazetapernambucana.com\/#website\"},\"primaryImageOfPage\":{\"@id\":\"https:\/\/gazetapernambucana.com\/?p=2022#primaryimage\"},\"image\":{\"@id\":\"https:\/\/gazetapernambucana.com\/?p=2022#primaryimage\"},\"thumbnailUrl\":\"https:\/\/gazetapernambucana.com\/wp-content\/uploads\/2025\/02\/FLAVIO-CHAVES-1sdsds.jpg\",\"datePublished\":\"2025-10-15T15:44:37+00:00\",\"dateModified\":\"2025-10-15T16:31:44+00:00\",\"author\":{\"@id\":\"https:\/\/gazetapernambucana.com\/#\/schema\/person\/188dc283325181ac2de4db1e9e987427\"},\"breadcrumb\":{\"@id\":\"https:\/\/gazetapernambucana.com\/?p=2022#breadcrumb\"},\"inLanguage\":\"pt-BR\",\"potentialAction\":[{\"@type\":\"ReadAction\",\"target\":[\"https:\/\/gazetapernambucana.com\/?p=2022\"]}]},{\"@type\":\"ImageObject\",\"inLanguage\":\"pt-BR\",\"@id\":\"https:\/\/gazetapernambucana.com\/?p=2022#primaryimage\",\"url\":\"https:\/\/gazetapernambucana.com\/wp-content\/uploads\/2025\/02\/FLAVIO-CHAVES-1sdsds.jpg\",\"contentUrl\":\"https:\/\/gazetapernambucana.com\/wp-content\/uploads\/2025\/02\/FLAVIO-CHAVES-1sdsds.jpg\",\"width\":827,\"height\":1272},{\"@type\":\"BreadcrumbList\",\"@id\":\"https:\/\/gazetapernambucana.com\/?p=2022#breadcrumb\",\"itemListElement\":[{\"@type\":\"ListItem\",\"position\":1,\"name\":\"In\u00edcio\",\"item\":\"https:\/\/gazetapernambucana.com\/\"},{\"@type\":\"ListItem\",\"position\":2,\"name\":\"UM DIA SEM TI, E O MUNDO SE CURVA PARA O NADA. Por Fl\u00e1vio Chaves\"}]},{\"@type\":\"WebSite\",\"@id\":\"https:\/\/gazetapernambucana.com\/#website\",\"url\":\"https:\/\/gazetapernambucana.com\/\",\"name\":\"\",\"description\":\"\",\"potentialAction\":[{\"@type\":\"SearchAction\",\"target\":{\"@type\":\"EntryPoint\",\"urlTemplate\":\"https:\/\/gazetapernambucana.com\/?s={search_term_string}\"},\"query-input\":{\"@type\":\"PropertyValueSpecification\",\"valueRequired\":true,\"valueName\":\"search_term_string\"}}],\"inLanguage\":\"pt-BR\"},{\"@type\":\"Person\",\"@id\":\"https:\/\/gazetapernambucana.com\/#\/schema\/person\/188dc283325181ac2de4db1e9e987427\",\"name\":\"GP\",\"image\":{\"@type\":\"ImageObject\",\"inLanguage\":\"pt-BR\",\"@id\":\"https:\/\/gazetapernambucana.com\/#\/schema\/person\/image\/\",\"url\":\"https:\/\/secure.gravatar.com\/avatar\/9dad78ff9a2d8b5742d11779f8a3f53b052320c550b2e1907882353c067bb111?s=96&d=mm&r=g\",\"contentUrl\":\"https:\/\/secure.gravatar.com\/avatar\/9dad78ff9a2d8b5742d11779f8a3f53b052320c550b2e1907882353c067bb111?s=96&d=mm&r=g\",\"caption\":\"GP\"},\"sameAs\":[\"http:\/\/gazetapernambucana.com\"],\"url\":\"https:\/\/gazetapernambucana.com\/?author=1\"}]}<\/script>\n<!-- \/ Yoast SEO plugin. -->","yoast_head_json":{"title":"UM DIA SEM TI, E O MUNDO SE CURVA PARA O NADA. Por Fl\u00e1vio Chaves -","robots":{"index":"index","follow":"follow","max-snippet":"max-snippet:-1","max-image-preview":"max-image-preview:large","max-video-preview":"max-video-preview:-1"},"canonical":"https:\/\/gazetapernambucana.com\/?p=2022","og_locale":"pt_BR","og_type":"article","og_title":"UM DIA SEM TI, E O MUNDO SE CURVA PARA O NADA. Por Fl\u00e1vio Chaves -","og_description":"Por Fl\u00e1vio Chaves \u2013 Jornalista, poeta, escritor e membro da Academia Pernambucana de Letras. Foi Delegado Federal\/Minc\u00a0 \u2013\u00a0 H\u00e1 dias que n\u00e3o s\u00e3o dias, s\u00e3o apenas intervalos vazios entre o que fomos e o que tememos ser. E h\u00e1 um tipo de aus\u00eancia que n\u00e3o se anuncia com estardalha\u00e7o, mas chega de mansinho, como o [&hellip;]","og_url":"https:\/\/gazetapernambucana.com\/?p=2022","article_published_time":"2025-10-15T15:44:37+00:00","article_modified_time":"2025-10-15T16:31:44+00:00","og_image":[{"width":827,"height":1272,"url":"https:\/\/gazetapernambucana.com\/wp-content\/uploads\/2025\/02\/FLAVIO-CHAVES-1sdsds.jpg","type":"image\/jpeg"}],"author":"GP","twitter_card":"summary_large_image","twitter_misc":{"Escrito por":"GP","Est. tempo de leitura":"4 minutos"},"schema":{"@context":"https:\/\/schema.org","@graph":[{"@type":"WebPage","@id":"https:\/\/gazetapernambucana.com\/?p=2022","url":"https:\/\/gazetapernambucana.com\/?p=2022","name":"UM DIA SEM TI, E O MUNDO SE CURVA PARA O NADA. Por Fl\u00e1vio Chaves -","isPartOf":{"@id":"https:\/\/gazetapernambucana.com\/#website"},"primaryImageOfPage":{"@id":"https:\/\/gazetapernambucana.com\/?p=2022#primaryimage"},"image":{"@id":"https:\/\/gazetapernambucana.com\/?p=2022#primaryimage"},"thumbnailUrl":"https:\/\/gazetapernambucana.com\/wp-content\/uploads\/2025\/02\/FLAVIO-CHAVES-1sdsds.jpg","datePublished":"2025-10-15T15:44:37+00:00","dateModified":"2025-10-15T16:31:44+00:00","author":{"@id":"https:\/\/gazetapernambucana.com\/#\/schema\/person\/188dc283325181ac2de4db1e9e987427"},"breadcrumb":{"@id":"https:\/\/gazetapernambucana.com\/?p=2022#breadcrumb"},"inLanguage":"pt-BR","potentialAction":[{"@type":"ReadAction","target":["https:\/\/gazetapernambucana.com\/?p=2022"]}]},{"@type":"ImageObject","inLanguage":"pt-BR","@id":"https:\/\/gazetapernambucana.com\/?p=2022#primaryimage","url":"https:\/\/gazetapernambucana.com\/wp-content\/uploads\/2025\/02\/FLAVIO-CHAVES-1sdsds.jpg","contentUrl":"https:\/\/gazetapernambucana.com\/wp-content\/uploads\/2025\/02\/FLAVIO-CHAVES-1sdsds.jpg","width":827,"height":1272},{"@type":"BreadcrumbList","@id":"https:\/\/gazetapernambucana.com\/?p=2022#breadcrumb","itemListElement":[{"@type":"ListItem","position":1,"name":"In\u00edcio","item":"https:\/\/gazetapernambucana.com\/"},{"@type":"ListItem","position":2,"name":"UM DIA SEM TI, E O MUNDO SE CURVA PARA O NADA. Por Fl\u00e1vio Chaves"}]},{"@type":"WebSite","@id":"https:\/\/gazetapernambucana.com\/#website","url":"https:\/\/gazetapernambucana.com\/","name":"","description":"","potentialAction":[{"@type":"SearchAction","target":{"@type":"EntryPoint","urlTemplate":"https:\/\/gazetapernambucana.com\/?s={search_term_string}"},"query-input":{"@type":"PropertyValueSpecification","valueRequired":true,"valueName":"search_term_string"}}],"inLanguage":"pt-BR"},{"@type":"Person","@id":"https:\/\/gazetapernambucana.com\/#\/schema\/person\/188dc283325181ac2de4db1e9e987427","name":"GP","image":{"@type":"ImageObject","inLanguage":"pt-BR","@id":"https:\/\/gazetapernambucana.com\/#\/schema\/person\/image\/","url":"https:\/\/secure.gravatar.com\/avatar\/9dad78ff9a2d8b5742d11779f8a3f53b052320c550b2e1907882353c067bb111?s=96&d=mm&r=g","contentUrl":"https:\/\/secure.gravatar.com\/avatar\/9dad78ff9a2d8b5742d11779f8a3f53b052320c550b2e1907882353c067bb111?s=96&d=mm&r=g","caption":"GP"},"sameAs":["http:\/\/gazetapernambucana.com"],"url":"https:\/\/gazetapernambucana.com\/?author=1"}]}},"jetpack_publicize_connections":[],"_links":{"self":[{"href":"https:\/\/gazetapernambucana.com\/index.php?rest_route=\/wp\/v2\/posts\/2022","targetHints":{"allow":["GET"]}}],"collection":[{"href":"https:\/\/gazetapernambucana.com\/index.php?rest_route=\/wp\/v2\/posts"}],"about":[{"href":"https:\/\/gazetapernambucana.com\/index.php?rest_route=\/wp\/v2\/types\/post"}],"author":[{"embeddable":true,"href":"https:\/\/gazetapernambucana.com\/index.php?rest_route=\/wp\/v2\/users\/1"}],"replies":[{"embeddable":true,"href":"https:\/\/gazetapernambucana.com\/index.php?rest_route=%2Fwp%2Fv2%2Fcomments&post=2022"}],"version-history":[{"count":4,"href":"https:\/\/gazetapernambucana.com\/index.php?rest_route=\/wp\/v2\/posts\/2022\/revisions"}],"predecessor-version":[{"id":2027,"href":"https:\/\/gazetapernambucana.com\/index.php?rest_route=\/wp\/v2\/posts\/2022\/revisions\/2027"}],"wp:featuredmedia":[{"embeddable":true,"href":"https:\/\/gazetapernambucana.com\/index.php?rest_route=\/wp\/v2\/media\/139"}],"wp:attachment":[{"href":"https:\/\/gazetapernambucana.com\/index.php?rest_route=%2Fwp%2Fv2%2Fmedia&parent=2022"}],"wp:term":[{"taxonomy":"category","embeddable":true,"href":"https:\/\/gazetapernambucana.com\/index.php?rest_route=%2Fwp%2Fv2%2Fcategories&post=2022"},{"taxonomy":"post_tag","embeddable":true,"href":"https:\/\/gazetapernambucana.com\/index.php?rest_route=%2Fwp%2Fv2%2Ftags&post=2022"}],"curies":[{"name":"wp","href":"https:\/\/api.w.org\/{rel}","templated":true}]}}