{"id":2006,"date":"2025-10-14T23:24:07","date_gmt":"2025-10-15T02:24:07","guid":{"rendered":"https:\/\/gazetapernambucana.com\/?p=2006"},"modified":"2025-10-14T23:24:07","modified_gmt":"2025-10-15T02:24:07","slug":"editorial-gazeta-pernambucana-14-de-outubro-a-solidao-que-gera-a-palavra","status":"publish","type":"post","link":"https:\/\/gazetapernambucana.com\/?p=2006","title":{"rendered":"EDITORIAL | Gazeta Pernambucana \u2013 14 de Outubro: A Solid\u00e3o que Gera a Palavra"},"content":{"rendered":"<h3>Segunda Reflex\u00e3o da Semana da Miss\u00e3o do Escritor: a entrega silenciosa e criadora de quem escreve<\/h3>\n<p>Entre o ru\u00eddo do mundo e o sil\u00eancio da palavra, existe um lugar raro, quase secreto, onde poucos ousam permanecer. Esse lugar n\u00e3o se encontra nos mapas, tampouco nas agendas ruidosas do cotidiano; ele habita a interioridade de um ser atravessado por inquieta\u00e7\u00e3o: o escritor. Um ser convocado por uma for\u00e7a que n\u00e3o se explica, mas que pulsa como destino inevit\u00e1vel. O escritor n\u00e3o escreve para preencher o tempo ocioso, nem para alimentar a voracidade das redes. Ele escreve porque h\u00e1 em sua alma uma urg\u00eancia que transborda o sil\u00eancio e reclama linguagem. Uma necessidade visceral de dar voz ao que muitos sentem, mas n\u00e3o sabem nomear. E essa revela\u00e7\u00e3o, essa alquimia entre o sentir e o dizer, s\u00f3 se realiza atravessando uma solid\u00e3o que n\u00e3o \u00e9 ocasional, mas ontol\u00f3gica. Uma solid\u00e3o que n\u00e3o exclui, mas funda. A solid\u00e3o sagrada do escritor.<\/p>\n<p>Essa solid\u00e3o n\u00e3o \u00e9 ex\u00edlio, n\u00e3o \u00e9 recusa do mundo. \u00c9, antes, uma forma profunda de estar no mundo. \u00c9 um recolhimento ativo, uma escuta ampliada, um mergulho nos substratos do real. \u00c9 nesse \u00e1trio do sil\u00eancio que o escritor ouve os murm\u00farios da mem\u00f3ria coletiva e pessoal, as pulsa\u00e7\u00f5es de ideias ainda sem forma, os resqu\u00edcios de sentidos que flutuam no invis\u00edvel. Ele se retira para poder reencontrar. Cala-se para poder nomear. Esvazia-se de si para hospedar o que ainda n\u00e3o \u00e9. Como um sacerdote da palavra, o escritor se consagra a esse rito solit\u00e1rio de escuta e reinven\u00e7\u00e3o.<\/p>\n<p>Cada frase que emerge do papel carrega um percurso invis\u00edvel. \u00c9 filha de uma luta silenciosa entre o pensamento e a express\u00e3o, entre o vivido e o diz\u00edvel. Escrever \u00e9 um of\u00edcio de paci\u00eancia e risco. \u00c9 um gesto de f\u00e9 \u2014 f\u00e9 na pot\u00eancia da linguagem, f\u00e9 na intelig\u00eancia sens\u00edvel do leitor, f\u00e9 na possibilidade de que, atrav\u00e9s das palavras, o humano ainda possa se encontrar e se transformar. Por isso, n\u00e3o existe escrita verdadeira sem esse mergulho radical na pr\u00f3pria vulnerabilidade. Todo escritor aut\u00eaentico \u00e9, antes de tudo, um peregrino do sil\u00eancio e um escultor da escuta.<\/p>\n<p>A solid\u00e3o do escritor \u00e9 seu \u00fanico territ\u00f3rio de liberdade. Ali ele pode despir-se das conveni\u00eancias, desmontar os clich\u00eas, resistir \u00e0 superficialidade. \u00c9 nesse espa\u00e7o que a alma se expande e se desnuda, onde as verdades ocultas se revelam sem temor, onde a dor \u00e9 transfigurada em palavra digna. O escritor escreve para que o mundo n\u00e3o se perca em ru\u00eddos. Para que a palavra, mesmo que fr\u00e1gil, siga sendo um farol no caos. Ele escreve porque acredita que certas palavras podem mudar destinos, restaurar sentidos, abrir fendas no real.<\/p>\n<p>Neste segundo momento da Semana da Miss\u00e3o do Escritor, rendemos nossa homenagem n\u00e3o apenas \u00e0quele que publica livros ou textos, mas \u00e0quele que se oferece como canal do indiz\u00edvel. Celebramos o escritor como mediador entre o caos e a beleza, entre a dor e a dignidade, entre o tempo e a eternidade. Aquele que ousa escrever quando tudo convida ao silenciamento, aquele que n\u00e3o tem medo de escutar a pr\u00f3pria sombra, aquele que constr\u00f3i pontes com palavras entre ilhas de sil\u00eancio.<\/p>\n<p>Sim, \u00e9 dessa solid\u00e3o sagrada que nascem as obras que desafiam os calend\u00e1rios. \u00c9 desse recolhimento que brota a palavra que permanece. E \u00e9 por isso que hoje, mais do que nunca, celebramos o escritor como aquele que, mesmo sozinho, n\u00e3o escreve para si, mas para todos n\u00f3s.<\/p>\n<p>&nbsp;<\/p>\n","protected":false},"excerpt":{"rendered":"<p>Segunda Reflex\u00e3o da Semana da Miss\u00e3o do Escritor: a entrega silenciosa e criadora de quem escreve Entre o ru\u00eddo do mundo e o sil\u00eancio da palavra, existe um lugar raro, quase secreto, onde poucos ousam permanecer. Esse lugar n\u00e3o se encontra nos mapas, tampouco nas agendas ruidosas do cotidiano; ele habita a interioridade de um [&hellip;]<\/p>\n","protected":false},"author":1,"featured_media":2019,"comment_status":"open","ping_status":"open","sticky":false,"template":"","format":"standard","meta":{"footnotes":"","jetpack_publicize_message":"","jetpack_publicize_feature_enabled":true,"jetpack_social_post_already_shared":true,"jetpack_social_options":{"image_generator_settings":{"template":"highway","default_image_id":0,"font":"","enabled":false},"version":2}},"categories":[1,35,46],"tags":[],"class_list":["post-2006","post","type-post","status-publish","format-standard","has-post-thumbnail","hentry","category-https-gazetapernambucana-com-page_id225","category-https-gazetapernambucana-com-page_id218","category-literatura"],"yoast_head":"<!-- This site is optimized with the Yoast SEO plugin v24.5 - https:\/\/yoast.com\/wordpress\/plugins\/seo\/ -->\n<title>EDITORIAL | Gazeta Pernambucana \u2013 14 de Outubro: A Solid\u00e3o que Gera a Palavra -<\/title>\n<meta name=\"robots\" content=\"index, follow, max-snippet:-1, max-image-preview:large, max-video-preview:-1\" \/>\n<link rel=\"canonical\" href=\"https:\/\/gazetapernambucana.com\/?p=2006\" \/>\n<meta property=\"og:locale\" content=\"pt_BR\" \/>\n<meta property=\"og:type\" content=\"article\" \/>\n<meta property=\"og:title\" content=\"EDITORIAL | Gazeta Pernambucana \u2013 14 de Outubro: A Solid\u00e3o que Gera a Palavra -\" \/>\n<meta property=\"og:description\" content=\"Segunda Reflex\u00e3o da Semana da Miss\u00e3o do Escritor: a entrega silenciosa e criadora de quem escreve Entre o ru\u00eddo do mundo e o sil\u00eancio da palavra, existe um lugar raro, quase secreto, onde poucos ousam permanecer. Esse lugar n\u00e3o se encontra nos mapas, tampouco nas agendas ruidosas do cotidiano; ele habita a interioridade de um [&hellip;]\" \/>\n<meta property=\"og:url\" content=\"https:\/\/gazetapernambucana.com\/?p=2006\" \/>\n<meta property=\"article:published_time\" content=\"2025-10-15T02:24:07+00:00\" \/>\n<meta property=\"og:image\" content=\"https:\/\/gazetapernambucana.com\/wp-content\/uploads\/2025\/10\/download-71.jpeg\" \/>\n\t<meta property=\"og:image:width\" content=\"720\" \/>\n\t<meta property=\"og:image:height\" content=\"720\" \/>\n\t<meta property=\"og:image:type\" content=\"image\/jpeg\" \/>\n<meta name=\"author\" content=\"GP\" \/>\n<meta name=\"twitter:card\" content=\"summary_large_image\" \/>\n<meta name=\"twitter:label1\" content=\"Escrito por\" \/>\n\t<meta name=\"twitter:data1\" content=\"GP\" \/>\n\t<meta name=\"twitter:label2\" content=\"Est. tempo de leitura\" \/>\n\t<meta name=\"twitter:data2\" content=\"4 minutos\" \/>\n<script type=\"application\/ld+json\" class=\"yoast-schema-graph\">{\"@context\":\"https:\/\/schema.org\",\"@graph\":[{\"@type\":\"WebPage\",\"@id\":\"https:\/\/gazetapernambucana.com\/?p=2006\",\"url\":\"https:\/\/gazetapernambucana.com\/?p=2006\",\"name\":\"EDITORIAL | Gazeta Pernambucana \u2013 14 de Outubro: A Solid\u00e3o que Gera a Palavra -\",\"isPartOf\":{\"@id\":\"https:\/\/gazetapernambucana.com\/#website\"},\"primaryImageOfPage\":{\"@id\":\"https:\/\/gazetapernambucana.com\/?p=2006#primaryimage\"},\"image\":{\"@id\":\"https:\/\/gazetapernambucana.com\/?p=2006#primaryimage\"},\"thumbnailUrl\":\"https:\/\/gazetapernambucana.com\/wp-content\/uploads\/2025\/10\/download-71.jpeg\",\"datePublished\":\"2025-10-15T02:24:07+00:00\",\"author\":{\"@id\":\"https:\/\/gazetapernambucana.com\/#\/schema\/person\/188dc283325181ac2de4db1e9e987427\"},\"breadcrumb\":{\"@id\":\"https:\/\/gazetapernambucana.com\/?p=2006#breadcrumb\"},\"inLanguage\":\"pt-BR\",\"potentialAction\":[{\"@type\":\"ReadAction\",\"target\":[\"https:\/\/gazetapernambucana.com\/?p=2006\"]}]},{\"@type\":\"ImageObject\",\"inLanguage\":\"pt-BR\",\"@id\":\"https:\/\/gazetapernambucana.com\/?p=2006#primaryimage\",\"url\":\"https:\/\/gazetapernambucana.com\/wp-content\/uploads\/2025\/10\/download-71.jpeg\",\"contentUrl\":\"https:\/\/gazetapernambucana.com\/wp-content\/uploads\/2025\/10\/download-71.jpeg\",\"width\":720,\"height\":720},{\"@type\":\"BreadcrumbList\",\"@id\":\"https:\/\/gazetapernambucana.com\/?p=2006#breadcrumb\",\"itemListElement\":[{\"@type\":\"ListItem\",\"position\":1,\"name\":\"In\u00edcio\",\"item\":\"https:\/\/gazetapernambucana.com\/\"},{\"@type\":\"ListItem\",\"position\":2,\"name\":\"EDITORIAL | Gazeta Pernambucana \u2013 14 de Outubro: A Solid\u00e3o que Gera a Palavra\"}]},{\"@type\":\"WebSite\",\"@id\":\"https:\/\/gazetapernambucana.com\/#website\",\"url\":\"https:\/\/gazetapernambucana.com\/\",\"name\":\"\",\"description\":\"\",\"potentialAction\":[{\"@type\":\"SearchAction\",\"target\":{\"@type\":\"EntryPoint\",\"urlTemplate\":\"https:\/\/gazetapernambucana.com\/?s={search_term_string}\"},\"query-input\":{\"@type\":\"PropertyValueSpecification\",\"valueRequired\":true,\"valueName\":\"search_term_string\"}}],\"inLanguage\":\"pt-BR\"},{\"@type\":\"Person\",\"@id\":\"https:\/\/gazetapernambucana.com\/#\/schema\/person\/188dc283325181ac2de4db1e9e987427\",\"name\":\"GP\",\"image\":{\"@type\":\"ImageObject\",\"inLanguage\":\"pt-BR\",\"@id\":\"https:\/\/gazetapernambucana.com\/#\/schema\/person\/image\/\",\"url\":\"https:\/\/secure.gravatar.com\/avatar\/9dad78ff9a2d8b5742d11779f8a3f53b052320c550b2e1907882353c067bb111?s=96&d=mm&r=g\",\"contentUrl\":\"https:\/\/secure.gravatar.com\/avatar\/9dad78ff9a2d8b5742d11779f8a3f53b052320c550b2e1907882353c067bb111?s=96&d=mm&r=g\",\"caption\":\"GP\"},\"sameAs\":[\"http:\/\/gazetapernambucana.com\"],\"url\":\"https:\/\/gazetapernambucana.com\/?author=1\"}]}<\/script>\n<!-- \/ Yoast SEO plugin. -->","yoast_head_json":{"title":"EDITORIAL | Gazeta Pernambucana \u2013 14 de Outubro: A Solid\u00e3o que Gera a Palavra -","robots":{"index":"index","follow":"follow","max-snippet":"max-snippet:-1","max-image-preview":"max-image-preview:large","max-video-preview":"max-video-preview:-1"},"canonical":"https:\/\/gazetapernambucana.com\/?p=2006","og_locale":"pt_BR","og_type":"article","og_title":"EDITORIAL | Gazeta Pernambucana \u2013 14 de Outubro: A Solid\u00e3o que Gera a Palavra -","og_description":"Segunda Reflex\u00e3o da Semana da Miss\u00e3o do Escritor: a entrega silenciosa e criadora de quem escreve Entre o ru\u00eddo do mundo e o sil\u00eancio da palavra, existe um lugar raro, quase secreto, onde poucos ousam permanecer. Esse lugar n\u00e3o se encontra nos mapas, tampouco nas agendas ruidosas do cotidiano; ele habita a interioridade de um [&hellip;]","og_url":"https:\/\/gazetapernambucana.com\/?p=2006","article_published_time":"2025-10-15T02:24:07+00:00","og_image":[{"width":720,"height":720,"url":"https:\/\/gazetapernambucana.com\/wp-content\/uploads\/2025\/10\/download-71.jpeg","type":"image\/jpeg"}],"author":"GP","twitter_card":"summary_large_image","twitter_misc":{"Escrito por":"GP","Est. tempo de leitura":"4 minutos"},"schema":{"@context":"https:\/\/schema.org","@graph":[{"@type":"WebPage","@id":"https:\/\/gazetapernambucana.com\/?p=2006","url":"https:\/\/gazetapernambucana.com\/?p=2006","name":"EDITORIAL | Gazeta Pernambucana \u2013 14 de Outubro: A Solid\u00e3o que Gera a Palavra -","isPartOf":{"@id":"https:\/\/gazetapernambucana.com\/#website"},"primaryImageOfPage":{"@id":"https:\/\/gazetapernambucana.com\/?p=2006#primaryimage"},"image":{"@id":"https:\/\/gazetapernambucana.com\/?p=2006#primaryimage"},"thumbnailUrl":"https:\/\/gazetapernambucana.com\/wp-content\/uploads\/2025\/10\/download-71.jpeg","datePublished":"2025-10-15T02:24:07+00:00","author":{"@id":"https:\/\/gazetapernambucana.com\/#\/schema\/person\/188dc283325181ac2de4db1e9e987427"},"breadcrumb":{"@id":"https:\/\/gazetapernambucana.com\/?p=2006#breadcrumb"},"inLanguage":"pt-BR","potentialAction":[{"@type":"ReadAction","target":["https:\/\/gazetapernambucana.com\/?p=2006"]}]},{"@type":"ImageObject","inLanguage":"pt-BR","@id":"https:\/\/gazetapernambucana.com\/?p=2006#primaryimage","url":"https:\/\/gazetapernambucana.com\/wp-content\/uploads\/2025\/10\/download-71.jpeg","contentUrl":"https:\/\/gazetapernambucana.com\/wp-content\/uploads\/2025\/10\/download-71.jpeg","width":720,"height":720},{"@type":"BreadcrumbList","@id":"https:\/\/gazetapernambucana.com\/?p=2006#breadcrumb","itemListElement":[{"@type":"ListItem","position":1,"name":"In\u00edcio","item":"https:\/\/gazetapernambucana.com\/"},{"@type":"ListItem","position":2,"name":"EDITORIAL | Gazeta Pernambucana \u2013 14 de Outubro: A Solid\u00e3o que Gera a Palavra"}]},{"@type":"WebSite","@id":"https:\/\/gazetapernambucana.com\/#website","url":"https:\/\/gazetapernambucana.com\/","name":"","description":"","potentialAction":[{"@type":"SearchAction","target":{"@type":"EntryPoint","urlTemplate":"https:\/\/gazetapernambucana.com\/?s={search_term_string}"},"query-input":{"@type":"PropertyValueSpecification","valueRequired":true,"valueName":"search_term_string"}}],"inLanguage":"pt-BR"},{"@type":"Person","@id":"https:\/\/gazetapernambucana.com\/#\/schema\/person\/188dc283325181ac2de4db1e9e987427","name":"GP","image":{"@type":"ImageObject","inLanguage":"pt-BR","@id":"https:\/\/gazetapernambucana.com\/#\/schema\/person\/image\/","url":"https:\/\/secure.gravatar.com\/avatar\/9dad78ff9a2d8b5742d11779f8a3f53b052320c550b2e1907882353c067bb111?s=96&d=mm&r=g","contentUrl":"https:\/\/secure.gravatar.com\/avatar\/9dad78ff9a2d8b5742d11779f8a3f53b052320c550b2e1907882353c067bb111?s=96&d=mm&r=g","caption":"GP"},"sameAs":["http:\/\/gazetapernambucana.com"],"url":"https:\/\/gazetapernambucana.com\/?author=1"}]}},"jetpack_publicize_connections":[],"_links":{"self":[{"href":"https:\/\/gazetapernambucana.com\/index.php?rest_route=\/wp\/v2\/posts\/2006","targetHints":{"allow":["GET"]}}],"collection":[{"href":"https:\/\/gazetapernambucana.com\/index.php?rest_route=\/wp\/v2\/posts"}],"about":[{"href":"https:\/\/gazetapernambucana.com\/index.php?rest_route=\/wp\/v2\/types\/post"}],"author":[{"embeddable":true,"href":"https:\/\/gazetapernambucana.com\/index.php?rest_route=\/wp\/v2\/users\/1"}],"replies":[{"embeddable":true,"href":"https:\/\/gazetapernambucana.com\/index.php?rest_route=%2Fwp%2Fv2%2Fcomments&post=2006"}],"version-history":[{"count":5,"href":"https:\/\/gazetapernambucana.com\/index.php?rest_route=\/wp\/v2\/posts\/2006\/revisions"}],"predecessor-version":[{"id":2021,"href":"https:\/\/gazetapernambucana.com\/index.php?rest_route=\/wp\/v2\/posts\/2006\/revisions\/2021"}],"wp:featuredmedia":[{"embeddable":true,"href":"https:\/\/gazetapernambucana.com\/index.php?rest_route=\/wp\/v2\/media\/2019"}],"wp:attachment":[{"href":"https:\/\/gazetapernambucana.com\/index.php?rest_route=%2Fwp%2Fv2%2Fmedia&parent=2006"}],"wp:term":[{"taxonomy":"category","embeddable":true,"href":"https:\/\/gazetapernambucana.com\/index.php?rest_route=%2Fwp%2Fv2%2Fcategories&post=2006"},{"taxonomy":"post_tag","embeddable":true,"href":"https:\/\/gazetapernambucana.com\/index.php?rest_route=%2Fwp%2Fv2%2Ftags&post=2006"}],"curies":[{"name":"wp","href":"https:\/\/api.w.org\/{rel}","templated":true}]}}