{"id":2003,"date":"2025-10-13T22:44:34","date_gmt":"2025-10-14T01:44:34","guid":{"rendered":"https:\/\/gazetapernambucana.com\/?p=2003"},"modified":"2025-10-13T22:44:34","modified_gmt":"2025-10-14T01:44:34","slug":"processo-de-licitacao-para-obras-em-areas-de-risco-do-jaboatao-sera-aberto-no-dia-24","status":"publish","type":"post","link":"https:\/\/gazetapernambucana.com\/?p=2003","title":{"rendered":"Processo de licita\u00e7\u00e3o para obras em \u00e1reas de risco do Jaboat\u00e3o ser\u00e1 aberto no dia 24"},"content":{"rendered":"<div class=\"elementor-element elementor-element-2a1dba1 elementor-widget elementor-widget-theme-post-title elementor-page-title elementor-widget-heading\" data-id=\"2a1dba1\" data-element_type=\"widget\" data-widget_type=\"theme-post-title.default\">\n<div class=\"elementor-widget-container\">\n<h6 class=\"elementor-heading-title elementor-size-default\"><\/h6>\n<\/div>\n<\/div>\n<div class=\"elementor-element elementor-element-ea4c89c elementor-widget elementor-widget-theme-post-content\" data-id=\"ea4c89c\" data-element_type=\"widget\" data-widget_type=\"theme-post-content.default\">\n<div class=\"elementor-widget-container\">\n<p class=\"p1\"><span class=\"s1\">Ser\u00e1 aberto, no dia 24 deste m\u00eas, o processo de licita\u00e7\u00e3o para obras de conten\u00e7\u00e3o de encostas em quatro trechos considerados de risco, no munic\u00edpio do Jaboat\u00e3o dos Guararapes. O in\u00edcio das obras est\u00e1 previsto para o final do ano, visando garantir seguran\u00e7a de<\/span>\u00a0273 fam\u00edlias de Jaboat\u00e3o Centro e Cavaleiro, no per\u00edodo das chuvas. Representantes da Prefeitura e do Governo do Estado visitaram os locais que ser\u00e3o beneficiados no Alto do Cristo, Alto Santa Terezinha e Padre Roma.<\/p>\n<p class=\"p1\"><span class=\"s1\">Essas obras or\u00e7adas em R$ 16,5milh\u00f5es fazem parte do Novo PAC 2024, com recursos repassados pelo Governo Federal para o Estado. Outros R$ 20 milh\u00f5es que a Prefeitura do Jaboat\u00e3o receber\u00e1 diretamente tamb\u00e9m ser\u00e3o aplicados na prote\u00e7\u00e3o de \u00e1reas de risco. O an\u00fancio da licita\u00e7\u00e3o ser\u00e1 feito em breve, conforme disse o prefeito Mano Medeiros (PL), nesta sexta-feira (10), para contemplar outras comunidades.<\/span><\/p>\n<p class=\"p1\"><span class=\"s1\">O gestor ressaltou a import\u00e2ncia dessas obras e a uni\u00e3o entre a gest\u00e3o municipal com o Governo de Pernambuco. \u201cFico feliz com mais esta parceria entre a Prefeitura do Jaboat\u00e3o e o Governo do Estado, que leva mais obras de conten\u00e7\u00e3o de encostas para \u00e1reas vulner\u00e1veis da nossa cidade. Recentemente, conclu\u00edmos o Plano Municipal de Redu\u00e7\u00e3o de Riscos (PMRR), que tem como objetivo planejar e executar melhor as a\u00e7\u00f5es de preven\u00e7\u00e3o a desastres naturais\u201d, disse Mano Medeiros.<\/span><\/p>\n<p class=\"p1\"><span class=\"s1\">MAIS RECURSOS<\/span><\/p>\n<p class=\"p1\"><span class=\"s1\">Em setembro passado, outros R$ 51 milh\u00f5es foram anunciados para Jaboat\u00e3o, dentro do PAC 2025, tamb\u00e9m para obras em \u00e1reas de encosta. O Governo Federal repassar\u00e1 R$ 38 milh\u00f5es para a gest\u00e3o municipal e R$ 13 milh\u00f5es ao Governo de Pernambuco. Os projetos ainda ser\u00e3o apresentados \u00e0 Caixa Econ\u00f4mica para serem feitas as licita\u00e7\u00f5es e as obras terem in\u00edcio.<\/span><\/p>\n<\/div>\n<\/div>\n","protected":false},"excerpt":{"rendered":"<p>Ser\u00e1 aberto, no dia 24 deste m\u00eas, o processo de licita\u00e7\u00e3o para obras de conten\u00e7\u00e3o de encostas em quatro trechos considerados de risco, no munic\u00edpio do Jaboat\u00e3o dos Guararapes. O in\u00edcio das obras est\u00e1 previsto para o final do ano, visando garantir seguran\u00e7a de\u00a0273 fam\u00edlias de Jaboat\u00e3o Centro e Cavaleiro, no per\u00edodo das chuvas. Representantes [&hellip;]<\/p>\n","protected":false},"author":1,"featured_media":2004,"comment_status":"open","ping_status":"open","sticky":false,"template":"","format":"standard","meta":{"footnotes":"","jetpack_publicize_message":"","jetpack_publicize_feature_enabled":true,"jetpack_social_post_already_shared":true,"jetpack_social_options":{"image_generator_settings":{"template":"highway","default_image_id":0,"font":"","enabled":false},"version":2}},"categories":[66,1,65],"tags":[],"class_list":["post-2003","post","type-post","status-publish","format-standard","has-post-thumbnail","hentry","category-cidades","category-https-gazetapernambucana-com-page_id225","category-politica"],"yoast_head":"<!-- This site is optimized with the Yoast SEO plugin v24.5 - https:\/\/yoast.com\/wordpress\/plugins\/seo\/ -->\n<title>Processo de licita\u00e7\u00e3o para obras em \u00e1reas de risco do Jaboat\u00e3o ser\u00e1 aberto no dia 24 -<\/title>\n<meta name=\"robots\" content=\"index, follow, max-snippet:-1, max-image-preview:large, max-video-preview:-1\" \/>\n<link rel=\"canonical\" href=\"https:\/\/gazetapernambucana.com\/?p=2003\" \/>\n<meta property=\"og:locale\" content=\"pt_BR\" \/>\n<meta property=\"og:type\" content=\"article\" \/>\n<meta property=\"og:title\" content=\"Processo de licita\u00e7\u00e3o para obras em \u00e1reas de risco do Jaboat\u00e3o ser\u00e1 aberto no dia 24 -\" \/>\n<meta property=\"og:description\" content=\"Ser\u00e1 aberto, no dia 24 deste m\u00eas, o processo de licita\u00e7\u00e3o para obras de conten\u00e7\u00e3o de encostas em quatro trechos considerados de risco, no munic\u00edpio do Jaboat\u00e3o dos Guararapes. O in\u00edcio das obras est\u00e1 previsto para o final do ano, visando garantir seguran\u00e7a de\u00a0273 fam\u00edlias de Jaboat\u00e3o Centro e Cavaleiro, no per\u00edodo das chuvas. Representantes [&hellip;]\" \/>\n<meta property=\"og:url\" content=\"https:\/\/gazetapernambucana.com\/?p=2003\" \/>\n<meta property=\"article:published_time\" content=\"2025-10-14T01:44:34+00:00\" \/>\n<meta property=\"og:image\" content=\"https:\/\/gazetapernambucana.com\/wp-content\/uploads\/2025\/10\/bc70d546-d33c-406b-b76f-a48808155bd0.jpeg\" \/>\n\t<meta property=\"og:image:width\" content=\"1280\" \/>\n\t<meta property=\"og:image:height\" content=\"755\" \/>\n\t<meta property=\"og:image:type\" content=\"image\/jpeg\" \/>\n<meta name=\"author\" content=\"GP\" \/>\n<meta name=\"twitter:card\" content=\"summary_large_image\" \/>\n<meta name=\"twitter:label1\" content=\"Escrito por\" \/>\n\t<meta name=\"twitter:data1\" content=\"GP\" \/>\n\t<meta name=\"twitter:label2\" content=\"Est. tempo de leitura\" \/>\n\t<meta name=\"twitter:data2\" content=\"2 minutos\" \/>\n<script type=\"application\/ld+json\" class=\"yoast-schema-graph\">{\"@context\":\"https:\/\/schema.org\",\"@graph\":[{\"@type\":\"WebPage\",\"@id\":\"https:\/\/gazetapernambucana.com\/?p=2003\",\"url\":\"https:\/\/gazetapernambucana.com\/?p=2003\",\"name\":\"Processo de licita\u00e7\u00e3o para obras em \u00e1reas de risco do Jaboat\u00e3o ser\u00e1 aberto no dia 24 -\",\"isPartOf\":{\"@id\":\"https:\/\/gazetapernambucana.com\/#website\"},\"primaryImageOfPage\":{\"@id\":\"https:\/\/gazetapernambucana.com\/?p=2003#primaryimage\"},\"image\":{\"@id\":\"https:\/\/gazetapernambucana.com\/?p=2003#primaryimage\"},\"thumbnailUrl\":\"https:\/\/gazetapernambucana.com\/wp-content\/uploads\/2025\/10\/bc70d546-d33c-406b-b76f-a48808155bd0.jpeg\",\"datePublished\":\"2025-10-14T01:44:34+00:00\",\"author\":{\"@id\":\"https:\/\/gazetapernambucana.com\/#\/schema\/person\/188dc283325181ac2de4db1e9e987427\"},\"breadcrumb\":{\"@id\":\"https:\/\/gazetapernambucana.com\/?p=2003#breadcrumb\"},\"inLanguage\":\"pt-BR\",\"potentialAction\":[{\"@type\":\"ReadAction\",\"target\":[\"https:\/\/gazetapernambucana.com\/?p=2003\"]}]},{\"@type\":\"ImageObject\",\"inLanguage\":\"pt-BR\",\"@id\":\"https:\/\/gazetapernambucana.com\/?p=2003#primaryimage\",\"url\":\"https:\/\/gazetapernambucana.com\/wp-content\/uploads\/2025\/10\/bc70d546-d33c-406b-b76f-a48808155bd0.jpeg\",\"contentUrl\":\"https:\/\/gazetapernambucana.com\/wp-content\/uploads\/2025\/10\/bc70d546-d33c-406b-b76f-a48808155bd0.jpeg\",\"width\":1280,\"height\":755},{\"@type\":\"BreadcrumbList\",\"@id\":\"https:\/\/gazetapernambucana.com\/?p=2003#breadcrumb\",\"itemListElement\":[{\"@type\":\"ListItem\",\"position\":1,\"name\":\"In\u00edcio\",\"item\":\"https:\/\/gazetapernambucana.com\/\"},{\"@type\":\"ListItem\",\"position\":2,\"name\":\"Processo de licita\u00e7\u00e3o para obras em \u00e1reas de risco do Jaboat\u00e3o ser\u00e1 aberto no dia 24\"}]},{\"@type\":\"WebSite\",\"@id\":\"https:\/\/gazetapernambucana.com\/#website\",\"url\":\"https:\/\/gazetapernambucana.com\/\",\"name\":\"\",\"description\":\"\",\"potentialAction\":[{\"@type\":\"SearchAction\",\"target\":{\"@type\":\"EntryPoint\",\"urlTemplate\":\"https:\/\/gazetapernambucana.com\/?s={search_term_string}\"},\"query-input\":{\"@type\":\"PropertyValueSpecification\",\"valueRequired\":true,\"valueName\":\"search_term_string\"}}],\"inLanguage\":\"pt-BR\"},{\"@type\":\"Person\",\"@id\":\"https:\/\/gazetapernambucana.com\/#\/schema\/person\/188dc283325181ac2de4db1e9e987427\",\"name\":\"GP\",\"image\":{\"@type\":\"ImageObject\",\"inLanguage\":\"pt-BR\",\"@id\":\"https:\/\/gazetapernambucana.com\/#\/schema\/person\/image\/\",\"url\":\"https:\/\/secure.gravatar.com\/avatar\/9dad78ff9a2d8b5742d11779f8a3f53b052320c550b2e1907882353c067bb111?s=96&d=mm&r=g\",\"contentUrl\":\"https:\/\/secure.gravatar.com\/avatar\/9dad78ff9a2d8b5742d11779f8a3f53b052320c550b2e1907882353c067bb111?s=96&d=mm&r=g\",\"caption\":\"GP\"},\"sameAs\":[\"http:\/\/gazetapernambucana.com\"],\"url\":\"https:\/\/gazetapernambucana.com\/?author=1\"}]}<\/script>\n<!-- \/ Yoast SEO plugin. -->","yoast_head_json":{"title":"Processo de licita\u00e7\u00e3o para obras em \u00e1reas de risco do Jaboat\u00e3o ser\u00e1 aberto no dia 24 -","robots":{"index":"index","follow":"follow","max-snippet":"max-snippet:-1","max-image-preview":"max-image-preview:large","max-video-preview":"max-video-preview:-1"},"canonical":"https:\/\/gazetapernambucana.com\/?p=2003","og_locale":"pt_BR","og_type":"article","og_title":"Processo de licita\u00e7\u00e3o para obras em \u00e1reas de risco do Jaboat\u00e3o ser\u00e1 aberto no dia 24 -","og_description":"Ser\u00e1 aberto, no dia 24 deste m\u00eas, o processo de licita\u00e7\u00e3o para obras de conten\u00e7\u00e3o de encostas em quatro trechos considerados de risco, no munic\u00edpio do Jaboat\u00e3o dos Guararapes. O in\u00edcio das obras est\u00e1 previsto para o final do ano, visando garantir seguran\u00e7a de\u00a0273 fam\u00edlias de Jaboat\u00e3o Centro e Cavaleiro, no per\u00edodo das chuvas. Representantes [&hellip;]","og_url":"https:\/\/gazetapernambucana.com\/?p=2003","article_published_time":"2025-10-14T01:44:34+00:00","og_image":[{"width":1280,"height":755,"url":"https:\/\/gazetapernambucana.com\/wp-content\/uploads\/2025\/10\/bc70d546-d33c-406b-b76f-a48808155bd0.jpeg","type":"image\/jpeg"}],"author":"GP","twitter_card":"summary_large_image","twitter_misc":{"Escrito por":"GP","Est. tempo de leitura":"2 minutos"},"schema":{"@context":"https:\/\/schema.org","@graph":[{"@type":"WebPage","@id":"https:\/\/gazetapernambucana.com\/?p=2003","url":"https:\/\/gazetapernambucana.com\/?p=2003","name":"Processo de licita\u00e7\u00e3o para obras em \u00e1reas de risco do Jaboat\u00e3o ser\u00e1 aberto no dia 24 -","isPartOf":{"@id":"https:\/\/gazetapernambucana.com\/#website"},"primaryImageOfPage":{"@id":"https:\/\/gazetapernambucana.com\/?p=2003#primaryimage"},"image":{"@id":"https:\/\/gazetapernambucana.com\/?p=2003#primaryimage"},"thumbnailUrl":"https:\/\/gazetapernambucana.com\/wp-content\/uploads\/2025\/10\/bc70d546-d33c-406b-b76f-a48808155bd0.jpeg","datePublished":"2025-10-14T01:44:34+00:00","author":{"@id":"https:\/\/gazetapernambucana.com\/#\/schema\/person\/188dc283325181ac2de4db1e9e987427"},"breadcrumb":{"@id":"https:\/\/gazetapernambucana.com\/?p=2003#breadcrumb"},"inLanguage":"pt-BR","potentialAction":[{"@type":"ReadAction","target":["https:\/\/gazetapernambucana.com\/?p=2003"]}]},{"@type":"ImageObject","inLanguage":"pt-BR","@id":"https:\/\/gazetapernambucana.com\/?p=2003#primaryimage","url":"https:\/\/gazetapernambucana.com\/wp-content\/uploads\/2025\/10\/bc70d546-d33c-406b-b76f-a48808155bd0.jpeg","contentUrl":"https:\/\/gazetapernambucana.com\/wp-content\/uploads\/2025\/10\/bc70d546-d33c-406b-b76f-a48808155bd0.jpeg","width":1280,"height":755},{"@type":"BreadcrumbList","@id":"https:\/\/gazetapernambucana.com\/?p=2003#breadcrumb","itemListElement":[{"@type":"ListItem","position":1,"name":"In\u00edcio","item":"https:\/\/gazetapernambucana.com\/"},{"@type":"ListItem","position":2,"name":"Processo de licita\u00e7\u00e3o para obras em \u00e1reas de risco do Jaboat\u00e3o ser\u00e1 aberto no dia 24"}]},{"@type":"WebSite","@id":"https:\/\/gazetapernambucana.com\/#website","url":"https:\/\/gazetapernambucana.com\/","name":"","description":"","potentialAction":[{"@type":"SearchAction","target":{"@type":"EntryPoint","urlTemplate":"https:\/\/gazetapernambucana.com\/?s={search_term_string}"},"query-input":{"@type":"PropertyValueSpecification","valueRequired":true,"valueName":"search_term_string"}}],"inLanguage":"pt-BR"},{"@type":"Person","@id":"https:\/\/gazetapernambucana.com\/#\/schema\/person\/188dc283325181ac2de4db1e9e987427","name":"GP","image":{"@type":"ImageObject","inLanguage":"pt-BR","@id":"https:\/\/gazetapernambucana.com\/#\/schema\/person\/image\/","url":"https:\/\/secure.gravatar.com\/avatar\/9dad78ff9a2d8b5742d11779f8a3f53b052320c550b2e1907882353c067bb111?s=96&d=mm&r=g","contentUrl":"https:\/\/secure.gravatar.com\/avatar\/9dad78ff9a2d8b5742d11779f8a3f53b052320c550b2e1907882353c067bb111?s=96&d=mm&r=g","caption":"GP"},"sameAs":["http:\/\/gazetapernambucana.com"],"url":"https:\/\/gazetapernambucana.com\/?author=1"}]}},"jetpack_publicize_connections":[],"_links":{"self":[{"href":"https:\/\/gazetapernambucana.com\/index.php?rest_route=\/wp\/v2\/posts\/2003","targetHints":{"allow":["GET"]}}],"collection":[{"href":"https:\/\/gazetapernambucana.com\/index.php?rest_route=\/wp\/v2\/posts"}],"about":[{"href":"https:\/\/gazetapernambucana.com\/index.php?rest_route=\/wp\/v2\/types\/post"}],"author":[{"embeddable":true,"href":"https:\/\/gazetapernambucana.com\/index.php?rest_route=\/wp\/v2\/users\/1"}],"replies":[{"embeddable":true,"href":"https:\/\/gazetapernambucana.com\/index.php?rest_route=%2Fwp%2Fv2%2Fcomments&post=2003"}],"version-history":[{"count":1,"href":"https:\/\/gazetapernambucana.com\/index.php?rest_route=\/wp\/v2\/posts\/2003\/revisions"}],"predecessor-version":[{"id":2005,"href":"https:\/\/gazetapernambucana.com\/index.php?rest_route=\/wp\/v2\/posts\/2003\/revisions\/2005"}],"wp:featuredmedia":[{"embeddable":true,"href":"https:\/\/gazetapernambucana.com\/index.php?rest_route=\/wp\/v2\/media\/2004"}],"wp:attachment":[{"href":"https:\/\/gazetapernambucana.com\/index.php?rest_route=%2Fwp%2Fv2%2Fmedia&parent=2003"}],"wp:term":[{"taxonomy":"category","embeddable":true,"href":"https:\/\/gazetapernambucana.com\/index.php?rest_route=%2Fwp%2Fv2%2Fcategories&post=2003"},{"taxonomy":"post_tag","embeddable":true,"href":"https:\/\/gazetapernambucana.com\/index.php?rest_route=%2Fwp%2Fv2%2Ftags&post=2003"}],"curies":[{"name":"wp","href":"https:\/\/api.w.org\/{rel}","templated":true}]}}