{"id":2000,"date":"2025-10-13T22:39:23","date_gmt":"2025-10-14T01:39:23","guid":{"rendered":"https:\/\/gazetapernambucana.com\/?p=2000"},"modified":"2025-10-13T22:39:23","modified_gmt":"2025-10-14T01:39:23","slug":"sileno-guedes-afirma-que-antecipacao-da-campanha-eleitoral-e-natural","status":"publish","type":"post","link":"https:\/\/gazetapernambucana.com\/?p=2000","title":{"rendered":"Sileno Guedes afirma que antecipa\u00e7\u00e3o da campanha eleitoral \u00e9 natural"},"content":{"rendered":"<header class=\"grid_12 prefix_2\">\n<div class=\"tituloNoticia\">\n<h2 class=\"subTituloDet\">Deputado estadual pelo PSB tamb\u00e9m disse que candidatura de Jo\u00e3o Campos \u00e9 desejo da popula\u00e7\u00e3o<\/h2>\n<\/div>\n<div class=\"descricaoNoticia\">\n<aside class=\"dataAutor\">Por<strong>\u00a0Alex Fonseca<span style=\"font-size: 13.3333px;\"> &#8211; FOLHAPE<\/span><\/strong><\/aside>\n<\/div>\n<\/header>\n<article class=\"grid_8 prefix_2 textoArea\" data-fetch=\"true\">O deputado estadual Sileno Guedes (PSB) afirmou, nesta segunda-feira (13), que a antecipa\u00e7\u00e3o das movimenta\u00e7\u00f5es para as elei\u00e7\u00f5es para o governo estadual s\u00e3o naturais. De acordo com o parlamentar, que tamb\u00e9m \u00e9 presidente estadual do PSB, o fato do Brasil ter elei\u00e7\u00f5es a cada dois anos impede uma pausa.<\/p>\n<blockquote><p>&#8220;Esse \u00e9 um processo natural (a antecipa\u00e7\u00e3o) que ocorre dentro dos partidos pol\u00edticos de uma forma geral. Pelo menos no PSB ocorre. Nas casas legislativas, isso tende a acontecer tamb\u00e9m, porque geralmente voc\u00ea tem tem um grupo de situa\u00e7\u00e3o e um grupo de oposi\u00e7\u00e3o que exerce o papel constitucional que a sociedade delegou de fiscalizar o Poder Executivo e de fiscalizar as entregas que deveriam ser feitas e n\u00e3o foram feitas ou foram feitas de uma forma equivocada&#8221;, disse em entrevista concedida \u00e0\u00a0<strong>R\u00e1dio Folha 96,7 FM<\/strong>.<\/p><\/blockquote>\n<p data-intext-processed=\"true\">De acordo com o deputado, a antecipa\u00e7\u00e3o das elei\u00e7\u00f5es foi um movimento iniciado pelo governo estadual. Sileno comentou que, normalmente, quem est\u00e1 na situa\u00e7\u00e3o evita precipitar os embates de natureza eleitoral, algo que n\u00e3o ocorreu, na vis\u00e3o dele, com a governadora Raquel Lyra (PSD).<\/p>\n<p>&#8220;Eu acho que quem est\u00e1 no Poder Executivo n\u00e3o deve antecipar o processo eleitoral. E, infelizmente, aqui em Pernambuco a gente est\u00e1 vendo que o\u00a0processo est\u00e1 bem antecipado&#8221;, observou.<\/p>\n<p data-intext-processed=\"true\"><strong>Jo\u00e3o Campos\u00a0<\/strong><br \/>\nO deputado estadual avaliou que a prov\u00e1vel candidatura do prefeito do Recife, Jo\u00e3o Campos (PSB), \u00e9 um desejo do PSB e da popula\u00e7\u00e3o. Ainda de acordo com o parlamentar, a legenda ter\u00e1 uma chapa competitiva tanto para o preenchimento das vagas na Assembleia Legislativa de Pernambuco (Alepe) quanto para a C\u00e2mara dos Deputados.<\/p>\n<p>&#8220;A gente tem, sim, um desejo muito grande de que o prefeito Jo\u00e3o Campos venha a assumir o papel de candidato a governador de Pernambuco. (&#8230;) N\u00e3o \u00e9 um desejo apenas do PSB, \u00e9 um desejo desejo de uma boa parte da popula\u00e7\u00e3o de Pernambuco que tem se manifestado atrav\u00e9s de v\u00e1rias pesquisas de diferentes institutos&#8221;, opinou.<\/p>\n<p><strong>Papel da oposi\u00e7\u00e3o<\/strong><br \/>\nSegundo Sileno Guedes, a oposi\u00e7\u00e3o liderada pelo PSB na Alepe n\u00e3o \u00e9 uma oposi\u00e7\u00e3o &#8220;enraivecida &#8220;, mas &#8220;consistente&#8221;. Ao ser questionado se temia que as entregas do governo mudassem a percep\u00e7\u00e3o da popula\u00e7\u00e3o em rela\u00e7\u00e3o ao Executivo estadual, o parlamentar disse que &#8220;torce&#8221; para que a governadora consiga cumprir todas as promessas.<\/p>\n<blockquote><p>&#8220;A gente torce que ela entregue tudinho. A gente quer que a popula\u00e7\u00e3o tenha creche, maternidade, mais cozinhas comunit\u00e1rias. (&#8230;) A gente deseja que Pernambuco volte a liderar uma pauta econ\u00f4mica&#8221;, afirmou.<\/p><\/blockquote>\n<p><strong>Palanque duplo\u00a0<\/strong><br \/>\nSileno tamb\u00e9m descartou a chance de forma\u00e7\u00e3o de um palanque duplo em Pernambuco, em que o presidente Luiz In\u00e1cio Lula da Silva (PT) seja apoiado simultaneamente por dois candidatos ao governo do estado, como foi em 2006 com Eduardo Campos e Humberto Costa. Segundo o deputado, &#8220;os personagens s\u00e3o diferentes&#8221;.<\/p>\n<blockquote><p>&#8220;Eu n\u00e3o creio nesse movimento (palanque duplo). Acho muito diferente. Os personagens de 2006 s\u00e3o completamente diferentes da personagem de 2026&#8221;, enfatizou.<\/p><\/blockquote>\n<p><strong>Veja a \u00edntegra da entrevista:<\/strong><\/p>\n<p><iframe loading=\"lazy\" title=\"YouTube video player\" src=\"https:\/\/www.youtube.com\/embed\/yDZKtwQ-OB4?si=zVpYLsUcvrtSMuq_\" width=\"560\" height=\"315\" frameborder=\"0\" allowfullscreen=\"allowfullscreen\" data-mce-fragment=\"1\"><\/iframe><\/p>\n<\/article>\n","protected":false},"excerpt":{"rendered":"<p>Deputado estadual pelo PSB tamb\u00e9m disse que candidatura de Jo\u00e3o Campos \u00e9 desejo da popula\u00e7\u00e3o Por\u00a0Alex Fonseca &#8211; FOLHAPE O deputado estadual Sileno Guedes (PSB) afirmou, nesta segunda-feira (13), que a antecipa\u00e7\u00e3o das movimenta\u00e7\u00f5es para as elei\u00e7\u00f5es para o governo estadual s\u00e3o naturais. De acordo com o parlamentar, que tamb\u00e9m \u00e9 presidente estadual do PSB, [&hellip;]<\/p>\n","protected":false},"author":1,"featured_media":2001,"comment_status":"open","ping_status":"open","sticky":false,"template":"","format":"standard","meta":{"footnotes":"","jetpack_publicize_message":"","jetpack_publicize_feature_enabled":true,"jetpack_social_post_already_shared":true,"jetpack_social_options":{"image_generator_settings":{"template":"highway","default_image_id":0,"font":"","enabled":false},"version":2}},"categories":[1,65],"tags":[],"class_list":["post-2000","post","type-post","status-publish","format-standard","has-post-thumbnail","hentry","category-https-gazetapernambucana-com-page_id225","category-politica"],"yoast_head":"<!-- This site is optimized with the Yoast SEO plugin v24.5 - https:\/\/yoast.com\/wordpress\/plugins\/seo\/ -->\n<title>Sileno Guedes afirma que antecipa\u00e7\u00e3o da campanha eleitoral \u00e9 natural -<\/title>\n<meta name=\"robots\" content=\"index, follow, max-snippet:-1, max-image-preview:large, max-video-preview:-1\" \/>\n<link rel=\"canonical\" href=\"https:\/\/gazetapernambucana.com\/?p=2000\" \/>\n<meta property=\"og:locale\" content=\"pt_BR\" \/>\n<meta property=\"og:type\" content=\"article\" \/>\n<meta property=\"og:title\" content=\"Sileno Guedes afirma que antecipa\u00e7\u00e3o da campanha eleitoral \u00e9 natural -\" \/>\n<meta property=\"og:description\" content=\"Deputado estadual pelo PSB tamb\u00e9m disse que candidatura de Jo\u00e3o Campos \u00e9 desejo da popula\u00e7\u00e3o Por\u00a0Alex Fonseca &#8211; FOLHAPE O deputado estadual Sileno Guedes (PSB) afirmou, nesta segunda-feira (13), que a antecipa\u00e7\u00e3o das movimenta\u00e7\u00f5es para as elei\u00e7\u00f5es para o governo estadual s\u00e3o naturais. De acordo com o parlamentar, que tamb\u00e9m \u00e9 presidente estadual do PSB, [&hellip;]\" \/>\n<meta property=\"og:url\" content=\"https:\/\/gazetapernambucana.com\/?p=2000\" \/>\n<meta property=\"article:published_time\" content=\"2025-10-14T01:39:23+00:00\" \/>\n<meta property=\"og:image\" content=\"https:\/\/gazetapernambucana.com\/wp-content\/uploads\/2025\/10\/whatsapp-image-2025-10-13-at-120200.jpeg\" \/>\n\t<meta property=\"og:image:width\" content=\"1100\" \/>\n\t<meta property=\"og:image:height\" content=\"734\" \/>\n\t<meta property=\"og:image:type\" content=\"image\/jpeg\" \/>\n<meta name=\"author\" content=\"GP\" \/>\n<meta name=\"twitter:card\" content=\"summary_large_image\" \/>\n<meta name=\"twitter:label1\" content=\"Escrito por\" \/>\n\t<meta name=\"twitter:data1\" content=\"GP\" \/>\n\t<meta name=\"twitter:label2\" content=\"Est. tempo de leitura\" \/>\n\t<meta name=\"twitter:data2\" content=\"3 minutos\" \/>\n<script type=\"application\/ld+json\" class=\"yoast-schema-graph\">{\"@context\":\"https:\/\/schema.org\",\"@graph\":[{\"@type\":\"WebPage\",\"@id\":\"https:\/\/gazetapernambucana.com\/?p=2000\",\"url\":\"https:\/\/gazetapernambucana.com\/?p=2000\",\"name\":\"Sileno Guedes afirma que antecipa\u00e7\u00e3o da campanha eleitoral \u00e9 natural -\",\"isPartOf\":{\"@id\":\"https:\/\/gazetapernambucana.com\/#website\"},\"primaryImageOfPage\":{\"@id\":\"https:\/\/gazetapernambucana.com\/?p=2000#primaryimage\"},\"image\":{\"@id\":\"https:\/\/gazetapernambucana.com\/?p=2000#primaryimage\"},\"thumbnailUrl\":\"https:\/\/gazetapernambucana.com\/wp-content\/uploads\/2025\/10\/whatsapp-image-2025-10-13-at-120200.jpeg\",\"datePublished\":\"2025-10-14T01:39:23+00:00\",\"author\":{\"@id\":\"https:\/\/gazetapernambucana.com\/#\/schema\/person\/188dc283325181ac2de4db1e9e987427\"},\"breadcrumb\":{\"@id\":\"https:\/\/gazetapernambucana.com\/?p=2000#breadcrumb\"},\"inLanguage\":\"pt-BR\",\"potentialAction\":[{\"@type\":\"ReadAction\",\"target\":[\"https:\/\/gazetapernambucana.com\/?p=2000\"]}]},{\"@type\":\"ImageObject\",\"inLanguage\":\"pt-BR\",\"@id\":\"https:\/\/gazetapernambucana.com\/?p=2000#primaryimage\",\"url\":\"https:\/\/gazetapernambucana.com\/wp-content\/uploads\/2025\/10\/whatsapp-image-2025-10-13-at-120200.jpeg\",\"contentUrl\":\"https:\/\/gazetapernambucana.com\/wp-content\/uploads\/2025\/10\/whatsapp-image-2025-10-13-at-120200.jpeg\",\"width\":1100,\"height\":734},{\"@type\":\"BreadcrumbList\",\"@id\":\"https:\/\/gazetapernambucana.com\/?p=2000#breadcrumb\",\"itemListElement\":[{\"@type\":\"ListItem\",\"position\":1,\"name\":\"In\u00edcio\",\"item\":\"https:\/\/gazetapernambucana.com\/\"},{\"@type\":\"ListItem\",\"position\":2,\"name\":\"Sileno Guedes afirma que antecipa\u00e7\u00e3o da campanha eleitoral \u00e9 natural\"}]},{\"@type\":\"WebSite\",\"@id\":\"https:\/\/gazetapernambucana.com\/#website\",\"url\":\"https:\/\/gazetapernambucana.com\/\",\"name\":\"\",\"description\":\"\",\"potentialAction\":[{\"@type\":\"SearchAction\",\"target\":{\"@type\":\"EntryPoint\",\"urlTemplate\":\"https:\/\/gazetapernambucana.com\/?s={search_term_string}\"},\"query-input\":{\"@type\":\"PropertyValueSpecification\",\"valueRequired\":true,\"valueName\":\"search_term_string\"}}],\"inLanguage\":\"pt-BR\"},{\"@type\":\"Person\",\"@id\":\"https:\/\/gazetapernambucana.com\/#\/schema\/person\/188dc283325181ac2de4db1e9e987427\",\"name\":\"GP\",\"image\":{\"@type\":\"ImageObject\",\"inLanguage\":\"pt-BR\",\"@id\":\"https:\/\/gazetapernambucana.com\/#\/schema\/person\/image\/\",\"url\":\"https:\/\/secure.gravatar.com\/avatar\/9dad78ff9a2d8b5742d11779f8a3f53b052320c550b2e1907882353c067bb111?s=96&d=mm&r=g\",\"contentUrl\":\"https:\/\/secure.gravatar.com\/avatar\/9dad78ff9a2d8b5742d11779f8a3f53b052320c550b2e1907882353c067bb111?s=96&d=mm&r=g\",\"caption\":\"GP\"},\"sameAs\":[\"http:\/\/gazetapernambucana.com\"],\"url\":\"https:\/\/gazetapernambucana.com\/?author=1\"}]}<\/script>\n<!-- \/ Yoast SEO plugin. -->","yoast_head_json":{"title":"Sileno Guedes afirma que antecipa\u00e7\u00e3o da campanha eleitoral \u00e9 natural -","robots":{"index":"index","follow":"follow","max-snippet":"max-snippet:-1","max-image-preview":"max-image-preview:large","max-video-preview":"max-video-preview:-1"},"canonical":"https:\/\/gazetapernambucana.com\/?p=2000","og_locale":"pt_BR","og_type":"article","og_title":"Sileno Guedes afirma que antecipa\u00e7\u00e3o da campanha eleitoral \u00e9 natural -","og_description":"Deputado estadual pelo PSB tamb\u00e9m disse que candidatura de Jo\u00e3o Campos \u00e9 desejo da popula\u00e7\u00e3o Por\u00a0Alex Fonseca &#8211; FOLHAPE O deputado estadual Sileno Guedes (PSB) afirmou, nesta segunda-feira (13), que a antecipa\u00e7\u00e3o das movimenta\u00e7\u00f5es para as elei\u00e7\u00f5es para o governo estadual s\u00e3o naturais. De acordo com o parlamentar, que tamb\u00e9m \u00e9 presidente estadual do PSB, [&hellip;]","og_url":"https:\/\/gazetapernambucana.com\/?p=2000","article_published_time":"2025-10-14T01:39:23+00:00","og_image":[{"width":1100,"height":734,"url":"https:\/\/gazetapernambucana.com\/wp-content\/uploads\/2025\/10\/whatsapp-image-2025-10-13-at-120200.jpeg","type":"image\/jpeg"}],"author":"GP","twitter_card":"summary_large_image","twitter_misc":{"Escrito por":"GP","Est. tempo de leitura":"3 minutos"},"schema":{"@context":"https:\/\/schema.org","@graph":[{"@type":"WebPage","@id":"https:\/\/gazetapernambucana.com\/?p=2000","url":"https:\/\/gazetapernambucana.com\/?p=2000","name":"Sileno Guedes afirma que antecipa\u00e7\u00e3o da campanha eleitoral \u00e9 natural -","isPartOf":{"@id":"https:\/\/gazetapernambucana.com\/#website"},"primaryImageOfPage":{"@id":"https:\/\/gazetapernambucana.com\/?p=2000#primaryimage"},"image":{"@id":"https:\/\/gazetapernambucana.com\/?p=2000#primaryimage"},"thumbnailUrl":"https:\/\/gazetapernambucana.com\/wp-content\/uploads\/2025\/10\/whatsapp-image-2025-10-13-at-120200.jpeg","datePublished":"2025-10-14T01:39:23+00:00","author":{"@id":"https:\/\/gazetapernambucana.com\/#\/schema\/person\/188dc283325181ac2de4db1e9e987427"},"breadcrumb":{"@id":"https:\/\/gazetapernambucana.com\/?p=2000#breadcrumb"},"inLanguage":"pt-BR","potentialAction":[{"@type":"ReadAction","target":["https:\/\/gazetapernambucana.com\/?p=2000"]}]},{"@type":"ImageObject","inLanguage":"pt-BR","@id":"https:\/\/gazetapernambucana.com\/?p=2000#primaryimage","url":"https:\/\/gazetapernambucana.com\/wp-content\/uploads\/2025\/10\/whatsapp-image-2025-10-13-at-120200.jpeg","contentUrl":"https:\/\/gazetapernambucana.com\/wp-content\/uploads\/2025\/10\/whatsapp-image-2025-10-13-at-120200.jpeg","width":1100,"height":734},{"@type":"BreadcrumbList","@id":"https:\/\/gazetapernambucana.com\/?p=2000#breadcrumb","itemListElement":[{"@type":"ListItem","position":1,"name":"In\u00edcio","item":"https:\/\/gazetapernambucana.com\/"},{"@type":"ListItem","position":2,"name":"Sileno Guedes afirma que antecipa\u00e7\u00e3o da campanha eleitoral \u00e9 natural"}]},{"@type":"WebSite","@id":"https:\/\/gazetapernambucana.com\/#website","url":"https:\/\/gazetapernambucana.com\/","name":"","description":"","potentialAction":[{"@type":"SearchAction","target":{"@type":"EntryPoint","urlTemplate":"https:\/\/gazetapernambucana.com\/?s={search_term_string}"},"query-input":{"@type":"PropertyValueSpecification","valueRequired":true,"valueName":"search_term_string"}}],"inLanguage":"pt-BR"},{"@type":"Person","@id":"https:\/\/gazetapernambucana.com\/#\/schema\/person\/188dc283325181ac2de4db1e9e987427","name":"GP","image":{"@type":"ImageObject","inLanguage":"pt-BR","@id":"https:\/\/gazetapernambucana.com\/#\/schema\/person\/image\/","url":"https:\/\/secure.gravatar.com\/avatar\/9dad78ff9a2d8b5742d11779f8a3f53b052320c550b2e1907882353c067bb111?s=96&d=mm&r=g","contentUrl":"https:\/\/secure.gravatar.com\/avatar\/9dad78ff9a2d8b5742d11779f8a3f53b052320c550b2e1907882353c067bb111?s=96&d=mm&r=g","caption":"GP"},"sameAs":["http:\/\/gazetapernambucana.com"],"url":"https:\/\/gazetapernambucana.com\/?author=1"}]}},"jetpack_publicize_connections":[],"_links":{"self":[{"href":"https:\/\/gazetapernambucana.com\/index.php?rest_route=\/wp\/v2\/posts\/2000","targetHints":{"allow":["GET"]}}],"collection":[{"href":"https:\/\/gazetapernambucana.com\/index.php?rest_route=\/wp\/v2\/posts"}],"about":[{"href":"https:\/\/gazetapernambucana.com\/index.php?rest_route=\/wp\/v2\/types\/post"}],"author":[{"embeddable":true,"href":"https:\/\/gazetapernambucana.com\/index.php?rest_route=\/wp\/v2\/users\/1"}],"replies":[{"embeddable":true,"href":"https:\/\/gazetapernambucana.com\/index.php?rest_route=%2Fwp%2Fv2%2Fcomments&post=2000"}],"version-history":[{"count":1,"href":"https:\/\/gazetapernambucana.com\/index.php?rest_route=\/wp\/v2\/posts\/2000\/revisions"}],"predecessor-version":[{"id":2002,"href":"https:\/\/gazetapernambucana.com\/index.php?rest_route=\/wp\/v2\/posts\/2000\/revisions\/2002"}],"wp:featuredmedia":[{"embeddable":true,"href":"https:\/\/gazetapernambucana.com\/index.php?rest_route=\/wp\/v2\/media\/2001"}],"wp:attachment":[{"href":"https:\/\/gazetapernambucana.com\/index.php?rest_route=%2Fwp%2Fv2%2Fmedia&parent=2000"}],"wp:term":[{"taxonomy":"category","embeddable":true,"href":"https:\/\/gazetapernambucana.com\/index.php?rest_route=%2Fwp%2Fv2%2Fcategories&post=2000"},{"taxonomy":"post_tag","embeddable":true,"href":"https:\/\/gazetapernambucana.com\/index.php?rest_route=%2Fwp%2Fv2%2Ftags&post=2000"}],"curies":[{"name":"wp","href":"https:\/\/api.w.org\/{rel}","templated":true}]}}