{"id":1997,"date":"2025-10-13T22:34:19","date_gmt":"2025-10-14T01:34:19","guid":{"rendered":"https:\/\/gazetapernambucana.com\/?p=1997"},"modified":"2025-10-13T22:34:19","modified_gmt":"2025-10-14T01:34:19","slug":"raquel-lyra-reune-deputados-antes-de-viagem-a-china-e-dinamarca","status":"publish","type":"post","link":"https:\/\/gazetapernambucana.com\/?p=1997","title":{"rendered":"Raquel Lyra re\u00fane deputados antes de viagem \u00e0 China e Dinamarca"},"content":{"rendered":"<header class=\"grid_12 prefix_2\">\n<div class=\"tituloNoticia\">\n<h2 class=\"subTituloDet\">Gestora deve assinar ordens de servi\u00e7o em gesto a parlamentares<\/h2>\n<\/div>\n<\/header>\n<article class=\"grid_8 prefix_2 textoArea\" data-fetch=\"true\">Antes de embarcar para a China e Dinamarca, onde cumprir\u00e1 miss\u00e3o oficial por 15 dias, a governadora Raquel Lyra (PSD) vai reunir os deputados estaduais para um caf\u00e9 da manh\u00e3 no Pal\u00e1cio do Campo das Princesas na manh\u00e3 desta ter\u00e7a-feira (14).<\/p>\n<p>De acordo com informa\u00e7\u00f5es de bastidores, h\u00e1 a expectativa de que a governadora assine ordens de servi\u00e7o a\u00e7\u00f5es financiadas pelo empr\u00e9stimo de R$ 1,5 bilh\u00e3o aprovado pela Alepe em agosto, como o in\u00edcio das constru\u00e7\u00f5es do Arco Metropolitano, que j\u00e1 teve a licita\u00e7\u00e3o finalizada. Al\u00e9m disso, a governadora deve assinar a constru\u00e7\u00e3o do IML de Garanhuns e obras de estradas.<\/p>\n<p data-intext-processed=\"true\">O encontro \u00e9 visto como um afago da governadora aos deputados, na tentativa de minimizar insatisfa\u00e7\u00f5es e acalmar os \u00e2nimos de quem ainda n\u00e3o teve as pautas atendidas.<\/p>\n<p><strong>Viagem\u00a0<\/strong><br \/>\nRaquel Lyra vai em busca de novos investimentos para Pernambuco na China e Dinamarca. Na agenda da governadora na \u00c1sia, est\u00e3o reuni\u00f5es com empres\u00e1rios para apresentar oportunidades de aloca\u00e7\u00e3o de capital no estado, al\u00e9m de uma visita a uma fabricante de composi\u00e7\u00f5es de metr\u00f4.<\/p>\n<p>J\u00e1 na Dinamarca, a governadora visita empresas que est\u00e3o investindo em Pernambuco, como a European Energy e APM Terminals.<\/p>\n<\/article>\n","protected":false},"excerpt":{"rendered":"<p>Gestora deve assinar ordens de servi\u00e7o em gesto a parlamentares Antes de embarcar para a China e Dinamarca, onde cumprir\u00e1 miss\u00e3o oficial por 15 dias, a governadora Raquel Lyra (PSD) vai reunir os deputados estaduais para um caf\u00e9 da manh\u00e3 no Pal\u00e1cio do Campo das Princesas na manh\u00e3 desta ter\u00e7a-feira (14). De acordo com informa\u00e7\u00f5es [&hellip;]<\/p>\n","protected":false},"author":1,"featured_media":1998,"comment_status":"open","ping_status":"open","sticky":false,"template":"","format":"standard","meta":{"footnotes":"","jetpack_publicize_message":"","jetpack_publicize_feature_enabled":true,"jetpack_social_post_already_shared":true,"jetpack_social_options":{"image_generator_settings":{"template":"highway","default_image_id":0,"font":"","enabled":false},"version":2}},"categories":[1,65],"tags":[],"class_list":["post-1997","post","type-post","status-publish","format-standard","has-post-thumbnail","hentry","category-https-gazetapernambucana-com-page_id225","category-politica"],"yoast_head":"<!-- This site is optimized with the Yoast SEO plugin v24.5 - https:\/\/yoast.com\/wordpress\/plugins\/seo\/ -->\n<title>Raquel Lyra re\u00fane deputados antes de viagem \u00e0 China e Dinamarca -<\/title>\n<meta name=\"robots\" content=\"index, follow, max-snippet:-1, max-image-preview:large, max-video-preview:-1\" \/>\n<link rel=\"canonical\" href=\"https:\/\/gazetapernambucana.com\/?p=1997\" \/>\n<meta property=\"og:locale\" content=\"pt_BR\" \/>\n<meta property=\"og:type\" content=\"article\" \/>\n<meta property=\"og:title\" content=\"Raquel Lyra re\u00fane deputados antes de viagem \u00e0 China e Dinamarca -\" \/>\n<meta property=\"og:description\" content=\"Gestora deve assinar ordens de servi\u00e7o em gesto a parlamentares Antes de embarcar para a China e Dinamarca, onde cumprir\u00e1 miss\u00e3o oficial por 15 dias, a governadora Raquel Lyra (PSD) vai reunir os deputados estaduais para um caf\u00e9 da manh\u00e3 no Pal\u00e1cio do Campo das Princesas na manh\u00e3 desta ter\u00e7a-feira (14). De acordo com informa\u00e7\u00f5es [&hellip;]\" \/>\n<meta property=\"og:url\" content=\"https:\/\/gazetapernambucana.com\/?p=1997\" \/>\n<meta property=\"article:published_time\" content=\"2025-10-14T01:34:19+00:00\" \/>\n<meta property=\"og:image\" content=\"https:\/\/gazetapernambucana.com\/wp-content\/uploads\/2025\/10\/reuniao_conselho_metropolitano_7-34143942.webp\" \/>\n\t<meta property=\"og:image:width\" content=\"1920\" \/>\n\t<meta property=\"og:image:height\" content=\"1282\" \/>\n\t<meta property=\"og:image:type\" content=\"image\/webp\" \/>\n<meta name=\"author\" content=\"GP\" \/>\n<meta name=\"twitter:card\" content=\"summary_large_image\" \/>\n<meta name=\"twitter:label1\" content=\"Escrito por\" \/>\n\t<meta name=\"twitter:data1\" content=\"GP\" \/>\n\t<meta name=\"twitter:label2\" content=\"Est. tempo de leitura\" \/>\n\t<meta name=\"twitter:data2\" content=\"2 minutos\" \/>\n<script type=\"application\/ld+json\" class=\"yoast-schema-graph\">{\"@context\":\"https:\/\/schema.org\",\"@graph\":[{\"@type\":\"WebPage\",\"@id\":\"https:\/\/gazetapernambucana.com\/?p=1997\",\"url\":\"https:\/\/gazetapernambucana.com\/?p=1997\",\"name\":\"Raquel Lyra re\u00fane deputados antes de viagem \u00e0 China e Dinamarca -\",\"isPartOf\":{\"@id\":\"https:\/\/gazetapernambucana.com\/#website\"},\"primaryImageOfPage\":{\"@id\":\"https:\/\/gazetapernambucana.com\/?p=1997#primaryimage\"},\"image\":{\"@id\":\"https:\/\/gazetapernambucana.com\/?p=1997#primaryimage\"},\"thumbnailUrl\":\"https:\/\/gazetapernambucana.com\/wp-content\/uploads\/2025\/10\/reuniao_conselho_metropolitano_7-34143942.webp\",\"datePublished\":\"2025-10-14T01:34:19+00:00\",\"author\":{\"@id\":\"https:\/\/gazetapernambucana.com\/#\/schema\/person\/188dc283325181ac2de4db1e9e987427\"},\"breadcrumb\":{\"@id\":\"https:\/\/gazetapernambucana.com\/?p=1997#breadcrumb\"},\"inLanguage\":\"pt-BR\",\"potentialAction\":[{\"@type\":\"ReadAction\",\"target\":[\"https:\/\/gazetapernambucana.com\/?p=1997\"]}]},{\"@type\":\"ImageObject\",\"inLanguage\":\"pt-BR\",\"@id\":\"https:\/\/gazetapernambucana.com\/?p=1997#primaryimage\",\"url\":\"https:\/\/gazetapernambucana.com\/wp-content\/uploads\/2025\/10\/reuniao_conselho_metropolitano_7-34143942.webp\",\"contentUrl\":\"https:\/\/gazetapernambucana.com\/wp-content\/uploads\/2025\/10\/reuniao_conselho_metropolitano_7-34143942.webp\",\"width\":1920,\"height\":1282},{\"@type\":\"BreadcrumbList\",\"@id\":\"https:\/\/gazetapernambucana.com\/?p=1997#breadcrumb\",\"itemListElement\":[{\"@type\":\"ListItem\",\"position\":1,\"name\":\"In\u00edcio\",\"item\":\"https:\/\/gazetapernambucana.com\/\"},{\"@type\":\"ListItem\",\"position\":2,\"name\":\"Raquel Lyra re\u00fane deputados antes de viagem \u00e0 China e Dinamarca\"}]},{\"@type\":\"WebSite\",\"@id\":\"https:\/\/gazetapernambucana.com\/#website\",\"url\":\"https:\/\/gazetapernambucana.com\/\",\"name\":\"\",\"description\":\"\",\"potentialAction\":[{\"@type\":\"SearchAction\",\"target\":{\"@type\":\"EntryPoint\",\"urlTemplate\":\"https:\/\/gazetapernambucana.com\/?s={search_term_string}\"},\"query-input\":{\"@type\":\"PropertyValueSpecification\",\"valueRequired\":true,\"valueName\":\"search_term_string\"}}],\"inLanguage\":\"pt-BR\"},{\"@type\":\"Person\",\"@id\":\"https:\/\/gazetapernambucana.com\/#\/schema\/person\/188dc283325181ac2de4db1e9e987427\",\"name\":\"GP\",\"image\":{\"@type\":\"ImageObject\",\"inLanguage\":\"pt-BR\",\"@id\":\"https:\/\/gazetapernambucana.com\/#\/schema\/person\/image\/\",\"url\":\"https:\/\/secure.gravatar.com\/avatar\/9dad78ff9a2d8b5742d11779f8a3f53b052320c550b2e1907882353c067bb111?s=96&d=mm&r=g\",\"contentUrl\":\"https:\/\/secure.gravatar.com\/avatar\/9dad78ff9a2d8b5742d11779f8a3f53b052320c550b2e1907882353c067bb111?s=96&d=mm&r=g\",\"caption\":\"GP\"},\"sameAs\":[\"http:\/\/gazetapernambucana.com\"],\"url\":\"https:\/\/gazetapernambucana.com\/?author=1\"}]}<\/script>\n<!-- \/ Yoast SEO plugin. -->","yoast_head_json":{"title":"Raquel Lyra re\u00fane deputados antes de viagem \u00e0 China e Dinamarca -","robots":{"index":"index","follow":"follow","max-snippet":"max-snippet:-1","max-image-preview":"max-image-preview:large","max-video-preview":"max-video-preview:-1"},"canonical":"https:\/\/gazetapernambucana.com\/?p=1997","og_locale":"pt_BR","og_type":"article","og_title":"Raquel Lyra re\u00fane deputados antes de viagem \u00e0 China e Dinamarca -","og_description":"Gestora deve assinar ordens de servi\u00e7o em gesto a parlamentares Antes de embarcar para a China e Dinamarca, onde cumprir\u00e1 miss\u00e3o oficial por 15 dias, a governadora Raquel Lyra (PSD) vai reunir os deputados estaduais para um caf\u00e9 da manh\u00e3 no Pal\u00e1cio do Campo das Princesas na manh\u00e3 desta ter\u00e7a-feira (14). De acordo com informa\u00e7\u00f5es [&hellip;]","og_url":"https:\/\/gazetapernambucana.com\/?p=1997","article_published_time":"2025-10-14T01:34:19+00:00","og_image":[{"width":1920,"height":1282,"url":"https:\/\/gazetapernambucana.com\/wp-content\/uploads\/2025\/10\/reuniao_conselho_metropolitano_7-34143942.webp","type":"image\/webp"}],"author":"GP","twitter_card":"summary_large_image","twitter_misc":{"Escrito por":"GP","Est. tempo de leitura":"2 minutos"},"schema":{"@context":"https:\/\/schema.org","@graph":[{"@type":"WebPage","@id":"https:\/\/gazetapernambucana.com\/?p=1997","url":"https:\/\/gazetapernambucana.com\/?p=1997","name":"Raquel Lyra re\u00fane deputados antes de viagem \u00e0 China e Dinamarca -","isPartOf":{"@id":"https:\/\/gazetapernambucana.com\/#website"},"primaryImageOfPage":{"@id":"https:\/\/gazetapernambucana.com\/?p=1997#primaryimage"},"image":{"@id":"https:\/\/gazetapernambucana.com\/?p=1997#primaryimage"},"thumbnailUrl":"https:\/\/gazetapernambucana.com\/wp-content\/uploads\/2025\/10\/reuniao_conselho_metropolitano_7-34143942.webp","datePublished":"2025-10-14T01:34:19+00:00","author":{"@id":"https:\/\/gazetapernambucana.com\/#\/schema\/person\/188dc283325181ac2de4db1e9e987427"},"breadcrumb":{"@id":"https:\/\/gazetapernambucana.com\/?p=1997#breadcrumb"},"inLanguage":"pt-BR","potentialAction":[{"@type":"ReadAction","target":["https:\/\/gazetapernambucana.com\/?p=1997"]}]},{"@type":"ImageObject","inLanguage":"pt-BR","@id":"https:\/\/gazetapernambucana.com\/?p=1997#primaryimage","url":"https:\/\/gazetapernambucana.com\/wp-content\/uploads\/2025\/10\/reuniao_conselho_metropolitano_7-34143942.webp","contentUrl":"https:\/\/gazetapernambucana.com\/wp-content\/uploads\/2025\/10\/reuniao_conselho_metropolitano_7-34143942.webp","width":1920,"height":1282},{"@type":"BreadcrumbList","@id":"https:\/\/gazetapernambucana.com\/?p=1997#breadcrumb","itemListElement":[{"@type":"ListItem","position":1,"name":"In\u00edcio","item":"https:\/\/gazetapernambucana.com\/"},{"@type":"ListItem","position":2,"name":"Raquel Lyra re\u00fane deputados antes de viagem \u00e0 China e Dinamarca"}]},{"@type":"WebSite","@id":"https:\/\/gazetapernambucana.com\/#website","url":"https:\/\/gazetapernambucana.com\/","name":"","description":"","potentialAction":[{"@type":"SearchAction","target":{"@type":"EntryPoint","urlTemplate":"https:\/\/gazetapernambucana.com\/?s={search_term_string}"},"query-input":{"@type":"PropertyValueSpecification","valueRequired":true,"valueName":"search_term_string"}}],"inLanguage":"pt-BR"},{"@type":"Person","@id":"https:\/\/gazetapernambucana.com\/#\/schema\/person\/188dc283325181ac2de4db1e9e987427","name":"GP","image":{"@type":"ImageObject","inLanguage":"pt-BR","@id":"https:\/\/gazetapernambucana.com\/#\/schema\/person\/image\/","url":"https:\/\/secure.gravatar.com\/avatar\/9dad78ff9a2d8b5742d11779f8a3f53b052320c550b2e1907882353c067bb111?s=96&d=mm&r=g","contentUrl":"https:\/\/secure.gravatar.com\/avatar\/9dad78ff9a2d8b5742d11779f8a3f53b052320c550b2e1907882353c067bb111?s=96&d=mm&r=g","caption":"GP"},"sameAs":["http:\/\/gazetapernambucana.com"],"url":"https:\/\/gazetapernambucana.com\/?author=1"}]}},"jetpack_publicize_connections":[],"_links":{"self":[{"href":"https:\/\/gazetapernambucana.com\/index.php?rest_route=\/wp\/v2\/posts\/1997","targetHints":{"allow":["GET"]}}],"collection":[{"href":"https:\/\/gazetapernambucana.com\/index.php?rest_route=\/wp\/v2\/posts"}],"about":[{"href":"https:\/\/gazetapernambucana.com\/index.php?rest_route=\/wp\/v2\/types\/post"}],"author":[{"embeddable":true,"href":"https:\/\/gazetapernambucana.com\/index.php?rest_route=\/wp\/v2\/users\/1"}],"replies":[{"embeddable":true,"href":"https:\/\/gazetapernambucana.com\/index.php?rest_route=%2Fwp%2Fv2%2Fcomments&post=1997"}],"version-history":[{"count":1,"href":"https:\/\/gazetapernambucana.com\/index.php?rest_route=\/wp\/v2\/posts\/1997\/revisions"}],"predecessor-version":[{"id":1999,"href":"https:\/\/gazetapernambucana.com\/index.php?rest_route=\/wp\/v2\/posts\/1997\/revisions\/1999"}],"wp:featuredmedia":[{"embeddable":true,"href":"https:\/\/gazetapernambucana.com\/index.php?rest_route=\/wp\/v2\/media\/1998"}],"wp:attachment":[{"href":"https:\/\/gazetapernambucana.com\/index.php?rest_route=%2Fwp%2Fv2%2Fmedia&parent=1997"}],"wp:term":[{"taxonomy":"category","embeddable":true,"href":"https:\/\/gazetapernambucana.com\/index.php?rest_route=%2Fwp%2Fv2%2Fcategories&post=1997"},{"taxonomy":"post_tag","embeddable":true,"href":"https:\/\/gazetapernambucana.com\/index.php?rest_route=%2Fwp%2Fv2%2Ftags&post=1997"}],"curies":[{"name":"wp","href":"https:\/\/api.w.org\/{rel}","templated":true}]}}