{"id":1994,"date":"2025-10-13T22:23:24","date_gmt":"2025-10-14T01:23:24","guid":{"rendered":"https:\/\/gazetapernambucana.com\/?p=1994"},"modified":"2025-10-13T22:23:24","modified_gmt":"2025-10-14T01:23:24","slug":"presidente-de-madagascar-foge-do-pais-em-meio-a-protestos-da-geracao-z-mas-nao-renuncia","status":"publish","type":"post","link":"https:\/\/gazetapernambucana.com\/?p=1994","title":{"rendered":"Presidente de Madagascar foge do pa\u00eds em meio a protestos da gera\u00e7\u00e3o Z, mas n\u00e3o renuncia"},"content":{"rendered":"<header class=\"grid_12 prefix_2\">\n<div class=\"tituloNoticia\">\n<h2 class=\"subTituloDet\">Madagascar, ex-col\u00f4nia francesa, mant\u00e9m la\u00e7os hist\u00f3ricos com o pa\u00eds, e o fato de Rajoelina possuir cidadania francesa \u00e9 motivo de controv\u00e9rsia entre parte da popula\u00e7\u00e3o<\/h2>\n<\/div>\n<div class=\"descricaoNoticia\">\n<aside class=\"dataAutor\">Por<strong>\u00a0Estad\u00e3o Conte\u00fado<span style=\"font-size: 13.3333px;\">\u00a0<\/span><\/strong><\/aside>\n<\/div>\n<\/header>\n<article class=\"grid_8 prefix_2 textoArea\" data-fetch=\"true\">O presidente de Madagascar, Andry Rajoelina, afirmou ter deixado o pa\u00eds &#8220;para proteger a pr\u00f3pria vida&#8221; depois de uma unidade de elite das For\u00e7as Armadas se voltar contra o governo. Mas ele n\u00e3o anunciou sua ren\u00fancia.<\/p>\n<p>O discurso foi transmitido na noite desta segunda-feira, 13, pela televis\u00e3o estatal, a partir de um local n\u00e3o revelado.<\/p>\n<p data-intext-processed=\"true\">Rajoelina vinha enfrentando semanas de protestos liderados por jovens da chamada gera\u00e7\u00e3o Z, que ganharam for\u00e7a no s\u00e1bado, 11, quando uma unidade militar de elite, a Capsat, aderiu \u00e0s manifesta\u00e7\u00f5es e exigiu a ren\u00fancia do presidente e de seus ministros.<\/p>\n<p>O movimento foi classificado pelo governo como tentativa ilegal de tomada de poder, o que levou o mandat\u00e1rio a deixar Madagascar.<\/p>\n<blockquote><p>&#8220;Fui for\u00e7ado a encontrar um lugar seguro para proteger minha vida&#8221;, disse Rajoelina em sua primeira declara\u00e7\u00e3o p\u00fablica desde o in\u00edcio da crise. O pronunciamento foi adiado por horas, depois que soldados tentaram tomar o controle das instala\u00e7\u00f5es da emissora estatal, segundo o gabinete presidencial.<\/p><\/blockquote>\n<p>A Capsat declarou que assumiu o comando das For\u00e7as Armadas e nomeou um novo chefe militar, aceito pelo ministro da Defesa durante a aus\u00eancia de Rajoelina.<\/p>\n<p data-intext-processed=\"true\">O coronel Michael Randrianirina, comandante da unidade, afirmou que o Ex\u00e9rcito &#8220;respondeu aos apelos do povo&#8221;, mas negou se tratar de um golpe<\/p>\n<p>Rajoelina pediu di\u00e1logo e respeito \u00e0 Constitui\u00e7\u00e3o, mas n\u00e3o informou para onde foi. A imprensa local divulgou que ele teria deixado o pa\u00eds em um avi\u00e3o militar franc\u00eas, informa\u00e7\u00e3o que Paris n\u00e3o confirmou oficialmente.<\/p>\n<p>Madagascar, ex-col\u00f4nia francesa, mant\u00e9m la\u00e7os hist\u00f3ricos com o pa\u00eds, e o fato de Rajoelina possuir cidadania francesa \u00e9 motivo de controv\u00e9rsia entre parte da popula\u00e7\u00e3o.<\/p>\n<p data-intext-processed=\"true\">Os protestos, iniciados em 25 de setembro, come\u00e7aram por causa de cortes recorrentes de \u00e1gua e energia, mas evolu\u00edram para um movimento mais amplo contra o governo, com queixas sobre corrup\u00e7\u00e3o, custo de vida e falta de acesso \u00e0 educa\u00e7\u00e3o. Segundo as Organiza\u00e7\u00f5es das Na\u00e7\u00f5es Unidas (ONU), ao menos 22 pessoas morreram e dezenas ficaram feridas.<\/p>\n<p>A situa\u00e7\u00e3o \u00e9 a mais grave desde 2009, quando o pr\u00f3prio Rajoelina chegou ao poder com o apoio da Capsat ap\u00f3s um golpe militar que derrubou o ent\u00e3o presidente Marc Ravalomanana. Ele foi eleito presidente em 2018 e reeleito em 2023, em uma vota\u00e7\u00e3o boicotada pela oposi\u00e7\u00e3o.<\/p>\n<p>Nesta nova crise, a Embaixada dos Estados Unidos em Antananarivo pediu que cidad\u00e3os americanos permane\u00e7am em locais seguros, descrevendo o cen\u00e1rio como &#8220;altamente vol\u00e1til e imprevis\u00edvel&#8221;. J\u00e1 a Uni\u00e3o Africana apelou por calma e modera\u00e7\u00e3o de todas as partes envolvidas.<\/p>\n<p>O ex-primeiro-ministro de Madagascar e aliado pr\u00f3ximo de Rajoelina tamb\u00e9m deixou o pa\u00eds, chegando \u00e0 ilha de Maur\u00edcio na madrugada de domingo. O governo mauriciano confirmou o pouso de um avi\u00e3o particular com o grupo, mas afirmou &#8220;n\u00e3o estar satisfeito&#8221; com a situa\u00e7\u00e3o.<\/p>\n<div id=\"ppBoxFinalMateria\"><\/div>\n<\/article>\n","protected":false},"excerpt":{"rendered":"<p>Madagascar, ex-col\u00f4nia francesa, mant\u00e9m la\u00e7os hist\u00f3ricos com o pa\u00eds, e o fato de Rajoelina possuir cidadania francesa \u00e9 motivo de controv\u00e9rsia entre parte da popula\u00e7\u00e3o Por\u00a0Estad\u00e3o Conte\u00fado\u00a0 O presidente de Madagascar, Andry Rajoelina, afirmou ter deixado o pa\u00eds &#8220;para proteger a pr\u00f3pria vida&#8221; depois de uma unidade de elite das For\u00e7as Armadas se voltar contra [&hellip;]<\/p>\n","protected":false},"author":1,"featured_media":1995,"comment_status":"open","ping_status":"open","sticky":false,"template":"","format":"standard","meta":{"footnotes":"","jetpack_publicize_message":"","jetpack_publicize_feature_enabled":true,"jetpack_social_post_already_shared":true,"jetpack_social_options":{"image_generator_settings":{"template":"highway","default_image_id":0,"font":"","enabled":false},"version":2}},"categories":[1,36,65],"tags":[],"class_list":["post-1994","post","type-post","status-publish","format-standard","has-post-thumbnail","hentry","category-https-gazetapernambucana-com-page_id225","category-https-gazetapernambucana-com-page_id209","category-politica"],"yoast_head":"<!-- This site is optimized with the Yoast SEO plugin v24.5 - https:\/\/yoast.com\/wordpress\/plugins\/seo\/ -->\n<title>Presidente de Madagascar foge do pa\u00eds em meio a protestos da gera\u00e7\u00e3o Z, mas n\u00e3o renuncia -<\/title>\n<meta name=\"robots\" content=\"index, follow, max-snippet:-1, max-image-preview:large, max-video-preview:-1\" \/>\n<link rel=\"canonical\" href=\"https:\/\/gazetapernambucana.com\/?p=1994\" \/>\n<meta property=\"og:locale\" content=\"pt_BR\" \/>\n<meta property=\"og:type\" content=\"article\" \/>\n<meta property=\"og:title\" content=\"Presidente de Madagascar foge do pa\u00eds em meio a protestos da gera\u00e7\u00e3o Z, mas n\u00e3o renuncia -\" \/>\n<meta property=\"og:description\" content=\"Madagascar, ex-col\u00f4nia francesa, mant\u00e9m la\u00e7os hist\u00f3ricos com o pa\u00eds, e o fato de Rajoelina possuir cidadania francesa \u00e9 motivo de controv\u00e9rsia entre parte da popula\u00e7\u00e3o Por\u00a0Estad\u00e3o Conte\u00fado\u00a0 O presidente de Madagascar, Andry Rajoelina, afirmou ter deixado o pa\u00eds &#8220;para proteger a pr\u00f3pria vida&#8221; depois de uma unidade de elite das For\u00e7as Armadas se voltar contra [&hellip;]\" \/>\n<meta property=\"og:url\" content=\"https:\/\/gazetapernambucana.com\/?p=1994\" \/>\n<meta property=\"article:published_time\" content=\"2025-10-14T01:23:24+00:00\" \/>\n<meta property=\"og:image\" content=\"https:\/\/gazetapernambucana.com\/wp-content\/uploads\/2025\/10\/afp-20251013-78m84y9-v1-midres-madagascareconomyunrestdemo.jpg\" \/>\n\t<meta property=\"og:image:width\" content=\"1100\" \/>\n\t<meta property=\"og:image:height\" content=\"735\" \/>\n\t<meta property=\"og:image:type\" content=\"image\/jpeg\" \/>\n<meta name=\"author\" content=\"GP\" \/>\n<meta name=\"twitter:card\" content=\"summary_large_image\" \/>\n<meta name=\"twitter:label1\" content=\"Escrito por\" \/>\n\t<meta name=\"twitter:data1\" content=\"GP\" \/>\n\t<meta name=\"twitter:label2\" content=\"Est. tempo de leitura\" \/>\n\t<meta name=\"twitter:data2\" content=\"3 minutos\" \/>\n<script type=\"application\/ld+json\" class=\"yoast-schema-graph\">{\"@context\":\"https:\/\/schema.org\",\"@graph\":[{\"@type\":\"WebPage\",\"@id\":\"https:\/\/gazetapernambucana.com\/?p=1994\",\"url\":\"https:\/\/gazetapernambucana.com\/?p=1994\",\"name\":\"Presidente de Madagascar foge do pa\u00eds em meio a protestos da gera\u00e7\u00e3o Z, mas n\u00e3o renuncia -\",\"isPartOf\":{\"@id\":\"https:\/\/gazetapernambucana.com\/#website\"},\"primaryImageOfPage\":{\"@id\":\"https:\/\/gazetapernambucana.com\/?p=1994#primaryimage\"},\"image\":{\"@id\":\"https:\/\/gazetapernambucana.com\/?p=1994#primaryimage\"},\"thumbnailUrl\":\"https:\/\/gazetapernambucana.com\/wp-content\/uploads\/2025\/10\/afp-20251013-78m84y9-v1-midres-madagascareconomyunrestdemo.jpg\",\"datePublished\":\"2025-10-14T01:23:24+00:00\",\"author\":{\"@id\":\"https:\/\/gazetapernambucana.com\/#\/schema\/person\/188dc283325181ac2de4db1e9e987427\"},\"breadcrumb\":{\"@id\":\"https:\/\/gazetapernambucana.com\/?p=1994#breadcrumb\"},\"inLanguage\":\"pt-BR\",\"potentialAction\":[{\"@type\":\"ReadAction\",\"target\":[\"https:\/\/gazetapernambucana.com\/?p=1994\"]}]},{\"@type\":\"ImageObject\",\"inLanguage\":\"pt-BR\",\"@id\":\"https:\/\/gazetapernambucana.com\/?p=1994#primaryimage\",\"url\":\"https:\/\/gazetapernambucana.com\/wp-content\/uploads\/2025\/10\/afp-20251013-78m84y9-v1-midres-madagascareconomyunrestdemo.jpg\",\"contentUrl\":\"https:\/\/gazetapernambucana.com\/wp-content\/uploads\/2025\/10\/afp-20251013-78m84y9-v1-midres-madagascareconomyunrestdemo.jpg\",\"width\":1100,\"height\":735},{\"@type\":\"BreadcrumbList\",\"@id\":\"https:\/\/gazetapernambucana.com\/?p=1994#breadcrumb\",\"itemListElement\":[{\"@type\":\"ListItem\",\"position\":1,\"name\":\"In\u00edcio\",\"item\":\"https:\/\/gazetapernambucana.com\/\"},{\"@type\":\"ListItem\",\"position\":2,\"name\":\"Presidente de Madagascar foge do pa\u00eds em meio a protestos da gera\u00e7\u00e3o Z, mas n\u00e3o renuncia\"}]},{\"@type\":\"WebSite\",\"@id\":\"https:\/\/gazetapernambucana.com\/#website\",\"url\":\"https:\/\/gazetapernambucana.com\/\",\"name\":\"\",\"description\":\"\",\"potentialAction\":[{\"@type\":\"SearchAction\",\"target\":{\"@type\":\"EntryPoint\",\"urlTemplate\":\"https:\/\/gazetapernambucana.com\/?s={search_term_string}\"},\"query-input\":{\"@type\":\"PropertyValueSpecification\",\"valueRequired\":true,\"valueName\":\"search_term_string\"}}],\"inLanguage\":\"pt-BR\"},{\"@type\":\"Person\",\"@id\":\"https:\/\/gazetapernambucana.com\/#\/schema\/person\/188dc283325181ac2de4db1e9e987427\",\"name\":\"GP\",\"image\":{\"@type\":\"ImageObject\",\"inLanguage\":\"pt-BR\",\"@id\":\"https:\/\/gazetapernambucana.com\/#\/schema\/person\/image\/\",\"url\":\"https:\/\/secure.gravatar.com\/avatar\/9dad78ff9a2d8b5742d11779f8a3f53b052320c550b2e1907882353c067bb111?s=96&d=mm&r=g\",\"contentUrl\":\"https:\/\/secure.gravatar.com\/avatar\/9dad78ff9a2d8b5742d11779f8a3f53b052320c550b2e1907882353c067bb111?s=96&d=mm&r=g\",\"caption\":\"GP\"},\"sameAs\":[\"http:\/\/gazetapernambucana.com\"],\"url\":\"https:\/\/gazetapernambucana.com\/?author=1\"}]}<\/script>\n<!-- \/ Yoast SEO plugin. -->","yoast_head_json":{"title":"Presidente de Madagascar foge do pa\u00eds em meio a protestos da gera\u00e7\u00e3o Z, mas n\u00e3o renuncia -","robots":{"index":"index","follow":"follow","max-snippet":"max-snippet:-1","max-image-preview":"max-image-preview:large","max-video-preview":"max-video-preview:-1"},"canonical":"https:\/\/gazetapernambucana.com\/?p=1994","og_locale":"pt_BR","og_type":"article","og_title":"Presidente de Madagascar foge do pa\u00eds em meio a protestos da gera\u00e7\u00e3o Z, mas n\u00e3o renuncia -","og_description":"Madagascar, ex-col\u00f4nia francesa, mant\u00e9m la\u00e7os hist\u00f3ricos com o pa\u00eds, e o fato de Rajoelina possuir cidadania francesa \u00e9 motivo de controv\u00e9rsia entre parte da popula\u00e7\u00e3o Por\u00a0Estad\u00e3o Conte\u00fado\u00a0 O presidente de Madagascar, Andry Rajoelina, afirmou ter deixado o pa\u00eds &#8220;para proteger a pr\u00f3pria vida&#8221; depois de uma unidade de elite das For\u00e7as Armadas se voltar contra [&hellip;]","og_url":"https:\/\/gazetapernambucana.com\/?p=1994","article_published_time":"2025-10-14T01:23:24+00:00","og_image":[{"width":1100,"height":735,"url":"https:\/\/gazetapernambucana.com\/wp-content\/uploads\/2025\/10\/afp-20251013-78m84y9-v1-midres-madagascareconomyunrestdemo.jpg","type":"image\/jpeg"}],"author":"GP","twitter_card":"summary_large_image","twitter_misc":{"Escrito por":"GP","Est. tempo de leitura":"3 minutos"},"schema":{"@context":"https:\/\/schema.org","@graph":[{"@type":"WebPage","@id":"https:\/\/gazetapernambucana.com\/?p=1994","url":"https:\/\/gazetapernambucana.com\/?p=1994","name":"Presidente de Madagascar foge do pa\u00eds em meio a protestos da gera\u00e7\u00e3o Z, mas n\u00e3o renuncia -","isPartOf":{"@id":"https:\/\/gazetapernambucana.com\/#website"},"primaryImageOfPage":{"@id":"https:\/\/gazetapernambucana.com\/?p=1994#primaryimage"},"image":{"@id":"https:\/\/gazetapernambucana.com\/?p=1994#primaryimage"},"thumbnailUrl":"https:\/\/gazetapernambucana.com\/wp-content\/uploads\/2025\/10\/afp-20251013-78m84y9-v1-midres-madagascareconomyunrestdemo.jpg","datePublished":"2025-10-14T01:23:24+00:00","author":{"@id":"https:\/\/gazetapernambucana.com\/#\/schema\/person\/188dc283325181ac2de4db1e9e987427"},"breadcrumb":{"@id":"https:\/\/gazetapernambucana.com\/?p=1994#breadcrumb"},"inLanguage":"pt-BR","potentialAction":[{"@type":"ReadAction","target":["https:\/\/gazetapernambucana.com\/?p=1994"]}]},{"@type":"ImageObject","inLanguage":"pt-BR","@id":"https:\/\/gazetapernambucana.com\/?p=1994#primaryimage","url":"https:\/\/gazetapernambucana.com\/wp-content\/uploads\/2025\/10\/afp-20251013-78m84y9-v1-midres-madagascareconomyunrestdemo.jpg","contentUrl":"https:\/\/gazetapernambucana.com\/wp-content\/uploads\/2025\/10\/afp-20251013-78m84y9-v1-midres-madagascareconomyunrestdemo.jpg","width":1100,"height":735},{"@type":"BreadcrumbList","@id":"https:\/\/gazetapernambucana.com\/?p=1994#breadcrumb","itemListElement":[{"@type":"ListItem","position":1,"name":"In\u00edcio","item":"https:\/\/gazetapernambucana.com\/"},{"@type":"ListItem","position":2,"name":"Presidente de Madagascar foge do pa\u00eds em meio a protestos da gera\u00e7\u00e3o Z, mas n\u00e3o renuncia"}]},{"@type":"WebSite","@id":"https:\/\/gazetapernambucana.com\/#website","url":"https:\/\/gazetapernambucana.com\/","name":"","description":"","potentialAction":[{"@type":"SearchAction","target":{"@type":"EntryPoint","urlTemplate":"https:\/\/gazetapernambucana.com\/?s={search_term_string}"},"query-input":{"@type":"PropertyValueSpecification","valueRequired":true,"valueName":"search_term_string"}}],"inLanguage":"pt-BR"},{"@type":"Person","@id":"https:\/\/gazetapernambucana.com\/#\/schema\/person\/188dc283325181ac2de4db1e9e987427","name":"GP","image":{"@type":"ImageObject","inLanguage":"pt-BR","@id":"https:\/\/gazetapernambucana.com\/#\/schema\/person\/image\/","url":"https:\/\/secure.gravatar.com\/avatar\/9dad78ff9a2d8b5742d11779f8a3f53b052320c550b2e1907882353c067bb111?s=96&d=mm&r=g","contentUrl":"https:\/\/secure.gravatar.com\/avatar\/9dad78ff9a2d8b5742d11779f8a3f53b052320c550b2e1907882353c067bb111?s=96&d=mm&r=g","caption":"GP"},"sameAs":["http:\/\/gazetapernambucana.com"],"url":"https:\/\/gazetapernambucana.com\/?author=1"}]}},"jetpack_publicize_connections":[],"_links":{"self":[{"href":"https:\/\/gazetapernambucana.com\/index.php?rest_route=\/wp\/v2\/posts\/1994","targetHints":{"allow":["GET"]}}],"collection":[{"href":"https:\/\/gazetapernambucana.com\/index.php?rest_route=\/wp\/v2\/posts"}],"about":[{"href":"https:\/\/gazetapernambucana.com\/index.php?rest_route=\/wp\/v2\/types\/post"}],"author":[{"embeddable":true,"href":"https:\/\/gazetapernambucana.com\/index.php?rest_route=\/wp\/v2\/users\/1"}],"replies":[{"embeddable":true,"href":"https:\/\/gazetapernambucana.com\/index.php?rest_route=%2Fwp%2Fv2%2Fcomments&post=1994"}],"version-history":[{"count":1,"href":"https:\/\/gazetapernambucana.com\/index.php?rest_route=\/wp\/v2\/posts\/1994\/revisions"}],"predecessor-version":[{"id":1996,"href":"https:\/\/gazetapernambucana.com\/index.php?rest_route=\/wp\/v2\/posts\/1994\/revisions\/1996"}],"wp:featuredmedia":[{"embeddable":true,"href":"https:\/\/gazetapernambucana.com\/index.php?rest_route=\/wp\/v2\/media\/1995"}],"wp:attachment":[{"href":"https:\/\/gazetapernambucana.com\/index.php?rest_route=%2Fwp%2Fv2%2Fmedia&parent=1994"}],"wp:term":[{"taxonomy":"category","embeddable":true,"href":"https:\/\/gazetapernambucana.com\/index.php?rest_route=%2Fwp%2Fv2%2Fcategories&post=1994"},{"taxonomy":"post_tag","embeddable":true,"href":"https:\/\/gazetapernambucana.com\/index.php?rest_route=%2Fwp%2Fv2%2Ftags&post=1994"}],"curies":[{"name":"wp","href":"https:\/\/api.w.org\/{rel}","templated":true}]}}