{"id":1952,"date":"2025-10-11T22:21:03","date_gmt":"2025-10-12T01:21:03","guid":{"rendered":"https:\/\/gazetapernambucana.com\/?p=1952"},"modified":"2025-10-11T22:21:03","modified_gmt":"2025-10-12T01:21:03","slug":"video-frentista-e-assassinada-a-tiros-pelo-ex-em-posto-de-gasolina-em-agrestina-interior-de-pernambuco","status":"publish","type":"post","link":"https:\/\/gazetapernambucana.com\/?p=1952","title":{"rendered":"V\u00eddeo: Frentista \u00e9 assassinada a tiros pelo ex em posto de gasolina em Agrestina interior de Pernambuco"},"content":{"rendered":"<p>Trag\u00e9dia abalou o Agreste de Pernambuco neste s\u00e1bado (11). Emiliane Ver\u00edssimo, frentista de um posto de combust\u00edvel, foi brutalmente assassinada a tiros enquanto trabalhava.\u00a0<br class=\"html-br\" \/><img decoding=\"async\" class=\"i-amphtml-fill-content i-amphtml-replaced-content\" src=\"https:\/\/estadodoacre.com.br\/wp-content\/uploads\/2025\/10\/163628-frentista-e-assassinada-a-tiros-pelo-ex-em-posto-de-gasolina-video-1024x688.jpg\" sizes=\"auto, (max-width: 696px) 100vw, 696px\" srcset=\"https:\/\/estadodoacre.com.br\/wp-content\/uploads\/2025\/10\/163628-frentista-e-assassinada-a-tiros-pelo-ex-em-posto-de-gasolina-video-1024x688.jpg 1024w, https:\/\/estadodoacre.com.br\/wp-content\/uploads\/2025\/10\/163628-frentista-e-assassinada-a-tiros-pelo-ex-em-posto-de-gasolina-video-300x202.jpg 300w, https:\/\/estadodoacre.com.br\/wp-content\/uploads\/2025\/10\/163628-frentista-e-assassinada-a-tiros-pelo-ex-em-posto-de-gasolina-video-768x516.jpg 768w, https:\/\/estadodoacre.com.br\/wp-content\/uploads\/2025\/10\/163628-frentista-e-assassinada-a-tiros-pelo-ex-em-posto-de-gasolina-video-625x420.jpg 625w, https:\/\/estadodoacre.com.br\/wp-content\/uploads\/2025\/10\/163628-frentista-e-assassinada-a-tiros-pelo-ex-em-posto-de-gasolina-video-150x101.jpg 150w, https:\/\/estadodoacre.com.br\/wp-content\/uploads\/2025\/10\/163628-frentista-e-assassinada-a-tiros-pelo-ex-em-posto-de-gasolina-video-600x403.jpg 600w, https:\/\/estadodoacre.com.br\/wp-content\/uploads\/2025\/10\/163628-frentista-e-assassinada-a-tiros-pelo-ex-em-posto-de-gasolina-video-696x467.jpg 696w, https:\/\/estadodoacre.com.br\/wp-content\/uploads\/2025\/10\/163628-frentista-e-assassinada-a-tiros-pelo-ex-em-posto-de-gasolina-video-1068x717.jpg 1068w, https:\/\/estadodoacre.com.br\/wp-content\/uploads\/2025\/10\/163628-frentista-e-assassinada-a-tiros-pelo-ex-em-posto-de-gasolina-video-217x146.jpg 217w, https:\/\/estadodoacre.com.br\/wp-content\/uploads\/2025\/10\/163628-frentista-e-assassinada-a-tiros-pelo-ex-em-posto-de-gasolina-video.jpg 1200w\" alt=\"frentista-e-assassinada-a-tiros-pelo-ex-em-posto-de-gasolina.-video\" data-hero-candidate=\"\" data-hero=\"\" \/><\/p>\n<p class=\"wp-caption-text\">Frentista \u00e9 assassinada a tiros pelo ex em posto de gasolina<\/p>\n<p>Segundo informa\u00e7\u00f5es preliminares, ela foi surpreendida por disparos e n\u00e3o resistiu aos ferimentos, falecendo antes da chegada do socorro. A Pol\u00edcia Militar isolou o local e a Pol\u00edcia Civil, junto com o Instituto de Criminal\u00edstica, j\u00e1 iniciou as investiga\u00e7\u00f5es.<br class=\"html-br\" \/><br class=\"html-br\" \/>C\u00e2meras de seguran\u00e7a do posto podem ajudar a identificar o autor e esclarecer os motivos do crime. A cidade est\u00e1 em choque, e familiares, amigos e colegas vivem momentos de profunda consterna\u00e7\u00e3o.<\/p>\n<p>VEJA O V\u00cdDEO:<\/p>\n<div style=\"width: 640px;\" class=\"wp-video\"><video class=\"wp-video-shortcode\" id=\"video-1952-1\" width=\"640\" height=\"1138\" preload=\"metadata\" controls=\"controls\"><source type=\"video\/mp4\" src=\"http:\/\/gazetapernambucana.com\/wp-content\/uploads\/2025\/10\/SnapInsta.to_AQPb4-g52h2lHxdpfVVt56DBXPXQoQ0bVQCATliQLjRL5UtI4qBBIEBFnik40D2rt8VYe-vaaxqoRLbkuNKvGZQ0pMtNlFcQ_ocS1Z4.mp4?_=1\" \/><a href=\"http:\/\/gazetapernambucana.com\/wp-content\/uploads\/2025\/10\/SnapInsta.to_AQPb4-g52h2lHxdpfVVt56DBXPXQoQ0bVQCATliQLjRL5UtI4qBBIEBFnik40D2rt8VYe-vaaxqoRLbkuNKvGZQ0pMtNlFcQ_ocS1Z4.mp4\">http:\/\/gazetapernambucana.com\/wp-content\/uploads\/2025\/10\/SnapInsta.to_AQPb4-g52h2lHxdpfVVt56DBXPXQoQ0bVQCATliQLjRL5UtI4qBBIEBFnik40D2rt8VYe-vaaxqoRLbkuNKvGZQ0pMtNlFcQ_ocS1Z4.mp4<\/a><\/video><\/div>\n<p>O caso ainda est\u00e1 em apura\u00e7\u00e3o.<\/p>\n","protected":false},"excerpt":{"rendered":"<p>Trag\u00e9dia abalou o Agreste de Pernambuco neste s\u00e1bado (11). Emiliane Ver\u00edssimo, frentista de um posto de combust\u00edvel, foi brutalmente assassinada a tiros enquanto trabalhava.\u00a0 Frentista \u00e9 assassinada a tiros pelo ex em posto de gasolina Segundo informa\u00e7\u00f5es preliminares, ela foi surpreendida por disparos e n\u00e3o resistiu aos ferimentos, falecendo antes da chegada do socorro. A [&hellip;]<\/p>\n","protected":false},"author":1,"featured_media":1953,"comment_status":"open","ping_status":"open","sticky":false,"template":"","format":"standard","meta":{"footnotes":"","jetpack_publicize_message":"","jetpack_publicize_feature_enabled":true,"jetpack_social_post_already_shared":true,"jetpack_social_options":{"image_generator_settings":{"template":"highway","default_image_id":0,"font":"","enabled":false},"version":2}},"categories":[66,1],"tags":[],"class_list":["post-1952","post","type-post","status-publish","format-standard","has-post-thumbnail","hentry","category-cidades","category-https-gazetapernambucana-com-page_id225"],"yoast_head":"<!-- This site is optimized with the Yoast SEO plugin v24.5 - https:\/\/yoast.com\/wordpress\/plugins\/seo\/ -->\n<title>V\u00eddeo: Frentista \u00e9 assassinada a tiros pelo ex em posto de gasolina em Agrestina interior de Pernambuco -<\/title>\n<meta name=\"robots\" content=\"index, follow, max-snippet:-1, max-image-preview:large, max-video-preview:-1\" \/>\n<link rel=\"canonical\" href=\"https:\/\/gazetapernambucana.com\/?p=1952\" \/>\n<meta property=\"og:locale\" content=\"pt_BR\" \/>\n<meta property=\"og:type\" content=\"article\" \/>\n<meta property=\"og:title\" content=\"V\u00eddeo: Frentista \u00e9 assassinada a tiros pelo ex em posto de gasolina em Agrestina interior de Pernambuco -\" \/>\n<meta property=\"og:description\" content=\"Trag\u00e9dia abalou o Agreste de Pernambuco neste s\u00e1bado (11). Emiliane Ver\u00edssimo, frentista de um posto de combust\u00edvel, foi brutalmente assassinada a tiros enquanto trabalhava.\u00a0 Frentista \u00e9 assassinada a tiros pelo ex em posto de gasolina Segundo informa\u00e7\u00f5es preliminares, ela foi surpreendida por disparos e n\u00e3o resistiu aos ferimentos, falecendo antes da chegada do socorro. A [&hellip;]\" \/>\n<meta property=\"og:url\" content=\"https:\/\/gazetapernambucana.com\/?p=1952\" \/>\n<meta property=\"article:published_time\" content=\"2025-10-12T01:21:03+00:00\" \/>\n<meta property=\"og:image\" content=\"https:\/\/gazetapernambucana.com\/wp-content\/uploads\/2025\/10\/frentista-e-assassinada-a-tiros-por-ex-companheiro-em-posto-de-combustivel-video.jpg\" \/>\n\t<meta property=\"og:image:width\" content=\"1280\" \/>\n\t<meta property=\"og:image:height\" content=\"720\" \/>\n\t<meta property=\"og:image:type\" content=\"image\/jpeg\" \/>\n<meta name=\"author\" content=\"GP\" \/>\n<meta name=\"twitter:card\" content=\"summary_large_image\" \/>\n<meta name=\"twitter:label1\" content=\"Escrito por\" \/>\n\t<meta name=\"twitter:data1\" content=\"GP\" \/>\n\t<meta name=\"twitter:label2\" content=\"Est. tempo de leitura\" \/>\n\t<meta name=\"twitter:data2\" content=\"2 minutos\" \/>\n<script type=\"application\/ld+json\" class=\"yoast-schema-graph\">{\"@context\":\"https:\/\/schema.org\",\"@graph\":[{\"@type\":\"WebPage\",\"@id\":\"https:\/\/gazetapernambucana.com\/?p=1952\",\"url\":\"https:\/\/gazetapernambucana.com\/?p=1952\",\"name\":\"V\u00eddeo: Frentista \u00e9 assassinada a tiros pelo ex em posto de gasolina em Agrestina interior de Pernambuco -\",\"isPartOf\":{\"@id\":\"https:\/\/gazetapernambucana.com\/#website\"},\"primaryImageOfPage\":{\"@id\":\"https:\/\/gazetapernambucana.com\/?p=1952#primaryimage\"},\"image\":{\"@id\":\"https:\/\/gazetapernambucana.com\/?p=1952#primaryimage\"},\"thumbnailUrl\":\"https:\/\/gazetapernambucana.com\/wp-content\/uploads\/2025\/10\/frentista-e-assassinada-a-tiros-por-ex-companheiro-em-posto-de-combustivel-video.jpg\",\"datePublished\":\"2025-10-12T01:21:03+00:00\",\"author\":{\"@id\":\"https:\/\/gazetapernambucana.com\/#\/schema\/person\/188dc283325181ac2de4db1e9e987427\"},\"breadcrumb\":{\"@id\":\"https:\/\/gazetapernambucana.com\/?p=1952#breadcrumb\"},\"inLanguage\":\"pt-BR\",\"potentialAction\":[{\"@type\":\"ReadAction\",\"target\":[\"https:\/\/gazetapernambucana.com\/?p=1952\"]}]},{\"@type\":\"ImageObject\",\"inLanguage\":\"pt-BR\",\"@id\":\"https:\/\/gazetapernambucana.com\/?p=1952#primaryimage\",\"url\":\"https:\/\/gazetapernambucana.com\/wp-content\/uploads\/2025\/10\/frentista-e-assassinada-a-tiros-por-ex-companheiro-em-posto-de-combustivel-video.jpg\",\"contentUrl\":\"https:\/\/gazetapernambucana.com\/wp-content\/uploads\/2025\/10\/frentista-e-assassinada-a-tiros-por-ex-companheiro-em-posto-de-combustivel-video.jpg\",\"width\":1280,\"height\":720},{\"@type\":\"BreadcrumbList\",\"@id\":\"https:\/\/gazetapernambucana.com\/?p=1952#breadcrumb\",\"itemListElement\":[{\"@type\":\"ListItem\",\"position\":1,\"name\":\"In\u00edcio\",\"item\":\"https:\/\/gazetapernambucana.com\/\"},{\"@type\":\"ListItem\",\"position\":2,\"name\":\"V\u00eddeo: Frentista \u00e9 assassinada a tiros pelo ex em posto de gasolina em Agrestina interior de Pernambuco\"}]},{\"@type\":\"WebSite\",\"@id\":\"https:\/\/gazetapernambucana.com\/#website\",\"url\":\"https:\/\/gazetapernambucana.com\/\",\"name\":\"\",\"description\":\"\",\"potentialAction\":[{\"@type\":\"SearchAction\",\"target\":{\"@type\":\"EntryPoint\",\"urlTemplate\":\"https:\/\/gazetapernambucana.com\/?s={search_term_string}\"},\"query-input\":{\"@type\":\"PropertyValueSpecification\",\"valueRequired\":true,\"valueName\":\"search_term_string\"}}],\"inLanguage\":\"pt-BR\"},{\"@type\":\"Person\",\"@id\":\"https:\/\/gazetapernambucana.com\/#\/schema\/person\/188dc283325181ac2de4db1e9e987427\",\"name\":\"GP\",\"image\":{\"@type\":\"ImageObject\",\"inLanguage\":\"pt-BR\",\"@id\":\"https:\/\/gazetapernambucana.com\/#\/schema\/person\/image\/\",\"url\":\"https:\/\/secure.gravatar.com\/avatar\/9dad78ff9a2d8b5742d11779f8a3f53b052320c550b2e1907882353c067bb111?s=96&d=mm&r=g\",\"contentUrl\":\"https:\/\/secure.gravatar.com\/avatar\/9dad78ff9a2d8b5742d11779f8a3f53b052320c550b2e1907882353c067bb111?s=96&d=mm&r=g\",\"caption\":\"GP\"},\"sameAs\":[\"http:\/\/gazetapernambucana.com\"],\"url\":\"https:\/\/gazetapernambucana.com\/?author=1\"}]}<\/script>\n<!-- \/ Yoast SEO plugin. -->","yoast_head_json":{"title":"V\u00eddeo: Frentista \u00e9 assassinada a tiros pelo ex em posto de gasolina em Agrestina interior de Pernambuco -","robots":{"index":"index","follow":"follow","max-snippet":"max-snippet:-1","max-image-preview":"max-image-preview:large","max-video-preview":"max-video-preview:-1"},"canonical":"https:\/\/gazetapernambucana.com\/?p=1952","og_locale":"pt_BR","og_type":"article","og_title":"V\u00eddeo: Frentista \u00e9 assassinada a tiros pelo ex em posto de gasolina em Agrestina interior de Pernambuco -","og_description":"Trag\u00e9dia abalou o Agreste de Pernambuco neste s\u00e1bado (11). Emiliane Ver\u00edssimo, frentista de um posto de combust\u00edvel, foi brutalmente assassinada a tiros enquanto trabalhava.\u00a0 Frentista \u00e9 assassinada a tiros pelo ex em posto de gasolina Segundo informa\u00e7\u00f5es preliminares, ela foi surpreendida por disparos e n\u00e3o resistiu aos ferimentos, falecendo antes da chegada do socorro. A [&hellip;]","og_url":"https:\/\/gazetapernambucana.com\/?p=1952","article_published_time":"2025-10-12T01:21:03+00:00","og_image":[{"width":1280,"height":720,"url":"https:\/\/gazetapernambucana.com\/wp-content\/uploads\/2025\/10\/frentista-e-assassinada-a-tiros-por-ex-companheiro-em-posto-de-combustivel-video.jpg","type":"image\/jpeg"}],"author":"GP","twitter_card":"summary_large_image","twitter_misc":{"Escrito por":"GP","Est. tempo de leitura":"2 minutos"},"schema":{"@context":"https:\/\/schema.org","@graph":[{"@type":"WebPage","@id":"https:\/\/gazetapernambucana.com\/?p=1952","url":"https:\/\/gazetapernambucana.com\/?p=1952","name":"V\u00eddeo: Frentista \u00e9 assassinada a tiros pelo ex em posto de gasolina em Agrestina interior de Pernambuco -","isPartOf":{"@id":"https:\/\/gazetapernambucana.com\/#website"},"primaryImageOfPage":{"@id":"https:\/\/gazetapernambucana.com\/?p=1952#primaryimage"},"image":{"@id":"https:\/\/gazetapernambucana.com\/?p=1952#primaryimage"},"thumbnailUrl":"https:\/\/gazetapernambucana.com\/wp-content\/uploads\/2025\/10\/frentista-e-assassinada-a-tiros-por-ex-companheiro-em-posto-de-combustivel-video.jpg","datePublished":"2025-10-12T01:21:03+00:00","author":{"@id":"https:\/\/gazetapernambucana.com\/#\/schema\/person\/188dc283325181ac2de4db1e9e987427"},"breadcrumb":{"@id":"https:\/\/gazetapernambucana.com\/?p=1952#breadcrumb"},"inLanguage":"pt-BR","potentialAction":[{"@type":"ReadAction","target":["https:\/\/gazetapernambucana.com\/?p=1952"]}]},{"@type":"ImageObject","inLanguage":"pt-BR","@id":"https:\/\/gazetapernambucana.com\/?p=1952#primaryimage","url":"https:\/\/gazetapernambucana.com\/wp-content\/uploads\/2025\/10\/frentista-e-assassinada-a-tiros-por-ex-companheiro-em-posto-de-combustivel-video.jpg","contentUrl":"https:\/\/gazetapernambucana.com\/wp-content\/uploads\/2025\/10\/frentista-e-assassinada-a-tiros-por-ex-companheiro-em-posto-de-combustivel-video.jpg","width":1280,"height":720},{"@type":"BreadcrumbList","@id":"https:\/\/gazetapernambucana.com\/?p=1952#breadcrumb","itemListElement":[{"@type":"ListItem","position":1,"name":"In\u00edcio","item":"https:\/\/gazetapernambucana.com\/"},{"@type":"ListItem","position":2,"name":"V\u00eddeo: Frentista \u00e9 assassinada a tiros pelo ex em posto de gasolina em Agrestina interior de Pernambuco"}]},{"@type":"WebSite","@id":"https:\/\/gazetapernambucana.com\/#website","url":"https:\/\/gazetapernambucana.com\/","name":"","description":"","potentialAction":[{"@type":"SearchAction","target":{"@type":"EntryPoint","urlTemplate":"https:\/\/gazetapernambucana.com\/?s={search_term_string}"},"query-input":{"@type":"PropertyValueSpecification","valueRequired":true,"valueName":"search_term_string"}}],"inLanguage":"pt-BR"},{"@type":"Person","@id":"https:\/\/gazetapernambucana.com\/#\/schema\/person\/188dc283325181ac2de4db1e9e987427","name":"GP","image":{"@type":"ImageObject","inLanguage":"pt-BR","@id":"https:\/\/gazetapernambucana.com\/#\/schema\/person\/image\/","url":"https:\/\/secure.gravatar.com\/avatar\/9dad78ff9a2d8b5742d11779f8a3f53b052320c550b2e1907882353c067bb111?s=96&d=mm&r=g","contentUrl":"https:\/\/secure.gravatar.com\/avatar\/9dad78ff9a2d8b5742d11779f8a3f53b052320c550b2e1907882353c067bb111?s=96&d=mm&r=g","caption":"GP"},"sameAs":["http:\/\/gazetapernambucana.com"],"url":"https:\/\/gazetapernambucana.com\/?author=1"}]}},"jetpack_publicize_connections":[],"_links":{"self":[{"href":"https:\/\/gazetapernambucana.com\/index.php?rest_route=\/wp\/v2\/posts\/1952","targetHints":{"allow":["GET"]}}],"collection":[{"href":"https:\/\/gazetapernambucana.com\/index.php?rest_route=\/wp\/v2\/posts"}],"about":[{"href":"https:\/\/gazetapernambucana.com\/index.php?rest_route=\/wp\/v2\/types\/post"}],"author":[{"embeddable":true,"href":"https:\/\/gazetapernambucana.com\/index.php?rest_route=\/wp\/v2\/users\/1"}],"replies":[{"embeddable":true,"href":"https:\/\/gazetapernambucana.com\/index.php?rest_route=%2Fwp%2Fv2%2Fcomments&post=1952"}],"version-history":[{"count":1,"href":"https:\/\/gazetapernambucana.com\/index.php?rest_route=\/wp\/v2\/posts\/1952\/revisions"}],"predecessor-version":[{"id":1956,"href":"https:\/\/gazetapernambucana.com\/index.php?rest_route=\/wp\/v2\/posts\/1952\/revisions\/1956"}],"wp:featuredmedia":[{"embeddable":true,"href":"https:\/\/gazetapernambucana.com\/index.php?rest_route=\/wp\/v2\/media\/1953"}],"wp:attachment":[{"href":"https:\/\/gazetapernambucana.com\/index.php?rest_route=%2Fwp%2Fv2%2Fmedia&parent=1952"}],"wp:term":[{"taxonomy":"category","embeddable":true,"href":"https:\/\/gazetapernambucana.com\/index.php?rest_route=%2Fwp%2Fv2%2Fcategories&post=1952"},{"taxonomy":"post_tag","embeddable":true,"href":"https:\/\/gazetapernambucana.com\/index.php?rest_route=%2Fwp%2Fv2%2Ftags&post=1952"}],"curies":[{"name":"wp","href":"https:\/\/api.w.org\/{rel}","templated":true}]}}