{"id":1939,"date":"2025-10-10T23:55:43","date_gmt":"2025-10-11T02:55:43","guid":{"rendered":"https:\/\/gazetapernambucana.com\/?p=1939"},"modified":"2025-10-11T11:14:19","modified_gmt":"2025-10-11T14:14:19","slug":"o-bem-amado-de-belo-jardim-o-prefeito-que-inaugurou-o-proprio-tumulo","status":"publish","type":"post","link":"https:\/\/gazetapernambucana.com\/?p=1939","title":{"rendered":"V\u00eddeo:  O Bem-Amado de Belo Jardim: o prefeito que inaugurou o pr\u00f3prio t\u00famulo"},"content":{"rendered":"<h3 data-start=\"384\" data-end=\"527\">Realismo m\u00e1gico em solo pernambucano: prefeito transforma cemit\u00e9rio em palco e vira personagem de sua pr\u00f3pria novela pol\u00edtica.<\/h3>\n<p data-start=\"529\" data-end=\"893\">Se Dias Gomes ainda estivesse entre n\u00f3s, talvez trocasse a fict\u00edcia Sucupira por Belo Jardim, no agreste de Pernambuco. L\u00e1, o prefeito Gilvandro Estrela, do Uni\u00e3o Brasil, decidiu eternizar seu nome de um modo inusitado: inaugurando o pr\u00f3prio t\u00famulo com direito a sanfoneiro, poeta, discursos e a trilha sonora de Ave Maria Sertaneja, de Luiz Gonzaga.<\/p>\n<p data-start=\"895\" data-end=\"1251\">O evento aconteceu no Cemit\u00e9rio Municipal S\u00e3o Jo\u00e3o Batista, com a presen\u00e7a de amigos, pol\u00edticos e curiosos. Durante a cerim\u00f4nia, o prefeito descreveu o gesto como um ato simb\u00f3lico de respeito e reconhecimento ao ciclo da vida. Enquanto uns inauguram escolas, pra\u00e7as ou hospitais, ele preferiu garantir logo o endere\u00e7o final, cercado de aplausos e emo\u00e7\u00e3o.<\/p>\n<p data-start=\"1253\" data-end=\"1548\">A cena parecia sa\u00edda de uma novela brasileira. Um pol\u00edtico, diante de sua morada eterna, embalado por m\u00fasica sacra e discursos po\u00e9ticos. Faltava apenas Odorico Paragua\u00e7u, de microfone em punho, discursando sobre a moralidade necrol\u00f3gica e o civismo tumular daquele grande feito administrativo.<\/p>\n<p data-start=\"1550\" data-end=\"1909\">A verdade \u00e9 que Belo Jardim n\u00e3o est\u00e1 s\u00f3. O v\u00eddeo que circula nas redes sociais, reunindo cenas pol\u00edticas de todo o pa\u00eds, mostra que o Brasil vive uma era de espet\u00e1culos p\u00fablicos dignos de realismo m\u00e1gico. \u00c9 o pa\u00eds onde prefeitos posam sobre asfalto ainda quente, parlamentares se engalfinham em plen\u00e1rio e obras inacabadas s\u00e3o entregues com fita e discurso.<\/p>\n<p data-start=\"1911\" data-end=\"2220\">A pol\u00edtica nacional parece ter incorporado a est\u00e9tica da com\u00e9dia popular. O improviso virou m\u00e9todo, o palco virou palanque e o riso, uma forma de resist\u00eancia diante do absurdo. H\u00e1 quem inaugure pontes que desabam antes da foto oficial e agora, coroando o surrealismo, quem inaugure o pr\u00f3prio t\u00famulo em vida.<\/p>\n<p data-start=\"2222\" data-end=\"2448\">Se O Bem-Amado nasceu como s\u00e1tira, o Brasil transformou o enredo em document\u00e1rio. Cada munic\u00edpio tem o seu Odorico, o seu Zeca Diabo e a sua plateia fiel. O cemit\u00e9rio virou palco, o microfone virou cetro e o aplauso, b\u00ean\u00e7\u00e3o.<\/p>\n<p data-start=\"2450\" data-end=\"2668\">A prefeitura garante que o evento n\u00e3o utilizou recursos p\u00fablicos, o que j\u00e1 \u00e9, de certo modo, um consolo. Mas o gesto revela uma tend\u00eancia curiosa: a de transformar a pol\u00edtica em espet\u00e1culo e o espet\u00e1culo em pol\u00edtica.<\/p>\n<p data-start=\"2670\" data-end=\"2913\">Enquanto o sanfoneiro tocava Ave Maria Sertaneja, o prefeito afirmava sentir \u201cos amigos e seresteiros que j\u00e1 partiram ali presentes\u201d. Talvez estivessem mesmo, porque a cena parecia uma reuni\u00e3o de vivos e mortos em perfeita harmonia est\u00e9tica.<\/p>\n<p data-start=\"2915\" data-end=\"3079\">O teatro pol\u00edtico brasileiro, que j\u00e1 teve seus atos no Congresso, agora se reinventa nos cemit\u00e9rios. Em Belo Jardim, a morte virou solenidade e o t\u00famulo, tribuna.<\/p>\n<p data-start=\"3081\" data-end=\"3325\">Como diria Odorico Paragua\u00e7u, se pudesse comentar: Nunca antes na hist\u00f3ria deste pa\u00eds se viu tamanha antecipa\u00e7\u00e3o c\u00edvico-funer\u00e1ria. Um gestor que, de corpo presente e alma viv\u00edssima, resolveu garantir sua eternidade com solenidade e sanfona.<\/p>\n<p data-start=\"3327\" data-end=\"3460\">E o Brasil, entre o riso e o espanto, segue aplaudindo o espet\u00e1culo da pol\u00edtica, essa arte t\u00e3o nossa de fazer rir para n\u00e3o chorar.<\/p>\n<p data-start=\"3327\" data-end=\"3460\"><strong>Veja o V\u00eddeo:<\/strong><\/p>\n<div style=\"width: 640px;\" class=\"wp-video\"><video class=\"wp-video-shortcode\" id=\"video-1939-1\" width=\"640\" height=\"1138\" preload=\"metadata\" controls=\"controls\"><source type=\"video\/mp4\" src=\"http:\/\/gazetapernambucana.com\/wp-content\/uploads\/2025\/10\/SnapInsta.to_AQMTDafnIMbQ0mxSFTsOxH6vUS3UAcPa-hY7YXR3qheXGQeLgfc2_wkJmVLP9zatjuiqJvZ_vtmB4RzSFCBYlkMNySayydLkaTWRZtg.mp4?_=1\" \/><a href=\"http:\/\/gazetapernambucana.com\/wp-content\/uploads\/2025\/10\/SnapInsta.to_AQMTDafnIMbQ0mxSFTsOxH6vUS3UAcPa-hY7YXR3qheXGQeLgfc2_wkJmVLP9zatjuiqJvZ_vtmB4RzSFCBYlkMNySayydLkaTWRZtg.mp4\">http:\/\/gazetapernambucana.com\/wp-content\/uploads\/2025\/10\/SnapInsta.to_AQMTDafnIMbQ0mxSFTsOxH6vUS3UAcPa-hY7YXR3qheXGQeLgfc2_wkJmVLP9zatjuiqJvZ_vtmB4RzSFCBYlkMNySayydLkaTWRZtg.mp4<\/a><\/video><\/div>\n","protected":false},"excerpt":{"rendered":"<p>Realismo m\u00e1gico em solo pernambucano: prefeito transforma cemit\u00e9rio em palco e vira personagem de sua pr\u00f3pria novela pol\u00edtica. Se Dias Gomes ainda estivesse entre n\u00f3s, talvez trocasse a fict\u00edcia Sucupira por Belo Jardim, no agreste de Pernambuco. L\u00e1, o prefeito Gilvandro Estrela, do Uni\u00e3o Brasil, decidiu eternizar seu nome de um modo inusitado: inaugurando o [&hellip;]<\/p>\n","protected":false},"author":1,"featured_media":1940,"comment_status":"open","ping_status":"open","sticky":false,"template":"","format":"standard","meta":{"footnotes":"","jetpack_publicize_message":"","jetpack_publicize_feature_enabled":true,"jetpack_social_post_already_shared":true,"jetpack_social_options":{"image_generator_settings":{"template":"highway","default_image_id":0,"font":"","enabled":false},"version":2}},"categories":[66,1,65],"tags":[],"class_list":["post-1939","post","type-post","status-publish","format-standard","has-post-thumbnail","hentry","category-cidades","category-https-gazetapernambucana-com-page_id225","category-politica"],"yoast_head":"<!-- This site is optimized with the Yoast SEO plugin v24.5 - https:\/\/yoast.com\/wordpress\/plugins\/seo\/ -->\n<title>V\u00eddeo: O Bem-Amado de Belo Jardim: o prefeito que inaugurou o pr\u00f3prio t\u00famulo -<\/title>\n<meta name=\"robots\" content=\"index, follow, max-snippet:-1, max-image-preview:large, max-video-preview:-1\" \/>\n<link rel=\"canonical\" href=\"https:\/\/gazetapernambucana.com\/?p=1939\" \/>\n<meta property=\"og:locale\" content=\"pt_BR\" \/>\n<meta property=\"og:type\" content=\"article\" \/>\n<meta property=\"og:title\" content=\"V\u00eddeo: O Bem-Amado de Belo Jardim: o prefeito que inaugurou o pr\u00f3prio t\u00famulo -\" \/>\n<meta property=\"og:description\" content=\"Realismo m\u00e1gico em solo pernambucano: prefeito transforma cemit\u00e9rio em palco e vira personagem de sua pr\u00f3pria novela pol\u00edtica. Se Dias Gomes ainda estivesse entre n\u00f3s, talvez trocasse a fict\u00edcia Sucupira por Belo Jardim, no agreste de Pernambuco. L\u00e1, o prefeito Gilvandro Estrela, do Uni\u00e3o Brasil, decidiu eternizar seu nome de um modo inusitado: inaugurando o [&hellip;]\" \/>\n<meta property=\"og:url\" content=\"https:\/\/gazetapernambucana.com\/?p=1939\" \/>\n<meta property=\"article:published_time\" content=\"2025-10-11T02:55:43+00:00\" \/>\n<meta property=\"article:modified_time\" content=\"2025-10-11T14:14:19+00:00\" \/>\n<meta property=\"og:image\" content=\"https:\/\/gazetapernambucana.com\/wp-content\/uploads\/2025\/10\/IMG_1124-1-350x250-1.jpeg\" \/>\n\t<meta property=\"og:image:width\" content=\"350\" \/>\n\t<meta property=\"og:image:height\" content=\"250\" \/>\n\t<meta property=\"og:image:type\" content=\"image\/jpeg\" \/>\n<meta name=\"author\" content=\"GP\" \/>\n<meta name=\"twitter:card\" content=\"summary_large_image\" \/>\n<meta name=\"twitter:label1\" content=\"Escrito por\" \/>\n\t<meta name=\"twitter:data1\" content=\"GP\" \/>\n\t<meta name=\"twitter:label2\" content=\"Est. tempo de leitura\" \/>\n\t<meta name=\"twitter:data2\" content=\"3 minutos\" \/>\n<script type=\"application\/ld+json\" class=\"yoast-schema-graph\">{\"@context\":\"https:\/\/schema.org\",\"@graph\":[{\"@type\":\"WebPage\",\"@id\":\"https:\/\/gazetapernambucana.com\/?p=1939\",\"url\":\"https:\/\/gazetapernambucana.com\/?p=1939\",\"name\":\"V\u00eddeo: O Bem-Amado de Belo Jardim: o prefeito que inaugurou o pr\u00f3prio t\u00famulo -\",\"isPartOf\":{\"@id\":\"https:\/\/gazetapernambucana.com\/#website\"},\"primaryImageOfPage\":{\"@id\":\"https:\/\/gazetapernambucana.com\/?p=1939#primaryimage\"},\"image\":{\"@id\":\"https:\/\/gazetapernambucana.com\/?p=1939#primaryimage\"},\"thumbnailUrl\":\"https:\/\/gazetapernambucana.com\/wp-content\/uploads\/2025\/10\/IMG_1124-1-350x250-1.jpeg\",\"datePublished\":\"2025-10-11T02:55:43+00:00\",\"dateModified\":\"2025-10-11T14:14:19+00:00\",\"author\":{\"@id\":\"https:\/\/gazetapernambucana.com\/#\/schema\/person\/188dc283325181ac2de4db1e9e987427\"},\"breadcrumb\":{\"@id\":\"https:\/\/gazetapernambucana.com\/?p=1939#breadcrumb\"},\"inLanguage\":\"pt-BR\",\"potentialAction\":[{\"@type\":\"ReadAction\",\"target\":[\"https:\/\/gazetapernambucana.com\/?p=1939\"]}]},{\"@type\":\"ImageObject\",\"inLanguage\":\"pt-BR\",\"@id\":\"https:\/\/gazetapernambucana.com\/?p=1939#primaryimage\",\"url\":\"https:\/\/gazetapernambucana.com\/wp-content\/uploads\/2025\/10\/IMG_1124-1-350x250-1.jpeg\",\"contentUrl\":\"https:\/\/gazetapernambucana.com\/wp-content\/uploads\/2025\/10\/IMG_1124-1-350x250-1.jpeg\",\"width\":350,\"height\":250},{\"@type\":\"BreadcrumbList\",\"@id\":\"https:\/\/gazetapernambucana.com\/?p=1939#breadcrumb\",\"itemListElement\":[{\"@type\":\"ListItem\",\"position\":1,\"name\":\"In\u00edcio\",\"item\":\"https:\/\/gazetapernambucana.com\/\"},{\"@type\":\"ListItem\",\"position\":2,\"name\":\"V\u00eddeo: O Bem-Amado de Belo Jardim: o prefeito que inaugurou o pr\u00f3prio t\u00famulo\"}]},{\"@type\":\"WebSite\",\"@id\":\"https:\/\/gazetapernambucana.com\/#website\",\"url\":\"https:\/\/gazetapernambucana.com\/\",\"name\":\"\",\"description\":\"\",\"potentialAction\":[{\"@type\":\"SearchAction\",\"target\":{\"@type\":\"EntryPoint\",\"urlTemplate\":\"https:\/\/gazetapernambucana.com\/?s={search_term_string}\"},\"query-input\":{\"@type\":\"PropertyValueSpecification\",\"valueRequired\":true,\"valueName\":\"search_term_string\"}}],\"inLanguage\":\"pt-BR\"},{\"@type\":\"Person\",\"@id\":\"https:\/\/gazetapernambucana.com\/#\/schema\/person\/188dc283325181ac2de4db1e9e987427\",\"name\":\"GP\",\"image\":{\"@type\":\"ImageObject\",\"inLanguage\":\"pt-BR\",\"@id\":\"https:\/\/gazetapernambucana.com\/#\/schema\/person\/image\/\",\"url\":\"https:\/\/secure.gravatar.com\/avatar\/9dad78ff9a2d8b5742d11779f8a3f53b052320c550b2e1907882353c067bb111?s=96&d=mm&r=g\",\"contentUrl\":\"https:\/\/secure.gravatar.com\/avatar\/9dad78ff9a2d8b5742d11779f8a3f53b052320c550b2e1907882353c067bb111?s=96&d=mm&r=g\",\"caption\":\"GP\"},\"sameAs\":[\"http:\/\/gazetapernambucana.com\"],\"url\":\"https:\/\/gazetapernambucana.com\/?author=1\"}]}<\/script>\n<!-- \/ Yoast SEO plugin. -->","yoast_head_json":{"title":"V\u00eddeo: O Bem-Amado de Belo Jardim: o prefeito que inaugurou o pr\u00f3prio t\u00famulo -","robots":{"index":"index","follow":"follow","max-snippet":"max-snippet:-1","max-image-preview":"max-image-preview:large","max-video-preview":"max-video-preview:-1"},"canonical":"https:\/\/gazetapernambucana.com\/?p=1939","og_locale":"pt_BR","og_type":"article","og_title":"V\u00eddeo: O Bem-Amado de Belo Jardim: o prefeito que inaugurou o pr\u00f3prio t\u00famulo -","og_description":"Realismo m\u00e1gico em solo pernambucano: prefeito transforma cemit\u00e9rio em palco e vira personagem de sua pr\u00f3pria novela pol\u00edtica. Se Dias Gomes ainda estivesse entre n\u00f3s, talvez trocasse a fict\u00edcia Sucupira por Belo Jardim, no agreste de Pernambuco. L\u00e1, o prefeito Gilvandro Estrela, do Uni\u00e3o Brasil, decidiu eternizar seu nome de um modo inusitado: inaugurando o [&hellip;]","og_url":"https:\/\/gazetapernambucana.com\/?p=1939","article_published_time":"2025-10-11T02:55:43+00:00","article_modified_time":"2025-10-11T14:14:19+00:00","og_image":[{"width":350,"height":250,"url":"https:\/\/gazetapernambucana.com\/wp-content\/uploads\/2025\/10\/IMG_1124-1-350x250-1.jpeg","type":"image\/jpeg"}],"author":"GP","twitter_card":"summary_large_image","twitter_misc":{"Escrito por":"GP","Est. tempo de leitura":"3 minutos"},"schema":{"@context":"https:\/\/schema.org","@graph":[{"@type":"WebPage","@id":"https:\/\/gazetapernambucana.com\/?p=1939","url":"https:\/\/gazetapernambucana.com\/?p=1939","name":"V\u00eddeo: O Bem-Amado de Belo Jardim: o prefeito que inaugurou o pr\u00f3prio t\u00famulo -","isPartOf":{"@id":"https:\/\/gazetapernambucana.com\/#website"},"primaryImageOfPage":{"@id":"https:\/\/gazetapernambucana.com\/?p=1939#primaryimage"},"image":{"@id":"https:\/\/gazetapernambucana.com\/?p=1939#primaryimage"},"thumbnailUrl":"https:\/\/gazetapernambucana.com\/wp-content\/uploads\/2025\/10\/IMG_1124-1-350x250-1.jpeg","datePublished":"2025-10-11T02:55:43+00:00","dateModified":"2025-10-11T14:14:19+00:00","author":{"@id":"https:\/\/gazetapernambucana.com\/#\/schema\/person\/188dc283325181ac2de4db1e9e987427"},"breadcrumb":{"@id":"https:\/\/gazetapernambucana.com\/?p=1939#breadcrumb"},"inLanguage":"pt-BR","potentialAction":[{"@type":"ReadAction","target":["https:\/\/gazetapernambucana.com\/?p=1939"]}]},{"@type":"ImageObject","inLanguage":"pt-BR","@id":"https:\/\/gazetapernambucana.com\/?p=1939#primaryimage","url":"https:\/\/gazetapernambucana.com\/wp-content\/uploads\/2025\/10\/IMG_1124-1-350x250-1.jpeg","contentUrl":"https:\/\/gazetapernambucana.com\/wp-content\/uploads\/2025\/10\/IMG_1124-1-350x250-1.jpeg","width":350,"height":250},{"@type":"BreadcrumbList","@id":"https:\/\/gazetapernambucana.com\/?p=1939#breadcrumb","itemListElement":[{"@type":"ListItem","position":1,"name":"In\u00edcio","item":"https:\/\/gazetapernambucana.com\/"},{"@type":"ListItem","position":2,"name":"V\u00eddeo: O Bem-Amado de Belo Jardim: o prefeito que inaugurou o pr\u00f3prio t\u00famulo"}]},{"@type":"WebSite","@id":"https:\/\/gazetapernambucana.com\/#website","url":"https:\/\/gazetapernambucana.com\/","name":"","description":"","potentialAction":[{"@type":"SearchAction","target":{"@type":"EntryPoint","urlTemplate":"https:\/\/gazetapernambucana.com\/?s={search_term_string}"},"query-input":{"@type":"PropertyValueSpecification","valueRequired":true,"valueName":"search_term_string"}}],"inLanguage":"pt-BR"},{"@type":"Person","@id":"https:\/\/gazetapernambucana.com\/#\/schema\/person\/188dc283325181ac2de4db1e9e987427","name":"GP","image":{"@type":"ImageObject","inLanguage":"pt-BR","@id":"https:\/\/gazetapernambucana.com\/#\/schema\/person\/image\/","url":"https:\/\/secure.gravatar.com\/avatar\/9dad78ff9a2d8b5742d11779f8a3f53b052320c550b2e1907882353c067bb111?s=96&d=mm&r=g","contentUrl":"https:\/\/secure.gravatar.com\/avatar\/9dad78ff9a2d8b5742d11779f8a3f53b052320c550b2e1907882353c067bb111?s=96&d=mm&r=g","caption":"GP"},"sameAs":["http:\/\/gazetapernambucana.com"],"url":"https:\/\/gazetapernambucana.com\/?author=1"}]}},"jetpack_publicize_connections":[],"_links":{"self":[{"href":"https:\/\/gazetapernambucana.com\/index.php?rest_route=\/wp\/v2\/posts\/1939","targetHints":{"allow":["GET"]}}],"collection":[{"href":"https:\/\/gazetapernambucana.com\/index.php?rest_route=\/wp\/v2\/posts"}],"about":[{"href":"https:\/\/gazetapernambucana.com\/index.php?rest_route=\/wp\/v2\/types\/post"}],"author":[{"embeddable":true,"href":"https:\/\/gazetapernambucana.com\/index.php?rest_route=\/wp\/v2\/users\/1"}],"replies":[{"embeddable":true,"href":"https:\/\/gazetapernambucana.com\/index.php?rest_route=%2Fwp%2Fv2%2Fcomments&post=1939"}],"version-history":[{"count":3,"href":"https:\/\/gazetapernambucana.com\/index.php?rest_route=\/wp\/v2\/posts\/1939\/revisions"}],"predecessor-version":[{"id":1946,"href":"https:\/\/gazetapernambucana.com\/index.php?rest_route=\/wp\/v2\/posts\/1939\/revisions\/1946"}],"wp:featuredmedia":[{"embeddable":true,"href":"https:\/\/gazetapernambucana.com\/index.php?rest_route=\/wp\/v2\/media\/1940"}],"wp:attachment":[{"href":"https:\/\/gazetapernambucana.com\/index.php?rest_route=%2Fwp%2Fv2%2Fmedia&parent=1939"}],"wp:term":[{"taxonomy":"category","embeddable":true,"href":"https:\/\/gazetapernambucana.com\/index.php?rest_route=%2Fwp%2Fv2%2Fcategories&post=1939"},{"taxonomy":"post_tag","embeddable":true,"href":"https:\/\/gazetapernambucana.com\/index.php?rest_route=%2Fwp%2Fv2%2Ftags&post=1939"}],"curies":[{"name":"wp","href":"https:\/\/api.w.org\/{rel}","templated":true}]}}