{"id":1936,"date":"2025-10-10T22:13:39","date_gmt":"2025-10-11T01:13:39","guid":{"rendered":"https:\/\/gazetapernambucana.com\/?p=1936"},"modified":"2025-10-10T23:38:35","modified_gmt":"2025-10-11T02:38:35","slug":"secretaria-de-juventudes-do-mec-e-deputado-federal-pedro-campos-promovem-auloes-gratuitos-que-acontecem-em-cidades-do-interior-de-pernambuco","status":"publish","type":"post","link":"https:\/\/gazetapernambucana.com\/?p=1936","title":{"rendered":"Secretaria de Juventudes do MEC e deputado federal Pedro Campos promovem aul\u00f5es gratuitos que acontecem em cidades do interior de Pernambuco"},"content":{"rendered":"<p>Entre os dias 18 de outubro e 1\u00b0 de novembro Pernambuco ser\u00e1 palco do projeto Bora Vencer. A iniciativa ir\u00e1 levar a oito cidades do interior do estado aul\u00f5es gratuitos de prepara\u00e7\u00e3o para o Exame Nacional do Ensino M\u00e9dio \u2013 o Enem. A iniciativa, fruto de uma parceria entre a Secretaria de Juventudes do Minist\u00e9rio da Educa\u00e7\u00e3o e o mandato do deputado federal Pedro Campos, ir\u00e1 beneficiar 5 mil jovens.<\/p>\n<p>\u201c<strong><em>Educa\u00e7\u00e3o \u00e9 o caminho para transformar vidas. Essa iniciativa visa beneficiar milhares de jovens pernambucanos e vai reunir um time renomado de professores para uma revis\u00e3o dos conte\u00fados que mais caem no exame. Al\u00e9m disso, vamos ter v\u00e1rias din\u00e2micas motivacionais e orienta\u00e7\u00f5es de como os estudantes podem lidar com a ansiedade para esse momento t\u00e3o importante\u201d<\/em><\/strong>, afirmou o deputado Pedro Campos.<\/p>\n<p>As cidades de Palmares, Nazar\u00e9 da Mata, Caruaru, Garanhuns, Surubim, Arcoverde, Afogados da Ingazeira e Salgueiro ir\u00e3o sediar o evento. Al\u00e9m das cidades-sede, os estudantes de munic\u00edpios vizinhos tamb\u00e9m poder\u00e3o participar e ir\u00e3o contar com transporte gratuito, garantido pela organiza\u00e7\u00e3o do evento, realizado pelo Instituto Alicerce.<\/p>\n<p>O objetivo \u00e9 refor\u00e7ar a prepara\u00e7\u00e3o de quem mais precisa, oferecendo conte\u00fado de qualidade, apoio pedag\u00f3gico e um ambiente de motiva\u00e7\u00e3o para que milhares de jovens pernambucanos possam realizar seus sonhos por meio da educa\u00e7\u00e3o.<\/p>\n<p>Nomes renomados como Ednaldo Ernesto, Menelau J\u00fanior, Marcelo Bezerras, Vanilma Karla e Andrey Freire comp\u00f5em o time de professores do Bora Vencer. As inscri\u00e7\u00f5es s\u00e3o limitadas e podem ser feitas pelo link disponibilizado pelo Instituto Alicerce.<\/p>\n<p><strong>SERVI\u00c7O \u2013 Aul\u00e3o Bora Vencer<\/strong><\/p>\n<p>* 18\/10 \u2013 Palmares e Garanhuns<br \/>\n* \u206019\/10 \u2013 Afogados da Ingazeira<br \/>\n* \u206025\/10 \u2013 Nazar\u00e9 da Mata<br \/>\n* \u206026\/10 \u2013 Surubim e Caruaru<br \/>\n* \u206001\/12 \u2013 Arcoverde e Salgueiro<\/p>\n","protected":false},"excerpt":{"rendered":"<p>Entre os dias 18 de outubro e 1\u00b0 de novembro Pernambuco ser\u00e1 palco do projeto Bora Vencer. A iniciativa ir\u00e1 levar a oito cidades do interior do estado aul\u00f5es gratuitos de prepara\u00e7\u00e3o para o Exame Nacional do Ensino M\u00e9dio \u2013 o Enem. A iniciativa, fruto de uma parceria entre a Secretaria de Juventudes do Minist\u00e9rio [&hellip;]<\/p>\n","protected":false},"author":1,"featured_media":1937,"comment_status":"open","ping_status":"open","sticky":false,"template":"","format":"standard","meta":{"footnotes":"","jetpack_publicize_message":"","jetpack_publicize_feature_enabled":true,"jetpack_social_post_already_shared":true,"jetpack_social_options":{"image_generator_settings":{"template":"highway","default_image_id":0,"font":"","enabled":false},"version":2}},"categories":[66,1,65],"tags":[],"class_list":["post-1936","post","type-post","status-publish","format-standard","has-post-thumbnail","hentry","category-cidades","category-https-gazetapernambucana-com-page_id225","category-politica"],"yoast_head":"<!-- This site is optimized with the Yoast SEO plugin v24.5 - https:\/\/yoast.com\/wordpress\/plugins\/seo\/ -->\n<title>Secretaria de Juventudes do MEC e deputado federal Pedro Campos promovem aul\u00f5es gratuitos que acontecem em cidades do interior de Pernambuco -<\/title>\n<meta name=\"robots\" content=\"index, follow, max-snippet:-1, max-image-preview:large, max-video-preview:-1\" \/>\n<link rel=\"canonical\" href=\"https:\/\/gazetapernambucana.com\/?p=1936\" \/>\n<meta property=\"og:locale\" content=\"pt_BR\" \/>\n<meta property=\"og:type\" content=\"article\" \/>\n<meta property=\"og:title\" content=\"Secretaria de Juventudes do MEC e deputado federal Pedro Campos promovem aul\u00f5es gratuitos que acontecem em cidades do interior de Pernambuco -\" \/>\n<meta property=\"og:description\" content=\"Entre os dias 18 de outubro e 1\u00b0 de novembro Pernambuco ser\u00e1 palco do projeto Bora Vencer. A iniciativa ir\u00e1 levar a oito cidades do interior do estado aul\u00f5es gratuitos de prepara\u00e7\u00e3o para o Exame Nacional do Ensino M\u00e9dio \u2013 o Enem. A iniciativa, fruto de uma parceria entre a Secretaria de Juventudes do Minist\u00e9rio [&hellip;]\" \/>\n<meta property=\"og:url\" content=\"https:\/\/gazetapernambucana.com\/?p=1936\" \/>\n<meta property=\"article:published_time\" content=\"2025-10-11T01:13:39+00:00\" \/>\n<meta property=\"article:modified_time\" content=\"2025-10-11T02:38:35+00:00\" \/>\n<meta property=\"og:image\" content=\"https:\/\/gazetapernambucana.com\/wp-content\/uploads\/2025\/10\/cdac59a7-69ab-4db1-a438-30d49fdfd1f4.webp\" \/>\n\t<meta property=\"og:image:width\" content=\"1280\" \/>\n\t<meta property=\"og:image:height\" content=\"852\" \/>\n\t<meta property=\"og:image:type\" content=\"image\/webp\" \/>\n<meta name=\"author\" content=\"GP\" \/>\n<meta name=\"twitter:card\" content=\"summary_large_image\" \/>\n<meta name=\"twitter:label1\" content=\"Escrito por\" \/>\n\t<meta name=\"twitter:data1\" content=\"GP\" \/>\n\t<meta name=\"twitter:label2\" content=\"Est. tempo de leitura\" \/>\n\t<meta name=\"twitter:data2\" content=\"2 minutos\" \/>\n<script type=\"application\/ld+json\" class=\"yoast-schema-graph\">{\"@context\":\"https:\/\/schema.org\",\"@graph\":[{\"@type\":\"WebPage\",\"@id\":\"https:\/\/gazetapernambucana.com\/?p=1936\",\"url\":\"https:\/\/gazetapernambucana.com\/?p=1936\",\"name\":\"Secretaria de Juventudes do MEC e deputado federal Pedro Campos promovem aul\u00f5es gratuitos que acontecem em cidades do interior de Pernambuco -\",\"isPartOf\":{\"@id\":\"https:\/\/gazetapernambucana.com\/#website\"},\"primaryImageOfPage\":{\"@id\":\"https:\/\/gazetapernambucana.com\/?p=1936#primaryimage\"},\"image\":{\"@id\":\"https:\/\/gazetapernambucana.com\/?p=1936#primaryimage\"},\"thumbnailUrl\":\"https:\/\/gazetapernambucana.com\/wp-content\/uploads\/2025\/10\/cdac59a7-69ab-4db1-a438-30d49fdfd1f4.webp\",\"datePublished\":\"2025-10-11T01:13:39+00:00\",\"dateModified\":\"2025-10-11T02:38:35+00:00\",\"author\":{\"@id\":\"https:\/\/gazetapernambucana.com\/#\/schema\/person\/188dc283325181ac2de4db1e9e987427\"},\"breadcrumb\":{\"@id\":\"https:\/\/gazetapernambucana.com\/?p=1936#breadcrumb\"},\"inLanguage\":\"pt-BR\",\"potentialAction\":[{\"@type\":\"ReadAction\",\"target\":[\"https:\/\/gazetapernambucana.com\/?p=1936\"]}]},{\"@type\":\"ImageObject\",\"inLanguage\":\"pt-BR\",\"@id\":\"https:\/\/gazetapernambucana.com\/?p=1936#primaryimage\",\"url\":\"https:\/\/gazetapernambucana.com\/wp-content\/uploads\/2025\/10\/cdac59a7-69ab-4db1-a438-30d49fdfd1f4.webp\",\"contentUrl\":\"https:\/\/gazetapernambucana.com\/wp-content\/uploads\/2025\/10\/cdac59a7-69ab-4db1-a438-30d49fdfd1f4.webp\",\"width\":1280,\"height\":852},{\"@type\":\"BreadcrumbList\",\"@id\":\"https:\/\/gazetapernambucana.com\/?p=1936#breadcrumb\",\"itemListElement\":[{\"@type\":\"ListItem\",\"position\":1,\"name\":\"In\u00edcio\",\"item\":\"https:\/\/gazetapernambucana.com\/\"},{\"@type\":\"ListItem\",\"position\":2,\"name\":\"Secretaria de Juventudes do MEC e deputado federal Pedro Campos promovem aul\u00f5es gratuitos que acontecem em cidades do interior de Pernambuco\"}]},{\"@type\":\"WebSite\",\"@id\":\"https:\/\/gazetapernambucana.com\/#website\",\"url\":\"https:\/\/gazetapernambucana.com\/\",\"name\":\"\",\"description\":\"\",\"potentialAction\":[{\"@type\":\"SearchAction\",\"target\":{\"@type\":\"EntryPoint\",\"urlTemplate\":\"https:\/\/gazetapernambucana.com\/?s={search_term_string}\"},\"query-input\":{\"@type\":\"PropertyValueSpecification\",\"valueRequired\":true,\"valueName\":\"search_term_string\"}}],\"inLanguage\":\"pt-BR\"},{\"@type\":\"Person\",\"@id\":\"https:\/\/gazetapernambucana.com\/#\/schema\/person\/188dc283325181ac2de4db1e9e987427\",\"name\":\"GP\",\"image\":{\"@type\":\"ImageObject\",\"inLanguage\":\"pt-BR\",\"@id\":\"https:\/\/gazetapernambucana.com\/#\/schema\/person\/image\/\",\"url\":\"https:\/\/secure.gravatar.com\/avatar\/9dad78ff9a2d8b5742d11779f8a3f53b052320c550b2e1907882353c067bb111?s=96&d=mm&r=g\",\"contentUrl\":\"https:\/\/secure.gravatar.com\/avatar\/9dad78ff9a2d8b5742d11779f8a3f53b052320c550b2e1907882353c067bb111?s=96&d=mm&r=g\",\"caption\":\"GP\"},\"sameAs\":[\"http:\/\/gazetapernambucana.com\"],\"url\":\"https:\/\/gazetapernambucana.com\/?author=1\"}]}<\/script>\n<!-- \/ Yoast SEO plugin. -->","yoast_head_json":{"title":"Secretaria de Juventudes do MEC e deputado federal Pedro Campos promovem aul\u00f5es gratuitos que acontecem em cidades do interior de Pernambuco -","robots":{"index":"index","follow":"follow","max-snippet":"max-snippet:-1","max-image-preview":"max-image-preview:large","max-video-preview":"max-video-preview:-1"},"canonical":"https:\/\/gazetapernambucana.com\/?p=1936","og_locale":"pt_BR","og_type":"article","og_title":"Secretaria de Juventudes do MEC e deputado federal Pedro Campos promovem aul\u00f5es gratuitos que acontecem em cidades do interior de Pernambuco -","og_description":"Entre os dias 18 de outubro e 1\u00b0 de novembro Pernambuco ser\u00e1 palco do projeto Bora Vencer. A iniciativa ir\u00e1 levar a oito cidades do interior do estado aul\u00f5es gratuitos de prepara\u00e7\u00e3o para o Exame Nacional do Ensino M\u00e9dio \u2013 o Enem. A iniciativa, fruto de uma parceria entre a Secretaria de Juventudes do Minist\u00e9rio [&hellip;]","og_url":"https:\/\/gazetapernambucana.com\/?p=1936","article_published_time":"2025-10-11T01:13:39+00:00","article_modified_time":"2025-10-11T02:38:35+00:00","og_image":[{"width":1280,"height":852,"url":"https:\/\/gazetapernambucana.com\/wp-content\/uploads\/2025\/10\/cdac59a7-69ab-4db1-a438-30d49fdfd1f4.webp","type":"image\/webp"}],"author":"GP","twitter_card":"summary_large_image","twitter_misc":{"Escrito por":"GP","Est. tempo de leitura":"2 minutos"},"schema":{"@context":"https:\/\/schema.org","@graph":[{"@type":"WebPage","@id":"https:\/\/gazetapernambucana.com\/?p=1936","url":"https:\/\/gazetapernambucana.com\/?p=1936","name":"Secretaria de Juventudes do MEC e deputado federal Pedro Campos promovem aul\u00f5es gratuitos que acontecem em cidades do interior de Pernambuco -","isPartOf":{"@id":"https:\/\/gazetapernambucana.com\/#website"},"primaryImageOfPage":{"@id":"https:\/\/gazetapernambucana.com\/?p=1936#primaryimage"},"image":{"@id":"https:\/\/gazetapernambucana.com\/?p=1936#primaryimage"},"thumbnailUrl":"https:\/\/gazetapernambucana.com\/wp-content\/uploads\/2025\/10\/cdac59a7-69ab-4db1-a438-30d49fdfd1f4.webp","datePublished":"2025-10-11T01:13:39+00:00","dateModified":"2025-10-11T02:38:35+00:00","author":{"@id":"https:\/\/gazetapernambucana.com\/#\/schema\/person\/188dc283325181ac2de4db1e9e987427"},"breadcrumb":{"@id":"https:\/\/gazetapernambucana.com\/?p=1936#breadcrumb"},"inLanguage":"pt-BR","potentialAction":[{"@type":"ReadAction","target":["https:\/\/gazetapernambucana.com\/?p=1936"]}]},{"@type":"ImageObject","inLanguage":"pt-BR","@id":"https:\/\/gazetapernambucana.com\/?p=1936#primaryimage","url":"https:\/\/gazetapernambucana.com\/wp-content\/uploads\/2025\/10\/cdac59a7-69ab-4db1-a438-30d49fdfd1f4.webp","contentUrl":"https:\/\/gazetapernambucana.com\/wp-content\/uploads\/2025\/10\/cdac59a7-69ab-4db1-a438-30d49fdfd1f4.webp","width":1280,"height":852},{"@type":"BreadcrumbList","@id":"https:\/\/gazetapernambucana.com\/?p=1936#breadcrumb","itemListElement":[{"@type":"ListItem","position":1,"name":"In\u00edcio","item":"https:\/\/gazetapernambucana.com\/"},{"@type":"ListItem","position":2,"name":"Secretaria de Juventudes do MEC e deputado federal Pedro Campos promovem aul\u00f5es gratuitos que acontecem em cidades do interior de Pernambuco"}]},{"@type":"WebSite","@id":"https:\/\/gazetapernambucana.com\/#website","url":"https:\/\/gazetapernambucana.com\/","name":"","description":"","potentialAction":[{"@type":"SearchAction","target":{"@type":"EntryPoint","urlTemplate":"https:\/\/gazetapernambucana.com\/?s={search_term_string}"},"query-input":{"@type":"PropertyValueSpecification","valueRequired":true,"valueName":"search_term_string"}}],"inLanguage":"pt-BR"},{"@type":"Person","@id":"https:\/\/gazetapernambucana.com\/#\/schema\/person\/188dc283325181ac2de4db1e9e987427","name":"GP","image":{"@type":"ImageObject","inLanguage":"pt-BR","@id":"https:\/\/gazetapernambucana.com\/#\/schema\/person\/image\/","url":"https:\/\/secure.gravatar.com\/avatar\/9dad78ff9a2d8b5742d11779f8a3f53b052320c550b2e1907882353c067bb111?s=96&d=mm&r=g","contentUrl":"https:\/\/secure.gravatar.com\/avatar\/9dad78ff9a2d8b5742d11779f8a3f53b052320c550b2e1907882353c067bb111?s=96&d=mm&r=g","caption":"GP"},"sameAs":["http:\/\/gazetapernambucana.com"],"url":"https:\/\/gazetapernambucana.com\/?author=1"}]}},"jetpack_publicize_connections":[],"_links":{"self":[{"href":"https:\/\/gazetapernambucana.com\/index.php?rest_route=\/wp\/v2\/posts\/1936","targetHints":{"allow":["GET"]}}],"collection":[{"href":"https:\/\/gazetapernambucana.com\/index.php?rest_route=\/wp\/v2\/posts"}],"about":[{"href":"https:\/\/gazetapernambucana.com\/index.php?rest_route=\/wp\/v2\/types\/post"}],"author":[{"embeddable":true,"href":"https:\/\/gazetapernambucana.com\/index.php?rest_route=\/wp\/v2\/users\/1"}],"replies":[{"embeddable":true,"href":"https:\/\/gazetapernambucana.com\/index.php?rest_route=%2Fwp%2Fv2%2Fcomments&post=1936"}],"version-history":[{"count":1,"href":"https:\/\/gazetapernambucana.com\/index.php?rest_route=\/wp\/v2\/posts\/1936\/revisions"}],"predecessor-version":[{"id":1938,"href":"https:\/\/gazetapernambucana.com\/index.php?rest_route=\/wp\/v2\/posts\/1936\/revisions\/1938"}],"wp:featuredmedia":[{"embeddable":true,"href":"https:\/\/gazetapernambucana.com\/index.php?rest_route=\/wp\/v2\/media\/1937"}],"wp:attachment":[{"href":"https:\/\/gazetapernambucana.com\/index.php?rest_route=%2Fwp%2Fv2%2Fmedia&parent=1936"}],"wp:term":[{"taxonomy":"category","embeddable":true,"href":"https:\/\/gazetapernambucana.com\/index.php?rest_route=%2Fwp%2Fv2%2Fcategories&post=1936"},{"taxonomy":"post_tag","embeddable":true,"href":"https:\/\/gazetapernambucana.com\/index.php?rest_route=%2Fwp%2Fv2%2Ftags&post=1936"}],"curies":[{"name":"wp","href":"https:\/\/api.w.org\/{rel}","templated":true}]}}