{"id":1932,"date":"2025-10-10T21:52:32","date_gmt":"2025-10-11T00:52:32","guid":{"rendered":"https:\/\/gazetapernambucana.com\/?p=1932"},"modified":"2025-10-10T21:54:01","modified_gmt":"2025-10-11T00:54:01","slug":"festa-da-cerveja-evento-de-pecuaria-motofest-e-encontro-de-veiculos-antigos-atraem-turistas-a-gravata-em-outubro","status":"publish","type":"post","link":"https:\/\/gazetapernambucana.com\/?p=1932","title":{"rendered":"Festa da cerveja, evento de pecu\u00e1ria, Motofest e Encontro de Ve\u00edculos Antigos atraem turistas a Gravat\u00e1 em outubro"},"content":{"rendered":"<p><strong>Munic\u00edpio do Agreste pernambucano, famoso pelos esportes de aventura e o clima frio, aposta na cultura, lazer e neg\u00f3cios para movimentar o turismo na baixa temporada<\/strong><\/p>\n<p>O munic\u00edpio de Gravat\u00e1, no Agreste pernambucano, aposta na diversidade de eventos culturais, esportivos e de neg\u00f3cios para atrair visitantes no m\u00eas de outubro. Consolidada como um dos principais destinos de inverno do Estado, a cidade conta com um extenso calend\u00e1rio cultural, al\u00e9m de eventos regulares, com destaque para a Semana Santa, o S\u00e3o Jo\u00e3o, festivais de inverno e tamb\u00e9m o Natal.<\/p>\n<p><img loading=\"lazy\" decoding=\"async\" class=\"aligncenter wp-image-169848 size-large\" src=\"https:\/\/i0.wp.com\/blogpontodevista.com\/wp-content\/uploads\/2025\/10\/0bef2c9c-e6ea-485e-a261-71d7421289bd.webp?resize=880%2C586&amp;ssl=1\" sizes=\"auto, (max-width: 880px) 100vw, 880px\" srcset=\"https:\/\/i0.wp.com\/blogpontodevista.com\/wp-content\/uploads\/2025\/10\/0bef2c9c-e6ea-485e-a261-71d7421289bd.webp?resize=1024%2C682&amp;ssl=1 1024w, https:\/\/i0.wp.com\/blogpontodevista.com\/wp-content\/uploads\/2025\/10\/0bef2c9c-e6ea-485e-a261-71d7421289bd.webp?resize=300%2C200&amp;ssl=1 300w, https:\/\/i0.wp.com\/blogpontodevista.com\/wp-content\/uploads\/2025\/10\/0bef2c9c-e6ea-485e-a261-71d7421289bd.webp?resize=600%2C400&amp;ssl=1 600w, https:\/\/i0.wp.com\/blogpontodevista.com\/wp-content\/uploads\/2025\/10\/0bef2c9c-e6ea-485e-a261-71d7421289bd.webp?w=1280&amp;ssl=1 1280w\" alt=\"Festa da cerveja, evento de pecu\u00e1ria, Motofest e Encontro de Ve\u00edculos Antigos atraem turistas a Gravat\u00e1 em outubro\" width=\"880\" height=\"586\" data-recalc-dims=\"1\" \/><\/p>\n<p>Agora, o m\u00eas de outubro, considerado como baixa esta\u00e7\u00e3o para a regi\u00e3o serrana, se firma como um per\u00edodo de muito lazer e entretenimento, com a realiza\u00e7\u00e3o de pelo menos quatro grandes iniciativas: Marchador das Esta\u00e7\u00f5es \u2013 Circuito de Cavalgadas, 4\u00aa Motofest, Tardes no Polo \u2013 Oktober Gravat\u00e1 e a vig\u00e9sima edi\u00e7\u00e3o do Encontro Pernambucano de Ve\u00edculos Antigos. A promessa \u00e9 de movimentar toda a cadeia de servi\u00e7os e equipamentos tur\u00edsticos, fortalecendo a economia local.<\/p>\n<p>A maratona de eventos de outubro come\u00e7a neste s\u00e1bado, dia 11, com a abertura do Marchador das Esta\u00e7\u00f5es \u2013 Circuito de Cavalgadas, que vai reunir, na Arena do Hotel Monte Castelo, colecionadores e apreciadores de equinos. Com atividades para todas as idades, o circuito une esporte, lazer e neg\u00f3cios, oferecendo uma cavalgada de 14 km, exposi\u00e7\u00e3o e desfile de animais premiados nacionalmente, Pavilh\u00e3o Agro \u2013 com espa\u00e7o para neg\u00f3cios e troca de experi\u00eancias -, al\u00e9m do Festival Gastron\u00f4mico, capitaneado pelo chef olindense C\u00e9sar Santos.<\/p>\n<p>Para o s\u00e1bado, est\u00e3o programados ainda shows de Beto Ortis, Capital do Sol e Netinho Xote 10; j\u00e1 o domingo ser\u00e1 todo da garotada, com muita brincadeira, fazendinha e uma cidade cenogr\u00e1fica. Ingressos e mais informa\u00e7\u00f5es pelo Instagram @marchadordasestacoes.<\/p>\n<p>No terceiro fim de semana do m\u00eas, a atmosfera rural d\u00e1 lugar ao visual roqueiro dos participantes da Motofest. Realizada pela quarta vez na cidade, a festa do motociclismo \u00e9 promovida por motociclistas da regi\u00e3o, nos dias 17 e 18, com apoio de Prefeitura de Gravat\u00e1. N\u00e3o v\u00e3o faltar muitos shows, um deles da banda RPM, passeio motocicl\u00edstico, feira de artesanato e produtos do universo dos amantes de motos, al\u00e9m de evolu\u00e7\u00f5es na arena montada na Av. Joaquim Didier.<\/p>\n<p>\u201c<em><strong>Gravat\u00e1 \u00e9 uma cidade acolhedora e destino natural de motociclistas, pela bela paisagem, trilhas e o clima. O evento vem crescendo a cada ano e nossa expectativa de p\u00fablico \u00e9 de cerca de 16 mil pessoas por dia. Nesta reta final da produ\u00e7\u00e3o, anunciamos tamb\u00e9m um show com o Mundo Livre S\/A<\/strong><\/em>\u201d, comenta Ilo Ten\u00f3rio, um dos organizadores. A programa\u00e7\u00e3o detalhada est\u00e1 dispon\u00edvel no site www.gravatamotofest.com.br e no Instagram @gravata_motofest.<\/p>\n<p>O \u00faltimo final de semana de outubro ser\u00e1 marcado por mais uma edi\u00e7\u00e3o do j\u00e1 tradicional Tardes no Polo, evento de fomento ao turismo e ao lazer no Polo Moveleiro, porta de entrada da cidade. Pela terceira vez, o festival abre espa\u00e7o para a Oktober Gravat\u00e1, que atrai milhares de moradores e visitantes com exposi\u00e7\u00e3o de produtos germ\u00e2nicos e da gastronomia regional, muita cerveja artesanal, shows e uma parada tem\u00e1tica, com dan\u00e7as e m\u00fasica t\u00edpica alem\u00e3.<\/p>\n<p>O evento municipal tem \u00e0 frente a equipe da Secretaria de Turismo, Cultura, Esportes e Lazer de Gravat\u00e1 e, em 2025, tem conta com o apoio institucional do Consulado da Alemanha no Recife, dentro das celebra\u00e7\u00f5es dos 35 anos de reunifica\u00e7\u00e3o do pa\u00eds europeu.<\/p>\n<p>\u201c<em><strong>Gravat\u00e1 \u00e9 uma cidade que fomentou a tradi\u00e7\u00e3o su\u00ed\u00e7a, pelo estilo das constru\u00e7\u00f5es, clima e sua gastronomia, mas em outubro, o clima da Oktober toma conta. A Oktober Gravat\u00e1 \u00e9 um sucesso, sempre atrai muita gente e mant\u00e9m o clima fam\u00edlia, marca do Tardes no Polo<\/strong><\/em>\u201d, destaca o prefeito de Gravat\u00e1, Joselito Gomes.<\/p>\n<p>O m\u00eas chega ao fim promovendo reuni\u00e3o festiva dos colecionadores de carros antigos, outra marca da cidade serrana. Considerada capital do antigomobilismo no Nordeste, Gravat\u00e1 conta com um acervo de raridades, trazidas por seus propriet\u00e1rios para a serra como forma de mant\u00ea-las mais afastada dos efeitos da maresia. O XX Encontro Pernambucano de Ve\u00edculos Antigos \u00e9 atra\u00e7\u00e3o do Hotel Portal de Gravat\u00e1, de 24 a 26, com organiza\u00e7\u00e3o do Clube de Autom\u00f3veis Antigos de Pernambuco (Caape).<\/p>\n<p>Fonte: Blog Ponto de Vista<\/p>\n","protected":false},"excerpt":{"rendered":"<p>Munic\u00edpio do Agreste pernambucano, famoso pelos esportes de aventura e o clima frio, aposta na cultura, lazer e neg\u00f3cios para movimentar o turismo na baixa temporada O munic\u00edpio de Gravat\u00e1, no Agreste pernambucano, aposta na diversidade de eventos culturais, esportivos e de neg\u00f3cios para atrair visitantes no m\u00eas de outubro. Consolidada como um dos principais [&hellip;]<\/p>\n","protected":false},"author":1,"featured_media":1933,"comment_status":"open","ping_status":"open","sticky":false,"template":"","format":"standard","meta":{"footnotes":"","jetpack_publicize_message":"","jetpack_publicize_feature_enabled":true,"jetpack_social_post_already_shared":true,"jetpack_social_options":{"image_generator_settings":{"template":"highway","default_image_id":0,"font":"","enabled":false},"version":2}},"categories":[66,1,35,40],"tags":[],"class_list":["post-1932","post","type-post","status-publish","format-standard","has-post-thumbnail","hentry","category-cidades","category-https-gazetapernambucana-com-page_id225","category-https-gazetapernambucana-com-page_id218","category-https-gazetapernambucana-com-page_id224"],"yoast_head":"<!-- This site is optimized with the Yoast SEO plugin v24.5 - https:\/\/yoast.com\/wordpress\/plugins\/seo\/ -->\n<title>Festa da cerveja, evento de pecu\u00e1ria, Motofest e Encontro de Ve\u00edculos Antigos atraem turistas a Gravat\u00e1 em outubro -<\/title>\n<meta name=\"robots\" content=\"index, follow, max-snippet:-1, max-image-preview:large, max-video-preview:-1\" \/>\n<link rel=\"canonical\" href=\"https:\/\/gazetapernambucana.com\/?p=1932\" \/>\n<meta property=\"og:locale\" content=\"pt_BR\" \/>\n<meta property=\"og:type\" content=\"article\" \/>\n<meta property=\"og:title\" content=\"Festa da cerveja, evento de pecu\u00e1ria, Motofest e Encontro de Ve\u00edculos Antigos atraem turistas a Gravat\u00e1 em outubro -\" \/>\n<meta property=\"og:description\" content=\"Munic\u00edpio do Agreste pernambucano, famoso pelos esportes de aventura e o clima frio, aposta na cultura, lazer e neg\u00f3cios para movimentar o turismo na baixa temporada O munic\u00edpio de Gravat\u00e1, no Agreste pernambucano, aposta na diversidade de eventos culturais, esportivos e de neg\u00f3cios para atrair visitantes no m\u00eas de outubro. Consolidada como um dos principais [&hellip;]\" \/>\n<meta property=\"og:url\" content=\"https:\/\/gazetapernambucana.com\/?p=1932\" \/>\n<meta property=\"article:published_time\" content=\"2025-10-11T00:52:32+00:00\" \/>\n<meta property=\"article:modified_time\" content=\"2025-10-11T00:54:01+00:00\" \/>\n<meta property=\"og:image\" content=\"https:\/\/gazetapernambucana.com\/wp-content\/uploads\/2025\/10\/1c242919-5c1b-4fda-9f7d-fb42bdd6568d.webp\" \/>\n\t<meta property=\"og:image:width\" content=\"1280\" \/>\n\t<meta property=\"og:image:height\" content=\"852\" \/>\n\t<meta property=\"og:image:type\" content=\"image\/webp\" \/>\n<meta name=\"author\" content=\"GP\" \/>\n<meta name=\"twitter:card\" content=\"summary_large_image\" \/>\n<meta name=\"twitter:label1\" content=\"Escrito por\" \/>\n\t<meta name=\"twitter:data1\" content=\"GP\" \/>\n\t<meta name=\"twitter:label2\" content=\"Est. tempo de leitura\" \/>\n\t<meta name=\"twitter:data2\" content=\"5 minutos\" \/>\n<script type=\"application\/ld+json\" class=\"yoast-schema-graph\">{\"@context\":\"https:\/\/schema.org\",\"@graph\":[{\"@type\":\"WebPage\",\"@id\":\"https:\/\/gazetapernambucana.com\/?p=1932\",\"url\":\"https:\/\/gazetapernambucana.com\/?p=1932\",\"name\":\"Festa da cerveja, evento de pecu\u00e1ria, Motofest e Encontro de Ve\u00edculos Antigos atraem turistas a Gravat\u00e1 em outubro -\",\"isPartOf\":{\"@id\":\"https:\/\/gazetapernambucana.com\/#website\"},\"primaryImageOfPage\":{\"@id\":\"https:\/\/gazetapernambucana.com\/?p=1932#primaryimage\"},\"image\":{\"@id\":\"https:\/\/gazetapernambucana.com\/?p=1932#primaryimage\"},\"thumbnailUrl\":\"https:\/\/gazetapernambucana.com\/wp-content\/uploads\/2025\/10\/1c242919-5c1b-4fda-9f7d-fb42bdd6568d.webp\",\"datePublished\":\"2025-10-11T00:52:32+00:00\",\"dateModified\":\"2025-10-11T00:54:01+00:00\",\"author\":{\"@id\":\"https:\/\/gazetapernambucana.com\/#\/schema\/person\/188dc283325181ac2de4db1e9e987427\"},\"breadcrumb\":{\"@id\":\"https:\/\/gazetapernambucana.com\/?p=1932#breadcrumb\"},\"inLanguage\":\"pt-BR\",\"potentialAction\":[{\"@type\":\"ReadAction\",\"target\":[\"https:\/\/gazetapernambucana.com\/?p=1932\"]}]},{\"@type\":\"ImageObject\",\"inLanguage\":\"pt-BR\",\"@id\":\"https:\/\/gazetapernambucana.com\/?p=1932#primaryimage\",\"url\":\"https:\/\/gazetapernambucana.com\/wp-content\/uploads\/2025\/10\/1c242919-5c1b-4fda-9f7d-fb42bdd6568d.webp\",\"contentUrl\":\"https:\/\/gazetapernambucana.com\/wp-content\/uploads\/2025\/10\/1c242919-5c1b-4fda-9f7d-fb42bdd6568d.webp\",\"width\":1280,\"height\":852},{\"@type\":\"BreadcrumbList\",\"@id\":\"https:\/\/gazetapernambucana.com\/?p=1932#breadcrumb\",\"itemListElement\":[{\"@type\":\"ListItem\",\"position\":1,\"name\":\"In\u00edcio\",\"item\":\"https:\/\/gazetapernambucana.com\/\"},{\"@type\":\"ListItem\",\"position\":2,\"name\":\"Festa da cerveja, evento de pecu\u00e1ria, Motofest e Encontro de Ve\u00edculos Antigos atraem turistas a Gravat\u00e1 em outubro\"}]},{\"@type\":\"WebSite\",\"@id\":\"https:\/\/gazetapernambucana.com\/#website\",\"url\":\"https:\/\/gazetapernambucana.com\/\",\"name\":\"\",\"description\":\"\",\"potentialAction\":[{\"@type\":\"SearchAction\",\"target\":{\"@type\":\"EntryPoint\",\"urlTemplate\":\"https:\/\/gazetapernambucana.com\/?s={search_term_string}\"},\"query-input\":{\"@type\":\"PropertyValueSpecification\",\"valueRequired\":true,\"valueName\":\"search_term_string\"}}],\"inLanguage\":\"pt-BR\"},{\"@type\":\"Person\",\"@id\":\"https:\/\/gazetapernambucana.com\/#\/schema\/person\/188dc283325181ac2de4db1e9e987427\",\"name\":\"GP\",\"image\":{\"@type\":\"ImageObject\",\"inLanguage\":\"pt-BR\",\"@id\":\"https:\/\/gazetapernambucana.com\/#\/schema\/person\/image\/\",\"url\":\"https:\/\/secure.gravatar.com\/avatar\/9dad78ff9a2d8b5742d11779f8a3f53b052320c550b2e1907882353c067bb111?s=96&d=mm&r=g\",\"contentUrl\":\"https:\/\/secure.gravatar.com\/avatar\/9dad78ff9a2d8b5742d11779f8a3f53b052320c550b2e1907882353c067bb111?s=96&d=mm&r=g\",\"caption\":\"GP\"},\"sameAs\":[\"http:\/\/gazetapernambucana.com\"],\"url\":\"https:\/\/gazetapernambucana.com\/?author=1\"}]}<\/script>\n<!-- \/ Yoast SEO plugin. -->","yoast_head_json":{"title":"Festa da cerveja, evento de pecu\u00e1ria, Motofest e Encontro de Ve\u00edculos Antigos atraem turistas a Gravat\u00e1 em outubro -","robots":{"index":"index","follow":"follow","max-snippet":"max-snippet:-1","max-image-preview":"max-image-preview:large","max-video-preview":"max-video-preview:-1"},"canonical":"https:\/\/gazetapernambucana.com\/?p=1932","og_locale":"pt_BR","og_type":"article","og_title":"Festa da cerveja, evento de pecu\u00e1ria, Motofest e Encontro de Ve\u00edculos Antigos atraem turistas a Gravat\u00e1 em outubro -","og_description":"Munic\u00edpio do Agreste pernambucano, famoso pelos esportes de aventura e o clima frio, aposta na cultura, lazer e neg\u00f3cios para movimentar o turismo na baixa temporada O munic\u00edpio de Gravat\u00e1, no Agreste pernambucano, aposta na diversidade de eventos culturais, esportivos e de neg\u00f3cios para atrair visitantes no m\u00eas de outubro. Consolidada como um dos principais [&hellip;]","og_url":"https:\/\/gazetapernambucana.com\/?p=1932","article_published_time":"2025-10-11T00:52:32+00:00","article_modified_time":"2025-10-11T00:54:01+00:00","og_image":[{"width":1280,"height":852,"url":"https:\/\/gazetapernambucana.com\/wp-content\/uploads\/2025\/10\/1c242919-5c1b-4fda-9f7d-fb42bdd6568d.webp","type":"image\/webp"}],"author":"GP","twitter_card":"summary_large_image","twitter_misc":{"Escrito por":"GP","Est. tempo de leitura":"5 minutos"},"schema":{"@context":"https:\/\/schema.org","@graph":[{"@type":"WebPage","@id":"https:\/\/gazetapernambucana.com\/?p=1932","url":"https:\/\/gazetapernambucana.com\/?p=1932","name":"Festa da cerveja, evento de pecu\u00e1ria, Motofest e Encontro de Ve\u00edculos Antigos atraem turistas a Gravat\u00e1 em outubro -","isPartOf":{"@id":"https:\/\/gazetapernambucana.com\/#website"},"primaryImageOfPage":{"@id":"https:\/\/gazetapernambucana.com\/?p=1932#primaryimage"},"image":{"@id":"https:\/\/gazetapernambucana.com\/?p=1932#primaryimage"},"thumbnailUrl":"https:\/\/gazetapernambucana.com\/wp-content\/uploads\/2025\/10\/1c242919-5c1b-4fda-9f7d-fb42bdd6568d.webp","datePublished":"2025-10-11T00:52:32+00:00","dateModified":"2025-10-11T00:54:01+00:00","author":{"@id":"https:\/\/gazetapernambucana.com\/#\/schema\/person\/188dc283325181ac2de4db1e9e987427"},"breadcrumb":{"@id":"https:\/\/gazetapernambucana.com\/?p=1932#breadcrumb"},"inLanguage":"pt-BR","potentialAction":[{"@type":"ReadAction","target":["https:\/\/gazetapernambucana.com\/?p=1932"]}]},{"@type":"ImageObject","inLanguage":"pt-BR","@id":"https:\/\/gazetapernambucana.com\/?p=1932#primaryimage","url":"https:\/\/gazetapernambucana.com\/wp-content\/uploads\/2025\/10\/1c242919-5c1b-4fda-9f7d-fb42bdd6568d.webp","contentUrl":"https:\/\/gazetapernambucana.com\/wp-content\/uploads\/2025\/10\/1c242919-5c1b-4fda-9f7d-fb42bdd6568d.webp","width":1280,"height":852},{"@type":"BreadcrumbList","@id":"https:\/\/gazetapernambucana.com\/?p=1932#breadcrumb","itemListElement":[{"@type":"ListItem","position":1,"name":"In\u00edcio","item":"https:\/\/gazetapernambucana.com\/"},{"@type":"ListItem","position":2,"name":"Festa da cerveja, evento de pecu\u00e1ria, Motofest e Encontro de Ve\u00edculos Antigos atraem turistas a Gravat\u00e1 em outubro"}]},{"@type":"WebSite","@id":"https:\/\/gazetapernambucana.com\/#website","url":"https:\/\/gazetapernambucana.com\/","name":"","description":"","potentialAction":[{"@type":"SearchAction","target":{"@type":"EntryPoint","urlTemplate":"https:\/\/gazetapernambucana.com\/?s={search_term_string}"},"query-input":{"@type":"PropertyValueSpecification","valueRequired":true,"valueName":"search_term_string"}}],"inLanguage":"pt-BR"},{"@type":"Person","@id":"https:\/\/gazetapernambucana.com\/#\/schema\/person\/188dc283325181ac2de4db1e9e987427","name":"GP","image":{"@type":"ImageObject","inLanguage":"pt-BR","@id":"https:\/\/gazetapernambucana.com\/#\/schema\/person\/image\/","url":"https:\/\/secure.gravatar.com\/avatar\/9dad78ff9a2d8b5742d11779f8a3f53b052320c550b2e1907882353c067bb111?s=96&d=mm&r=g","contentUrl":"https:\/\/secure.gravatar.com\/avatar\/9dad78ff9a2d8b5742d11779f8a3f53b052320c550b2e1907882353c067bb111?s=96&d=mm&r=g","caption":"GP"},"sameAs":["http:\/\/gazetapernambucana.com"],"url":"https:\/\/gazetapernambucana.com\/?author=1"}]}},"jetpack_publicize_connections":[],"_links":{"self":[{"href":"https:\/\/gazetapernambucana.com\/index.php?rest_route=\/wp\/v2\/posts\/1932","targetHints":{"allow":["GET"]}}],"collection":[{"href":"https:\/\/gazetapernambucana.com\/index.php?rest_route=\/wp\/v2\/posts"}],"about":[{"href":"https:\/\/gazetapernambucana.com\/index.php?rest_route=\/wp\/v2\/types\/post"}],"author":[{"embeddable":true,"href":"https:\/\/gazetapernambucana.com\/index.php?rest_route=\/wp\/v2\/users\/1"}],"replies":[{"embeddable":true,"href":"https:\/\/gazetapernambucana.com\/index.php?rest_route=%2Fwp%2Fv2%2Fcomments&post=1932"}],"version-history":[{"count":2,"href":"https:\/\/gazetapernambucana.com\/index.php?rest_route=\/wp\/v2\/posts\/1932\/revisions"}],"predecessor-version":[{"id":1935,"href":"https:\/\/gazetapernambucana.com\/index.php?rest_route=\/wp\/v2\/posts\/1932\/revisions\/1935"}],"wp:featuredmedia":[{"embeddable":true,"href":"https:\/\/gazetapernambucana.com\/index.php?rest_route=\/wp\/v2\/media\/1933"}],"wp:attachment":[{"href":"https:\/\/gazetapernambucana.com\/index.php?rest_route=%2Fwp%2Fv2%2Fmedia&parent=1932"}],"wp:term":[{"taxonomy":"category","embeddable":true,"href":"https:\/\/gazetapernambucana.com\/index.php?rest_route=%2Fwp%2Fv2%2Fcategories&post=1932"},{"taxonomy":"post_tag","embeddable":true,"href":"https:\/\/gazetapernambucana.com\/index.php?rest_route=%2Fwp%2Fv2%2Ftags&post=1932"}],"curies":[{"name":"wp","href":"https:\/\/api.w.org\/{rel}","templated":true}]}}