{"id":1927,"date":"2025-10-10T20:45:05","date_gmt":"2025-10-10T23:45:05","guid":{"rendered":"https:\/\/gazetapernambucana.com\/?p=1927"},"modified":"2025-10-10T20:46:21","modified_gmt":"2025-10-10T23:46:21","slug":"o-tempo-iluminado-dos-leoes-e-dos-jovens-estudantes","status":"publish","type":"post","link":"https:\/\/gazetapernambucana.com\/?p=1927","title":{"rendered":"O Tempo Iluminado dos Le\u00f5es e dos Jovens Estudantes. Por Fl\u00e1vio Chaves"},"content":{"rendered":"<h3 data-start=\"238\" data-end=\"282\">Um encontro emocionante entre a mem\u00f3ria pol\u00edtica de Pernambuco e a esperan\u00e7a viva da nova gera\u00e7\u00e3o, em manh\u00e3 hist\u00f3rica de aut\u00f3grafos com Magno Martins, em Olinda.<\/h3>\n<p data-start=\"284\" data-end=\"564\"><strong>Por Fl\u00e1vio Chaves \u2013 Jornalista, poeta, escritor e membro da Academia Pernambucana de Letras. Foi Delegado Federal\/Minc\u00a0 \u2013\u00a0 <\/strong>A manh\u00e3 em Olinda tinha algo de ancestral. O sol filtrava sua luz pelas janelas da mem\u00f3ria, e no sal\u00e3o onde se reuniam jovens estudantes, parecia que o tempo, por instantes, deixou de ser linha para se tornar c\u00edrculo. Um c\u00edrculo sagrado onde passado, presente e futuro se tocavam.<\/p>\n<p data-start=\"566\" data-end=\"915\">Foi nesse ch\u00e3o hist\u00f3rico, entre paredes que j\u00e1 ouviram muitos passos e sil\u00eancios, que se celebrou algo maior do que um lan\u00e7amento de livro. Celebraram-se destinos. Magno Martins, com a dignidade dos que n\u00e3o escrevem apenas com palavras, mas com vida, entregou aos olhos e m\u00e3os de adolescentes a sua mais preciosa constru\u00e7\u00e3o: <em data-start=\"895\" data-end=\"914\">Os Le\u00f5es do Norte<\/em>.<\/p>\n<p data-start=\"917\" data-end=\"1261\">\u00c9 preciso dizer com todas as letras, ali n\u00e3o se entregou apenas um livro. Entregou-se um mapa. Um testemunho. Uma convoca\u00e7\u00e3o. Uma heran\u00e7a simb\u00f3lica que resgata a pol\u00edtica como arte do encontro, da disputa limpa, da constru\u00e7\u00e3o de projetos coletivos. Ali, cada jovem com seu exemplar na m\u00e3o segurava, mesmo sem perceber, a tocha de uma linhagem.<\/p>\n<p data-start=\"1263\" data-end=\"1648\">As imagens captadas por Waleska Cambrainha, com o dom de quem enxerga al\u00e9m da lente, n\u00e3o apenas documentam o instante, elas o eternizam. H\u00e1 nelas uma carga po\u00e9tica dif\u00edcil de descrever: os rostos atentos, os olhos vidrados, as m\u00e3os segurando livros como quem carrega uma rel\u00edquia. Um sil\u00eancio reverente que gritava: \u201cestamos prontos para ouvir, para aprender, para continuar\u201d.<\/p>\n<p data-start=\"1650\" data-end=\"1970\">E por que isso \u00e9 t\u00e3o comovente? Porque neste pa\u00eds onde tanto se silencia, onde a juventude tantas vezes \u00e9 desdenhada ou descartada, ver adolescentes pararem para escutar uma hist\u00f3ria que n\u00e3o \u00e9 contada nos algoritmos, a hist\u00f3ria de Pernambuco, da sua pol\u00edtica, dos seus homens p\u00fablicos \u2014 \u00e9 um gesto quase revolucion\u00e1rio.<\/p>\n<p data-start=\"1972\" data-end=\"2334\">Magno sabe disso. E por isso escreveu: <em data-start=\"2011\" data-end=\"2058\">\u201cTenho raz\u00e3o de sobra do meu dever cumprido!\u201d<\/em>. A frase parece simples. Mas carrega o peso de d\u00e9cadas de of\u00edcio, pesquisa, entrevistas, buscas incans\u00e1veis por veracidade e justi\u00e7a hist\u00f3rica. Ele sabia o que estava fazendo, estava puxando um fio. E agora, gra\u00e7as a esse fio, novos tecel\u00f5es da mem\u00f3ria est\u00e3o sendo formados.<\/p>\n<p data-start=\"2336\" data-end=\"2554\">Que outra emo\u00e7\u00e3o maior pode haver para um autor do que ver seu livro lido com olhos de descoberta? Que maior vit\u00f3ria do que ver o conhecimento romper as grades da superficialidade e encontrar morada em mentes sedentas?<\/p>\n<p data-start=\"2556\" data-end=\"2839\">Entre os personagens do livro est\u00e3o Eraldo Gueiros, Barbosa Lima Sobrinho, Moura Cavalcanti, Cid Sampaio, Marco Maciel, Jarbas Vasconcelos e tantos outros, h\u00e1 uma const\u00e2ncia: todos eles, \u00e0 sua maneira, acreditaram que a pol\u00edtica \u00e9 ponte, n\u00e3o palanque. \u00c9 constru\u00e7\u00e3o, n\u00e3o ru\u00eddo. \u00c9 entrega, n\u00e3o vaidade.<\/p>\n<p data-start=\"2841\" data-end=\"3077\">Hoje, esses nomes ganham novos leitores. E, mais ainda, novos guardi\u00f5es. Porque cada jovem tocado por essas p\u00e1ginas talvez nunca mais veja a pol\u00edtica da mesma forma. Talvez descubra que h\u00e1 grandeza sim, que h\u00e1 exemplos, que h\u00e1 caminhos.<\/p>\n<p data-start=\"3079\" data-end=\"3243\">Na terra dos quatro cantos, entre ladeiras e mem\u00f3rias, um novo ciclo come\u00e7ou. Um livro passou de m\u00e3o em m\u00e3o. E com ele, passou um peda\u00e7o do esp\u00edrito de Pernambuco.<\/p>\n<p data-start=\"3245\" data-end=\"3453\">Quem esteve ali n\u00e3o testemunhou apenas um lan\u00e7amento. Presenciou o encontro raro entre o saber e a esperan\u00e7a, entre os que vieram antes e os que vir\u00e3o depois. Presenciou o milagre da educa\u00e7\u00e3o como chama viva.<\/p>\n<p data-start=\"3455\" data-end=\"3533\">E isso, meu amigo, \u00e9 mais do que um dever cumprido. \u00c9 uma miss\u00e3o consagrada.<\/p>\n","protected":false},"excerpt":{"rendered":"<p>Um encontro emocionante entre a mem\u00f3ria pol\u00edtica de Pernambuco e a esperan\u00e7a viva da nova gera\u00e7\u00e3o, em manh\u00e3 hist\u00f3rica de aut\u00f3grafos com Magno Martins, em Olinda. Por Fl\u00e1vio Chaves \u2013 Jornalista, poeta, escritor e membro da Academia Pernambucana de Letras. Foi Delegado Federal\/Minc\u00a0 \u2013\u00a0 A manh\u00e3 em Olinda tinha algo de ancestral. O sol filtrava [&hellip;]<\/p>\n","protected":false},"author":1,"featured_media":1928,"comment_status":"open","ping_status":"open","sticky":false,"template":"","format":"standard","meta":{"footnotes":"","jetpack_publicize_message":"","jetpack_publicize_feature_enabled":true,"jetpack_social_post_already_shared":true,"jetpack_social_options":{"image_generator_settings":{"template":"highway","default_image_id":0,"font":"","enabled":false},"version":2}},"categories":[1,35,46],"tags":[],"class_list":["post-1927","post","type-post","status-publish","format-standard","has-post-thumbnail","hentry","category-https-gazetapernambucana-com-page_id225","category-https-gazetapernambucana-com-page_id218","category-literatura"],"yoast_head":"<!-- This site is optimized with the Yoast SEO plugin v24.5 - https:\/\/yoast.com\/wordpress\/plugins\/seo\/ -->\n<title>O Tempo Iluminado dos Le\u00f5es e dos Jovens Estudantes. Por Fl\u00e1vio Chaves -<\/title>\n<meta name=\"robots\" content=\"index, follow, max-snippet:-1, max-image-preview:large, max-video-preview:-1\" \/>\n<link rel=\"canonical\" href=\"https:\/\/gazetapernambucana.com\/?p=1927\" \/>\n<meta property=\"og:locale\" content=\"pt_BR\" \/>\n<meta property=\"og:type\" content=\"article\" \/>\n<meta property=\"og:title\" content=\"O Tempo Iluminado dos Le\u00f5es e dos Jovens Estudantes. Por Fl\u00e1vio Chaves -\" \/>\n<meta property=\"og:description\" content=\"Um encontro emocionante entre a mem\u00f3ria pol\u00edtica de Pernambuco e a esperan\u00e7a viva da nova gera\u00e7\u00e3o, em manh\u00e3 hist\u00f3rica de aut\u00f3grafos com Magno Martins, em Olinda. Por Fl\u00e1vio Chaves \u2013 Jornalista, poeta, escritor e membro da Academia Pernambucana de Letras. Foi Delegado Federal\/Minc\u00a0 \u2013\u00a0 A manh\u00e3 em Olinda tinha algo de ancestral. O sol filtrava [&hellip;]\" \/>\n<meta property=\"og:url\" content=\"https:\/\/gazetapernambucana.com\/?p=1927\" \/>\n<meta property=\"article:published_time\" content=\"2025-10-10T23:45:05+00:00\" \/>\n<meta property=\"article:modified_time\" content=\"2025-10-10T23:46:21+00:00\" \/>\n<meta property=\"og:image\" content=\"https:\/\/gazetapernambucana.com\/wp-content\/uploads\/2025\/10\/WhatsApp-Image-2025-10-10-at-18.23.04.jpeg\" \/>\n\t<meta property=\"og:image:width\" content=\"1280\" \/>\n\t<meta property=\"og:image:height\" content=\"960\" \/>\n\t<meta property=\"og:image:type\" content=\"image\/jpeg\" \/>\n<meta name=\"author\" content=\"GP\" \/>\n<meta name=\"twitter:card\" content=\"summary_large_image\" \/>\n<meta name=\"twitter:label1\" content=\"Escrito por\" \/>\n\t<meta name=\"twitter:data1\" content=\"GP\" \/>\n\t<meta name=\"twitter:label2\" content=\"Est. tempo de leitura\" \/>\n\t<meta name=\"twitter:data2\" content=\"4 minutos\" \/>\n<script type=\"application\/ld+json\" class=\"yoast-schema-graph\">{\"@context\":\"https:\/\/schema.org\",\"@graph\":[{\"@type\":\"WebPage\",\"@id\":\"https:\/\/gazetapernambucana.com\/?p=1927\",\"url\":\"https:\/\/gazetapernambucana.com\/?p=1927\",\"name\":\"O Tempo Iluminado dos Le\u00f5es e dos Jovens Estudantes. Por Fl\u00e1vio Chaves -\",\"isPartOf\":{\"@id\":\"https:\/\/gazetapernambucana.com\/#website\"},\"primaryImageOfPage\":{\"@id\":\"https:\/\/gazetapernambucana.com\/?p=1927#primaryimage\"},\"image\":{\"@id\":\"https:\/\/gazetapernambucana.com\/?p=1927#primaryimage\"},\"thumbnailUrl\":\"https:\/\/gazetapernambucana.com\/wp-content\/uploads\/2025\/10\/WhatsApp-Image-2025-10-10-at-18.23.04.jpeg\",\"datePublished\":\"2025-10-10T23:45:05+00:00\",\"dateModified\":\"2025-10-10T23:46:21+00:00\",\"author\":{\"@id\":\"https:\/\/gazetapernambucana.com\/#\/schema\/person\/188dc283325181ac2de4db1e9e987427\"},\"breadcrumb\":{\"@id\":\"https:\/\/gazetapernambucana.com\/?p=1927#breadcrumb\"},\"inLanguage\":\"pt-BR\",\"potentialAction\":[{\"@type\":\"ReadAction\",\"target\":[\"https:\/\/gazetapernambucana.com\/?p=1927\"]}]},{\"@type\":\"ImageObject\",\"inLanguage\":\"pt-BR\",\"@id\":\"https:\/\/gazetapernambucana.com\/?p=1927#primaryimage\",\"url\":\"https:\/\/gazetapernambucana.com\/wp-content\/uploads\/2025\/10\/WhatsApp-Image-2025-10-10-at-18.23.04.jpeg\",\"contentUrl\":\"https:\/\/gazetapernambucana.com\/wp-content\/uploads\/2025\/10\/WhatsApp-Image-2025-10-10-at-18.23.04.jpeg\",\"width\":1280,\"height\":960},{\"@type\":\"BreadcrumbList\",\"@id\":\"https:\/\/gazetapernambucana.com\/?p=1927#breadcrumb\",\"itemListElement\":[{\"@type\":\"ListItem\",\"position\":1,\"name\":\"In\u00edcio\",\"item\":\"https:\/\/gazetapernambucana.com\/\"},{\"@type\":\"ListItem\",\"position\":2,\"name\":\"O Tempo Iluminado dos Le\u00f5es e dos Jovens Estudantes. Por Fl\u00e1vio Chaves\"}]},{\"@type\":\"WebSite\",\"@id\":\"https:\/\/gazetapernambucana.com\/#website\",\"url\":\"https:\/\/gazetapernambucana.com\/\",\"name\":\"\",\"description\":\"\",\"potentialAction\":[{\"@type\":\"SearchAction\",\"target\":{\"@type\":\"EntryPoint\",\"urlTemplate\":\"https:\/\/gazetapernambucana.com\/?s={search_term_string}\"},\"query-input\":{\"@type\":\"PropertyValueSpecification\",\"valueRequired\":true,\"valueName\":\"search_term_string\"}}],\"inLanguage\":\"pt-BR\"},{\"@type\":\"Person\",\"@id\":\"https:\/\/gazetapernambucana.com\/#\/schema\/person\/188dc283325181ac2de4db1e9e987427\",\"name\":\"GP\",\"image\":{\"@type\":\"ImageObject\",\"inLanguage\":\"pt-BR\",\"@id\":\"https:\/\/gazetapernambucana.com\/#\/schema\/person\/image\/\",\"url\":\"https:\/\/secure.gravatar.com\/avatar\/9dad78ff9a2d8b5742d11779f8a3f53b052320c550b2e1907882353c067bb111?s=96&d=mm&r=g\",\"contentUrl\":\"https:\/\/secure.gravatar.com\/avatar\/9dad78ff9a2d8b5742d11779f8a3f53b052320c550b2e1907882353c067bb111?s=96&d=mm&r=g\",\"caption\":\"GP\"},\"sameAs\":[\"http:\/\/gazetapernambucana.com\"],\"url\":\"https:\/\/gazetapernambucana.com\/?author=1\"}]}<\/script>\n<!-- \/ Yoast SEO plugin. -->","yoast_head_json":{"title":"O Tempo Iluminado dos Le\u00f5es e dos Jovens Estudantes. Por Fl\u00e1vio Chaves -","robots":{"index":"index","follow":"follow","max-snippet":"max-snippet:-1","max-image-preview":"max-image-preview:large","max-video-preview":"max-video-preview:-1"},"canonical":"https:\/\/gazetapernambucana.com\/?p=1927","og_locale":"pt_BR","og_type":"article","og_title":"O Tempo Iluminado dos Le\u00f5es e dos Jovens Estudantes. Por Fl\u00e1vio Chaves -","og_description":"Um encontro emocionante entre a mem\u00f3ria pol\u00edtica de Pernambuco e a esperan\u00e7a viva da nova gera\u00e7\u00e3o, em manh\u00e3 hist\u00f3rica de aut\u00f3grafos com Magno Martins, em Olinda. Por Fl\u00e1vio Chaves \u2013 Jornalista, poeta, escritor e membro da Academia Pernambucana de Letras. Foi Delegado Federal\/Minc\u00a0 \u2013\u00a0 A manh\u00e3 em Olinda tinha algo de ancestral. O sol filtrava [&hellip;]","og_url":"https:\/\/gazetapernambucana.com\/?p=1927","article_published_time":"2025-10-10T23:45:05+00:00","article_modified_time":"2025-10-10T23:46:21+00:00","og_image":[{"width":1280,"height":960,"url":"https:\/\/gazetapernambucana.com\/wp-content\/uploads\/2025\/10\/WhatsApp-Image-2025-10-10-at-18.23.04.jpeg","type":"image\/jpeg"}],"author":"GP","twitter_card":"summary_large_image","twitter_misc":{"Escrito por":"GP","Est. tempo de leitura":"4 minutos"},"schema":{"@context":"https:\/\/schema.org","@graph":[{"@type":"WebPage","@id":"https:\/\/gazetapernambucana.com\/?p=1927","url":"https:\/\/gazetapernambucana.com\/?p=1927","name":"O Tempo Iluminado dos Le\u00f5es e dos Jovens Estudantes. Por Fl\u00e1vio Chaves -","isPartOf":{"@id":"https:\/\/gazetapernambucana.com\/#website"},"primaryImageOfPage":{"@id":"https:\/\/gazetapernambucana.com\/?p=1927#primaryimage"},"image":{"@id":"https:\/\/gazetapernambucana.com\/?p=1927#primaryimage"},"thumbnailUrl":"https:\/\/gazetapernambucana.com\/wp-content\/uploads\/2025\/10\/WhatsApp-Image-2025-10-10-at-18.23.04.jpeg","datePublished":"2025-10-10T23:45:05+00:00","dateModified":"2025-10-10T23:46:21+00:00","author":{"@id":"https:\/\/gazetapernambucana.com\/#\/schema\/person\/188dc283325181ac2de4db1e9e987427"},"breadcrumb":{"@id":"https:\/\/gazetapernambucana.com\/?p=1927#breadcrumb"},"inLanguage":"pt-BR","potentialAction":[{"@type":"ReadAction","target":["https:\/\/gazetapernambucana.com\/?p=1927"]}]},{"@type":"ImageObject","inLanguage":"pt-BR","@id":"https:\/\/gazetapernambucana.com\/?p=1927#primaryimage","url":"https:\/\/gazetapernambucana.com\/wp-content\/uploads\/2025\/10\/WhatsApp-Image-2025-10-10-at-18.23.04.jpeg","contentUrl":"https:\/\/gazetapernambucana.com\/wp-content\/uploads\/2025\/10\/WhatsApp-Image-2025-10-10-at-18.23.04.jpeg","width":1280,"height":960},{"@type":"BreadcrumbList","@id":"https:\/\/gazetapernambucana.com\/?p=1927#breadcrumb","itemListElement":[{"@type":"ListItem","position":1,"name":"In\u00edcio","item":"https:\/\/gazetapernambucana.com\/"},{"@type":"ListItem","position":2,"name":"O Tempo Iluminado dos Le\u00f5es e dos Jovens Estudantes. Por Fl\u00e1vio Chaves"}]},{"@type":"WebSite","@id":"https:\/\/gazetapernambucana.com\/#website","url":"https:\/\/gazetapernambucana.com\/","name":"","description":"","potentialAction":[{"@type":"SearchAction","target":{"@type":"EntryPoint","urlTemplate":"https:\/\/gazetapernambucana.com\/?s={search_term_string}"},"query-input":{"@type":"PropertyValueSpecification","valueRequired":true,"valueName":"search_term_string"}}],"inLanguage":"pt-BR"},{"@type":"Person","@id":"https:\/\/gazetapernambucana.com\/#\/schema\/person\/188dc283325181ac2de4db1e9e987427","name":"GP","image":{"@type":"ImageObject","inLanguage":"pt-BR","@id":"https:\/\/gazetapernambucana.com\/#\/schema\/person\/image\/","url":"https:\/\/secure.gravatar.com\/avatar\/9dad78ff9a2d8b5742d11779f8a3f53b052320c550b2e1907882353c067bb111?s=96&d=mm&r=g","contentUrl":"https:\/\/secure.gravatar.com\/avatar\/9dad78ff9a2d8b5742d11779f8a3f53b052320c550b2e1907882353c067bb111?s=96&d=mm&r=g","caption":"GP"},"sameAs":["http:\/\/gazetapernambucana.com"],"url":"https:\/\/gazetapernambucana.com\/?author=1"}]}},"jetpack_publicize_connections":[],"_links":{"self":[{"href":"https:\/\/gazetapernambucana.com\/index.php?rest_route=\/wp\/v2\/posts\/1927","targetHints":{"allow":["GET"]}}],"collection":[{"href":"https:\/\/gazetapernambucana.com\/index.php?rest_route=\/wp\/v2\/posts"}],"about":[{"href":"https:\/\/gazetapernambucana.com\/index.php?rest_route=\/wp\/v2\/types\/post"}],"author":[{"embeddable":true,"href":"https:\/\/gazetapernambucana.com\/index.php?rest_route=\/wp\/v2\/users\/1"}],"replies":[{"embeddable":true,"href":"https:\/\/gazetapernambucana.com\/index.php?rest_route=%2Fwp%2Fv2%2Fcomments&post=1927"}],"version-history":[{"count":3,"href":"https:\/\/gazetapernambucana.com\/index.php?rest_route=\/wp\/v2\/posts\/1927\/revisions"}],"predecessor-version":[{"id":1931,"href":"https:\/\/gazetapernambucana.com\/index.php?rest_route=\/wp\/v2\/posts\/1927\/revisions\/1931"}],"wp:featuredmedia":[{"embeddable":true,"href":"https:\/\/gazetapernambucana.com\/index.php?rest_route=\/wp\/v2\/media\/1928"}],"wp:attachment":[{"href":"https:\/\/gazetapernambucana.com\/index.php?rest_route=%2Fwp%2Fv2%2Fmedia&parent=1927"}],"wp:term":[{"taxonomy":"category","embeddable":true,"href":"https:\/\/gazetapernambucana.com\/index.php?rest_route=%2Fwp%2Fv2%2Fcategories&post=1927"},{"taxonomy":"post_tag","embeddable":true,"href":"https:\/\/gazetapernambucana.com\/index.php?rest_route=%2Fwp%2Fv2%2Ftags&post=1927"}],"curies":[{"name":"wp","href":"https:\/\/api.w.org\/{rel}","templated":true}]}}