{"id":1922,"date":"2025-10-10T13:02:43","date_gmt":"2025-10-10T16:02:43","guid":{"rendered":"https:\/\/gazetapernambucana.com\/?p=1922"},"modified":"2025-10-10T13:02:43","modified_gmt":"2025-10-10T16:02:43","slug":"a-escrita-que-restitui-andrea-campos-lanca-obra-que-reconstroi-a-presenca-da-mulher-na-historia-de-pernambuco","status":"publish","type":"post","link":"https:\/\/gazetapernambucana.com\/?p=1922","title":{"rendered":"A escrita que restitui: Andrea Campos lan\u00e7a obra que reconstr\u00f3i a presen\u00e7a da mulher na hist\u00f3ria de Pernambuco"},"content":{"rendered":"<h3 data-start=\"218\" data-end=\"332\">\u201cGenealogia da Mulher Pernambucana\u201d desafia o esquecimento e inscreve novas vozes na mem\u00f3ria do Estado<\/h3>\n<p data-start=\"334\" data-end=\"750\">Poucos gestos t\u00eam o poder de reescrever o passado. Um deles \u00e9 a pesquisa obstinada. Outro, o gesto liter\u00e1rio. A escritora e pesquisadora Andrea Almeida Campos une ambos em <em data-start=\"506\" data-end=\"586\">Genealogia da Mulher Pernambucana \u2014 das origens \u00e0 primeira metade do s\u00e9culo 20<\/em>, obra que ser\u00e1 lan\u00e7ada nesta sexta-feira (10), \u00e0s 19h, no estande da Funda\u00e7\u00e3o Joaquim Nabuco (Fundaj), durante a 15\u00aa Bienal Internacional do Livro de Pernambuco.<\/p>\n<p data-start=\"752\" data-end=\"1200\">O livro, fruto de mais de uma d\u00e9cada de investiga\u00e7\u00e3o, se debru\u00e7a sobre trajet\u00f3rias femininas apagadas ou subestimadas pela historiografia oficial. A autora re\u00fane perfis biogr\u00e1ficos e verbetes de mulheres que marcaram a vida pol\u00edtica, cultural, educacional e social do Estado, compondo um mosaico plural da presen\u00e7a feminina em Pernambuco, presen\u00e7a esta que, por muito tempo, foi deliberadamente ignorada nos arquivos e nas narrativas dominantes.<\/p>\n<p data-start=\"1202\" data-end=\"1502\">Entre as personagens evocadas est\u00e3o figuras consagradas como Dona Brites de Albuquerque, Dandara dos Palmares e B\u00e1rbara de Alencar, mas tamb\u00e9m nomes menos lembrados como Hermina de Carvalho Menna da Costa, F\u00e9dora do R\u00eago Monteiro e, sobretudo, Edwiges de S\u00e1 Pereira, a homenageada central da obra.<\/p>\n<p data-start=\"1202\" data-end=\"1502\"><img loading=\"lazy\" decoding=\"async\" class=\"size-medium wp-image-1925 aligncenter\" src=\"http:\/\/gazetapernambucana.com\/wp-content\/uploads\/2025\/10\/Capa_home_site-6-1536x864-1-300x169.webp\" alt=\"\" width=\"300\" height=\"169\" srcset=\"https:\/\/gazetapernambucana.com\/wp-content\/uploads\/2025\/10\/Capa_home_site-6-1536x864-1-300x169.webp 300w, https:\/\/gazetapernambucana.com\/wp-content\/uploads\/2025\/10\/Capa_home_site-6-1536x864-1-1024x576.webp 1024w, https:\/\/gazetapernambucana.com\/wp-content\/uploads\/2025\/10\/Capa_home_site-6-1536x864-1-768x432.webp 768w, https:\/\/gazetapernambucana.com\/wp-content\/uploads\/2025\/10\/Capa_home_site-6-1536x864-1.webp 1536w\" sizes=\"auto, (max-width: 300px) 100vw, 300px\" \/><\/p>\n<p data-start=\"1504\" data-end=\"1930\">Edwiges foi uma mulher de vanguarda: jornalista, educadora, feminista, a primeira a integrar a Academia Pernambucana de Letras e a se inscrever na Associa\u00e7\u00e3o da Imprensa de Pernambuco. Foi tamb\u00e9m colaboradora de jornais influentes como o <em data-start=\"1742\" data-end=\"1764\">Diario de Pernambuco<\/em>, <em data-start=\"1766\" data-end=\"1787\">Jornal do Commercio<\/em> e peri\u00f3dicos de outras regi\u00f5es do pa\u00eds, em um tempo em que o espa\u00e7o para vozes femininas era m\u00ednimo e quase sempre condicionado ao sil\u00eancio.<\/p>\n<p data-start=\"1932\" data-end=\"2220\">A pr\u00f3pria g\u00eanese da obra de Andrea \u00e9 simb\u00f3lica: o ponto de partida foi um presente recebido em 2010 \u2014 um exemplar raro do livro <em data-start=\"2060\" data-end=\"2085\">Pernambucanas Illustres<\/em>, publicado em 1879 por Henrique Capitolino. A partir dali, Andrea percebeu estar diante de uma lacuna hist\u00f3rica que exigia resposta.<\/p>\n<p data-start=\"2222\" data-end=\"2394\">\u201cAquela leitura despertou em mim um chamado. Era como se houvesse um eco feminino esperando ser ouvido\u201d, afirma a autora, que \u00e9 sobrinha-bisneta de Edwiges de S\u00e1 Pereira.<\/p>\n<p data-start=\"2396\" data-end=\"2842\">O projeto amadureceu em v\u00e1rias frentes. Em 2015, um discurso proferido na cerim\u00f4nia da Medalha Hero\u00ednas de Tejucupapo, da OAB-PE, consolidou parte da linha narrativa do livro. Em 2024, como pesquisadora visitante na Universidade Paris 8, Andrea retomou o manuscrito sob a perspectiva dos estudos de g\u00eanero. De volta ao Brasil, foi o acervo da Fundaj que forneceu os documentos, livros e registros raros que deram densidade ao projeto editorial.<\/p>\n<p data-start=\"2844\" data-end=\"3068\">\u201cFoi um trabalho de arqueologia. De rastrear, validar, interpretar. Muitas dessas mulheres sequer aparecem nos registros escolares ou na mem\u00f3ria institucional. Essa aus\u00eancia n\u00e3o \u00e9 casual. Ela \u00e9 estrutural\u201d, explica Andrea.<\/p>\n<p data-start=\"3070\" data-end=\"3359\">O livro, com 120 p\u00e1ginas e publicado pela Editora Conhecimento, custar\u00e1 R$ 50 e traz ainda um texto in\u00e9dito da pr\u00f3pria Edwiges de S\u00e1 Pereira \u2014 um documento de valor hist\u00f3rico incontorn\u00e1vel, que resgata o pensamento de uma intelectual que, \u00e0 sua maneira, desafiou os limites do seu tempo.<\/p>\n<p data-start=\"3361\" data-end=\"3546\">A sess\u00e3o de lan\u00e7amento ter\u00e1 a presen\u00e7a da professora doutora Alexandrina Sobreira, pesquisadora da Fundaj e uma das principais refer\u00eancias em estudos sobre g\u00eanero e mem\u00f3ria no Brasil.<\/p>\n<p data-start=\"3548\" data-end=\"3811\">Mais do que um invent\u00e1rio biogr\u00e1fico, <em data-start=\"3586\" data-end=\"3621\">Genealogia da Mulher Pernambucana<\/em> \u00e9 uma interven\u00e7\u00e3o na pol\u00edtica da mem\u00f3ria. Um gesto de restitui\u00e7\u00e3o simb\u00f3lica em tempos em que a hist\u00f3ria ainda \u00e9, em grande parte, escrita pelos vencedores \u2014 e, quase sempre, no masculino.<\/p>\n<p data-start=\"3813\" data-end=\"4059\">Ao resgatar essas figuras e inscrev\u00ea-las novamente no tecido da hist\u00f3ria, Andrea Campos refor\u00e7a o papel da mulher como agente transformador, como pensadora, como l\u00edder. E mais: reivindica o direito de cada gera\u00e7\u00e3o de conhecer suas antecessoras.<\/p>\n<p data-start=\"4061\" data-end=\"4154\">\u201cSem mem\u00f3ria n\u00e3o h\u00e1 pertencimento. E sem pertencimento, n\u00e3o h\u00e1 futuro\u201d, sentencia a autora.<\/p>\n<p data-start=\"4156\" data-end=\"4387\">O lan\u00e7amento integra a programa\u00e7\u00e3o oficial da Fundaj na Bienal do Livro, que neste ano completa 30 anos e celebra o tema \u201cLer \u00e9 sentir cada palavra\u201d. A obra de Andrea, nesse sentido, cumpre um papel duplo: sensibiliza e mobiliza.<\/p>\n<p data-start=\"4389\" data-end=\"4723\"><strong data-start=\"4389\" data-end=\"4400\">Servi\u00e7o<\/strong><br data-start=\"4400\" data-end=\"4403\" \/>Lan\u00e7amento de <em data-start=\"4417\" data-end=\"4497\">Genealogia da Mulher Pernambucana \u2014 das origens \u00e0 primeira metade do s\u00e9culo 20<\/em><br data-start=\"4497\" data-end=\"4500\" \/>Autora: Andrea Almeida Campos<br data-start=\"4529\" data-end=\"4532\" \/>Quando: sexta-feira, 10 de outubro, \u00e0s 19h<br data-start=\"4574\" data-end=\"4577\" \/>Onde: estande da Funda\u00e7\u00e3o Joaquim Nabuco \u2014 15\u00aa Bienal Internacional do Livro de Pernambuco<br data-start=\"4667\" data-end=\"4670\" \/>Editora: Conhecimento<br data-start=\"4691\" data-end=\"4694\" \/>P\u00e1ginas: 120<br data-start=\"4706\" data-end=\"4709\" \/>Valor: R$ 50<\/p>\n","protected":false},"excerpt":{"rendered":"<p>\u201cGenealogia da Mulher Pernambucana\u201d desafia o esquecimento e inscreve novas vozes na mem\u00f3ria do Estado Poucos gestos t\u00eam o poder de reescrever o passado. Um deles \u00e9 a pesquisa obstinada. Outro, o gesto liter\u00e1rio. A escritora e pesquisadora Andrea Almeida Campos une ambos em Genealogia da Mulher Pernambucana \u2014 das origens \u00e0 primeira metade do [&hellip;]<\/p>\n","protected":false},"author":1,"featured_media":1923,"comment_status":"open","ping_status":"open","sticky":false,"template":"","format":"standard","meta":{"footnotes":"","jetpack_publicize_message":"","jetpack_publicize_feature_enabled":true,"jetpack_social_post_already_shared":true,"jetpack_social_options":{"image_generator_settings":{"template":"highway","default_image_id":0,"font":"","enabled":false},"version":2}},"categories":[1,35,46],"tags":[],"class_list":["post-1922","post","type-post","status-publish","format-standard","has-post-thumbnail","hentry","category-https-gazetapernambucana-com-page_id225","category-https-gazetapernambucana-com-page_id218","category-literatura"],"yoast_head":"<!-- This site is optimized with the Yoast SEO plugin v24.5 - https:\/\/yoast.com\/wordpress\/plugins\/seo\/ -->\n<title>A escrita que restitui: Andrea Campos lan\u00e7a obra que reconstr\u00f3i a presen\u00e7a da mulher na hist\u00f3ria de Pernambuco -<\/title>\n<meta name=\"robots\" content=\"index, follow, max-snippet:-1, max-image-preview:large, max-video-preview:-1\" \/>\n<link rel=\"canonical\" href=\"https:\/\/gazetapernambucana.com\/?p=1922\" \/>\n<meta property=\"og:locale\" content=\"pt_BR\" \/>\n<meta property=\"og:type\" content=\"article\" \/>\n<meta property=\"og:title\" content=\"A escrita que restitui: Andrea Campos lan\u00e7a obra que reconstr\u00f3i a presen\u00e7a da mulher na hist\u00f3ria de Pernambuco -\" \/>\n<meta property=\"og:description\" content=\"\u201cGenealogia da Mulher Pernambucana\u201d desafia o esquecimento e inscreve novas vozes na mem\u00f3ria do Estado Poucos gestos t\u00eam o poder de reescrever o passado. Um deles \u00e9 a pesquisa obstinada. Outro, o gesto liter\u00e1rio. A escritora e pesquisadora Andrea Almeida Campos une ambos em Genealogia da Mulher Pernambucana \u2014 das origens \u00e0 primeira metade do [&hellip;]\" \/>\n<meta property=\"og:url\" content=\"https:\/\/gazetapernambucana.com\/?p=1922\" \/>\n<meta property=\"article:published_time\" content=\"2025-10-10T16:02:43+00:00\" \/>\n<meta property=\"og:image\" content=\"https:\/\/gazetapernambucana.com\/wp-content\/uploads\/2025\/10\/1_edwiges-35795625.webp\" \/>\n\t<meta property=\"og:image:width\" content=\"853\" \/>\n\t<meta property=\"og:image:height\" content=\"639\" \/>\n\t<meta property=\"og:image:type\" content=\"image\/webp\" \/>\n<meta name=\"author\" content=\"GP\" \/>\n<meta name=\"twitter:card\" content=\"summary_large_image\" \/>\n<meta name=\"twitter:label1\" content=\"Escrito por\" \/>\n\t<meta name=\"twitter:data1\" content=\"GP\" \/>\n\t<meta name=\"twitter:label2\" content=\"Est. tempo de leitura\" \/>\n\t<meta name=\"twitter:data2\" content=\"5 minutos\" \/>\n<script type=\"application\/ld+json\" class=\"yoast-schema-graph\">{\"@context\":\"https:\/\/schema.org\",\"@graph\":[{\"@type\":\"WebPage\",\"@id\":\"https:\/\/gazetapernambucana.com\/?p=1922\",\"url\":\"https:\/\/gazetapernambucana.com\/?p=1922\",\"name\":\"A escrita que restitui: Andrea Campos lan\u00e7a obra que reconstr\u00f3i a presen\u00e7a da mulher na hist\u00f3ria de Pernambuco -\",\"isPartOf\":{\"@id\":\"https:\/\/gazetapernambucana.com\/#website\"},\"primaryImageOfPage\":{\"@id\":\"https:\/\/gazetapernambucana.com\/?p=1922#primaryimage\"},\"image\":{\"@id\":\"https:\/\/gazetapernambucana.com\/?p=1922#primaryimage\"},\"thumbnailUrl\":\"https:\/\/gazetapernambucana.com\/wp-content\/uploads\/2025\/10\/1_edwiges-35795625.webp\",\"datePublished\":\"2025-10-10T16:02:43+00:00\",\"author\":{\"@id\":\"https:\/\/gazetapernambucana.com\/#\/schema\/person\/188dc283325181ac2de4db1e9e987427\"},\"breadcrumb\":{\"@id\":\"https:\/\/gazetapernambucana.com\/?p=1922#breadcrumb\"},\"inLanguage\":\"pt-BR\",\"potentialAction\":[{\"@type\":\"ReadAction\",\"target\":[\"https:\/\/gazetapernambucana.com\/?p=1922\"]}]},{\"@type\":\"ImageObject\",\"inLanguage\":\"pt-BR\",\"@id\":\"https:\/\/gazetapernambucana.com\/?p=1922#primaryimage\",\"url\":\"https:\/\/gazetapernambucana.com\/wp-content\/uploads\/2025\/10\/1_edwiges-35795625.webp\",\"contentUrl\":\"https:\/\/gazetapernambucana.com\/wp-content\/uploads\/2025\/10\/1_edwiges-35795625.webp\",\"width\":853,\"height\":639},{\"@type\":\"BreadcrumbList\",\"@id\":\"https:\/\/gazetapernambucana.com\/?p=1922#breadcrumb\",\"itemListElement\":[{\"@type\":\"ListItem\",\"position\":1,\"name\":\"In\u00edcio\",\"item\":\"https:\/\/gazetapernambucana.com\/\"},{\"@type\":\"ListItem\",\"position\":2,\"name\":\"A escrita que restitui: Andrea Campos lan\u00e7a obra que reconstr\u00f3i a presen\u00e7a da mulher na hist\u00f3ria de Pernambuco\"}]},{\"@type\":\"WebSite\",\"@id\":\"https:\/\/gazetapernambucana.com\/#website\",\"url\":\"https:\/\/gazetapernambucana.com\/\",\"name\":\"\",\"description\":\"\",\"potentialAction\":[{\"@type\":\"SearchAction\",\"target\":{\"@type\":\"EntryPoint\",\"urlTemplate\":\"https:\/\/gazetapernambucana.com\/?s={search_term_string}\"},\"query-input\":{\"@type\":\"PropertyValueSpecification\",\"valueRequired\":true,\"valueName\":\"search_term_string\"}}],\"inLanguage\":\"pt-BR\"},{\"@type\":\"Person\",\"@id\":\"https:\/\/gazetapernambucana.com\/#\/schema\/person\/188dc283325181ac2de4db1e9e987427\",\"name\":\"GP\",\"image\":{\"@type\":\"ImageObject\",\"inLanguage\":\"pt-BR\",\"@id\":\"https:\/\/gazetapernambucana.com\/#\/schema\/person\/image\/\",\"url\":\"https:\/\/secure.gravatar.com\/avatar\/9dad78ff9a2d8b5742d11779f8a3f53b052320c550b2e1907882353c067bb111?s=96&d=mm&r=g\",\"contentUrl\":\"https:\/\/secure.gravatar.com\/avatar\/9dad78ff9a2d8b5742d11779f8a3f53b052320c550b2e1907882353c067bb111?s=96&d=mm&r=g\",\"caption\":\"GP\"},\"sameAs\":[\"http:\/\/gazetapernambucana.com\"],\"url\":\"https:\/\/gazetapernambucana.com\/?author=1\"}]}<\/script>\n<!-- \/ Yoast SEO plugin. -->","yoast_head_json":{"title":"A escrita que restitui: Andrea Campos lan\u00e7a obra que reconstr\u00f3i a presen\u00e7a da mulher na hist\u00f3ria de Pernambuco -","robots":{"index":"index","follow":"follow","max-snippet":"max-snippet:-1","max-image-preview":"max-image-preview:large","max-video-preview":"max-video-preview:-1"},"canonical":"https:\/\/gazetapernambucana.com\/?p=1922","og_locale":"pt_BR","og_type":"article","og_title":"A escrita que restitui: Andrea Campos lan\u00e7a obra que reconstr\u00f3i a presen\u00e7a da mulher na hist\u00f3ria de Pernambuco -","og_description":"\u201cGenealogia da Mulher Pernambucana\u201d desafia o esquecimento e inscreve novas vozes na mem\u00f3ria do Estado Poucos gestos t\u00eam o poder de reescrever o passado. Um deles \u00e9 a pesquisa obstinada. Outro, o gesto liter\u00e1rio. A escritora e pesquisadora Andrea Almeida Campos une ambos em Genealogia da Mulher Pernambucana \u2014 das origens \u00e0 primeira metade do [&hellip;]","og_url":"https:\/\/gazetapernambucana.com\/?p=1922","article_published_time":"2025-10-10T16:02:43+00:00","og_image":[{"width":853,"height":639,"url":"https:\/\/gazetapernambucana.com\/wp-content\/uploads\/2025\/10\/1_edwiges-35795625.webp","type":"image\/webp"}],"author":"GP","twitter_card":"summary_large_image","twitter_misc":{"Escrito por":"GP","Est. tempo de leitura":"5 minutos"},"schema":{"@context":"https:\/\/schema.org","@graph":[{"@type":"WebPage","@id":"https:\/\/gazetapernambucana.com\/?p=1922","url":"https:\/\/gazetapernambucana.com\/?p=1922","name":"A escrita que restitui: Andrea Campos lan\u00e7a obra que reconstr\u00f3i a presen\u00e7a da mulher na hist\u00f3ria de Pernambuco -","isPartOf":{"@id":"https:\/\/gazetapernambucana.com\/#website"},"primaryImageOfPage":{"@id":"https:\/\/gazetapernambucana.com\/?p=1922#primaryimage"},"image":{"@id":"https:\/\/gazetapernambucana.com\/?p=1922#primaryimage"},"thumbnailUrl":"https:\/\/gazetapernambucana.com\/wp-content\/uploads\/2025\/10\/1_edwiges-35795625.webp","datePublished":"2025-10-10T16:02:43+00:00","author":{"@id":"https:\/\/gazetapernambucana.com\/#\/schema\/person\/188dc283325181ac2de4db1e9e987427"},"breadcrumb":{"@id":"https:\/\/gazetapernambucana.com\/?p=1922#breadcrumb"},"inLanguage":"pt-BR","potentialAction":[{"@type":"ReadAction","target":["https:\/\/gazetapernambucana.com\/?p=1922"]}]},{"@type":"ImageObject","inLanguage":"pt-BR","@id":"https:\/\/gazetapernambucana.com\/?p=1922#primaryimage","url":"https:\/\/gazetapernambucana.com\/wp-content\/uploads\/2025\/10\/1_edwiges-35795625.webp","contentUrl":"https:\/\/gazetapernambucana.com\/wp-content\/uploads\/2025\/10\/1_edwiges-35795625.webp","width":853,"height":639},{"@type":"BreadcrumbList","@id":"https:\/\/gazetapernambucana.com\/?p=1922#breadcrumb","itemListElement":[{"@type":"ListItem","position":1,"name":"In\u00edcio","item":"https:\/\/gazetapernambucana.com\/"},{"@type":"ListItem","position":2,"name":"A escrita que restitui: Andrea Campos lan\u00e7a obra que reconstr\u00f3i a presen\u00e7a da mulher na hist\u00f3ria de Pernambuco"}]},{"@type":"WebSite","@id":"https:\/\/gazetapernambucana.com\/#website","url":"https:\/\/gazetapernambucana.com\/","name":"","description":"","potentialAction":[{"@type":"SearchAction","target":{"@type":"EntryPoint","urlTemplate":"https:\/\/gazetapernambucana.com\/?s={search_term_string}"},"query-input":{"@type":"PropertyValueSpecification","valueRequired":true,"valueName":"search_term_string"}}],"inLanguage":"pt-BR"},{"@type":"Person","@id":"https:\/\/gazetapernambucana.com\/#\/schema\/person\/188dc283325181ac2de4db1e9e987427","name":"GP","image":{"@type":"ImageObject","inLanguage":"pt-BR","@id":"https:\/\/gazetapernambucana.com\/#\/schema\/person\/image\/","url":"https:\/\/secure.gravatar.com\/avatar\/9dad78ff9a2d8b5742d11779f8a3f53b052320c550b2e1907882353c067bb111?s=96&d=mm&r=g","contentUrl":"https:\/\/secure.gravatar.com\/avatar\/9dad78ff9a2d8b5742d11779f8a3f53b052320c550b2e1907882353c067bb111?s=96&d=mm&r=g","caption":"GP"},"sameAs":["http:\/\/gazetapernambucana.com"],"url":"https:\/\/gazetapernambucana.com\/?author=1"}]}},"jetpack_publicize_connections":[],"_links":{"self":[{"href":"https:\/\/gazetapernambucana.com\/index.php?rest_route=\/wp\/v2\/posts\/1922","targetHints":{"allow":["GET"]}}],"collection":[{"href":"https:\/\/gazetapernambucana.com\/index.php?rest_route=\/wp\/v2\/posts"}],"about":[{"href":"https:\/\/gazetapernambucana.com\/index.php?rest_route=\/wp\/v2\/types\/post"}],"author":[{"embeddable":true,"href":"https:\/\/gazetapernambucana.com\/index.php?rest_route=\/wp\/v2\/users\/1"}],"replies":[{"embeddable":true,"href":"https:\/\/gazetapernambucana.com\/index.php?rest_route=%2Fwp%2Fv2%2Fcomments&post=1922"}],"version-history":[{"count":1,"href":"https:\/\/gazetapernambucana.com\/index.php?rest_route=\/wp\/v2\/posts\/1922\/revisions"}],"predecessor-version":[{"id":1926,"href":"https:\/\/gazetapernambucana.com\/index.php?rest_route=\/wp\/v2\/posts\/1922\/revisions\/1926"}],"wp:featuredmedia":[{"embeddable":true,"href":"https:\/\/gazetapernambucana.com\/index.php?rest_route=\/wp\/v2\/media\/1923"}],"wp:attachment":[{"href":"https:\/\/gazetapernambucana.com\/index.php?rest_route=%2Fwp%2Fv2%2Fmedia&parent=1922"}],"wp:term":[{"taxonomy":"category","embeddable":true,"href":"https:\/\/gazetapernambucana.com\/index.php?rest_route=%2Fwp%2Fv2%2Fcategories&post=1922"},{"taxonomy":"post_tag","embeddable":true,"href":"https:\/\/gazetapernambucana.com\/index.php?rest_route=%2Fwp%2Fv2%2Ftags&post=1922"}],"curies":[{"name":"wp","href":"https:\/\/api.w.org\/{rel}","templated":true}]}}