{"id":1915,"date":"2025-10-08T19:24:58","date_gmt":"2025-10-08T22:24:58","guid":{"rendered":"https:\/\/gazetapernambucana.com\/?p=1915"},"modified":"2025-10-08T19:24:58","modified_gmt":"2025-10-08T22:24:58","slug":"adelio-bispo-passara-por-novo-exame-de-periculosidade","status":"publish","type":"post","link":"https:\/\/gazetapernambucana.com\/?p=1915","title":{"rendered":"Ad\u00e9lio Bispo passar\u00e1 por novo exame de periculosidade"},"content":{"rendered":"<header class=\"title-block\">\n<h2>Laudo indicar\u00e1 se autor da facada contra Bolsonaro precisa seguir sob cust\u00f3dia<\/h2>\n<\/header>\n<div class=\"columns\">\n<section class=\"content\">\n<figure class=\"image-block\">\n<div class=\"\"><img loading=\"lazy\" decoding=\"async\" class=\"size-large wp-image-169852\" src=\"https:\/\/static.cdn.pleno.news\/2018\/09\/bolsonaro_ad%C3%A9lio_interna-e1536269339426-1024x617.jpg\" sizes=\"auto, (max-width: 1024px) 100vw, 1024px\" srcset=\"https:\/\/static.cdn.pleno.news\/2018\/09\/bolsonaro_ad\u00e9lio_interna-e1536269339426-1024x617.jpg 1024w, https:\/\/static.cdn.pleno.news\/2018\/09\/bolsonaro_ad\u00e9lio_interna-e1536269339426-300x181.jpg 300w, https:\/\/static.cdn.pleno.news\/2018\/09\/bolsonaro_ad\u00e9lio_interna-e1536269339426-768x463.jpg 768w, https:\/\/static.cdn.pleno.news\/2018\/09\/bolsonaro_ad\u00e9lio_interna-e1536269339426-249x150.jpg 249w, https:\/\/static.cdn.pleno.news\/2018\/09\/bolsonaro_ad\u00e9lio_interna-e1536269339426-250x151.jpg 250w, https:\/\/static.cdn.pleno.news\/2018\/09\/bolsonaro_ad\u00e9lio_interna-e1536269339426-25x15.jpg 25w, https:\/\/static.cdn.pleno.news\/2018\/09\/bolsonaro_ad\u00e9lio_interna-e1536269339426.jpg 1200w\" alt=\"\" width=\"1024\" height=\"617\" \/><\/div><figcaption><\/figcaption><\/figure>\n<p>Autor do atentado \u00e0 faca contra o ex-presidente Jair Bolsonaro (PL), Ad\u00e9lio Bispo, de 47 anos, passar\u00e1 por um novo exame psiqui\u00e1trico a fim de medir seu n\u00edvel de periculosidade e indicar se ele ainda apresenta risco \u00e0 sociedade. A depender do resultado, ele pode ser transferido para um hospital de cust\u00f3dia, ou receber alta e retornar \u00e0 liberdade, embora essa \u00faltima seja considerada uma possibilidade remota.<\/p>\n<p>Segundo informa\u00e7\u00f5es apuradas pelo portal Metr\u00f3poles, uma equipe de dois psic\u00f3logos ser\u00e1 recebida no Pres\u00eddio Federal de Campo Grande para realizar o exame. O laudo indicar\u00e1 se ele continua apresentando transtornos mentais.<\/p>\n<div id=\"r89-video-outstream-wrapper\">\n<div id=\"r89-video-outstream\" data-google-query-id=\"CIT4u56dlZADFUxV3QIdcagdCw\"><\/div>\n<\/div>\n<p>Caso as restri\u00e7\u00f5es sejam mantidas, Ad\u00e9lio pode ser levado a uma unidade psiqui\u00e1trica para pessoas que cumprem medidas de seguran\u00e7a. Se, por outro lado, os exames indicarem que ele n\u00e3o apresenta mais risco, ele poderia ser posto em liberdade, com acompanhamento ambulatorial.<\/p>\n<p>Segundo agentes ouvidos sob reserva pelo Metr\u00f3poles, a possibilidade de Ad\u00e9lio ser solto \u00e9 tida como remota, haja vista que os \u00faltimos relat\u00f3rios t\u00eam indicado que seus problemas de sa\u00fade mental t\u00eam se agravado no decorrer dos anos.<\/p>\n<p>Atualmente, Ad\u00e9lio vive isolado em uma cela de seis metros quadrados no Pres\u00eddio Federal de Campo Grande, se recusa a ter contato com outros encarcerados e nega at\u00e9 mesmo banhos de Sol. Ele n\u00e3o l\u00ea livros, nem recebe visitas de familiares h\u00e1 mais de um ano. Tamb\u00e9m tem se negado a tomar rem\u00e9dios para o transtorno delirante. Seu prontu\u00e1rio \u00e9 sigiloso.<\/p>\n<p>Ad\u00e9lio n\u00e3o cumpre pena, nem responde a a\u00e7\u00e3o criminal, porque foi considerado inimput\u00e1vel em raz\u00e3o dos transtornos psiqui\u00e1tricos. A medida de seguran\u00e7a que restringiu sua liberdade foi aplicada contra ele ap\u00f3s desferir uma facada no at\u00e9 ent\u00e3o candidato \u00e0 Presid\u00eancia da Rep\u00fablica, Jair Bolsonaro (PL), durante campanha em Juiz de Fora, Minas Gerais, no ano de 2018.<\/p>\n<\/section>\n<\/div>\n","protected":false},"excerpt":{"rendered":"<p>Laudo indicar\u00e1 se autor da facada contra Bolsonaro precisa seguir sob cust\u00f3dia Autor do atentado \u00e0 faca contra o ex-presidente Jair Bolsonaro (PL), Ad\u00e9lio Bispo, de 47 anos, passar\u00e1 por um novo exame psiqui\u00e1trico a fim de medir seu n\u00edvel de periculosidade e indicar se ele ainda apresenta risco \u00e0 sociedade. A depender do resultado, [&hellip;]<\/p>\n","protected":false},"author":1,"featured_media":1916,"comment_status":"open","ping_status":"open","sticky":false,"template":"","format":"standard","meta":{"footnotes":"","jetpack_publicize_message":"","jetpack_publicize_feature_enabled":true,"jetpack_social_post_already_shared":true,"jetpack_social_options":{"image_generator_settings":{"template":"highway","default_image_id":0,"font":"","enabled":false},"version":2}},"categories":[37,1,65],"tags":[],"class_list":["post-1915","post","type-post","status-publish","format-standard","has-post-thumbnail","hentry","category-https-gazetapernambucana-com-page_id212","category-https-gazetapernambucana-com-page_id225","category-politica"],"yoast_head":"<!-- This site is optimized with the Yoast SEO plugin v24.5 - https:\/\/yoast.com\/wordpress\/plugins\/seo\/ -->\n<title>Ad\u00e9lio Bispo passar\u00e1 por novo exame de periculosidade -<\/title>\n<meta name=\"robots\" content=\"index, follow, max-snippet:-1, max-image-preview:large, max-video-preview:-1\" \/>\n<link rel=\"canonical\" href=\"https:\/\/gazetapernambucana.com\/?p=1915\" \/>\n<meta property=\"og:locale\" content=\"pt_BR\" \/>\n<meta property=\"og:type\" content=\"article\" \/>\n<meta property=\"og:title\" content=\"Ad\u00e9lio Bispo passar\u00e1 por novo exame de periculosidade -\" \/>\n<meta property=\"og:description\" content=\"Laudo indicar\u00e1 se autor da facada contra Bolsonaro precisa seguir sob cust\u00f3dia Autor do atentado \u00e0 faca contra o ex-presidente Jair Bolsonaro (PL), Ad\u00e9lio Bispo, de 47 anos, passar\u00e1 por um novo exame psiqui\u00e1trico a fim de medir seu n\u00edvel de periculosidade e indicar se ele ainda apresenta risco \u00e0 sociedade. A depender do resultado, [&hellip;]\" \/>\n<meta property=\"og:url\" content=\"https:\/\/gazetapernambucana.com\/?p=1915\" \/>\n<meta property=\"article:published_time\" content=\"2025-10-08T22:24:58+00:00\" \/>\n<meta property=\"og:image\" content=\"https:\/\/gazetapernambucana.com\/wp-content\/uploads\/2025\/10\/bolsonaro_adelio_interna-e1536269339426.webp\" \/>\n\t<meta property=\"og:image:width\" content=\"1200\" \/>\n\t<meta property=\"og:image:height\" content=\"723\" \/>\n\t<meta property=\"og:image:type\" content=\"image\/webp\" \/>\n<meta name=\"author\" content=\"GP\" \/>\n<meta name=\"twitter:card\" content=\"summary_large_image\" \/>\n<meta name=\"twitter:label1\" content=\"Escrito por\" \/>\n\t<meta name=\"twitter:data1\" content=\"GP\" \/>\n\t<meta name=\"twitter:label2\" content=\"Est. tempo de leitura\" \/>\n\t<meta name=\"twitter:data2\" content=\"3 minutos\" \/>\n<script type=\"application\/ld+json\" class=\"yoast-schema-graph\">{\"@context\":\"https:\/\/schema.org\",\"@graph\":[{\"@type\":\"WebPage\",\"@id\":\"https:\/\/gazetapernambucana.com\/?p=1915\",\"url\":\"https:\/\/gazetapernambucana.com\/?p=1915\",\"name\":\"Ad\u00e9lio Bispo passar\u00e1 por novo exame de periculosidade -\",\"isPartOf\":{\"@id\":\"https:\/\/gazetapernambucana.com\/#website\"},\"primaryImageOfPage\":{\"@id\":\"https:\/\/gazetapernambucana.com\/?p=1915#primaryimage\"},\"image\":{\"@id\":\"https:\/\/gazetapernambucana.com\/?p=1915#primaryimage\"},\"thumbnailUrl\":\"https:\/\/gazetapernambucana.com\/wp-content\/uploads\/2025\/10\/bolsonaro_adelio_interna-e1536269339426.webp\",\"datePublished\":\"2025-10-08T22:24:58+00:00\",\"author\":{\"@id\":\"https:\/\/gazetapernambucana.com\/#\/schema\/person\/188dc283325181ac2de4db1e9e987427\"},\"breadcrumb\":{\"@id\":\"https:\/\/gazetapernambucana.com\/?p=1915#breadcrumb\"},\"inLanguage\":\"pt-BR\",\"potentialAction\":[{\"@type\":\"ReadAction\",\"target\":[\"https:\/\/gazetapernambucana.com\/?p=1915\"]}]},{\"@type\":\"ImageObject\",\"inLanguage\":\"pt-BR\",\"@id\":\"https:\/\/gazetapernambucana.com\/?p=1915#primaryimage\",\"url\":\"https:\/\/gazetapernambucana.com\/wp-content\/uploads\/2025\/10\/bolsonaro_adelio_interna-e1536269339426.webp\",\"contentUrl\":\"https:\/\/gazetapernambucana.com\/wp-content\/uploads\/2025\/10\/bolsonaro_adelio_interna-e1536269339426.webp\",\"width\":1200,\"height\":723},{\"@type\":\"BreadcrumbList\",\"@id\":\"https:\/\/gazetapernambucana.com\/?p=1915#breadcrumb\",\"itemListElement\":[{\"@type\":\"ListItem\",\"position\":1,\"name\":\"In\u00edcio\",\"item\":\"https:\/\/gazetapernambucana.com\/\"},{\"@type\":\"ListItem\",\"position\":2,\"name\":\"Ad\u00e9lio Bispo passar\u00e1 por novo exame de periculosidade\"}]},{\"@type\":\"WebSite\",\"@id\":\"https:\/\/gazetapernambucana.com\/#website\",\"url\":\"https:\/\/gazetapernambucana.com\/\",\"name\":\"\",\"description\":\"\",\"potentialAction\":[{\"@type\":\"SearchAction\",\"target\":{\"@type\":\"EntryPoint\",\"urlTemplate\":\"https:\/\/gazetapernambucana.com\/?s={search_term_string}\"},\"query-input\":{\"@type\":\"PropertyValueSpecification\",\"valueRequired\":true,\"valueName\":\"search_term_string\"}}],\"inLanguage\":\"pt-BR\"},{\"@type\":\"Person\",\"@id\":\"https:\/\/gazetapernambucana.com\/#\/schema\/person\/188dc283325181ac2de4db1e9e987427\",\"name\":\"GP\",\"image\":{\"@type\":\"ImageObject\",\"inLanguage\":\"pt-BR\",\"@id\":\"https:\/\/gazetapernambucana.com\/#\/schema\/person\/image\/\",\"url\":\"https:\/\/secure.gravatar.com\/avatar\/9dad78ff9a2d8b5742d11779f8a3f53b052320c550b2e1907882353c067bb111?s=96&d=mm&r=g\",\"contentUrl\":\"https:\/\/secure.gravatar.com\/avatar\/9dad78ff9a2d8b5742d11779f8a3f53b052320c550b2e1907882353c067bb111?s=96&d=mm&r=g\",\"caption\":\"GP\"},\"sameAs\":[\"http:\/\/gazetapernambucana.com\"],\"url\":\"https:\/\/gazetapernambucana.com\/?author=1\"}]}<\/script>\n<!-- \/ Yoast SEO plugin. -->","yoast_head_json":{"title":"Ad\u00e9lio Bispo passar\u00e1 por novo exame de periculosidade -","robots":{"index":"index","follow":"follow","max-snippet":"max-snippet:-1","max-image-preview":"max-image-preview:large","max-video-preview":"max-video-preview:-1"},"canonical":"https:\/\/gazetapernambucana.com\/?p=1915","og_locale":"pt_BR","og_type":"article","og_title":"Ad\u00e9lio Bispo passar\u00e1 por novo exame de periculosidade -","og_description":"Laudo indicar\u00e1 se autor da facada contra Bolsonaro precisa seguir sob cust\u00f3dia Autor do atentado \u00e0 faca contra o ex-presidente Jair Bolsonaro (PL), Ad\u00e9lio Bispo, de 47 anos, passar\u00e1 por um novo exame psiqui\u00e1trico a fim de medir seu n\u00edvel de periculosidade e indicar se ele ainda apresenta risco \u00e0 sociedade. A depender do resultado, [&hellip;]","og_url":"https:\/\/gazetapernambucana.com\/?p=1915","article_published_time":"2025-10-08T22:24:58+00:00","og_image":[{"width":1200,"height":723,"url":"https:\/\/gazetapernambucana.com\/wp-content\/uploads\/2025\/10\/bolsonaro_adelio_interna-e1536269339426.webp","type":"image\/webp"}],"author":"GP","twitter_card":"summary_large_image","twitter_misc":{"Escrito por":"GP","Est. tempo de leitura":"3 minutos"},"schema":{"@context":"https:\/\/schema.org","@graph":[{"@type":"WebPage","@id":"https:\/\/gazetapernambucana.com\/?p=1915","url":"https:\/\/gazetapernambucana.com\/?p=1915","name":"Ad\u00e9lio Bispo passar\u00e1 por novo exame de periculosidade -","isPartOf":{"@id":"https:\/\/gazetapernambucana.com\/#website"},"primaryImageOfPage":{"@id":"https:\/\/gazetapernambucana.com\/?p=1915#primaryimage"},"image":{"@id":"https:\/\/gazetapernambucana.com\/?p=1915#primaryimage"},"thumbnailUrl":"https:\/\/gazetapernambucana.com\/wp-content\/uploads\/2025\/10\/bolsonaro_adelio_interna-e1536269339426.webp","datePublished":"2025-10-08T22:24:58+00:00","author":{"@id":"https:\/\/gazetapernambucana.com\/#\/schema\/person\/188dc283325181ac2de4db1e9e987427"},"breadcrumb":{"@id":"https:\/\/gazetapernambucana.com\/?p=1915#breadcrumb"},"inLanguage":"pt-BR","potentialAction":[{"@type":"ReadAction","target":["https:\/\/gazetapernambucana.com\/?p=1915"]}]},{"@type":"ImageObject","inLanguage":"pt-BR","@id":"https:\/\/gazetapernambucana.com\/?p=1915#primaryimage","url":"https:\/\/gazetapernambucana.com\/wp-content\/uploads\/2025\/10\/bolsonaro_adelio_interna-e1536269339426.webp","contentUrl":"https:\/\/gazetapernambucana.com\/wp-content\/uploads\/2025\/10\/bolsonaro_adelio_interna-e1536269339426.webp","width":1200,"height":723},{"@type":"BreadcrumbList","@id":"https:\/\/gazetapernambucana.com\/?p=1915#breadcrumb","itemListElement":[{"@type":"ListItem","position":1,"name":"In\u00edcio","item":"https:\/\/gazetapernambucana.com\/"},{"@type":"ListItem","position":2,"name":"Ad\u00e9lio Bispo passar\u00e1 por novo exame de periculosidade"}]},{"@type":"WebSite","@id":"https:\/\/gazetapernambucana.com\/#website","url":"https:\/\/gazetapernambucana.com\/","name":"","description":"","potentialAction":[{"@type":"SearchAction","target":{"@type":"EntryPoint","urlTemplate":"https:\/\/gazetapernambucana.com\/?s={search_term_string}"},"query-input":{"@type":"PropertyValueSpecification","valueRequired":true,"valueName":"search_term_string"}}],"inLanguage":"pt-BR"},{"@type":"Person","@id":"https:\/\/gazetapernambucana.com\/#\/schema\/person\/188dc283325181ac2de4db1e9e987427","name":"GP","image":{"@type":"ImageObject","inLanguage":"pt-BR","@id":"https:\/\/gazetapernambucana.com\/#\/schema\/person\/image\/","url":"https:\/\/secure.gravatar.com\/avatar\/9dad78ff9a2d8b5742d11779f8a3f53b052320c550b2e1907882353c067bb111?s=96&d=mm&r=g","contentUrl":"https:\/\/secure.gravatar.com\/avatar\/9dad78ff9a2d8b5742d11779f8a3f53b052320c550b2e1907882353c067bb111?s=96&d=mm&r=g","caption":"GP"},"sameAs":["http:\/\/gazetapernambucana.com"],"url":"https:\/\/gazetapernambucana.com\/?author=1"}]}},"jetpack_publicize_connections":[],"_links":{"self":[{"href":"https:\/\/gazetapernambucana.com\/index.php?rest_route=\/wp\/v2\/posts\/1915","targetHints":{"allow":["GET"]}}],"collection":[{"href":"https:\/\/gazetapernambucana.com\/index.php?rest_route=\/wp\/v2\/posts"}],"about":[{"href":"https:\/\/gazetapernambucana.com\/index.php?rest_route=\/wp\/v2\/types\/post"}],"author":[{"embeddable":true,"href":"https:\/\/gazetapernambucana.com\/index.php?rest_route=\/wp\/v2\/users\/1"}],"replies":[{"embeddable":true,"href":"https:\/\/gazetapernambucana.com\/index.php?rest_route=%2Fwp%2Fv2%2Fcomments&post=1915"}],"version-history":[{"count":1,"href":"https:\/\/gazetapernambucana.com\/index.php?rest_route=\/wp\/v2\/posts\/1915\/revisions"}],"predecessor-version":[{"id":1917,"href":"https:\/\/gazetapernambucana.com\/index.php?rest_route=\/wp\/v2\/posts\/1915\/revisions\/1917"}],"wp:featuredmedia":[{"embeddable":true,"href":"https:\/\/gazetapernambucana.com\/index.php?rest_route=\/wp\/v2\/media\/1916"}],"wp:attachment":[{"href":"https:\/\/gazetapernambucana.com\/index.php?rest_route=%2Fwp%2Fv2%2Fmedia&parent=1915"}],"wp:term":[{"taxonomy":"category","embeddable":true,"href":"https:\/\/gazetapernambucana.com\/index.php?rest_route=%2Fwp%2Fv2%2Fcategories&post=1915"},{"taxonomy":"post_tag","embeddable":true,"href":"https:\/\/gazetapernambucana.com\/index.php?rest_route=%2Fwp%2Fv2%2Ftags&post=1915"}],"curies":[{"name":"wp","href":"https:\/\/api.w.org\/{rel}","templated":true}]}}