{"id":1909,"date":"2025-10-08T11:15:16","date_gmt":"2025-10-08T14:15:16","guid":{"rendered":"https:\/\/gazetapernambucana.com\/?p=1909"},"modified":"2025-10-08T11:15:16","modified_gmt":"2025-10-08T14:15:16","slug":"greta-rebate-trump-sobre-sua-saude-mental-e-controle-de-raiva","status":"publish","type":"post","link":"https:\/\/gazetapernambucana.com\/?p=1909","title":{"rendered":"Greta rebate Trump sobre sua sa\u00fade mental e controle de raiva"},"content":{"rendered":"<header class=\"title-block\">\n<h2>Ativista comentou fala do presidente por meio das redes sociais<\/h2>\n<\/header>\n<div class=\"columns\">\n<section class=\"content\">\n<figure class=\"image-block\">\n<div class=\"\"><img decoding=\"async\" class=\"size-large wp-image-1319076\" src=\"https:\/\/static.cdn.pleno.news\/2024\/05\/Greta-Thunberg-durante-julgamento-1024x710.jpg\" alt=\"\" \/><\/div><figcaption>Greta Thunberg\u00a0<span class=\"name\">Foto: EFE\/EPA\/FREDRIK SANDBERG<\/span><\/figcaption><\/figure>\n<p>A ativista sueca Greta Thunberg se manifestou, na madrugada desta ter\u00e7a-feira (7), sobre fala do presidente dos Estados Unidos, Donald Trump, dizendo que ela tem problemas para controlar a sua raiva. Em publica\u00e7\u00e3o nas redes sociais, Greta sugeriu que ele sofre dessa mesma quest\u00e3o.<\/p>\n<p>Greta est\u00e1 entre ativistas detidos por participarem de uma flotilha. Segundo os organizadores da flotilha, as embarca\u00e7\u00f5es levavam alimentos, \u00e1gua pot\u00e1vel e suprimentos m\u00e9dicos ao povo palestino em Gaza. No entanto, uma nota oficial do Minist\u00e9rio de Assuntos da Di\u00e1spora (MDA) de Israel aponta que n\u00e3o havia nenhum tipo de doa\u00e7\u00e3o humanit\u00e1ria nos barcos. Os ativistas foram deportados nesta segunda (6).<\/p>\n<p>Por meio das redes sociais, Greta comentou a fala do presidente Trump.<\/p>\n<p>\u2013 Ouvi dizer que Donald Trump expressou mais uma vez suas opini\u00f5es muito lisonjeiras sobre meu car\u00e1ter e aprecio sua preocupa\u00e7\u00e3o com minha sa\u00fade mental \u2013 disse, em publica\u00e7\u00e3o.<\/p>\n<p>\u2013 Eu aceitaria gentilmente quaisquer recomenda\u00e7\u00f5es que voc\u00ea possa ter para lidar com esses chamados \u201cproblemas de controle da raiva\u201d, j\u00e1 que, a julgar pelo seu hist\u00f3rico impressionante, voc\u00ea parece estar sofrendo com eles tamb\u00e9m \u2013 concluiu.<\/p>\n<p>*Com informa\u00e7\u00f5es AE<\/p>\n<\/section>\n<\/div>\n","protected":false},"excerpt":{"rendered":"<p>Ativista comentou fala do presidente por meio das redes sociais Greta Thunberg\u00a0Foto: EFE\/EPA\/FREDRIK SANDBERG A ativista sueca Greta Thunberg se manifestou, na madrugada desta ter\u00e7a-feira (7), sobre fala do presidente dos Estados Unidos, Donald Trump, dizendo que ela tem problemas para controlar a sua raiva. Em publica\u00e7\u00e3o nas redes sociais, Greta sugeriu que ele sofre [&hellip;]<\/p>\n","protected":false},"author":1,"featured_media":1910,"comment_status":"open","ping_status":"open","sticky":false,"template":"","format":"standard","meta":{"footnotes":"","jetpack_publicize_message":"","jetpack_publicize_feature_enabled":true,"jetpack_social_post_already_shared":true,"jetpack_social_options":{"image_generator_settings":{"template":"highway","default_image_id":0,"font":"","enabled":false},"version":2}},"categories":[1,36,65],"tags":[],"class_list":["post-1909","post","type-post","status-publish","format-standard","has-post-thumbnail","hentry","category-https-gazetapernambucana-com-page_id225","category-https-gazetapernambucana-com-page_id209","category-politica"],"yoast_head":"<!-- This site is optimized with the Yoast SEO plugin v24.5 - https:\/\/yoast.com\/wordpress\/plugins\/seo\/ -->\n<title>Greta rebate Trump sobre sua sa\u00fade mental e controle de raiva -<\/title>\n<meta name=\"robots\" content=\"index, follow, max-snippet:-1, max-image-preview:large, max-video-preview:-1\" \/>\n<link rel=\"canonical\" href=\"https:\/\/gazetapernambucana.com\/?p=1909\" \/>\n<meta property=\"og:locale\" content=\"pt_BR\" \/>\n<meta property=\"og:type\" content=\"article\" \/>\n<meta property=\"og:title\" content=\"Greta rebate Trump sobre sua sa\u00fade mental e controle de raiva -\" \/>\n<meta property=\"og:description\" content=\"Ativista comentou fala do presidente por meio das redes sociais Greta Thunberg\u00a0Foto: EFE\/EPA\/FREDRIK SANDBERG A ativista sueca Greta Thunberg se manifestou, na madrugada desta ter\u00e7a-feira (7), sobre fala do presidente dos Estados Unidos, Donald Trump, dizendo que ela tem problemas para controlar a sua raiva. Em publica\u00e7\u00e3o nas redes sociais, Greta sugeriu que ele sofre [&hellip;]\" \/>\n<meta property=\"og:url\" content=\"https:\/\/gazetapernambucana.com\/?p=1909\" \/>\n<meta property=\"article:published_time\" content=\"2025-10-08T14:15:16+00:00\" \/>\n<meta property=\"og:image\" content=\"https:\/\/gazetapernambucana.com\/wp-content\/uploads\/2025\/10\/Greta-Thunberg-durante-julgamento-1024x710-1.webp\" \/>\n\t<meta property=\"og:image:width\" content=\"1024\" \/>\n\t<meta property=\"og:image:height\" content=\"710\" \/>\n\t<meta property=\"og:image:type\" content=\"image\/webp\" \/>\n<meta name=\"author\" content=\"GP\" \/>\n<meta name=\"twitter:card\" content=\"summary_large_image\" \/>\n<meta name=\"twitter:label1\" content=\"Escrito por\" \/>\n\t<meta name=\"twitter:data1\" content=\"GP\" \/>\n\t<meta name=\"twitter:label2\" content=\"Est. tempo de leitura\" \/>\n\t<meta name=\"twitter:data2\" content=\"2 minutos\" \/>\n<script type=\"application\/ld+json\" class=\"yoast-schema-graph\">{\"@context\":\"https:\/\/schema.org\",\"@graph\":[{\"@type\":\"WebPage\",\"@id\":\"https:\/\/gazetapernambucana.com\/?p=1909\",\"url\":\"https:\/\/gazetapernambucana.com\/?p=1909\",\"name\":\"Greta rebate Trump sobre sua sa\u00fade mental e controle de raiva -\",\"isPartOf\":{\"@id\":\"https:\/\/gazetapernambucana.com\/#website\"},\"primaryImageOfPage\":{\"@id\":\"https:\/\/gazetapernambucana.com\/?p=1909#primaryimage\"},\"image\":{\"@id\":\"https:\/\/gazetapernambucana.com\/?p=1909#primaryimage\"},\"thumbnailUrl\":\"https:\/\/gazetapernambucana.com\/wp-content\/uploads\/2025\/10\/Greta-Thunberg-durante-julgamento-1024x710-1.webp\",\"datePublished\":\"2025-10-08T14:15:16+00:00\",\"author\":{\"@id\":\"https:\/\/gazetapernambucana.com\/#\/schema\/person\/188dc283325181ac2de4db1e9e987427\"},\"breadcrumb\":{\"@id\":\"https:\/\/gazetapernambucana.com\/?p=1909#breadcrumb\"},\"inLanguage\":\"pt-BR\",\"potentialAction\":[{\"@type\":\"ReadAction\",\"target\":[\"https:\/\/gazetapernambucana.com\/?p=1909\"]}]},{\"@type\":\"ImageObject\",\"inLanguage\":\"pt-BR\",\"@id\":\"https:\/\/gazetapernambucana.com\/?p=1909#primaryimage\",\"url\":\"https:\/\/gazetapernambucana.com\/wp-content\/uploads\/2025\/10\/Greta-Thunberg-durante-julgamento-1024x710-1.webp\",\"contentUrl\":\"https:\/\/gazetapernambucana.com\/wp-content\/uploads\/2025\/10\/Greta-Thunberg-durante-julgamento-1024x710-1.webp\",\"width\":1024,\"height\":710},{\"@type\":\"BreadcrumbList\",\"@id\":\"https:\/\/gazetapernambucana.com\/?p=1909#breadcrumb\",\"itemListElement\":[{\"@type\":\"ListItem\",\"position\":1,\"name\":\"In\u00edcio\",\"item\":\"https:\/\/gazetapernambucana.com\/\"},{\"@type\":\"ListItem\",\"position\":2,\"name\":\"Greta rebate Trump sobre sua sa\u00fade mental e controle de raiva\"}]},{\"@type\":\"WebSite\",\"@id\":\"https:\/\/gazetapernambucana.com\/#website\",\"url\":\"https:\/\/gazetapernambucana.com\/\",\"name\":\"\",\"description\":\"\",\"potentialAction\":[{\"@type\":\"SearchAction\",\"target\":{\"@type\":\"EntryPoint\",\"urlTemplate\":\"https:\/\/gazetapernambucana.com\/?s={search_term_string}\"},\"query-input\":{\"@type\":\"PropertyValueSpecification\",\"valueRequired\":true,\"valueName\":\"search_term_string\"}}],\"inLanguage\":\"pt-BR\"},{\"@type\":\"Person\",\"@id\":\"https:\/\/gazetapernambucana.com\/#\/schema\/person\/188dc283325181ac2de4db1e9e987427\",\"name\":\"GP\",\"image\":{\"@type\":\"ImageObject\",\"inLanguage\":\"pt-BR\",\"@id\":\"https:\/\/gazetapernambucana.com\/#\/schema\/person\/image\/\",\"url\":\"https:\/\/secure.gravatar.com\/avatar\/9dad78ff9a2d8b5742d11779f8a3f53b052320c550b2e1907882353c067bb111?s=96&d=mm&r=g\",\"contentUrl\":\"https:\/\/secure.gravatar.com\/avatar\/9dad78ff9a2d8b5742d11779f8a3f53b052320c550b2e1907882353c067bb111?s=96&d=mm&r=g\",\"caption\":\"GP\"},\"sameAs\":[\"http:\/\/gazetapernambucana.com\"],\"url\":\"https:\/\/gazetapernambucana.com\/?author=1\"}]}<\/script>\n<!-- \/ Yoast SEO plugin. -->","yoast_head_json":{"title":"Greta rebate Trump sobre sua sa\u00fade mental e controle de raiva -","robots":{"index":"index","follow":"follow","max-snippet":"max-snippet:-1","max-image-preview":"max-image-preview:large","max-video-preview":"max-video-preview:-1"},"canonical":"https:\/\/gazetapernambucana.com\/?p=1909","og_locale":"pt_BR","og_type":"article","og_title":"Greta rebate Trump sobre sua sa\u00fade mental e controle de raiva -","og_description":"Ativista comentou fala do presidente por meio das redes sociais Greta Thunberg\u00a0Foto: EFE\/EPA\/FREDRIK SANDBERG A ativista sueca Greta Thunberg se manifestou, na madrugada desta ter\u00e7a-feira (7), sobre fala do presidente dos Estados Unidos, Donald Trump, dizendo que ela tem problemas para controlar a sua raiva. Em publica\u00e7\u00e3o nas redes sociais, Greta sugeriu que ele sofre [&hellip;]","og_url":"https:\/\/gazetapernambucana.com\/?p=1909","article_published_time":"2025-10-08T14:15:16+00:00","og_image":[{"width":1024,"height":710,"url":"https:\/\/gazetapernambucana.com\/wp-content\/uploads\/2025\/10\/Greta-Thunberg-durante-julgamento-1024x710-1.webp","type":"image\/webp"}],"author":"GP","twitter_card":"summary_large_image","twitter_misc":{"Escrito por":"GP","Est. tempo de leitura":"2 minutos"},"schema":{"@context":"https:\/\/schema.org","@graph":[{"@type":"WebPage","@id":"https:\/\/gazetapernambucana.com\/?p=1909","url":"https:\/\/gazetapernambucana.com\/?p=1909","name":"Greta rebate Trump sobre sua sa\u00fade mental e controle de raiva -","isPartOf":{"@id":"https:\/\/gazetapernambucana.com\/#website"},"primaryImageOfPage":{"@id":"https:\/\/gazetapernambucana.com\/?p=1909#primaryimage"},"image":{"@id":"https:\/\/gazetapernambucana.com\/?p=1909#primaryimage"},"thumbnailUrl":"https:\/\/gazetapernambucana.com\/wp-content\/uploads\/2025\/10\/Greta-Thunberg-durante-julgamento-1024x710-1.webp","datePublished":"2025-10-08T14:15:16+00:00","author":{"@id":"https:\/\/gazetapernambucana.com\/#\/schema\/person\/188dc283325181ac2de4db1e9e987427"},"breadcrumb":{"@id":"https:\/\/gazetapernambucana.com\/?p=1909#breadcrumb"},"inLanguage":"pt-BR","potentialAction":[{"@type":"ReadAction","target":["https:\/\/gazetapernambucana.com\/?p=1909"]}]},{"@type":"ImageObject","inLanguage":"pt-BR","@id":"https:\/\/gazetapernambucana.com\/?p=1909#primaryimage","url":"https:\/\/gazetapernambucana.com\/wp-content\/uploads\/2025\/10\/Greta-Thunberg-durante-julgamento-1024x710-1.webp","contentUrl":"https:\/\/gazetapernambucana.com\/wp-content\/uploads\/2025\/10\/Greta-Thunberg-durante-julgamento-1024x710-1.webp","width":1024,"height":710},{"@type":"BreadcrumbList","@id":"https:\/\/gazetapernambucana.com\/?p=1909#breadcrumb","itemListElement":[{"@type":"ListItem","position":1,"name":"In\u00edcio","item":"https:\/\/gazetapernambucana.com\/"},{"@type":"ListItem","position":2,"name":"Greta rebate Trump sobre sua sa\u00fade mental e controle de raiva"}]},{"@type":"WebSite","@id":"https:\/\/gazetapernambucana.com\/#website","url":"https:\/\/gazetapernambucana.com\/","name":"","description":"","potentialAction":[{"@type":"SearchAction","target":{"@type":"EntryPoint","urlTemplate":"https:\/\/gazetapernambucana.com\/?s={search_term_string}"},"query-input":{"@type":"PropertyValueSpecification","valueRequired":true,"valueName":"search_term_string"}}],"inLanguage":"pt-BR"},{"@type":"Person","@id":"https:\/\/gazetapernambucana.com\/#\/schema\/person\/188dc283325181ac2de4db1e9e987427","name":"GP","image":{"@type":"ImageObject","inLanguage":"pt-BR","@id":"https:\/\/gazetapernambucana.com\/#\/schema\/person\/image\/","url":"https:\/\/secure.gravatar.com\/avatar\/9dad78ff9a2d8b5742d11779f8a3f53b052320c550b2e1907882353c067bb111?s=96&d=mm&r=g","contentUrl":"https:\/\/secure.gravatar.com\/avatar\/9dad78ff9a2d8b5742d11779f8a3f53b052320c550b2e1907882353c067bb111?s=96&d=mm&r=g","caption":"GP"},"sameAs":["http:\/\/gazetapernambucana.com"],"url":"https:\/\/gazetapernambucana.com\/?author=1"}]}},"jetpack_publicize_connections":[],"_links":{"self":[{"href":"https:\/\/gazetapernambucana.com\/index.php?rest_route=\/wp\/v2\/posts\/1909","targetHints":{"allow":["GET"]}}],"collection":[{"href":"https:\/\/gazetapernambucana.com\/index.php?rest_route=\/wp\/v2\/posts"}],"about":[{"href":"https:\/\/gazetapernambucana.com\/index.php?rest_route=\/wp\/v2\/types\/post"}],"author":[{"embeddable":true,"href":"https:\/\/gazetapernambucana.com\/index.php?rest_route=\/wp\/v2\/users\/1"}],"replies":[{"embeddable":true,"href":"https:\/\/gazetapernambucana.com\/index.php?rest_route=%2Fwp%2Fv2%2Fcomments&post=1909"}],"version-history":[{"count":1,"href":"https:\/\/gazetapernambucana.com\/index.php?rest_route=\/wp\/v2\/posts\/1909\/revisions"}],"predecessor-version":[{"id":1911,"href":"https:\/\/gazetapernambucana.com\/index.php?rest_route=\/wp\/v2\/posts\/1909\/revisions\/1911"}],"wp:featuredmedia":[{"embeddable":true,"href":"https:\/\/gazetapernambucana.com\/index.php?rest_route=\/wp\/v2\/media\/1910"}],"wp:attachment":[{"href":"https:\/\/gazetapernambucana.com\/index.php?rest_route=%2Fwp%2Fv2%2Fmedia&parent=1909"}],"wp:term":[{"taxonomy":"category","embeddable":true,"href":"https:\/\/gazetapernambucana.com\/index.php?rest_route=%2Fwp%2Fv2%2Fcategories&post=1909"},{"taxonomy":"post_tag","embeddable":true,"href":"https:\/\/gazetapernambucana.com\/index.php?rest_route=%2Fwp%2Fv2%2Ftags&post=1909"}],"curies":[{"name":"wp","href":"https:\/\/api.w.org\/{rel}","templated":true}]}}