{"id":1906,"date":"2025-10-08T11:07:32","date_gmt":"2025-10-08T14:07:32","guid":{"rendered":"https:\/\/gazetapernambucana.com\/?p=1906"},"modified":"2025-10-08T11:07:32","modified_gmt":"2025-10-08T14:07:32","slug":"governo-lula-limita-antecipacao-de-saque-aniversario-do-fgts","status":"publish","type":"post","link":"https:\/\/gazetapernambucana.com\/?p=1906","title":{"rendered":"Governo Lula limita antecipa\u00e7\u00e3o de saque-anivers\u00e1rio do FGTS"},"content":{"rendered":"<header class=\"title-block\">\n<h3>Confira as novas regras impostas pelo Conselho Curador do Fundo de Garantia do Tempo de Servi\u00e7o<\/h3>\n<\/header>\n<div class=\"columns\">\n<section class=\"content\">\n<figure class=\"image-block\">\n<div class=\"\"><img loading=\"lazy\" decoding=\"async\" class=\"size-large wp-image-1386732\" src=\"https:\/\/static.cdn.pleno.news\/2024\/09\/Screenshot-9-1-1024x613.png\" sizes=\"auto, (max-width: 1024px) 100vw, 1024px\" srcset=\"https:\/\/static.cdn.pleno.news\/2024\/09\/Screenshot-9-1-1024x613.png 1024w, https:\/\/static.cdn.pleno.news\/2024\/09\/Screenshot-9-1-300x180.png 300w, https:\/\/static.cdn.pleno.news\/2024\/09\/Screenshot-9-1-768x460.png 768w, https:\/\/static.cdn.pleno.news\/2024\/09\/Screenshot-9-1-251x150.png 251w, https:\/\/static.cdn.pleno.news\/2024\/09\/Screenshot-9-1-250x150.png 250w, https:\/\/static.cdn.pleno.news\/2024\/09\/Screenshot-9-1-25x15.png 25w, https:\/\/static.cdn.pleno.news\/2024\/09\/Screenshot-9-1.png 1158w\" alt=\"\" width=\"1024\" height=\"613\" \/><\/div><figcaption>FGTS\u00a0<span class=\"name\">Foto: Jo\u00e9dson Alves\/Ag\u00eancia Brasil<\/span><\/figcaption><\/figure>\n<p>O Conselho Curador do Fundo de Garantia do Tempo de Servi\u00e7o (FGTS) aprovou nesta ter\u00e7a-feira (7) limites para opera\u00e7\u00f5es de cr\u00e9dito envolvendo o saque-anivers\u00e1rio do FGTS. Agora haver\u00e1 um piso de R$ 100 e um teto de R$ 500 para a antecipa\u00e7\u00e3o dos recursos, al\u00e9m de limitar o adiantamento de saque-anivers\u00e1rio em at\u00e9 tr\u00eas parcelas a partir do segundo ano. Para o primeiro ano fica o limite atual de cinco saques.<\/p>\n<p>O voto, aprovado por unanimidade, tamb\u00e9m limita a quantidade de opera\u00e7\u00f5es poss\u00edveis por ano. N\u00e3o havia limite e agora o teto \u00e9 de uma opera\u00e7\u00e3o anual.<\/p>\n<div id=\"r89-video-outstream-wrapper\">\n<div id=\"r89-video-outstream\" data-google-query-id=\"CKmSttrilJADFZVV3QIdmQMhZQ\"><\/div>\n<\/div>\n<p>Outra nova regra \u00e9 para que o trabalhador s\u00f3 possa acessar essas opera\u00e7\u00f5es de cr\u00e9dito 90 dias depois de aderir ao saque-anivers\u00e1rio. Atualmente, 26% desses neg\u00f3cios s\u00e3o contratados no mesmo dia da op\u00e7\u00e3o do trabalhador, segundo o Minist\u00e9rio do Trabalho.<\/p>\n<p>Tamb\u00e9m de acordo com a pasta, atualmente, 51% dos trabalhadores est\u00e3o no saque-anivers\u00e1rio, cerca de 20 milh\u00f5es de pessoas. Destas, 90% ganham at\u00e9 quatro sal\u00e1rios m\u00ednimos.<\/p>\n<p>*AE<\/p>\n<\/section>\n<\/div>\n","protected":false},"excerpt":{"rendered":"<p>Confira as novas regras impostas pelo Conselho Curador do Fundo de Garantia do Tempo de Servi\u00e7o FGTS\u00a0Foto: Jo\u00e9dson Alves\/Ag\u00eancia Brasil O Conselho Curador do Fundo de Garantia do Tempo de Servi\u00e7o (FGTS) aprovou nesta ter\u00e7a-feira (7) limites para opera\u00e7\u00f5es de cr\u00e9dito envolvendo o saque-anivers\u00e1rio do FGTS. Agora haver\u00e1 um piso de R$ 100 e um [&hellip;]<\/p>\n","protected":false},"author":1,"featured_media":1907,"comment_status":"open","ping_status":"open","sticky":false,"template":"","format":"standard","meta":{"footnotes":"","jetpack_publicize_message":"","jetpack_publicize_feature_enabled":true,"jetpack_social_post_already_shared":true,"jetpack_social_options":{"image_generator_settings":{"template":"highway","default_image_id":0,"font":"","enabled":false},"version":2}},"categories":[1,38,65],"tags":[],"class_list":["post-1906","post","type-post","status-publish","format-standard","has-post-thumbnail","hentry","category-https-gazetapernambucana-com-page_id225","category-https-gazetapernambucana-com-page_id215","category-politica"],"yoast_head":"<!-- This site is optimized with the Yoast SEO plugin v24.5 - https:\/\/yoast.com\/wordpress\/plugins\/seo\/ -->\n<title>Governo Lula limita antecipa\u00e7\u00e3o de saque-anivers\u00e1rio do FGTS -<\/title>\n<meta name=\"robots\" content=\"index, follow, max-snippet:-1, max-image-preview:large, max-video-preview:-1\" \/>\n<link rel=\"canonical\" href=\"https:\/\/gazetapernambucana.com\/?p=1906\" \/>\n<meta property=\"og:locale\" content=\"pt_BR\" \/>\n<meta property=\"og:type\" content=\"article\" \/>\n<meta property=\"og:title\" content=\"Governo Lula limita antecipa\u00e7\u00e3o de saque-anivers\u00e1rio do FGTS -\" \/>\n<meta property=\"og:description\" content=\"Confira as novas regras impostas pelo Conselho Curador do Fundo de Garantia do Tempo de Servi\u00e7o FGTS\u00a0Foto: Jo\u00e9dson Alves\/Ag\u00eancia Brasil O Conselho Curador do Fundo de Garantia do Tempo de Servi\u00e7o (FGTS) aprovou nesta ter\u00e7a-feira (7) limites para opera\u00e7\u00f5es de cr\u00e9dito envolvendo o saque-anivers\u00e1rio do FGTS. Agora haver\u00e1 um piso de R$ 100 e um [&hellip;]\" \/>\n<meta property=\"og:url\" content=\"https:\/\/gazetapernambucana.com\/?p=1906\" \/>\n<meta property=\"article:published_time\" content=\"2025-10-08T14:07:32+00:00\" \/>\n<meta property=\"og:image\" content=\"https:\/\/gazetapernambucana.com\/wp-content\/uploads\/2025\/10\/Screenshot-9-1.webp\" \/>\n\t<meta property=\"og:image:width\" content=\"1158\" \/>\n\t<meta property=\"og:image:height\" content=\"693\" \/>\n\t<meta property=\"og:image:type\" content=\"image\/webp\" \/>\n<meta name=\"author\" content=\"GP\" \/>\n<meta name=\"twitter:card\" content=\"summary_large_image\" \/>\n<meta name=\"twitter:label1\" content=\"Escrito por\" \/>\n\t<meta name=\"twitter:data1\" content=\"GP\" \/>\n\t<meta name=\"twitter:label2\" content=\"Est. tempo de leitura\" \/>\n\t<meta name=\"twitter:data2\" content=\"2 minutos\" \/>\n<script type=\"application\/ld+json\" class=\"yoast-schema-graph\">{\"@context\":\"https:\/\/schema.org\",\"@graph\":[{\"@type\":\"WebPage\",\"@id\":\"https:\/\/gazetapernambucana.com\/?p=1906\",\"url\":\"https:\/\/gazetapernambucana.com\/?p=1906\",\"name\":\"Governo Lula limita antecipa\u00e7\u00e3o de saque-anivers\u00e1rio do FGTS -\",\"isPartOf\":{\"@id\":\"https:\/\/gazetapernambucana.com\/#website\"},\"primaryImageOfPage\":{\"@id\":\"https:\/\/gazetapernambucana.com\/?p=1906#primaryimage\"},\"image\":{\"@id\":\"https:\/\/gazetapernambucana.com\/?p=1906#primaryimage\"},\"thumbnailUrl\":\"https:\/\/gazetapernambucana.com\/wp-content\/uploads\/2025\/10\/Screenshot-9-1.webp\",\"datePublished\":\"2025-10-08T14:07:32+00:00\",\"author\":{\"@id\":\"https:\/\/gazetapernambucana.com\/#\/schema\/person\/188dc283325181ac2de4db1e9e987427\"},\"breadcrumb\":{\"@id\":\"https:\/\/gazetapernambucana.com\/?p=1906#breadcrumb\"},\"inLanguage\":\"pt-BR\",\"potentialAction\":[{\"@type\":\"ReadAction\",\"target\":[\"https:\/\/gazetapernambucana.com\/?p=1906\"]}]},{\"@type\":\"ImageObject\",\"inLanguage\":\"pt-BR\",\"@id\":\"https:\/\/gazetapernambucana.com\/?p=1906#primaryimage\",\"url\":\"https:\/\/gazetapernambucana.com\/wp-content\/uploads\/2025\/10\/Screenshot-9-1.webp\",\"contentUrl\":\"https:\/\/gazetapernambucana.com\/wp-content\/uploads\/2025\/10\/Screenshot-9-1.webp\",\"width\":1158,\"height\":693},{\"@type\":\"BreadcrumbList\",\"@id\":\"https:\/\/gazetapernambucana.com\/?p=1906#breadcrumb\",\"itemListElement\":[{\"@type\":\"ListItem\",\"position\":1,\"name\":\"In\u00edcio\",\"item\":\"https:\/\/gazetapernambucana.com\/\"},{\"@type\":\"ListItem\",\"position\":2,\"name\":\"Governo Lula limita antecipa\u00e7\u00e3o de saque-anivers\u00e1rio do FGTS\"}]},{\"@type\":\"WebSite\",\"@id\":\"https:\/\/gazetapernambucana.com\/#website\",\"url\":\"https:\/\/gazetapernambucana.com\/\",\"name\":\"\",\"description\":\"\",\"potentialAction\":[{\"@type\":\"SearchAction\",\"target\":{\"@type\":\"EntryPoint\",\"urlTemplate\":\"https:\/\/gazetapernambucana.com\/?s={search_term_string}\"},\"query-input\":{\"@type\":\"PropertyValueSpecification\",\"valueRequired\":true,\"valueName\":\"search_term_string\"}}],\"inLanguage\":\"pt-BR\"},{\"@type\":\"Person\",\"@id\":\"https:\/\/gazetapernambucana.com\/#\/schema\/person\/188dc283325181ac2de4db1e9e987427\",\"name\":\"GP\",\"image\":{\"@type\":\"ImageObject\",\"inLanguage\":\"pt-BR\",\"@id\":\"https:\/\/gazetapernambucana.com\/#\/schema\/person\/image\/\",\"url\":\"https:\/\/secure.gravatar.com\/avatar\/9dad78ff9a2d8b5742d11779f8a3f53b052320c550b2e1907882353c067bb111?s=96&d=mm&r=g\",\"contentUrl\":\"https:\/\/secure.gravatar.com\/avatar\/9dad78ff9a2d8b5742d11779f8a3f53b052320c550b2e1907882353c067bb111?s=96&d=mm&r=g\",\"caption\":\"GP\"},\"sameAs\":[\"http:\/\/gazetapernambucana.com\"],\"url\":\"https:\/\/gazetapernambucana.com\/?author=1\"}]}<\/script>\n<!-- \/ Yoast SEO plugin. -->","yoast_head_json":{"title":"Governo Lula limita antecipa\u00e7\u00e3o de saque-anivers\u00e1rio do FGTS -","robots":{"index":"index","follow":"follow","max-snippet":"max-snippet:-1","max-image-preview":"max-image-preview:large","max-video-preview":"max-video-preview:-1"},"canonical":"https:\/\/gazetapernambucana.com\/?p=1906","og_locale":"pt_BR","og_type":"article","og_title":"Governo Lula limita antecipa\u00e7\u00e3o de saque-anivers\u00e1rio do FGTS -","og_description":"Confira as novas regras impostas pelo Conselho Curador do Fundo de Garantia do Tempo de Servi\u00e7o FGTS\u00a0Foto: Jo\u00e9dson Alves\/Ag\u00eancia Brasil O Conselho Curador do Fundo de Garantia do Tempo de Servi\u00e7o (FGTS) aprovou nesta ter\u00e7a-feira (7) limites para opera\u00e7\u00f5es de cr\u00e9dito envolvendo o saque-anivers\u00e1rio do FGTS. Agora haver\u00e1 um piso de R$ 100 e um [&hellip;]","og_url":"https:\/\/gazetapernambucana.com\/?p=1906","article_published_time":"2025-10-08T14:07:32+00:00","og_image":[{"width":1158,"height":693,"url":"https:\/\/gazetapernambucana.com\/wp-content\/uploads\/2025\/10\/Screenshot-9-1.webp","type":"image\/webp"}],"author":"GP","twitter_card":"summary_large_image","twitter_misc":{"Escrito por":"GP","Est. tempo de leitura":"2 minutos"},"schema":{"@context":"https:\/\/schema.org","@graph":[{"@type":"WebPage","@id":"https:\/\/gazetapernambucana.com\/?p=1906","url":"https:\/\/gazetapernambucana.com\/?p=1906","name":"Governo Lula limita antecipa\u00e7\u00e3o de saque-anivers\u00e1rio do FGTS -","isPartOf":{"@id":"https:\/\/gazetapernambucana.com\/#website"},"primaryImageOfPage":{"@id":"https:\/\/gazetapernambucana.com\/?p=1906#primaryimage"},"image":{"@id":"https:\/\/gazetapernambucana.com\/?p=1906#primaryimage"},"thumbnailUrl":"https:\/\/gazetapernambucana.com\/wp-content\/uploads\/2025\/10\/Screenshot-9-1.webp","datePublished":"2025-10-08T14:07:32+00:00","author":{"@id":"https:\/\/gazetapernambucana.com\/#\/schema\/person\/188dc283325181ac2de4db1e9e987427"},"breadcrumb":{"@id":"https:\/\/gazetapernambucana.com\/?p=1906#breadcrumb"},"inLanguage":"pt-BR","potentialAction":[{"@type":"ReadAction","target":["https:\/\/gazetapernambucana.com\/?p=1906"]}]},{"@type":"ImageObject","inLanguage":"pt-BR","@id":"https:\/\/gazetapernambucana.com\/?p=1906#primaryimage","url":"https:\/\/gazetapernambucana.com\/wp-content\/uploads\/2025\/10\/Screenshot-9-1.webp","contentUrl":"https:\/\/gazetapernambucana.com\/wp-content\/uploads\/2025\/10\/Screenshot-9-1.webp","width":1158,"height":693},{"@type":"BreadcrumbList","@id":"https:\/\/gazetapernambucana.com\/?p=1906#breadcrumb","itemListElement":[{"@type":"ListItem","position":1,"name":"In\u00edcio","item":"https:\/\/gazetapernambucana.com\/"},{"@type":"ListItem","position":2,"name":"Governo Lula limita antecipa\u00e7\u00e3o de saque-anivers\u00e1rio do FGTS"}]},{"@type":"WebSite","@id":"https:\/\/gazetapernambucana.com\/#website","url":"https:\/\/gazetapernambucana.com\/","name":"","description":"","potentialAction":[{"@type":"SearchAction","target":{"@type":"EntryPoint","urlTemplate":"https:\/\/gazetapernambucana.com\/?s={search_term_string}"},"query-input":{"@type":"PropertyValueSpecification","valueRequired":true,"valueName":"search_term_string"}}],"inLanguage":"pt-BR"},{"@type":"Person","@id":"https:\/\/gazetapernambucana.com\/#\/schema\/person\/188dc283325181ac2de4db1e9e987427","name":"GP","image":{"@type":"ImageObject","inLanguage":"pt-BR","@id":"https:\/\/gazetapernambucana.com\/#\/schema\/person\/image\/","url":"https:\/\/secure.gravatar.com\/avatar\/9dad78ff9a2d8b5742d11779f8a3f53b052320c550b2e1907882353c067bb111?s=96&d=mm&r=g","contentUrl":"https:\/\/secure.gravatar.com\/avatar\/9dad78ff9a2d8b5742d11779f8a3f53b052320c550b2e1907882353c067bb111?s=96&d=mm&r=g","caption":"GP"},"sameAs":["http:\/\/gazetapernambucana.com"],"url":"https:\/\/gazetapernambucana.com\/?author=1"}]}},"jetpack_publicize_connections":[],"_links":{"self":[{"href":"https:\/\/gazetapernambucana.com\/index.php?rest_route=\/wp\/v2\/posts\/1906","targetHints":{"allow":["GET"]}}],"collection":[{"href":"https:\/\/gazetapernambucana.com\/index.php?rest_route=\/wp\/v2\/posts"}],"about":[{"href":"https:\/\/gazetapernambucana.com\/index.php?rest_route=\/wp\/v2\/types\/post"}],"author":[{"embeddable":true,"href":"https:\/\/gazetapernambucana.com\/index.php?rest_route=\/wp\/v2\/users\/1"}],"replies":[{"embeddable":true,"href":"https:\/\/gazetapernambucana.com\/index.php?rest_route=%2Fwp%2Fv2%2Fcomments&post=1906"}],"version-history":[{"count":1,"href":"https:\/\/gazetapernambucana.com\/index.php?rest_route=\/wp\/v2\/posts\/1906\/revisions"}],"predecessor-version":[{"id":1908,"href":"https:\/\/gazetapernambucana.com\/index.php?rest_route=\/wp\/v2\/posts\/1906\/revisions\/1908"}],"wp:featuredmedia":[{"embeddable":true,"href":"https:\/\/gazetapernambucana.com\/index.php?rest_route=\/wp\/v2\/media\/1907"}],"wp:attachment":[{"href":"https:\/\/gazetapernambucana.com\/index.php?rest_route=%2Fwp%2Fv2%2Fmedia&parent=1906"}],"wp:term":[{"taxonomy":"category","embeddable":true,"href":"https:\/\/gazetapernambucana.com\/index.php?rest_route=%2Fwp%2Fv2%2Fcategories&post=1906"},{"taxonomy":"post_tag","embeddable":true,"href":"https:\/\/gazetapernambucana.com\/index.php?rest_route=%2Fwp%2Fv2%2Ftags&post=1906"}],"curies":[{"name":"wp","href":"https:\/\/api.w.org\/{rel}","templated":true}]}}