{"id":1903,"date":"2025-10-08T11:00:56","date_gmt":"2025-10-08T14:00:56","guid":{"rendered":"https:\/\/gazetapernambucana.com\/?p=1903"},"modified":"2025-10-08T11:00:56","modified_gmt":"2025-10-08T14:00:56","slug":"pf-faz-megaoperacao-conjunta-contra-abuso-sexual-infantil","status":"publish","type":"post","link":"https:\/\/gazetapernambucana.com\/?p=1903","title":{"rendered":"PF faz megaopera\u00e7\u00e3o conjunta contra abuso sexual infantil"},"content":{"rendered":"<header class=\"title-block\">\n<h3>Ofensiva cumpre quase 200 mandados em diversos estados do Brasil<\/h3>\n<\/header>\n<div class=\"columns\">\n<section class=\"content\">\n<figure class=\"image-block\">\n<div class=\"\"><img loading=\"lazy\" decoding=\"async\" class=\"size-large wp-image-1577331\" src=\"https:\/\/static.cdn.pleno.news\/2025\/10\/operacaopfabuso-1024x613.jpg\" sizes=\"auto, (max-width: 1024px) 100vw, 1024px\" srcset=\"https:\/\/static.cdn.pleno.news\/2025\/10\/operacaopfabuso-1024x613.jpg 1024w, https:\/\/static.cdn.pleno.news\/2025\/10\/operacaopfabuso-300x179.jpg 300w, https:\/\/static.cdn.pleno.news\/2025\/10\/operacaopfabuso-768x459.jpg 768w, https:\/\/static.cdn.pleno.news\/2025\/10\/operacaopfabuso-251x150.jpg 251w, https:\/\/static.cdn.pleno.news\/2025\/10\/operacaopfabuso-250x150.jpg 250w, https:\/\/static.cdn.pleno.news\/2025\/10\/operacaopfabuso-25x15.jpg 25w, https:\/\/static.cdn.pleno.news\/2025\/10\/operacaopfabuso.jpg 1170w\" alt=\"\" width=\"1024\" height=\"613\" \/><\/div><figcaption>PF faz opera\u00e7\u00e3o conjunta contra abuso sexual\u00a0<span class=\"name\">Foto: Divulga\u00e7\u00e3o\/Pol\u00edcia Federal<\/span><\/figcaption><\/figure>\n<p>A Pol\u00edcia Federal (PF) deflagrou, nesta quarta-feira (8), em a\u00e7\u00e3o conjunta com as pol\u00edcias civis de 16 estados, a Opera\u00e7\u00e3o Nacional Prote\u00e7\u00e3o Integral III. O objetivo \u00e9 identificar suspeitos envolvidos em crimes de abuso sexual de crian\u00e7as e adolescentes praticados, sobretudo, pela internet.<\/p>\n<p>Em nota, a corpora\u00e7\u00e3o informou o cumprimento simult\u00e2neo de 182 mandados de busca e apreens\u00e3o e 11 mandados de pris\u00e3o preventiva em todo o pa\u00eds. At\u00e9 a \u00faltima atualiza\u00e7\u00e3o, haviam sido registradas 19 pris\u00f5es em flagrante, duas apreens\u00f5es de menores e uma v\u00edtima resgatada.<\/p>\n<p>Participam da a\u00e7\u00e3o 617 policiais federais e 273 policiais civis dos seguintes estados: Alagoas, Amazonas, Bahia, Cear\u00e1, Espirito Santo, Goi\u00e1s, Mato Grosso do Sul, Par\u00e1, Para\u00edba, Pernambuco, Piau\u00ed, Rio de Janeiro, Rio Grande do Sul, Santa Catarina e S\u00e3o Paulo, al\u00e9m do Distrito Federal.<\/p>\n<p>\u2013 A a\u00e7\u00e3o refor\u00e7a a integra\u00e7\u00e3o entre for\u00e7as policiais federais e estaduais e demonstra o compromisso conjunto de defesa da inf\u00e2ncia e da adolesc\u00eancia. A Opera\u00e7\u00e3o Prote\u00e7\u00e3o Integral III d\u00e1 continuidade \u00e0s edi\u00e7\u00f5es anteriores, deflagradas em mar\u00e7o e maio de 2025, evidenciando o trabalho permanente da Pol\u00edcia Federal nessa frente de combate \u2013 informou a PF.<\/p>\n<p>Dados da corpora\u00e7\u00e3o indicam que, entre janeiro e setembro deste ano, foram cumpridos mais de 1.630 mandados de pris\u00e3o de foragidos condenados por crimes sexuais.<\/p>\n<p>\u2013 A Pol\u00edcia Federal alerta pais e respons\u00e1veis sobre a import\u00e2ncia de acompanhar e orientar o uso da internet por crian\u00e7as e adolescentes, conversando abertamente sobre riscos e ensinando como agir diante de contatos inadequados em ambientes virtuais. A preven\u00e7\u00e3o e a informa\u00e7\u00e3o s\u00e3o as ferramentas mais eficazes para garantir a seguran\u00e7a e o bem-estar de crian\u00e7as e adolescentes \u2013 concluiu a Pol\u00edcia Federal.<\/p>\n<p>*Ag\u00eancia Brasil<\/p>\n<\/section>\n<\/div>\n","protected":false},"excerpt":{"rendered":"<p>Ofensiva cumpre quase 200 mandados em diversos estados do Brasil PF faz opera\u00e7\u00e3o conjunta contra abuso sexual\u00a0Foto: Divulga\u00e7\u00e3o\/Pol\u00edcia Federal A Pol\u00edcia Federal (PF) deflagrou, nesta quarta-feira (8), em a\u00e7\u00e3o conjunta com as pol\u00edcias civis de 16 estados, a Opera\u00e7\u00e3o Nacional Prote\u00e7\u00e3o Integral III. O objetivo \u00e9 identificar suspeitos envolvidos em crimes de abuso sexual de [&hellip;]<\/p>\n","protected":false},"author":1,"featured_media":1904,"comment_status":"open","ping_status":"open","sticky":false,"template":"","format":"standard","meta":{"footnotes":"","jetpack_publicize_message":"","jetpack_publicize_feature_enabled":true,"jetpack_social_post_already_shared":true,"jetpack_social_options":{"image_generator_settings":{"template":"highway","default_image_id":0,"font":"","enabled":false},"version":2}},"categories":[37,1,65],"tags":[],"class_list":["post-1903","post","type-post","status-publish","format-standard","has-post-thumbnail","hentry","category-https-gazetapernambucana-com-page_id212","category-https-gazetapernambucana-com-page_id225","category-politica"],"yoast_head":"<!-- This site is optimized with the Yoast SEO plugin v24.5 - https:\/\/yoast.com\/wordpress\/plugins\/seo\/ -->\n<title>PF faz megaopera\u00e7\u00e3o conjunta contra abuso sexual infantil -<\/title>\n<meta name=\"robots\" content=\"index, follow, max-snippet:-1, max-image-preview:large, max-video-preview:-1\" \/>\n<link rel=\"canonical\" href=\"https:\/\/gazetapernambucana.com\/?p=1903\" \/>\n<meta property=\"og:locale\" content=\"pt_BR\" \/>\n<meta property=\"og:type\" content=\"article\" \/>\n<meta property=\"og:title\" content=\"PF faz megaopera\u00e7\u00e3o conjunta contra abuso sexual infantil -\" \/>\n<meta property=\"og:description\" content=\"Ofensiva cumpre quase 200 mandados em diversos estados do Brasil PF faz opera\u00e7\u00e3o conjunta contra abuso sexual\u00a0Foto: Divulga\u00e7\u00e3o\/Pol\u00edcia Federal A Pol\u00edcia Federal (PF) deflagrou, nesta quarta-feira (8), em a\u00e7\u00e3o conjunta com as pol\u00edcias civis de 16 estados, a Opera\u00e7\u00e3o Nacional Prote\u00e7\u00e3o Integral III. O objetivo \u00e9 identificar suspeitos envolvidos em crimes de abuso sexual de [&hellip;]\" \/>\n<meta property=\"og:url\" content=\"https:\/\/gazetapernambucana.com\/?p=1903\" \/>\n<meta property=\"article:published_time\" content=\"2025-10-08T14:00:56+00:00\" \/>\n<meta property=\"og:image\" content=\"https:\/\/gazetapernambucana.com\/wp-content\/uploads\/2025\/10\/operacaopfabuso-1.webp\" \/>\n\t<meta property=\"og:image:width\" content=\"1170\" \/>\n\t<meta property=\"og:image:height\" content=\"700\" \/>\n\t<meta property=\"og:image:type\" content=\"image\/webp\" \/>\n<meta name=\"author\" content=\"GP\" \/>\n<meta name=\"twitter:card\" content=\"summary_large_image\" \/>\n<meta name=\"twitter:label1\" content=\"Escrito por\" \/>\n\t<meta name=\"twitter:data1\" content=\"GP\" \/>\n\t<meta name=\"twitter:label2\" content=\"Est. tempo de leitura\" \/>\n\t<meta name=\"twitter:data2\" content=\"3 minutos\" \/>\n<script type=\"application\/ld+json\" class=\"yoast-schema-graph\">{\"@context\":\"https:\/\/schema.org\",\"@graph\":[{\"@type\":\"WebPage\",\"@id\":\"https:\/\/gazetapernambucana.com\/?p=1903\",\"url\":\"https:\/\/gazetapernambucana.com\/?p=1903\",\"name\":\"PF faz megaopera\u00e7\u00e3o conjunta contra abuso sexual infantil -\",\"isPartOf\":{\"@id\":\"https:\/\/gazetapernambucana.com\/#website\"},\"primaryImageOfPage\":{\"@id\":\"https:\/\/gazetapernambucana.com\/?p=1903#primaryimage\"},\"image\":{\"@id\":\"https:\/\/gazetapernambucana.com\/?p=1903#primaryimage\"},\"thumbnailUrl\":\"https:\/\/gazetapernambucana.com\/wp-content\/uploads\/2025\/10\/operacaopfabuso-1.webp\",\"datePublished\":\"2025-10-08T14:00:56+00:00\",\"author\":{\"@id\":\"https:\/\/gazetapernambucana.com\/#\/schema\/person\/188dc283325181ac2de4db1e9e987427\"},\"breadcrumb\":{\"@id\":\"https:\/\/gazetapernambucana.com\/?p=1903#breadcrumb\"},\"inLanguage\":\"pt-BR\",\"potentialAction\":[{\"@type\":\"ReadAction\",\"target\":[\"https:\/\/gazetapernambucana.com\/?p=1903\"]}]},{\"@type\":\"ImageObject\",\"inLanguage\":\"pt-BR\",\"@id\":\"https:\/\/gazetapernambucana.com\/?p=1903#primaryimage\",\"url\":\"https:\/\/gazetapernambucana.com\/wp-content\/uploads\/2025\/10\/operacaopfabuso-1.webp\",\"contentUrl\":\"https:\/\/gazetapernambucana.com\/wp-content\/uploads\/2025\/10\/operacaopfabuso-1.webp\",\"width\":1170,\"height\":700},{\"@type\":\"BreadcrumbList\",\"@id\":\"https:\/\/gazetapernambucana.com\/?p=1903#breadcrumb\",\"itemListElement\":[{\"@type\":\"ListItem\",\"position\":1,\"name\":\"In\u00edcio\",\"item\":\"https:\/\/gazetapernambucana.com\/\"},{\"@type\":\"ListItem\",\"position\":2,\"name\":\"PF faz megaopera\u00e7\u00e3o conjunta contra abuso sexual infantil\"}]},{\"@type\":\"WebSite\",\"@id\":\"https:\/\/gazetapernambucana.com\/#website\",\"url\":\"https:\/\/gazetapernambucana.com\/\",\"name\":\"\",\"description\":\"\",\"potentialAction\":[{\"@type\":\"SearchAction\",\"target\":{\"@type\":\"EntryPoint\",\"urlTemplate\":\"https:\/\/gazetapernambucana.com\/?s={search_term_string}\"},\"query-input\":{\"@type\":\"PropertyValueSpecification\",\"valueRequired\":true,\"valueName\":\"search_term_string\"}}],\"inLanguage\":\"pt-BR\"},{\"@type\":\"Person\",\"@id\":\"https:\/\/gazetapernambucana.com\/#\/schema\/person\/188dc283325181ac2de4db1e9e987427\",\"name\":\"GP\",\"image\":{\"@type\":\"ImageObject\",\"inLanguage\":\"pt-BR\",\"@id\":\"https:\/\/gazetapernambucana.com\/#\/schema\/person\/image\/\",\"url\":\"https:\/\/secure.gravatar.com\/avatar\/9dad78ff9a2d8b5742d11779f8a3f53b052320c550b2e1907882353c067bb111?s=96&d=mm&r=g\",\"contentUrl\":\"https:\/\/secure.gravatar.com\/avatar\/9dad78ff9a2d8b5742d11779f8a3f53b052320c550b2e1907882353c067bb111?s=96&d=mm&r=g\",\"caption\":\"GP\"},\"sameAs\":[\"http:\/\/gazetapernambucana.com\"],\"url\":\"https:\/\/gazetapernambucana.com\/?author=1\"}]}<\/script>\n<!-- \/ Yoast SEO plugin. -->","yoast_head_json":{"title":"PF faz megaopera\u00e7\u00e3o conjunta contra abuso sexual infantil -","robots":{"index":"index","follow":"follow","max-snippet":"max-snippet:-1","max-image-preview":"max-image-preview:large","max-video-preview":"max-video-preview:-1"},"canonical":"https:\/\/gazetapernambucana.com\/?p=1903","og_locale":"pt_BR","og_type":"article","og_title":"PF faz megaopera\u00e7\u00e3o conjunta contra abuso sexual infantil -","og_description":"Ofensiva cumpre quase 200 mandados em diversos estados do Brasil PF faz opera\u00e7\u00e3o conjunta contra abuso sexual\u00a0Foto: Divulga\u00e7\u00e3o\/Pol\u00edcia Federal A Pol\u00edcia Federal (PF) deflagrou, nesta quarta-feira (8), em a\u00e7\u00e3o conjunta com as pol\u00edcias civis de 16 estados, a Opera\u00e7\u00e3o Nacional Prote\u00e7\u00e3o Integral III. O objetivo \u00e9 identificar suspeitos envolvidos em crimes de abuso sexual de [&hellip;]","og_url":"https:\/\/gazetapernambucana.com\/?p=1903","article_published_time":"2025-10-08T14:00:56+00:00","og_image":[{"width":1170,"height":700,"url":"https:\/\/gazetapernambucana.com\/wp-content\/uploads\/2025\/10\/operacaopfabuso-1.webp","type":"image\/webp"}],"author":"GP","twitter_card":"summary_large_image","twitter_misc":{"Escrito por":"GP","Est. tempo de leitura":"3 minutos"},"schema":{"@context":"https:\/\/schema.org","@graph":[{"@type":"WebPage","@id":"https:\/\/gazetapernambucana.com\/?p=1903","url":"https:\/\/gazetapernambucana.com\/?p=1903","name":"PF faz megaopera\u00e7\u00e3o conjunta contra abuso sexual infantil -","isPartOf":{"@id":"https:\/\/gazetapernambucana.com\/#website"},"primaryImageOfPage":{"@id":"https:\/\/gazetapernambucana.com\/?p=1903#primaryimage"},"image":{"@id":"https:\/\/gazetapernambucana.com\/?p=1903#primaryimage"},"thumbnailUrl":"https:\/\/gazetapernambucana.com\/wp-content\/uploads\/2025\/10\/operacaopfabuso-1.webp","datePublished":"2025-10-08T14:00:56+00:00","author":{"@id":"https:\/\/gazetapernambucana.com\/#\/schema\/person\/188dc283325181ac2de4db1e9e987427"},"breadcrumb":{"@id":"https:\/\/gazetapernambucana.com\/?p=1903#breadcrumb"},"inLanguage":"pt-BR","potentialAction":[{"@type":"ReadAction","target":["https:\/\/gazetapernambucana.com\/?p=1903"]}]},{"@type":"ImageObject","inLanguage":"pt-BR","@id":"https:\/\/gazetapernambucana.com\/?p=1903#primaryimage","url":"https:\/\/gazetapernambucana.com\/wp-content\/uploads\/2025\/10\/operacaopfabuso-1.webp","contentUrl":"https:\/\/gazetapernambucana.com\/wp-content\/uploads\/2025\/10\/operacaopfabuso-1.webp","width":1170,"height":700},{"@type":"BreadcrumbList","@id":"https:\/\/gazetapernambucana.com\/?p=1903#breadcrumb","itemListElement":[{"@type":"ListItem","position":1,"name":"In\u00edcio","item":"https:\/\/gazetapernambucana.com\/"},{"@type":"ListItem","position":2,"name":"PF faz megaopera\u00e7\u00e3o conjunta contra abuso sexual infantil"}]},{"@type":"WebSite","@id":"https:\/\/gazetapernambucana.com\/#website","url":"https:\/\/gazetapernambucana.com\/","name":"","description":"","potentialAction":[{"@type":"SearchAction","target":{"@type":"EntryPoint","urlTemplate":"https:\/\/gazetapernambucana.com\/?s={search_term_string}"},"query-input":{"@type":"PropertyValueSpecification","valueRequired":true,"valueName":"search_term_string"}}],"inLanguage":"pt-BR"},{"@type":"Person","@id":"https:\/\/gazetapernambucana.com\/#\/schema\/person\/188dc283325181ac2de4db1e9e987427","name":"GP","image":{"@type":"ImageObject","inLanguage":"pt-BR","@id":"https:\/\/gazetapernambucana.com\/#\/schema\/person\/image\/","url":"https:\/\/secure.gravatar.com\/avatar\/9dad78ff9a2d8b5742d11779f8a3f53b052320c550b2e1907882353c067bb111?s=96&d=mm&r=g","contentUrl":"https:\/\/secure.gravatar.com\/avatar\/9dad78ff9a2d8b5742d11779f8a3f53b052320c550b2e1907882353c067bb111?s=96&d=mm&r=g","caption":"GP"},"sameAs":["http:\/\/gazetapernambucana.com"],"url":"https:\/\/gazetapernambucana.com\/?author=1"}]}},"jetpack_publicize_connections":[],"_links":{"self":[{"href":"https:\/\/gazetapernambucana.com\/index.php?rest_route=\/wp\/v2\/posts\/1903","targetHints":{"allow":["GET"]}}],"collection":[{"href":"https:\/\/gazetapernambucana.com\/index.php?rest_route=\/wp\/v2\/posts"}],"about":[{"href":"https:\/\/gazetapernambucana.com\/index.php?rest_route=\/wp\/v2\/types\/post"}],"author":[{"embeddable":true,"href":"https:\/\/gazetapernambucana.com\/index.php?rest_route=\/wp\/v2\/users\/1"}],"replies":[{"embeddable":true,"href":"https:\/\/gazetapernambucana.com\/index.php?rest_route=%2Fwp%2Fv2%2Fcomments&post=1903"}],"version-history":[{"count":1,"href":"https:\/\/gazetapernambucana.com\/index.php?rest_route=\/wp\/v2\/posts\/1903\/revisions"}],"predecessor-version":[{"id":1905,"href":"https:\/\/gazetapernambucana.com\/index.php?rest_route=\/wp\/v2\/posts\/1903\/revisions\/1905"}],"wp:featuredmedia":[{"embeddable":true,"href":"https:\/\/gazetapernambucana.com\/index.php?rest_route=\/wp\/v2\/media\/1904"}],"wp:attachment":[{"href":"https:\/\/gazetapernambucana.com\/index.php?rest_route=%2Fwp%2Fv2%2Fmedia&parent=1903"}],"wp:term":[{"taxonomy":"category","embeddable":true,"href":"https:\/\/gazetapernambucana.com\/index.php?rest_route=%2Fwp%2Fv2%2Fcategories&post=1903"},{"taxonomy":"post_tag","embeddable":true,"href":"https:\/\/gazetapernambucana.com\/index.php?rest_route=%2Fwp%2Fv2%2Ftags&post=1903"}],"curies":[{"name":"wp","href":"https:\/\/api.w.org\/{rel}","templated":true}]}}