{"id":1890,"date":"2025-10-06T22:16:06","date_gmt":"2025-10-07T01:16:06","guid":{"rendered":"https:\/\/gazetapernambucana.com\/?p=1890"},"modified":"2025-10-06T22:16:06","modified_gmt":"2025-10-07T01:16:06","slug":"a-danca-sobre-a-mesa-e-o-colapso-da-dignidade-politica-brasileira-por-flavio-chaves","status":"publish","type":"post","link":"https:\/\/gazetapernambucana.com\/?p=1890","title":{"rendered":"A dan\u00e7a sobre a mesa e o colapso da dignidade pol\u00edtica brasileira. Por Fl\u00e1vio Chaves"},"content":{"rendered":"<h3 data-start=\"1021\" data-end=\"1123\"><em data-start=\"1025\" data-end=\"1121\">Um retrato da pol\u00edtica que perdeu o senso do sagrado, a medida do decoro e o valor do exemplo.<\/em><\/h3>\n<p data-start=\"402\" data-end=\"815\"><img loading=\"lazy\" decoding=\"async\" class=\"alignnone size-medium wp-image-1891\" src=\"http:\/\/gazetapernambucana.com\/wp-content\/uploads\/2025\/10\/UII526SZPBFQNJTA5537LG4Q6Y-300x168.avif\" alt=\"\" width=\"300\" height=\"168\" srcset=\"https:\/\/gazetapernambucana.com\/wp-content\/uploads\/2025\/10\/UII526SZPBFQNJTA5537LG4Q6Y-300x168.avif 300w, https:\/\/gazetapernambucana.com\/wp-content\/uploads\/2025\/10\/UII526SZPBFQNJTA5537LG4Q6Y.avif 380w\" sizes=\"auto, (max-width: 300px) 100vw, 300px\" \/>\u00a0 <strong>Por Fl\u00e1vio Chaves \u2013 Jornalista, poeta, escritor e membro da Academia Pernambucana de Letras. Foi Delegado Federal\/Minc\u00a0 \u2013 <\/strong>\u00a0Dois vereadores de S\u00e3o Caetano do Sul, Caio Salgado (PL) e Professor R\u00f3dnei (PSD),\u00a0 foram filmados dan\u00e7ando sobre as mesas do plen\u00e1rio da C\u00e2mara Municipal ap\u00f3s uma sess\u00e3o solene em homenagem ao Dia da Pessoa Idosa. O v\u00eddeo, amplamente divulgado nas redes sociais, exp\u00f5e muito mais do que um gesto irreverente: revela a fisionomia moral de uma \u00e9poca que perdeu a no\u00e7\u00e3o do sagrado e o respeito pelo espa\u00e7o p\u00fablico.<\/p>\n<p data-start=\"817\" data-end=\"1296\">O epis\u00f3dio, \u00e0 primeira vista banal, \u00e9 um s\u00edmbolo do esvaziamento \u00e9tico e intelectual da pol\u00edtica contempor\u00e2nea. O que se v\u00ea n\u00e3o s\u00e3o apenas dois homens dan\u00e7ando, \u00e9 a met\u00e1fora perfeita de um poder que j\u00e1 n\u00e3o sabe distinguir entre o riso e o rid\u00edculo, entre o ato p\u00fablico e o espet\u00e1culo privado. O plen\u00e1rio, antes altar da palavra e da raz\u00e3o, tornou-se um palco de frivolidades, onde a seriedade republicana \u00e9 substitu\u00edda pela encena\u00e7\u00e3o populista e pela vaidade perform\u00e1tica.<\/p>\n<p data-start=\"1298\" data-end=\"1776\">Desde os tempos das cavernas, a dan\u00e7a foi uma forma de celebra\u00e7\u00e3o ritual. O homem primitivo dan\u00e7ava diante do fogo como quem dialoga com o mist\u00e9rio. Na origem, a dan\u00e7a era ora\u00e7\u00e3o, agradecimento, invoca\u00e7\u00e3o, um ato simb\u00f3lico de comunh\u00e3o com a vida e com o invis\u00edvel.<br data-start=\"1567\" data-end=\"1570\" \/>Ver hoje representantes eleitos dan\u00e7ando sobre a mesa do Legislativo \u00e9, portanto, a degenera\u00e7\u00e3o desse gesto sagrado: a passagem do rito para a farsa, da comunh\u00e3o para a exibi\u00e7\u00e3o, do sagrado para o grotesco.<\/p>\n<p data-start=\"1778\" data-end=\"2395\">Plat\u00e3o j\u00e1 advertia, em <em data-start=\"1801\" data-end=\"1814\">A Rep\u00fablica<\/em>, que \u201ca degrada\u00e7\u00e3o da cidade come\u00e7a quando se corrompem as almas de seus governantes\u201d.<br data-start=\"1901\" data-end=\"1904\" \/>S\u00f3crates, ao pregar o dom\u00ednio de si como virtude m\u00e1xima, veria nessa cena a representa\u00e7\u00e3o da alma desgovernada, que perdeu a no\u00e7\u00e3o do pr\u00f3prio papel. Schopenhauer chamaria o epis\u00f3dio de \u201cvontade sem raz\u00e3o\u201d, impulso cego, movido pelo desejo de aparecer, de se afirmar por meio do gesto. Nietzsche, que fez da dan\u00e7a um s\u00edmbolo de leveza e supera\u00e7\u00e3o, provavelmente se entristeceria ao v\u00ea-la convertida em express\u00e3o do vazio e da futilidade, uma dan\u00e7a sem esp\u00edrito, sem sentido, sem altura.<\/p>\n<p data-start=\"2397\" data-end=\"2751\">O Imp\u00e9rio Romano tamb\u00e9m dan\u00e7ou antes de cair. Quando o Senado se transformou em palco de zombarias e o povo passou a exigir p\u00e3o e circo em vez de virtude e dever, a ru\u00edna j\u00e1 era irrevers\u00edvel.<br data-start=\"2588\" data-end=\"2591\" \/>A hist\u00f3ria se repete, n\u00e3o pelos fatos, mas pelos s\u00edmbolos: toda civiliza\u00e7\u00e3o come\u00e7a a morrer quando o riso substitui o respeito e o espet\u00e1culo apaga a raz\u00e3o.<\/p>\n<p data-start=\"2753\" data-end=\"3440\">O fil\u00f3sofo espanhol Ortega y Gasset, em <em data-start=\"2793\" data-end=\"2816\">A Rebeli\u00e3o das Massas<\/em>, j\u00e1 advertia que o homem m\u00e9dio, quando elevado a protagonista, destr\u00f3i o que n\u00e3o compreende. Guy Debord, em <em data-start=\"2927\" data-end=\"2954\">A Sociedade do Espet\u00e1culo<\/em>, mostrou que o poder moderno n\u00e3o governa mais pela ideia, mas pela imagem, e que a pol\u00edtica se tornou uma sucess\u00e3o de gestos encenados para a plateia. Byung-Chul Han, por sua vez, descreve nossa era como o tempo da \u201ctranspar\u00eancia do vazio\u201d: todos se mostram, ningu\u00e9m se representa; todos exp\u00f5em, poucos refletem. Os vereadores de S\u00e3o Caetano, nesse sentido, s\u00e3o apenas atores involunt\u00e1rios de uma trag\u00e9dia cultural maior, a da transforma\u00e7\u00e3o da vida p\u00fablica em entretenimento.<\/p>\n<p data-start=\"3442\" data-end=\"3899\">Nenhuma sindic\u00e2ncia resolver\u00e1 isso. A crise que se instalou entre a classe pol\u00edtica \u00e9, antes de tudo, uma crise de sentido, uma eros\u00e3o simb\u00f3lica que corr\u00f3i o fundamento moral das institui\u00e7\u00f5es. Quando o poder se torna espet\u00e1culo e o governante se comporta como artista de audit\u00f3rio, a rep\u00fablica se desfigura. O que se perde n\u00e3o \u00e9 apenas o decoro, \u00e9 o esp\u00edrito p\u00fablico, esse fio invis\u00edvel que liga a autoridade ao servi\u00e7o e a dignidade ao dever.<\/p>\n<p data-start=\"3901\" data-end=\"4305\">O problema, portanto, n\u00e3o \u00e9 que dan\u00e7aram. \u00c9 onde dan\u00e7aram, e o que isso revela. O riso que ecoou naquele plen\u00e1rio n\u00e3o \u00e9 inocente: \u00e9 o eco distante de uma civiliza\u00e7\u00e3o que, h\u00e1 muito, trocou o ideal pela imagem, a \u00e9tica pela est\u00e9tica e a virtude pela vaidade.<br data-start=\"4168\" data-end=\"4171\" \/>E quando o riso substitui a raz\u00e3o, a pol\u00edtica deixa de ser o espa\u00e7o do bem comum para se tornar o espelho da nossa pr\u00f3pria decad\u00eancia.<\/p>\n","protected":false},"excerpt":{"rendered":"<p>Um retrato da pol\u00edtica que perdeu o senso do sagrado, a medida do decoro e o valor do exemplo. \u00a0 Por Fl\u00e1vio Chaves \u2013 Jornalista, poeta, escritor e membro da Academia Pernambucana de Letras. Foi Delegado Federal\/Minc\u00a0 \u2013 \u00a0Dois vereadores de S\u00e3o Caetano do Sul, Caio Salgado (PL) e Professor R\u00f3dnei (PSD),\u00a0 foram filmados dan\u00e7ando [&hellip;]<\/p>\n","protected":false},"author":1,"featured_media":1700,"comment_status":"open","ping_status":"open","sticky":false,"template":"","format":"standard","meta":{"footnotes":"","jetpack_publicize_message":"","jetpack_publicize_feature_enabled":true,"jetpack_social_post_already_shared":true,"jetpack_social_options":{"image_generator_settings":{"template":"highway","default_image_id":0,"font":"","enabled":false},"version":2}},"categories":[37,1,65],"tags":[],"class_list":["post-1890","post","type-post","status-publish","format-standard","has-post-thumbnail","hentry","category-https-gazetapernambucana-com-page_id212","category-https-gazetapernambucana-com-page_id225","category-politica"],"yoast_head":"<!-- This site is optimized with the Yoast SEO plugin v24.5 - https:\/\/yoast.com\/wordpress\/plugins\/seo\/ -->\n<title>A dan\u00e7a sobre a mesa e o colapso da dignidade pol\u00edtica brasileira. Por Fl\u00e1vio Chaves -<\/title>\n<meta name=\"robots\" content=\"index, follow, max-snippet:-1, max-image-preview:large, max-video-preview:-1\" \/>\n<link rel=\"canonical\" href=\"https:\/\/gazetapernambucana.com\/?p=1890\" \/>\n<meta property=\"og:locale\" content=\"pt_BR\" \/>\n<meta property=\"og:type\" content=\"article\" \/>\n<meta property=\"og:title\" content=\"A dan\u00e7a sobre a mesa e o colapso da dignidade pol\u00edtica brasileira. Por Fl\u00e1vio Chaves -\" \/>\n<meta property=\"og:description\" content=\"Um retrato da pol\u00edtica que perdeu o senso do sagrado, a medida do decoro e o valor do exemplo. \u00a0 Por Fl\u00e1vio Chaves \u2013 Jornalista, poeta, escritor e membro da Academia Pernambucana de Letras. Foi Delegado Federal\/Minc\u00a0 \u2013 \u00a0Dois vereadores de S\u00e3o Caetano do Sul, Caio Salgado (PL) e Professor R\u00f3dnei (PSD),\u00a0 foram filmados dan\u00e7ando [&hellip;]\" \/>\n<meta property=\"og:url\" content=\"https:\/\/gazetapernambucana.com\/?p=1890\" \/>\n<meta property=\"article:published_time\" content=\"2025-10-07T01:16:06+00:00\" \/>\n<meta property=\"og:image\" content=\"https:\/\/gazetapernambucana.com\/wp-content\/uploads\/2025\/09\/download-65.jpeg\" \/>\n\t<meta property=\"og:image:width\" content=\"426\" \/>\n\t<meta property=\"og:image:height\" content=\"544\" \/>\n\t<meta property=\"og:image:type\" content=\"image\/jpeg\" \/>\n<meta name=\"author\" content=\"GP\" \/>\n<meta name=\"twitter:card\" content=\"summary_large_image\" \/>\n<meta name=\"twitter:label1\" content=\"Escrito por\" \/>\n\t<meta name=\"twitter:data1\" content=\"GP\" \/>\n\t<meta name=\"twitter:label2\" content=\"Est. tempo de leitura\" \/>\n\t<meta name=\"twitter:data2\" content=\"5 minutos\" \/>\n<script type=\"application\/ld+json\" class=\"yoast-schema-graph\">{\"@context\":\"https:\/\/schema.org\",\"@graph\":[{\"@type\":\"WebPage\",\"@id\":\"https:\/\/gazetapernambucana.com\/?p=1890\",\"url\":\"https:\/\/gazetapernambucana.com\/?p=1890\",\"name\":\"A dan\u00e7a sobre a mesa e o colapso da dignidade pol\u00edtica brasileira. Por Fl\u00e1vio Chaves -\",\"isPartOf\":{\"@id\":\"https:\/\/gazetapernambucana.com\/#website\"},\"primaryImageOfPage\":{\"@id\":\"https:\/\/gazetapernambucana.com\/?p=1890#primaryimage\"},\"image\":{\"@id\":\"https:\/\/gazetapernambucana.com\/?p=1890#primaryimage\"},\"thumbnailUrl\":\"https:\/\/gazetapernambucana.com\/wp-content\/uploads\/2025\/09\/download-65.jpeg\",\"datePublished\":\"2025-10-07T01:16:06+00:00\",\"author\":{\"@id\":\"https:\/\/gazetapernambucana.com\/#\/schema\/person\/188dc283325181ac2de4db1e9e987427\"},\"breadcrumb\":{\"@id\":\"https:\/\/gazetapernambucana.com\/?p=1890#breadcrumb\"},\"inLanguage\":\"pt-BR\",\"potentialAction\":[{\"@type\":\"ReadAction\",\"target\":[\"https:\/\/gazetapernambucana.com\/?p=1890\"]}]},{\"@type\":\"ImageObject\",\"inLanguage\":\"pt-BR\",\"@id\":\"https:\/\/gazetapernambucana.com\/?p=1890#primaryimage\",\"url\":\"https:\/\/gazetapernambucana.com\/wp-content\/uploads\/2025\/09\/download-65.jpeg\",\"contentUrl\":\"https:\/\/gazetapernambucana.com\/wp-content\/uploads\/2025\/09\/download-65.jpeg\",\"width\":426,\"height\":544},{\"@type\":\"BreadcrumbList\",\"@id\":\"https:\/\/gazetapernambucana.com\/?p=1890#breadcrumb\",\"itemListElement\":[{\"@type\":\"ListItem\",\"position\":1,\"name\":\"In\u00edcio\",\"item\":\"https:\/\/gazetapernambucana.com\/\"},{\"@type\":\"ListItem\",\"position\":2,\"name\":\"A dan\u00e7a sobre a mesa e o colapso da dignidade pol\u00edtica brasileira. Por Fl\u00e1vio Chaves\"}]},{\"@type\":\"WebSite\",\"@id\":\"https:\/\/gazetapernambucana.com\/#website\",\"url\":\"https:\/\/gazetapernambucana.com\/\",\"name\":\"\",\"description\":\"\",\"potentialAction\":[{\"@type\":\"SearchAction\",\"target\":{\"@type\":\"EntryPoint\",\"urlTemplate\":\"https:\/\/gazetapernambucana.com\/?s={search_term_string}\"},\"query-input\":{\"@type\":\"PropertyValueSpecification\",\"valueRequired\":true,\"valueName\":\"search_term_string\"}}],\"inLanguage\":\"pt-BR\"},{\"@type\":\"Person\",\"@id\":\"https:\/\/gazetapernambucana.com\/#\/schema\/person\/188dc283325181ac2de4db1e9e987427\",\"name\":\"GP\",\"image\":{\"@type\":\"ImageObject\",\"inLanguage\":\"pt-BR\",\"@id\":\"https:\/\/gazetapernambucana.com\/#\/schema\/person\/image\/\",\"url\":\"https:\/\/secure.gravatar.com\/avatar\/9dad78ff9a2d8b5742d11779f8a3f53b052320c550b2e1907882353c067bb111?s=96&d=mm&r=g\",\"contentUrl\":\"https:\/\/secure.gravatar.com\/avatar\/9dad78ff9a2d8b5742d11779f8a3f53b052320c550b2e1907882353c067bb111?s=96&d=mm&r=g\",\"caption\":\"GP\"},\"sameAs\":[\"http:\/\/gazetapernambucana.com\"],\"url\":\"https:\/\/gazetapernambucana.com\/?author=1\"}]}<\/script>\n<!-- \/ Yoast SEO plugin. -->","yoast_head_json":{"title":"A dan\u00e7a sobre a mesa e o colapso da dignidade pol\u00edtica brasileira. Por Fl\u00e1vio Chaves -","robots":{"index":"index","follow":"follow","max-snippet":"max-snippet:-1","max-image-preview":"max-image-preview:large","max-video-preview":"max-video-preview:-1"},"canonical":"https:\/\/gazetapernambucana.com\/?p=1890","og_locale":"pt_BR","og_type":"article","og_title":"A dan\u00e7a sobre a mesa e o colapso da dignidade pol\u00edtica brasileira. Por Fl\u00e1vio Chaves -","og_description":"Um retrato da pol\u00edtica que perdeu o senso do sagrado, a medida do decoro e o valor do exemplo. \u00a0 Por Fl\u00e1vio Chaves \u2013 Jornalista, poeta, escritor e membro da Academia Pernambucana de Letras. Foi Delegado Federal\/Minc\u00a0 \u2013 \u00a0Dois vereadores de S\u00e3o Caetano do Sul, Caio Salgado (PL) e Professor R\u00f3dnei (PSD),\u00a0 foram filmados dan\u00e7ando [&hellip;]","og_url":"https:\/\/gazetapernambucana.com\/?p=1890","article_published_time":"2025-10-07T01:16:06+00:00","og_image":[{"width":426,"height":544,"url":"https:\/\/gazetapernambucana.com\/wp-content\/uploads\/2025\/09\/download-65.jpeg","type":"image\/jpeg"}],"author":"GP","twitter_card":"summary_large_image","twitter_misc":{"Escrito por":"GP","Est. tempo de leitura":"5 minutos"},"schema":{"@context":"https:\/\/schema.org","@graph":[{"@type":"WebPage","@id":"https:\/\/gazetapernambucana.com\/?p=1890","url":"https:\/\/gazetapernambucana.com\/?p=1890","name":"A dan\u00e7a sobre a mesa e o colapso da dignidade pol\u00edtica brasileira. Por Fl\u00e1vio Chaves -","isPartOf":{"@id":"https:\/\/gazetapernambucana.com\/#website"},"primaryImageOfPage":{"@id":"https:\/\/gazetapernambucana.com\/?p=1890#primaryimage"},"image":{"@id":"https:\/\/gazetapernambucana.com\/?p=1890#primaryimage"},"thumbnailUrl":"https:\/\/gazetapernambucana.com\/wp-content\/uploads\/2025\/09\/download-65.jpeg","datePublished":"2025-10-07T01:16:06+00:00","author":{"@id":"https:\/\/gazetapernambucana.com\/#\/schema\/person\/188dc283325181ac2de4db1e9e987427"},"breadcrumb":{"@id":"https:\/\/gazetapernambucana.com\/?p=1890#breadcrumb"},"inLanguage":"pt-BR","potentialAction":[{"@type":"ReadAction","target":["https:\/\/gazetapernambucana.com\/?p=1890"]}]},{"@type":"ImageObject","inLanguage":"pt-BR","@id":"https:\/\/gazetapernambucana.com\/?p=1890#primaryimage","url":"https:\/\/gazetapernambucana.com\/wp-content\/uploads\/2025\/09\/download-65.jpeg","contentUrl":"https:\/\/gazetapernambucana.com\/wp-content\/uploads\/2025\/09\/download-65.jpeg","width":426,"height":544},{"@type":"BreadcrumbList","@id":"https:\/\/gazetapernambucana.com\/?p=1890#breadcrumb","itemListElement":[{"@type":"ListItem","position":1,"name":"In\u00edcio","item":"https:\/\/gazetapernambucana.com\/"},{"@type":"ListItem","position":2,"name":"A dan\u00e7a sobre a mesa e o colapso da dignidade pol\u00edtica brasileira. Por Fl\u00e1vio Chaves"}]},{"@type":"WebSite","@id":"https:\/\/gazetapernambucana.com\/#website","url":"https:\/\/gazetapernambucana.com\/","name":"","description":"","potentialAction":[{"@type":"SearchAction","target":{"@type":"EntryPoint","urlTemplate":"https:\/\/gazetapernambucana.com\/?s={search_term_string}"},"query-input":{"@type":"PropertyValueSpecification","valueRequired":true,"valueName":"search_term_string"}}],"inLanguage":"pt-BR"},{"@type":"Person","@id":"https:\/\/gazetapernambucana.com\/#\/schema\/person\/188dc283325181ac2de4db1e9e987427","name":"GP","image":{"@type":"ImageObject","inLanguage":"pt-BR","@id":"https:\/\/gazetapernambucana.com\/#\/schema\/person\/image\/","url":"https:\/\/secure.gravatar.com\/avatar\/9dad78ff9a2d8b5742d11779f8a3f53b052320c550b2e1907882353c067bb111?s=96&d=mm&r=g","contentUrl":"https:\/\/secure.gravatar.com\/avatar\/9dad78ff9a2d8b5742d11779f8a3f53b052320c550b2e1907882353c067bb111?s=96&d=mm&r=g","caption":"GP"},"sameAs":["http:\/\/gazetapernambucana.com"],"url":"https:\/\/gazetapernambucana.com\/?author=1"}]}},"jetpack_publicize_connections":[],"_links":{"self":[{"href":"https:\/\/gazetapernambucana.com\/index.php?rest_route=\/wp\/v2\/posts\/1890","targetHints":{"allow":["GET"]}}],"collection":[{"href":"https:\/\/gazetapernambucana.com\/index.php?rest_route=\/wp\/v2\/posts"}],"about":[{"href":"https:\/\/gazetapernambucana.com\/index.php?rest_route=\/wp\/v2\/types\/post"}],"author":[{"embeddable":true,"href":"https:\/\/gazetapernambucana.com\/index.php?rest_route=\/wp\/v2\/users\/1"}],"replies":[{"embeddable":true,"href":"https:\/\/gazetapernambucana.com\/index.php?rest_route=%2Fwp%2Fv2%2Fcomments&post=1890"}],"version-history":[{"count":1,"href":"https:\/\/gazetapernambucana.com\/index.php?rest_route=\/wp\/v2\/posts\/1890\/revisions"}],"predecessor-version":[{"id":1892,"href":"https:\/\/gazetapernambucana.com\/index.php?rest_route=\/wp\/v2\/posts\/1890\/revisions\/1892"}],"wp:featuredmedia":[{"embeddable":true,"href":"https:\/\/gazetapernambucana.com\/index.php?rest_route=\/wp\/v2\/media\/1700"}],"wp:attachment":[{"href":"https:\/\/gazetapernambucana.com\/index.php?rest_route=%2Fwp%2Fv2%2Fmedia&parent=1890"}],"wp:term":[{"taxonomy":"category","embeddable":true,"href":"https:\/\/gazetapernambucana.com\/index.php?rest_route=%2Fwp%2Fv2%2Fcategories&post=1890"},{"taxonomy":"post_tag","embeddable":true,"href":"https:\/\/gazetapernambucana.com\/index.php?rest_route=%2Fwp%2Fv2%2Ftags&post=1890"}],"curies":[{"name":"wp","href":"https:\/\/api.w.org\/{rel}","templated":true}]}}