{"id":1887,"date":"2025-10-06T20:14:21","date_gmt":"2025-10-06T23:14:21","guid":{"rendered":"https:\/\/gazetapernambucana.com\/?p=1887"},"modified":"2025-10-06T20:14:21","modified_gmt":"2025-10-06T23:14:21","slug":"dueire-assume-presidencia-de-comissao-estrategica-no-parlasul","status":"publish","type":"post","link":"https:\/\/gazetapernambucana.com\/?p=1887","title":{"rendered":"Dueire assume presid\u00eancia de comiss\u00e3o estrat\u00e9gica no Parlasul"},"content":{"rendered":"<div class=\"elementor-element elementor-element-7d2fc729 titulo-post elementor-widget elementor-widget-theme-post-title elementor-page-title elementor-widget-heading\" data-id=\"7d2fc729\" data-element_type=\"widget\" data-widget_type=\"theme-post-title.default\">\n<div class=\"elementor-widget-container\"><\/div>\n<\/div>\n<section class=\"elementor-section elementor-inner-section elementor-element elementor-element-7e25a070 elementor-section-boxed elementor-section-height-default elementor-section-height-default\" data-id=\"7e25a070\" data-element_type=\"section\">\n<div class=\"elementor-container elementor-column-gap-default\">\n<div class=\"elementor-column elementor-col-50 elementor-inner-column elementor-element elementor-element-24f401b5\" data-id=\"24f401b5\" data-element_type=\"column\">\n<div class=\"elementor-widget-wrap elementor-element-populated\">\n<div class=\"elementor-element elementor-element-6b34b66e elementor-share-buttons--view-icon elementor-share-buttons--skin-flat elementor-share-buttons--align-right elementor-share-buttons--shape-square elementor-grid-0 elementor-share-buttons--color-official elementor-widget elementor-widget-share-buttons\" data-id=\"6b34b66e\" data-element_type=\"widget\" data-settings=\"{&quot;share_url&quot;:{&quot;url&quot;:&quot;https:\\\/\\\/blogdomagno.com.br\\\/dueire-assume-presidencia-de-comissao-estrategica-no-parlasul\\\/&quot;,&quot;is_external&quot;:&quot;&quot;,&quot;nofollow&quot;:&quot;&quot;,&quot;custom_attributes&quot;:&quot;&quot;}}\" data-widget_type=\"share-buttons.default\">\n<div class=\"elementor-widget-container\">\n<div class=\"elementor-grid\"><\/div>\n<\/div>\n<\/div>\n<\/div>\n<\/div>\n<\/div>\n<\/section>\n<div class=\"elementor-element elementor-element-7f30e03 elementor-widget elementor-widget-image\" data-id=\"7f30e03\" data-element_type=\"widget\" data-widget_type=\"image.default\">\n<div class=\"elementor-widget-container\"><img loading=\"lazy\" decoding=\"async\" class=\"attachment-full size-full\" src=\"https:\/\/blogdomagno.com.br\/wp-content\/uploads\/2025\/10\/WhatsApp-Image-2025-10-06-at-14.14.13.jpeg\" sizes=\"auto, (max-width: 1280px) 100vw, 1280px\" srcset=\"https:\/\/blogdomagno.com.br\/wp-content\/uploads\/2025\/10\/WhatsApp-Image-2025-10-06-at-14.14.13.jpeg 1280w, https:\/\/blogdomagno.com.br\/wp-content\/uploads\/2025\/10\/WhatsApp-Image-2025-10-06-at-14.14.13-300x200.jpeg 300w, https:\/\/blogdomagno.com.br\/wp-content\/uploads\/2025\/10\/WhatsApp-Image-2025-10-06-at-14.14.13-1024x682.jpeg 1024w, https:\/\/blogdomagno.com.br\/wp-content\/uploads\/2025\/10\/WhatsApp-Image-2025-10-06-at-14.14.13-768x512.jpeg 768w, https:\/\/blogdomagno.com.br\/wp-content\/uploads\/2025\/10\/WhatsApp-Image-2025-10-06-at-14.14.13-1200x800.jpeg 1200w\" alt=\"\" width=\"1280\" height=\"853\" \/><\/div>\n<\/div>\n<div class=\"elementor-element elementor-element-746f5ae4 elementor-widget elementor-widget-theme-post-content\" data-id=\"746f5ae4\" data-element_type=\"widget\" data-widget_type=\"theme-post-content.default\">\n<div class=\"elementor-widget-container\">\n<p>O senador Fernando Dueire (MDB-PE) foi escolhido, nesta segunda-feira (6), para presidir a Comiss\u00e3o de Assuntos Interiores, Seguran\u00e7a e Defesa do Parlamento do Mercosul (Parlasul), uma das mais estrat\u00e9gicas e sens\u00edveis do bloco regional.<\/p>\n<p>A comiss\u00e3o \u00e9 respons\u00e1vel por discutir e propor pol\u00edticas voltadas \u00e0 seguran\u00e7a p\u00fablica, defesa regional, coopera\u00e7\u00e3o fronteiri\u00e7a e temas de interesse interno dos pa\u00edses membros. E a escolha de Dueire para refor\u00e7a o papel do Brasil no fortalecimento institucional e democr\u00e1tico do bloco, em um momento em que os debates sobre seguran\u00e7a regional e integra\u00e7\u00e3o fronteiri\u00e7a ganham ainda mais relev\u00e2ncia.<\/p>\n<p>O Parlasul \u00e9 o \u00f3rg\u00e3o legislativo do Mercosul e re\u00fane representantes (deputados e senadores( do Brasil, Argentina, Bol\u00edvia, Paraguai e Uruguai. O senador pernambucano Humberto Costa (PT) foi eleito neste ano para presidir o bloco.<\/p>\n<\/div>\n<\/div>\n","protected":false},"excerpt":{"rendered":"<p>O senador Fernando Dueire (MDB-PE) foi escolhido, nesta segunda-feira (6), para presidir a Comiss\u00e3o de Assuntos Interiores, Seguran\u00e7a e Defesa do Parlamento do Mercosul (Parlasul), uma das mais estrat\u00e9gicas e sens\u00edveis do bloco regional. A comiss\u00e3o \u00e9 respons\u00e1vel por discutir e propor pol\u00edticas voltadas \u00e0 seguran\u00e7a p\u00fablica, defesa regional, coopera\u00e7\u00e3o fronteiri\u00e7a e temas de interesse [&hellip;]<\/p>\n","protected":false},"author":1,"featured_media":1888,"comment_status":"open","ping_status":"open","sticky":false,"template":"","format":"standard","meta":{"footnotes":"","jetpack_publicize_message":"","jetpack_publicize_feature_enabled":true,"jetpack_social_post_already_shared":true,"jetpack_social_options":{"image_generator_settings":{"template":"highway","default_image_id":0,"font":"","enabled":false},"version":2}},"categories":[37,1,65],"tags":[],"class_list":["post-1887","post","type-post","status-publish","format-standard","has-post-thumbnail","hentry","category-https-gazetapernambucana-com-page_id212","category-https-gazetapernambucana-com-page_id225","category-politica"],"yoast_head":"<!-- This site is optimized with the Yoast SEO plugin v24.5 - https:\/\/yoast.com\/wordpress\/plugins\/seo\/ -->\n<title>Dueire assume presid\u00eancia de comiss\u00e3o estrat\u00e9gica no Parlasul -<\/title>\n<meta name=\"robots\" content=\"index, follow, max-snippet:-1, max-image-preview:large, max-video-preview:-1\" \/>\n<link rel=\"canonical\" href=\"https:\/\/gazetapernambucana.com\/?p=1887\" \/>\n<meta property=\"og:locale\" content=\"pt_BR\" \/>\n<meta property=\"og:type\" content=\"article\" \/>\n<meta property=\"og:title\" content=\"Dueire assume presid\u00eancia de comiss\u00e3o estrat\u00e9gica no Parlasul -\" \/>\n<meta property=\"og:description\" content=\"O senador Fernando Dueire (MDB-PE) foi escolhido, nesta segunda-feira (6), para presidir a Comiss\u00e3o de Assuntos Interiores, Seguran\u00e7a e Defesa do Parlamento do Mercosul (Parlasul), uma das mais estrat\u00e9gicas e sens\u00edveis do bloco regional. A comiss\u00e3o \u00e9 respons\u00e1vel por discutir e propor pol\u00edticas voltadas \u00e0 seguran\u00e7a p\u00fablica, defesa regional, coopera\u00e7\u00e3o fronteiri\u00e7a e temas de interesse [&hellip;]\" \/>\n<meta property=\"og:url\" content=\"https:\/\/gazetapernambucana.com\/?p=1887\" \/>\n<meta property=\"article:published_time\" content=\"2025-10-06T23:14:21+00:00\" \/>\n<meta property=\"og:image\" content=\"https:\/\/gazetapernambucana.com\/wp-content\/uploads\/2025\/10\/WhatsApp-Image-2025-10-06-at-14.14.13.jpeg\" \/>\n\t<meta property=\"og:image:width\" content=\"1280\" \/>\n\t<meta property=\"og:image:height\" content=\"853\" \/>\n\t<meta property=\"og:image:type\" content=\"image\/jpeg\" \/>\n<meta name=\"author\" content=\"GP\" \/>\n<meta name=\"twitter:card\" content=\"summary_large_image\" \/>\n<meta name=\"twitter:label1\" content=\"Escrito por\" \/>\n\t<meta name=\"twitter:data1\" content=\"GP\" \/>\n\t<meta name=\"twitter:label2\" content=\"Est. tempo de leitura\" \/>\n\t<meta name=\"twitter:data2\" content=\"2 minutos\" \/>\n<script type=\"application\/ld+json\" class=\"yoast-schema-graph\">{\"@context\":\"https:\/\/schema.org\",\"@graph\":[{\"@type\":\"WebPage\",\"@id\":\"https:\/\/gazetapernambucana.com\/?p=1887\",\"url\":\"https:\/\/gazetapernambucana.com\/?p=1887\",\"name\":\"Dueire assume presid\u00eancia de comiss\u00e3o estrat\u00e9gica no Parlasul -\",\"isPartOf\":{\"@id\":\"https:\/\/gazetapernambucana.com\/#website\"},\"primaryImageOfPage\":{\"@id\":\"https:\/\/gazetapernambucana.com\/?p=1887#primaryimage\"},\"image\":{\"@id\":\"https:\/\/gazetapernambucana.com\/?p=1887#primaryimage\"},\"thumbnailUrl\":\"https:\/\/gazetapernambucana.com\/wp-content\/uploads\/2025\/10\/WhatsApp-Image-2025-10-06-at-14.14.13.jpeg\",\"datePublished\":\"2025-10-06T23:14:21+00:00\",\"author\":{\"@id\":\"https:\/\/gazetapernambucana.com\/#\/schema\/person\/188dc283325181ac2de4db1e9e987427\"},\"breadcrumb\":{\"@id\":\"https:\/\/gazetapernambucana.com\/?p=1887#breadcrumb\"},\"inLanguage\":\"pt-BR\",\"potentialAction\":[{\"@type\":\"ReadAction\",\"target\":[\"https:\/\/gazetapernambucana.com\/?p=1887\"]}]},{\"@type\":\"ImageObject\",\"inLanguage\":\"pt-BR\",\"@id\":\"https:\/\/gazetapernambucana.com\/?p=1887#primaryimage\",\"url\":\"https:\/\/gazetapernambucana.com\/wp-content\/uploads\/2025\/10\/WhatsApp-Image-2025-10-06-at-14.14.13.jpeg\",\"contentUrl\":\"https:\/\/gazetapernambucana.com\/wp-content\/uploads\/2025\/10\/WhatsApp-Image-2025-10-06-at-14.14.13.jpeg\",\"width\":1280,\"height\":853},{\"@type\":\"BreadcrumbList\",\"@id\":\"https:\/\/gazetapernambucana.com\/?p=1887#breadcrumb\",\"itemListElement\":[{\"@type\":\"ListItem\",\"position\":1,\"name\":\"In\u00edcio\",\"item\":\"https:\/\/gazetapernambucana.com\/\"},{\"@type\":\"ListItem\",\"position\":2,\"name\":\"Dueire assume presid\u00eancia de comiss\u00e3o estrat\u00e9gica no Parlasul\"}]},{\"@type\":\"WebSite\",\"@id\":\"https:\/\/gazetapernambucana.com\/#website\",\"url\":\"https:\/\/gazetapernambucana.com\/\",\"name\":\"\",\"description\":\"\",\"potentialAction\":[{\"@type\":\"SearchAction\",\"target\":{\"@type\":\"EntryPoint\",\"urlTemplate\":\"https:\/\/gazetapernambucana.com\/?s={search_term_string}\"},\"query-input\":{\"@type\":\"PropertyValueSpecification\",\"valueRequired\":true,\"valueName\":\"search_term_string\"}}],\"inLanguage\":\"pt-BR\"},{\"@type\":\"Person\",\"@id\":\"https:\/\/gazetapernambucana.com\/#\/schema\/person\/188dc283325181ac2de4db1e9e987427\",\"name\":\"GP\",\"image\":{\"@type\":\"ImageObject\",\"inLanguage\":\"pt-BR\",\"@id\":\"https:\/\/gazetapernambucana.com\/#\/schema\/person\/image\/\",\"url\":\"https:\/\/secure.gravatar.com\/avatar\/9dad78ff9a2d8b5742d11779f8a3f53b052320c550b2e1907882353c067bb111?s=96&d=mm&r=g\",\"contentUrl\":\"https:\/\/secure.gravatar.com\/avatar\/9dad78ff9a2d8b5742d11779f8a3f53b052320c550b2e1907882353c067bb111?s=96&d=mm&r=g\",\"caption\":\"GP\"},\"sameAs\":[\"http:\/\/gazetapernambucana.com\"],\"url\":\"https:\/\/gazetapernambucana.com\/?author=1\"}]}<\/script>\n<!-- \/ Yoast SEO plugin. -->","yoast_head_json":{"title":"Dueire assume presid\u00eancia de comiss\u00e3o estrat\u00e9gica no Parlasul -","robots":{"index":"index","follow":"follow","max-snippet":"max-snippet:-1","max-image-preview":"max-image-preview:large","max-video-preview":"max-video-preview:-1"},"canonical":"https:\/\/gazetapernambucana.com\/?p=1887","og_locale":"pt_BR","og_type":"article","og_title":"Dueire assume presid\u00eancia de comiss\u00e3o estrat\u00e9gica no Parlasul -","og_description":"O senador Fernando Dueire (MDB-PE) foi escolhido, nesta segunda-feira (6), para presidir a Comiss\u00e3o de Assuntos Interiores, Seguran\u00e7a e Defesa do Parlamento do Mercosul (Parlasul), uma das mais estrat\u00e9gicas e sens\u00edveis do bloco regional. A comiss\u00e3o \u00e9 respons\u00e1vel por discutir e propor pol\u00edticas voltadas \u00e0 seguran\u00e7a p\u00fablica, defesa regional, coopera\u00e7\u00e3o fronteiri\u00e7a e temas de interesse [&hellip;]","og_url":"https:\/\/gazetapernambucana.com\/?p=1887","article_published_time":"2025-10-06T23:14:21+00:00","og_image":[{"width":1280,"height":853,"url":"https:\/\/gazetapernambucana.com\/wp-content\/uploads\/2025\/10\/WhatsApp-Image-2025-10-06-at-14.14.13.jpeg","type":"image\/jpeg"}],"author":"GP","twitter_card":"summary_large_image","twitter_misc":{"Escrito por":"GP","Est. tempo de leitura":"2 minutos"},"schema":{"@context":"https:\/\/schema.org","@graph":[{"@type":"WebPage","@id":"https:\/\/gazetapernambucana.com\/?p=1887","url":"https:\/\/gazetapernambucana.com\/?p=1887","name":"Dueire assume presid\u00eancia de comiss\u00e3o estrat\u00e9gica no Parlasul -","isPartOf":{"@id":"https:\/\/gazetapernambucana.com\/#website"},"primaryImageOfPage":{"@id":"https:\/\/gazetapernambucana.com\/?p=1887#primaryimage"},"image":{"@id":"https:\/\/gazetapernambucana.com\/?p=1887#primaryimage"},"thumbnailUrl":"https:\/\/gazetapernambucana.com\/wp-content\/uploads\/2025\/10\/WhatsApp-Image-2025-10-06-at-14.14.13.jpeg","datePublished":"2025-10-06T23:14:21+00:00","author":{"@id":"https:\/\/gazetapernambucana.com\/#\/schema\/person\/188dc283325181ac2de4db1e9e987427"},"breadcrumb":{"@id":"https:\/\/gazetapernambucana.com\/?p=1887#breadcrumb"},"inLanguage":"pt-BR","potentialAction":[{"@type":"ReadAction","target":["https:\/\/gazetapernambucana.com\/?p=1887"]}]},{"@type":"ImageObject","inLanguage":"pt-BR","@id":"https:\/\/gazetapernambucana.com\/?p=1887#primaryimage","url":"https:\/\/gazetapernambucana.com\/wp-content\/uploads\/2025\/10\/WhatsApp-Image-2025-10-06-at-14.14.13.jpeg","contentUrl":"https:\/\/gazetapernambucana.com\/wp-content\/uploads\/2025\/10\/WhatsApp-Image-2025-10-06-at-14.14.13.jpeg","width":1280,"height":853},{"@type":"BreadcrumbList","@id":"https:\/\/gazetapernambucana.com\/?p=1887#breadcrumb","itemListElement":[{"@type":"ListItem","position":1,"name":"In\u00edcio","item":"https:\/\/gazetapernambucana.com\/"},{"@type":"ListItem","position":2,"name":"Dueire assume presid\u00eancia de comiss\u00e3o estrat\u00e9gica no Parlasul"}]},{"@type":"WebSite","@id":"https:\/\/gazetapernambucana.com\/#website","url":"https:\/\/gazetapernambucana.com\/","name":"","description":"","potentialAction":[{"@type":"SearchAction","target":{"@type":"EntryPoint","urlTemplate":"https:\/\/gazetapernambucana.com\/?s={search_term_string}"},"query-input":{"@type":"PropertyValueSpecification","valueRequired":true,"valueName":"search_term_string"}}],"inLanguage":"pt-BR"},{"@type":"Person","@id":"https:\/\/gazetapernambucana.com\/#\/schema\/person\/188dc283325181ac2de4db1e9e987427","name":"GP","image":{"@type":"ImageObject","inLanguage":"pt-BR","@id":"https:\/\/gazetapernambucana.com\/#\/schema\/person\/image\/","url":"https:\/\/secure.gravatar.com\/avatar\/9dad78ff9a2d8b5742d11779f8a3f53b052320c550b2e1907882353c067bb111?s=96&d=mm&r=g","contentUrl":"https:\/\/secure.gravatar.com\/avatar\/9dad78ff9a2d8b5742d11779f8a3f53b052320c550b2e1907882353c067bb111?s=96&d=mm&r=g","caption":"GP"},"sameAs":["http:\/\/gazetapernambucana.com"],"url":"https:\/\/gazetapernambucana.com\/?author=1"}]}},"jetpack_publicize_connections":[],"_links":{"self":[{"href":"https:\/\/gazetapernambucana.com\/index.php?rest_route=\/wp\/v2\/posts\/1887","targetHints":{"allow":["GET"]}}],"collection":[{"href":"https:\/\/gazetapernambucana.com\/index.php?rest_route=\/wp\/v2\/posts"}],"about":[{"href":"https:\/\/gazetapernambucana.com\/index.php?rest_route=\/wp\/v2\/types\/post"}],"author":[{"embeddable":true,"href":"https:\/\/gazetapernambucana.com\/index.php?rest_route=\/wp\/v2\/users\/1"}],"replies":[{"embeddable":true,"href":"https:\/\/gazetapernambucana.com\/index.php?rest_route=%2Fwp%2Fv2%2Fcomments&post=1887"}],"version-history":[{"count":1,"href":"https:\/\/gazetapernambucana.com\/index.php?rest_route=\/wp\/v2\/posts\/1887\/revisions"}],"predecessor-version":[{"id":1889,"href":"https:\/\/gazetapernambucana.com\/index.php?rest_route=\/wp\/v2\/posts\/1887\/revisions\/1889"}],"wp:featuredmedia":[{"embeddable":true,"href":"https:\/\/gazetapernambucana.com\/index.php?rest_route=\/wp\/v2\/media\/1888"}],"wp:attachment":[{"href":"https:\/\/gazetapernambucana.com\/index.php?rest_route=%2Fwp%2Fv2%2Fmedia&parent=1887"}],"wp:term":[{"taxonomy":"category","embeddable":true,"href":"https:\/\/gazetapernambucana.com\/index.php?rest_route=%2Fwp%2Fv2%2Fcategories&post=1887"},{"taxonomy":"post_tag","embeddable":true,"href":"https:\/\/gazetapernambucana.com\/index.php?rest_route=%2Fwp%2Fv2%2Ftags&post=1887"}],"curies":[{"name":"wp","href":"https:\/\/api.w.org\/{rel}","templated":true}]}}