{"id":1884,"date":"2025-10-04T21:57:22","date_gmt":"2025-10-05T00:57:22","guid":{"rendered":"https:\/\/gazetapernambucana.com\/?p=1884"},"modified":"2025-10-04T21:57:22","modified_gmt":"2025-10-05T00:57:22","slug":"tensao-e-decisao-por-claudemir-gomes","status":"publish","type":"post","link":"https:\/\/gazetapernambucana.com\/?p=1884","title":{"rendered":"Tens\u00e3o e Decis\u00e3o. Por CLAUDEMIR GOMES"},"content":{"rendered":"<p><strong><img loading=\"lazy\" decoding=\"async\" class=\"alignnone size-full wp-image-174288\" src=\"https:\/\/flaviochaves.com.br\/wp-content\/uploads\/2025\/07\/43163348_124416095196984_1643391599985557504_n-1-1-300x300-1.jpg\" alt=\"\" width=\"300\" height=\"300\" \/>\u00a0 Por CLAUDEMIR GOMES\u00a0 &#8211;\u00a0\u00a0<\/strong>Os dois quadrangulares da S\u00e9rie C, que ir\u00e3o definir os clubes que ter\u00e3o acesso \u00e0 S\u00e9rie B na pr\u00f3xima temporada, est\u00e3o ratificando o equil\u00edbrio de for\u00e7as entre os participantes dos grupos B e C. Ap\u00f3s quatro rodadas apenas um clube &#8211; Ponte Preta &#8211; entre os oitos participantes das disputas, assegurou sua passagem para a Segunda Divis\u00e3o do Brasileiro em 2026.<\/p>\n<p>O empate do N\u00e1utico &#8211; 1&#215;1 &#8211; com a Ponte Preta (Grupo C), no \u00faltimo final de semana, recolocou o time pernambucano na disputada e transformou a rodada deste s\u00e1bado num obst\u00e1culo de vida ou morte. Vencer, vencer e vencer \u00e9 a palavra de ordem para o Brusque, que vai medir for\u00e7as com a Ponte, e para Guarani e N\u00e1utico que devem protagonizar uma queda de bra\u00e7o hist\u00f3rica no Brinco de Ouro, em Campinas.<\/p>\n<p>&#8220;Chegou a hora de ver quem tem garrafa pra vender&#8221;, como diz o espetacular Bartolomeu Fernando, narrador da R\u00e1dio Cultura de Caruaru. Tem que diga que, &#8220;\u00e9 nessa hora que se separa os homens dos meninos&#8221;. Bom! De uma coisa temos certeza: o maior desafio dos treinadores \u00e9 fazer com que a ansiedade n\u00e3o derrote seus ex\u00e9rcitos antes das batalhas. Afinal, em partidas como essas, pode acontecer de tudo, inclusive nada. O esfor\u00e7o para n\u00e3o dar um branco na tropa \u00e9 sobrenatural.<\/p>\n<p>S\u00e3o 22 jogadores em campo, afora os que s\u00e3o acionados durante o jogo. E como cada cabe\u00e7a \u00e9 um mundo, podemos afirmar que o \u00e1rbitro do encontro vai ter que lidar com vinte e dois mundos diferentes. Em meio s\u00e9culo labutando na cr\u00f4nica esportiva, testemunhei in\u00fameras decis\u00f5es. Em alguns epis\u00f3dios parecia at\u00e9 que \u00e9ramos um integrante efetivo do grupo, dada nossa conviv\u00eancia di\u00e1ria com o clube que est\u00e1vamos cobrindo. Tal liga\u00e7\u00e3o nos levou a ver jogadores amofinando, dando caga\u00e7o; outros nem estavam a\u00ed para o car\u00e1ter decisivo da partida, enquanto tinham aqueles que se agigantavam. Enfim, cada qual com o seu qual.<\/p>\n<p>Em decis\u00f5es todos os \u00e1rbitros carregam consigo uma interroga\u00e7\u00e3o maior que eles. Coisas do futebol. Nos dias de hoje, mesmo n\u00e3o entrando em campo, existe um elemento oculto que pode definir o destino dos clubes: o VAR. Trata-se de um instrumento tecnol\u00f3gico, mas que \u00e9 manuseado pelo homem. E ningu\u00e9m est\u00e1 livre dos efeitos psicol\u00f3gicos que sondam uma decis\u00e3o. A turma do VAR tamb\u00e9m pode tremer.<\/p>\n<p>Os fatores emocionais, em uma decis\u00e3o, s\u00e3o mais determinantes do que os t\u00e9cnicos e f\u00edsicos, uma vez que, as equipes que chegam aos est\u00e1gios finais est\u00e3o bem condicionadas f\u00edsica e tecnicamente.<\/p>\n<p>Gosto muito do trabalho motivacional desenvolvido pelo t\u00e9cnico H\u00e9lio dos Anjos, mas existem pontos nevr\u00e1lgicos que fogem ao seu dom\u00ednio. Espero que os gestores alvirrubros de plant\u00e3o estejam em boa conex\u00e3o com o grupo (jogadores e comiss\u00e3o t\u00e9cnica), e tenham assimilado as imperiosas necessidades do momento. Nesta empreitada final rumo a S\u00e9rie B, do contra j\u00e1 bastam Brusque, Guarani e Ponte.<\/p>\n<p>No Grupo B, onde est\u00e3o &#8211; Floresta, Londrina, S\u00e3o Bernardo e Caxias &#8211; o equil\u00edbrio \u00e9 maior, mas Londrina e Floresta est\u00e3o na vantagem.<\/p>\n<p>Algumas defini\u00e7\u00f5es podem acontecer atrav\u00e9s da combina\u00e7\u00e3o dos resultados, fato que aumenta a tens\u00e3o da disputa. Embora esteja na terceira posi\u00e7\u00e3o na tabela de classifica\u00e7\u00e3o do seu grupo, o N\u00e1utico depende apenas dos seus resultados.<\/p>\n<p>For\u00e7a Timbu!<\/p>\n","protected":false},"excerpt":{"rendered":"<p>\u00a0 Por CLAUDEMIR GOMES\u00a0 &#8211;\u00a0\u00a0Os dois quadrangulares da S\u00e9rie C, que ir\u00e3o definir os clubes que ter\u00e3o acesso \u00e0 S\u00e9rie B na pr\u00f3xima temporada, est\u00e3o ratificando o equil\u00edbrio de for\u00e7as entre os participantes dos grupos B e C. Ap\u00f3s quatro rodadas apenas um clube &#8211; Ponte Preta &#8211; entre os oitos participantes das disputas, assegurou [&hellip;]<\/p>\n","protected":false},"author":1,"featured_media":1250,"comment_status":"open","ping_status":"open","sticky":false,"template":"","format":"standard","meta":{"footnotes":"","jetpack_publicize_message":"","jetpack_publicize_feature_enabled":true,"jetpack_social_post_already_shared":true,"jetpack_social_options":{"image_generator_settings":{"template":"highway","default_image_id":0,"font":"","enabled":false},"version":2}},"categories":[1,39],"tags":[],"class_list":["post-1884","post","type-post","status-publish","format-standard","has-post-thumbnail","hentry","category-https-gazetapernambucana-com-page_id225","category-https-gazetapernambucana-com-page_id221"],"yoast_head":"<!-- This site is optimized with the Yoast SEO plugin v24.5 - https:\/\/yoast.com\/wordpress\/plugins\/seo\/ -->\n<title>Tens\u00e3o e Decis\u00e3o. Por CLAUDEMIR GOMES -<\/title>\n<meta name=\"robots\" content=\"index, follow, max-snippet:-1, max-image-preview:large, max-video-preview:-1\" \/>\n<link rel=\"canonical\" href=\"https:\/\/gazetapernambucana.com\/?p=1884\" \/>\n<meta property=\"og:locale\" content=\"pt_BR\" \/>\n<meta property=\"og:type\" content=\"article\" \/>\n<meta property=\"og:title\" content=\"Tens\u00e3o e Decis\u00e3o. Por CLAUDEMIR GOMES -\" \/>\n<meta property=\"og:description\" content=\"\u00a0 Por CLAUDEMIR GOMES\u00a0 &#8211;\u00a0\u00a0Os dois quadrangulares da S\u00e9rie C, que ir\u00e3o definir os clubes que ter\u00e3o acesso \u00e0 S\u00e9rie B na pr\u00f3xima temporada, est\u00e3o ratificando o equil\u00edbrio de for\u00e7as entre os participantes dos grupos B e C. Ap\u00f3s quatro rodadas apenas um clube &#8211; Ponte Preta &#8211; entre os oitos participantes das disputas, assegurou [&hellip;]\" \/>\n<meta property=\"og:url\" content=\"https:\/\/gazetapernambucana.com\/?p=1884\" \/>\n<meta property=\"article:published_time\" content=\"2025-10-05T00:57:22+00:00\" \/>\n<meta property=\"og:image\" content=\"https:\/\/gazetapernambucana.com\/wp-content\/uploads\/2025\/07\/43163348_124416095196984_1643391599985557504_n-1-1-300x300-1.jpg\" \/>\n\t<meta property=\"og:image:width\" content=\"300\" \/>\n\t<meta property=\"og:image:height\" content=\"300\" \/>\n\t<meta property=\"og:image:type\" content=\"image\/jpeg\" \/>\n<meta name=\"author\" content=\"GP\" \/>\n<meta name=\"twitter:card\" content=\"summary_large_image\" \/>\n<meta name=\"twitter:label1\" content=\"Escrito por\" \/>\n\t<meta name=\"twitter:data1\" content=\"GP\" \/>\n\t<meta name=\"twitter:label2\" content=\"Est. tempo de leitura\" \/>\n\t<meta name=\"twitter:data2\" content=\"4 minutos\" \/>\n<script type=\"application\/ld+json\" class=\"yoast-schema-graph\">{\"@context\":\"https:\/\/schema.org\",\"@graph\":[{\"@type\":\"WebPage\",\"@id\":\"https:\/\/gazetapernambucana.com\/?p=1884\",\"url\":\"https:\/\/gazetapernambucana.com\/?p=1884\",\"name\":\"Tens\u00e3o e Decis\u00e3o. Por CLAUDEMIR GOMES -\",\"isPartOf\":{\"@id\":\"https:\/\/gazetapernambucana.com\/#website\"},\"primaryImageOfPage\":{\"@id\":\"https:\/\/gazetapernambucana.com\/?p=1884#primaryimage\"},\"image\":{\"@id\":\"https:\/\/gazetapernambucana.com\/?p=1884#primaryimage\"},\"thumbnailUrl\":\"https:\/\/gazetapernambucana.com\/wp-content\/uploads\/2025\/07\/43163348_124416095196984_1643391599985557504_n-1-1-300x300-1.jpg\",\"datePublished\":\"2025-10-05T00:57:22+00:00\",\"author\":{\"@id\":\"https:\/\/gazetapernambucana.com\/#\/schema\/person\/188dc283325181ac2de4db1e9e987427\"},\"breadcrumb\":{\"@id\":\"https:\/\/gazetapernambucana.com\/?p=1884#breadcrumb\"},\"inLanguage\":\"pt-BR\",\"potentialAction\":[{\"@type\":\"ReadAction\",\"target\":[\"https:\/\/gazetapernambucana.com\/?p=1884\"]}]},{\"@type\":\"ImageObject\",\"inLanguage\":\"pt-BR\",\"@id\":\"https:\/\/gazetapernambucana.com\/?p=1884#primaryimage\",\"url\":\"https:\/\/gazetapernambucana.com\/wp-content\/uploads\/2025\/07\/43163348_124416095196984_1643391599985557504_n-1-1-300x300-1.jpg\",\"contentUrl\":\"https:\/\/gazetapernambucana.com\/wp-content\/uploads\/2025\/07\/43163348_124416095196984_1643391599985557504_n-1-1-300x300-1.jpg\",\"width\":300,\"height\":300},{\"@type\":\"BreadcrumbList\",\"@id\":\"https:\/\/gazetapernambucana.com\/?p=1884#breadcrumb\",\"itemListElement\":[{\"@type\":\"ListItem\",\"position\":1,\"name\":\"In\u00edcio\",\"item\":\"https:\/\/gazetapernambucana.com\/\"},{\"@type\":\"ListItem\",\"position\":2,\"name\":\"Tens\u00e3o e Decis\u00e3o. Por CLAUDEMIR GOMES\"}]},{\"@type\":\"WebSite\",\"@id\":\"https:\/\/gazetapernambucana.com\/#website\",\"url\":\"https:\/\/gazetapernambucana.com\/\",\"name\":\"\",\"description\":\"\",\"potentialAction\":[{\"@type\":\"SearchAction\",\"target\":{\"@type\":\"EntryPoint\",\"urlTemplate\":\"https:\/\/gazetapernambucana.com\/?s={search_term_string}\"},\"query-input\":{\"@type\":\"PropertyValueSpecification\",\"valueRequired\":true,\"valueName\":\"search_term_string\"}}],\"inLanguage\":\"pt-BR\"},{\"@type\":\"Person\",\"@id\":\"https:\/\/gazetapernambucana.com\/#\/schema\/person\/188dc283325181ac2de4db1e9e987427\",\"name\":\"GP\",\"image\":{\"@type\":\"ImageObject\",\"inLanguage\":\"pt-BR\",\"@id\":\"https:\/\/gazetapernambucana.com\/#\/schema\/person\/image\/\",\"url\":\"https:\/\/secure.gravatar.com\/avatar\/9dad78ff9a2d8b5742d11779f8a3f53b052320c550b2e1907882353c067bb111?s=96&d=mm&r=g\",\"contentUrl\":\"https:\/\/secure.gravatar.com\/avatar\/9dad78ff9a2d8b5742d11779f8a3f53b052320c550b2e1907882353c067bb111?s=96&d=mm&r=g\",\"caption\":\"GP\"},\"sameAs\":[\"http:\/\/gazetapernambucana.com\"],\"url\":\"https:\/\/gazetapernambucana.com\/?author=1\"}]}<\/script>\n<!-- \/ Yoast SEO plugin. -->","yoast_head_json":{"title":"Tens\u00e3o e Decis\u00e3o. Por CLAUDEMIR GOMES -","robots":{"index":"index","follow":"follow","max-snippet":"max-snippet:-1","max-image-preview":"max-image-preview:large","max-video-preview":"max-video-preview:-1"},"canonical":"https:\/\/gazetapernambucana.com\/?p=1884","og_locale":"pt_BR","og_type":"article","og_title":"Tens\u00e3o e Decis\u00e3o. Por CLAUDEMIR GOMES -","og_description":"\u00a0 Por CLAUDEMIR GOMES\u00a0 &#8211;\u00a0\u00a0Os dois quadrangulares da S\u00e9rie C, que ir\u00e3o definir os clubes que ter\u00e3o acesso \u00e0 S\u00e9rie B na pr\u00f3xima temporada, est\u00e3o ratificando o equil\u00edbrio de for\u00e7as entre os participantes dos grupos B e C. Ap\u00f3s quatro rodadas apenas um clube &#8211; Ponte Preta &#8211; entre os oitos participantes das disputas, assegurou [&hellip;]","og_url":"https:\/\/gazetapernambucana.com\/?p=1884","article_published_time":"2025-10-05T00:57:22+00:00","og_image":[{"width":300,"height":300,"url":"https:\/\/gazetapernambucana.com\/wp-content\/uploads\/2025\/07\/43163348_124416095196984_1643391599985557504_n-1-1-300x300-1.jpg","type":"image\/jpeg"}],"author":"GP","twitter_card":"summary_large_image","twitter_misc":{"Escrito por":"GP","Est. tempo de leitura":"4 minutos"},"schema":{"@context":"https:\/\/schema.org","@graph":[{"@type":"WebPage","@id":"https:\/\/gazetapernambucana.com\/?p=1884","url":"https:\/\/gazetapernambucana.com\/?p=1884","name":"Tens\u00e3o e Decis\u00e3o. Por CLAUDEMIR GOMES -","isPartOf":{"@id":"https:\/\/gazetapernambucana.com\/#website"},"primaryImageOfPage":{"@id":"https:\/\/gazetapernambucana.com\/?p=1884#primaryimage"},"image":{"@id":"https:\/\/gazetapernambucana.com\/?p=1884#primaryimage"},"thumbnailUrl":"https:\/\/gazetapernambucana.com\/wp-content\/uploads\/2025\/07\/43163348_124416095196984_1643391599985557504_n-1-1-300x300-1.jpg","datePublished":"2025-10-05T00:57:22+00:00","author":{"@id":"https:\/\/gazetapernambucana.com\/#\/schema\/person\/188dc283325181ac2de4db1e9e987427"},"breadcrumb":{"@id":"https:\/\/gazetapernambucana.com\/?p=1884#breadcrumb"},"inLanguage":"pt-BR","potentialAction":[{"@type":"ReadAction","target":["https:\/\/gazetapernambucana.com\/?p=1884"]}]},{"@type":"ImageObject","inLanguage":"pt-BR","@id":"https:\/\/gazetapernambucana.com\/?p=1884#primaryimage","url":"https:\/\/gazetapernambucana.com\/wp-content\/uploads\/2025\/07\/43163348_124416095196984_1643391599985557504_n-1-1-300x300-1.jpg","contentUrl":"https:\/\/gazetapernambucana.com\/wp-content\/uploads\/2025\/07\/43163348_124416095196984_1643391599985557504_n-1-1-300x300-1.jpg","width":300,"height":300},{"@type":"BreadcrumbList","@id":"https:\/\/gazetapernambucana.com\/?p=1884#breadcrumb","itemListElement":[{"@type":"ListItem","position":1,"name":"In\u00edcio","item":"https:\/\/gazetapernambucana.com\/"},{"@type":"ListItem","position":2,"name":"Tens\u00e3o e Decis\u00e3o. Por CLAUDEMIR GOMES"}]},{"@type":"WebSite","@id":"https:\/\/gazetapernambucana.com\/#website","url":"https:\/\/gazetapernambucana.com\/","name":"","description":"","potentialAction":[{"@type":"SearchAction","target":{"@type":"EntryPoint","urlTemplate":"https:\/\/gazetapernambucana.com\/?s={search_term_string}"},"query-input":{"@type":"PropertyValueSpecification","valueRequired":true,"valueName":"search_term_string"}}],"inLanguage":"pt-BR"},{"@type":"Person","@id":"https:\/\/gazetapernambucana.com\/#\/schema\/person\/188dc283325181ac2de4db1e9e987427","name":"GP","image":{"@type":"ImageObject","inLanguage":"pt-BR","@id":"https:\/\/gazetapernambucana.com\/#\/schema\/person\/image\/","url":"https:\/\/secure.gravatar.com\/avatar\/9dad78ff9a2d8b5742d11779f8a3f53b052320c550b2e1907882353c067bb111?s=96&d=mm&r=g","contentUrl":"https:\/\/secure.gravatar.com\/avatar\/9dad78ff9a2d8b5742d11779f8a3f53b052320c550b2e1907882353c067bb111?s=96&d=mm&r=g","caption":"GP"},"sameAs":["http:\/\/gazetapernambucana.com"],"url":"https:\/\/gazetapernambucana.com\/?author=1"}]}},"jetpack_publicize_connections":[],"_links":{"self":[{"href":"https:\/\/gazetapernambucana.com\/index.php?rest_route=\/wp\/v2\/posts\/1884","targetHints":{"allow":["GET"]}}],"collection":[{"href":"https:\/\/gazetapernambucana.com\/index.php?rest_route=\/wp\/v2\/posts"}],"about":[{"href":"https:\/\/gazetapernambucana.com\/index.php?rest_route=\/wp\/v2\/types\/post"}],"author":[{"embeddable":true,"href":"https:\/\/gazetapernambucana.com\/index.php?rest_route=\/wp\/v2\/users\/1"}],"replies":[{"embeddable":true,"href":"https:\/\/gazetapernambucana.com\/index.php?rest_route=%2Fwp%2Fv2%2Fcomments&post=1884"}],"version-history":[{"count":1,"href":"https:\/\/gazetapernambucana.com\/index.php?rest_route=\/wp\/v2\/posts\/1884\/revisions"}],"predecessor-version":[{"id":1885,"href":"https:\/\/gazetapernambucana.com\/index.php?rest_route=\/wp\/v2\/posts\/1884\/revisions\/1885"}],"wp:featuredmedia":[{"embeddable":true,"href":"https:\/\/gazetapernambucana.com\/index.php?rest_route=\/wp\/v2\/media\/1250"}],"wp:attachment":[{"href":"https:\/\/gazetapernambucana.com\/index.php?rest_route=%2Fwp%2Fv2%2Fmedia&parent=1884"}],"wp:term":[{"taxonomy":"category","embeddable":true,"href":"https:\/\/gazetapernambucana.com\/index.php?rest_route=%2Fwp%2Fv2%2Fcategories&post=1884"},{"taxonomy":"post_tag","embeddable":true,"href":"https:\/\/gazetapernambucana.com\/index.php?rest_route=%2Fwp%2Fv2%2Ftags&post=1884"}],"curies":[{"name":"wp","href":"https:\/\/api.w.org\/{rel}","templated":true}]}}