{"id":1877,"date":"2025-10-04T17:55:12","date_gmt":"2025-10-04T20:55:12","guid":{"rendered":"https:\/\/gazetapernambucana.com\/?p=1877"},"modified":"2025-10-04T17:55:12","modified_gmt":"2025-10-04T20:55:12","slug":"olinda-sera-palco-do-lancamento-de-os-leoes-do-norte-obra-de-magno-martins","status":"publish","type":"post","link":"https:\/\/gazetapernambucana.com\/?p=1877","title":{"rendered":"Olinda ser\u00e1 palco do lan\u00e7amento de \u201cOs Le\u00f5es do Norte\u201d, obra de Magno Martins"},"content":{"rendered":"<p data-start=\"176\" data-end=\"213\"><strong data-start=\"176\" data-end=\"213\"><img loading=\"lazy\" decoding=\"async\" class=\"alignnone size-medium wp-image-1878\" src=\"http:\/\/gazetapernambucana.com\/wp-content\/uploads\/2025\/10\/whatsapp-image-2025-06-09-at-191040-300x200.webp\" alt=\"\" width=\"300\" height=\"200\" srcset=\"https:\/\/gazetapernambucana.com\/wp-content\/uploads\/2025\/10\/whatsapp-image-2025-06-09-at-191040-300x200.webp 300w, https:\/\/gazetapernambucana.com\/wp-content\/uploads\/2025\/10\/whatsapp-image-2025-06-09-at-191040.webp 400w\" sizes=\"auto, (max-width: 300px) 100vw, 300px\" \/>\u00a0 \u00a0Por Reda\u00e7\u00e3o \u2013 Gazeta Pernambucana<\/strong><\/p>\n<p data-start=\"215\" data-end=\"534\">Depois de circular por cidades da Regi\u00e3o Metropolitana e do interior, o livro <em data-start=\"293\" data-end=\"312\">Os Le\u00f5es do Norte<\/em>, do jornalista e historiador Magno Martins, chega a Olinda. O lan\u00e7amento ser\u00e1 na pr\u00f3xima sexta-feira, dia 10 de outubro, \u00e0s 11h, no audit\u00f3rio da Prefeitura Municipal, com o apoio da prefeita Mirella Almeida (PSD).<\/p>\n<p data-start=\"536\" data-end=\"823\">A obra re\u00fane minibiografias de 22 ex-governadores de Pernambuco \u2014 de Carlos de Lima Cavalcanti (1930) a Paulo C\u00e2mara (2022). A atual governadora, Raquel Lyra (PSD), n\u00e3o consta do livro por ainda estar no exerc\u00edcio do mandato, conforme proposta editorial de avaliar legados j\u00e1 encerrados.<\/p>\n<p data-start=\"536\" data-end=\"823\"><img loading=\"lazy\" decoding=\"async\" class=\"size-medium wp-image-1879 aligncenter\" src=\"http:\/\/gazetapernambucana.com\/wp-content\/uploads\/2025\/10\/whatsapp-image-2025-09-03-at-17.40.20-216x300.avif\" alt=\"\" width=\"216\" height=\"300\" srcset=\"https:\/\/gazetapernambucana.com\/wp-content\/uploads\/2025\/10\/whatsapp-image-2025-09-03-at-17.40.20-216x300.avif 216w, https:\/\/gazetapernambucana.com\/wp-content\/uploads\/2025\/10\/whatsapp-image-2025-09-03-at-17.40.20-738x1024.avif 738w, https:\/\/gazetapernambucana.com\/wp-content\/uploads\/2025\/10\/whatsapp-image-2025-09-03-at-17.40.20-768x1065.avif 768w, https:\/\/gazetapernambucana.com\/wp-content\/uploads\/2025\/10\/whatsapp-image-2025-09-03-at-17.40.20.avif 984w\" sizes=\"auto, (max-width: 216px) 100vw, 216px\" \/><\/p>\n<p data-start=\"825\" data-end=\"1107\">Desde seu lan\u00e7amento inicial, em junho de 2025, no Recife, Magno Martins j\u00e1 organizou mais de 30 eventos de aut\u00f3grafos e debates por todo o estado. O lan\u00e7amento mais recente ocorreu em Petrolina, em uma homenagem ao ex-governador Nilo Coelho, figura emblem\u00e1tica da regi\u00e3o do Sert\u00e3o.<\/p>\n<p data-start=\"1109\" data-end=\"1546\">Com base em pesquisa jornal\u00edstica e historiogr\u00e1fica rigorosa, <em data-start=\"1171\" data-end=\"1190\">Os Le\u00f5es do Norte<\/em> vai al\u00e9m de um comp\u00eandio de vidas pol\u00edticas: prop\u00f5e uma leitura reflexiva sobre os legados, as contradi\u00e7\u00f5es e os desdobramentos institucionais marcantes na hist\u00f3ria de Pernambuco. O design gr\u00e1fico e as caricaturas s\u00e3o assinados por Samuca Andrade, enquanto as ilustra\u00e7\u00f5es ficam por conta de Greg \u2014 elementos visuais que enobrecem e d\u00e3o leveza ao conte\u00fado.<\/p>\n<p data-start=\"1548\" data-end=\"1774\">Magno Martins comenta: \u201cOlinda tem alma hist\u00f3rica, cultural e pol\u00edtica. Trazer <em data-start=\"1627\" data-end=\"1646\">Os Le\u00f5es do Norte<\/em> para c\u00e1 \u00e9 reafirmar esse v\u00ednculo com a mem\u00f3ria pernambucana e atrair novos olhares para a trajet\u00f3ria dos que nos governaram.\u201d<\/p>\n<p data-start=\"1776\" data-end=\"2013\">O evento, com entrada gratuita e aberto ao p\u00fablico, promete reunir autoridades, leitores, estudantes e interessados pela mem\u00f3ria pol\u00edtica regional. Ser\u00e1 uma oportunidade para revisitar o passado com olhar cr\u00edtico e esperan\u00e7a no futuro.<\/p>\n","protected":false},"excerpt":{"rendered":"<p>\u00a0 \u00a0Por Reda\u00e7\u00e3o \u2013 Gazeta Pernambucana Depois de circular por cidades da Regi\u00e3o Metropolitana e do interior, o livro Os Le\u00f5es do Norte, do jornalista e historiador Magno Martins, chega a Olinda. O lan\u00e7amento ser\u00e1 na pr\u00f3xima sexta-feira, dia 10 de outubro, \u00e0s 11h, no audit\u00f3rio da Prefeitura Municipal, com o apoio da prefeita Mirella [&hellip;]<\/p>\n","protected":false},"author":1,"featured_media":1878,"comment_status":"open","ping_status":"open","sticky":false,"template":"","format":"standard","meta":{"footnotes":"","jetpack_publicize_message":"","jetpack_publicize_feature_enabled":true,"jetpack_social_post_already_shared":true,"jetpack_social_options":{"image_generator_settings":{"template":"highway","default_image_id":0,"font":"","enabled":false},"version":2}},"categories":[1,35,46],"tags":[],"class_list":["post-1877","post","type-post","status-publish","format-standard","has-post-thumbnail","hentry","category-https-gazetapernambucana-com-page_id225","category-https-gazetapernambucana-com-page_id218","category-literatura"],"yoast_head":"<!-- This site is optimized with the Yoast SEO plugin v24.5 - https:\/\/yoast.com\/wordpress\/plugins\/seo\/ -->\n<title>Olinda ser\u00e1 palco do lan\u00e7amento de \u201cOs Le\u00f5es do Norte\u201d, obra de Magno Martins -<\/title>\n<meta name=\"robots\" content=\"index, follow, max-snippet:-1, max-image-preview:large, max-video-preview:-1\" \/>\n<link rel=\"canonical\" href=\"https:\/\/gazetapernambucana.com\/?p=1877\" \/>\n<meta property=\"og:locale\" content=\"pt_BR\" \/>\n<meta property=\"og:type\" content=\"article\" \/>\n<meta property=\"og:title\" content=\"Olinda ser\u00e1 palco do lan\u00e7amento de \u201cOs Le\u00f5es do Norte\u201d, obra de Magno Martins -\" \/>\n<meta property=\"og:description\" content=\"\u00a0 \u00a0Por Reda\u00e7\u00e3o \u2013 Gazeta Pernambucana Depois de circular por cidades da Regi\u00e3o Metropolitana e do interior, o livro Os Le\u00f5es do Norte, do jornalista e historiador Magno Martins, chega a Olinda. O lan\u00e7amento ser\u00e1 na pr\u00f3xima sexta-feira, dia 10 de outubro, \u00e0s 11h, no audit\u00f3rio da Prefeitura Municipal, com o apoio da prefeita Mirella [&hellip;]\" \/>\n<meta property=\"og:url\" content=\"https:\/\/gazetapernambucana.com\/?p=1877\" \/>\n<meta property=\"article:published_time\" content=\"2025-10-04T20:55:12+00:00\" \/>\n<meta property=\"og:image\" content=\"https:\/\/gazetapernambucana.com\/wp-content\/uploads\/2025\/10\/whatsapp-image-2025-06-09-at-191040.webp\" \/>\n\t<meta property=\"og:image:width\" content=\"400\" \/>\n\t<meta property=\"og:image:height\" content=\"266\" \/>\n\t<meta property=\"og:image:type\" content=\"image\/webp\" \/>\n<meta name=\"author\" content=\"GP\" \/>\n<meta name=\"twitter:card\" content=\"summary_large_image\" \/>\n<meta name=\"twitter:label1\" content=\"Escrito por\" \/>\n\t<meta name=\"twitter:data1\" content=\"GP\" \/>\n\t<meta name=\"twitter:label2\" content=\"Est. tempo de leitura\" \/>\n\t<meta name=\"twitter:data2\" content=\"3 minutos\" \/>\n<script type=\"application\/ld+json\" class=\"yoast-schema-graph\">{\"@context\":\"https:\/\/schema.org\",\"@graph\":[{\"@type\":\"WebPage\",\"@id\":\"https:\/\/gazetapernambucana.com\/?p=1877\",\"url\":\"https:\/\/gazetapernambucana.com\/?p=1877\",\"name\":\"Olinda ser\u00e1 palco do lan\u00e7amento de \u201cOs Le\u00f5es do Norte\u201d, obra de Magno Martins -\",\"isPartOf\":{\"@id\":\"https:\/\/gazetapernambucana.com\/#website\"},\"primaryImageOfPage\":{\"@id\":\"https:\/\/gazetapernambucana.com\/?p=1877#primaryimage\"},\"image\":{\"@id\":\"https:\/\/gazetapernambucana.com\/?p=1877#primaryimage\"},\"thumbnailUrl\":\"https:\/\/gazetapernambucana.com\/wp-content\/uploads\/2025\/10\/whatsapp-image-2025-06-09-at-191040.webp\",\"datePublished\":\"2025-10-04T20:55:12+00:00\",\"author\":{\"@id\":\"https:\/\/gazetapernambucana.com\/#\/schema\/person\/188dc283325181ac2de4db1e9e987427\"},\"breadcrumb\":{\"@id\":\"https:\/\/gazetapernambucana.com\/?p=1877#breadcrumb\"},\"inLanguage\":\"pt-BR\",\"potentialAction\":[{\"@type\":\"ReadAction\",\"target\":[\"https:\/\/gazetapernambucana.com\/?p=1877\"]}]},{\"@type\":\"ImageObject\",\"inLanguage\":\"pt-BR\",\"@id\":\"https:\/\/gazetapernambucana.com\/?p=1877#primaryimage\",\"url\":\"https:\/\/gazetapernambucana.com\/wp-content\/uploads\/2025\/10\/whatsapp-image-2025-06-09-at-191040.webp\",\"contentUrl\":\"https:\/\/gazetapernambucana.com\/wp-content\/uploads\/2025\/10\/whatsapp-image-2025-06-09-at-191040.webp\",\"width\":400,\"height\":266},{\"@type\":\"BreadcrumbList\",\"@id\":\"https:\/\/gazetapernambucana.com\/?p=1877#breadcrumb\",\"itemListElement\":[{\"@type\":\"ListItem\",\"position\":1,\"name\":\"In\u00edcio\",\"item\":\"https:\/\/gazetapernambucana.com\/\"},{\"@type\":\"ListItem\",\"position\":2,\"name\":\"Olinda ser\u00e1 palco do lan\u00e7amento de \u201cOs Le\u00f5es do Norte\u201d, obra de Magno Martins\"}]},{\"@type\":\"WebSite\",\"@id\":\"https:\/\/gazetapernambucana.com\/#website\",\"url\":\"https:\/\/gazetapernambucana.com\/\",\"name\":\"\",\"description\":\"\",\"potentialAction\":[{\"@type\":\"SearchAction\",\"target\":{\"@type\":\"EntryPoint\",\"urlTemplate\":\"https:\/\/gazetapernambucana.com\/?s={search_term_string}\"},\"query-input\":{\"@type\":\"PropertyValueSpecification\",\"valueRequired\":true,\"valueName\":\"search_term_string\"}}],\"inLanguage\":\"pt-BR\"},{\"@type\":\"Person\",\"@id\":\"https:\/\/gazetapernambucana.com\/#\/schema\/person\/188dc283325181ac2de4db1e9e987427\",\"name\":\"GP\",\"image\":{\"@type\":\"ImageObject\",\"inLanguage\":\"pt-BR\",\"@id\":\"https:\/\/gazetapernambucana.com\/#\/schema\/person\/image\/\",\"url\":\"https:\/\/secure.gravatar.com\/avatar\/9dad78ff9a2d8b5742d11779f8a3f53b052320c550b2e1907882353c067bb111?s=96&d=mm&r=g\",\"contentUrl\":\"https:\/\/secure.gravatar.com\/avatar\/9dad78ff9a2d8b5742d11779f8a3f53b052320c550b2e1907882353c067bb111?s=96&d=mm&r=g\",\"caption\":\"GP\"},\"sameAs\":[\"http:\/\/gazetapernambucana.com\"],\"url\":\"https:\/\/gazetapernambucana.com\/?author=1\"}]}<\/script>\n<!-- \/ Yoast SEO plugin. -->","yoast_head_json":{"title":"Olinda ser\u00e1 palco do lan\u00e7amento de \u201cOs Le\u00f5es do Norte\u201d, obra de Magno Martins -","robots":{"index":"index","follow":"follow","max-snippet":"max-snippet:-1","max-image-preview":"max-image-preview:large","max-video-preview":"max-video-preview:-1"},"canonical":"https:\/\/gazetapernambucana.com\/?p=1877","og_locale":"pt_BR","og_type":"article","og_title":"Olinda ser\u00e1 palco do lan\u00e7amento de \u201cOs Le\u00f5es do Norte\u201d, obra de Magno Martins -","og_description":"\u00a0 \u00a0Por Reda\u00e7\u00e3o \u2013 Gazeta Pernambucana Depois de circular por cidades da Regi\u00e3o Metropolitana e do interior, o livro Os Le\u00f5es do Norte, do jornalista e historiador Magno Martins, chega a Olinda. O lan\u00e7amento ser\u00e1 na pr\u00f3xima sexta-feira, dia 10 de outubro, \u00e0s 11h, no audit\u00f3rio da Prefeitura Municipal, com o apoio da prefeita Mirella [&hellip;]","og_url":"https:\/\/gazetapernambucana.com\/?p=1877","article_published_time":"2025-10-04T20:55:12+00:00","og_image":[{"width":400,"height":266,"url":"https:\/\/gazetapernambucana.com\/wp-content\/uploads\/2025\/10\/whatsapp-image-2025-06-09-at-191040.webp","type":"image\/webp"}],"author":"GP","twitter_card":"summary_large_image","twitter_misc":{"Escrito por":"GP","Est. tempo de leitura":"3 minutos"},"schema":{"@context":"https:\/\/schema.org","@graph":[{"@type":"WebPage","@id":"https:\/\/gazetapernambucana.com\/?p=1877","url":"https:\/\/gazetapernambucana.com\/?p=1877","name":"Olinda ser\u00e1 palco do lan\u00e7amento de \u201cOs Le\u00f5es do Norte\u201d, obra de Magno Martins -","isPartOf":{"@id":"https:\/\/gazetapernambucana.com\/#website"},"primaryImageOfPage":{"@id":"https:\/\/gazetapernambucana.com\/?p=1877#primaryimage"},"image":{"@id":"https:\/\/gazetapernambucana.com\/?p=1877#primaryimage"},"thumbnailUrl":"https:\/\/gazetapernambucana.com\/wp-content\/uploads\/2025\/10\/whatsapp-image-2025-06-09-at-191040.webp","datePublished":"2025-10-04T20:55:12+00:00","author":{"@id":"https:\/\/gazetapernambucana.com\/#\/schema\/person\/188dc283325181ac2de4db1e9e987427"},"breadcrumb":{"@id":"https:\/\/gazetapernambucana.com\/?p=1877#breadcrumb"},"inLanguage":"pt-BR","potentialAction":[{"@type":"ReadAction","target":["https:\/\/gazetapernambucana.com\/?p=1877"]}]},{"@type":"ImageObject","inLanguage":"pt-BR","@id":"https:\/\/gazetapernambucana.com\/?p=1877#primaryimage","url":"https:\/\/gazetapernambucana.com\/wp-content\/uploads\/2025\/10\/whatsapp-image-2025-06-09-at-191040.webp","contentUrl":"https:\/\/gazetapernambucana.com\/wp-content\/uploads\/2025\/10\/whatsapp-image-2025-06-09-at-191040.webp","width":400,"height":266},{"@type":"BreadcrumbList","@id":"https:\/\/gazetapernambucana.com\/?p=1877#breadcrumb","itemListElement":[{"@type":"ListItem","position":1,"name":"In\u00edcio","item":"https:\/\/gazetapernambucana.com\/"},{"@type":"ListItem","position":2,"name":"Olinda ser\u00e1 palco do lan\u00e7amento de \u201cOs Le\u00f5es do Norte\u201d, obra de Magno Martins"}]},{"@type":"WebSite","@id":"https:\/\/gazetapernambucana.com\/#website","url":"https:\/\/gazetapernambucana.com\/","name":"","description":"","potentialAction":[{"@type":"SearchAction","target":{"@type":"EntryPoint","urlTemplate":"https:\/\/gazetapernambucana.com\/?s={search_term_string}"},"query-input":{"@type":"PropertyValueSpecification","valueRequired":true,"valueName":"search_term_string"}}],"inLanguage":"pt-BR"},{"@type":"Person","@id":"https:\/\/gazetapernambucana.com\/#\/schema\/person\/188dc283325181ac2de4db1e9e987427","name":"GP","image":{"@type":"ImageObject","inLanguage":"pt-BR","@id":"https:\/\/gazetapernambucana.com\/#\/schema\/person\/image\/","url":"https:\/\/secure.gravatar.com\/avatar\/9dad78ff9a2d8b5742d11779f8a3f53b052320c550b2e1907882353c067bb111?s=96&d=mm&r=g","contentUrl":"https:\/\/secure.gravatar.com\/avatar\/9dad78ff9a2d8b5742d11779f8a3f53b052320c550b2e1907882353c067bb111?s=96&d=mm&r=g","caption":"GP"},"sameAs":["http:\/\/gazetapernambucana.com"],"url":"https:\/\/gazetapernambucana.com\/?author=1"}]}},"jetpack_publicize_connections":[],"_links":{"self":[{"href":"https:\/\/gazetapernambucana.com\/index.php?rest_route=\/wp\/v2\/posts\/1877","targetHints":{"allow":["GET"]}}],"collection":[{"href":"https:\/\/gazetapernambucana.com\/index.php?rest_route=\/wp\/v2\/posts"}],"about":[{"href":"https:\/\/gazetapernambucana.com\/index.php?rest_route=\/wp\/v2\/types\/post"}],"author":[{"embeddable":true,"href":"https:\/\/gazetapernambucana.com\/index.php?rest_route=\/wp\/v2\/users\/1"}],"replies":[{"embeddable":true,"href":"https:\/\/gazetapernambucana.com\/index.php?rest_route=%2Fwp%2Fv2%2Fcomments&post=1877"}],"version-history":[{"count":1,"href":"https:\/\/gazetapernambucana.com\/index.php?rest_route=\/wp\/v2\/posts\/1877\/revisions"}],"predecessor-version":[{"id":1880,"href":"https:\/\/gazetapernambucana.com\/index.php?rest_route=\/wp\/v2\/posts\/1877\/revisions\/1880"}],"wp:featuredmedia":[{"embeddable":true,"href":"https:\/\/gazetapernambucana.com\/index.php?rest_route=\/wp\/v2\/media\/1878"}],"wp:attachment":[{"href":"https:\/\/gazetapernambucana.com\/index.php?rest_route=%2Fwp%2Fv2%2Fmedia&parent=1877"}],"wp:term":[{"taxonomy":"category","embeddable":true,"href":"https:\/\/gazetapernambucana.com\/index.php?rest_route=%2Fwp%2Fv2%2Fcategories&post=1877"},{"taxonomy":"post_tag","embeddable":true,"href":"https:\/\/gazetapernambucana.com\/index.php?rest_route=%2Fwp%2Fv2%2Ftags&post=1877"}],"curies":[{"name":"wp","href":"https:\/\/api.w.org\/{rel}","templated":true}]}}