{"id":1870,"date":"2025-10-04T13:00:15","date_gmt":"2025-10-04T16:00:15","guid":{"rendered":"https:\/\/gazetapernambucana.com\/?p=1870"},"modified":"2025-10-04T16:02:40","modified_gmt":"2025-10-04T19:02:40","slug":"primeiro-dia-da-bienal-internacional-do-livro-de-pernambuco","status":"publish","type":"post","link":"https:\/\/gazetapernambucana.com\/?p=1870","title":{"rendered":"Primeiro dia da Bienal Internacional do Livro de Pernambuco"},"content":{"rendered":"<header class=\"grid_12 prefix_2\">\n<div class=\"tituloNoticia\">\n<h2 class=\"subTituloDet\">Evento abriu ao p\u00fablico nesta sexta-feira (3) e segue at\u00e9 o dia 12 de outubro<\/h2>\n<div class=\"imgPadrao grid_12 prefix_2\"><small class=\"legendaFoto\"><img loading=\"lazy\" decoding=\"async\" class=\"alignnone size-medium wp-image-1871\" src=\"http:\/\/gazetapernambucana.com\/wp-content\/uploads\/2025\/10\/KvEv6yT7euhRN1A5tuGlaAxDTWzakPRz6xuthvCW0xJ4sOLhfQmRo4731UQ30uvowNsefgdFXXHeSUTG-300x199.jpg\" alt=\"\" width=\"300\" height=\"199\" srcset=\"https:\/\/gazetapernambucana.com\/wp-content\/uploads\/2025\/10\/KvEv6yT7euhRN1A5tuGlaAxDTWzakPRz6xuthvCW0xJ4sOLhfQmRo4731UQ30uvowNsefgdFXXHeSUTG-300x199.jpg 300w, https:\/\/gazetapernambucana.com\/wp-content\/uploads\/2025\/10\/KvEv6yT7euhRN1A5tuGlaAxDTWzakPRz6xuthvCW0xJ4sOLhfQmRo4731UQ30uvowNsefgdFXXHeSUTG-768x510.jpg 768w, https:\/\/gazetapernambucana.com\/wp-content\/uploads\/2025\/10\/KvEv6yT7euhRN1A5tuGlaAxDTWzakPRz6xuthvCW0xJ4sOLhfQmRo4731UQ30uvowNsefgdFXXHeSUTG.jpg 900w\" sizes=\"auto, (max-width: 300px) 100vw, 300px\" \/><\/small><\/div>\n<div class=\"imgPadrao grid_12 prefix_2\"><strong><small class=\"legendaFoto\">Bienal Internacional do Livro de Pernambuco celebra 30 anos\u00a0<\/small><\/strong><\/div>\n<\/div>\n<\/header>\n<article class=\"grid_8 prefix_2 textoArea\" data-fetch=\"true\">A\u00a0Bienal Internacional do Livro de Pernambuco\u00a0abriu ao p\u00fablico nesta sexta-feira (3). Uma vasta programa\u00e7\u00e3o de lan\u00e7amento, oficinas, debates e apresenta\u00e7\u00f5es art\u00edsticas movimenta o Centro de Conven\u00e7\u00f5es de Pernambuco, em Olinda, at\u00e9 12 de outubro.\u201c\u00c9 uma grande alegria realizar a 15\u00aa edi\u00e7\u00e3o da Bienal, comemorando os 30 anos do evento. Essa \u00e9 uma edi\u00e7\u00e3o mais inclusiva, acess\u00edvel e sensorial, para que a gente possa explorar nossos sentidos\u201d, afirma Guilherme Robalinho, produtor da feira.<\/p>\n<p data-intext-processed=\"true\">Com atividades para diferentes p\u00fablicos, o evento re\u00fane autores diversos. Entre os mais famosos, destaque para nomes como Raphael Montes, autor da novela \u201cBeleza Fatal\u201d, e do mo\u00e7ambicano Mia Couto.<\/p>\n<p>A Bienal tamb\u00e9m possibilita aos escritores menos famosos se aproximarem do p\u00fablico. \u201c\u00c9 um espa\u00e7o de visibilidade. A gente traz aquilo que produziu com tanto amor e quer que chegue aos leitores\u201d, aponta a pernambucana Graciane Clemente, que lan\u00e7a na feira o infantil \u201cO Mar Est\u00e1 para Peixe\u201d.<\/p>\n<p>Iniciativas de outros estados tamb\u00e9m t\u00eam espa\u00e7o dentro do evento. A baiana Marla Moreira trouxe seu projeto, a rede de escritores Danado de Bom, que divulga autores dos nove estados do Nordeste. \u201cTemos aqui livros de 20 escritores associados, dos quais 18 estar\u00e3o presentes no evento, dialogando com o p\u00fablico\u201d, explica.<\/p>\n<p>Para o p\u00fablico, a visita \u00e0 Bienal serve tamb\u00e9m como est\u00edmulo \u00e0 leitura. \u00c9 o caso da comerciante Gabriela Baracho, que levou os filhos, Ka\u00ea e Kevin, de 6 e 2 anos de idade, ao primeiro dia da feira. \u201cA variedade de livros \u00e9 o que mais me interessa. Eles querem muito ficar na telas. Ver tantos livros no mesmo lugar j\u00e1 gera expectativa e curiosidade neles\u201d, apontou.<\/p>\n<p><strong>Servi\u00e7o:<\/strong><br \/>\nXV Bienal Internacional do Livro de Pernambuco<br \/>\nQuando: abertura hoje, \u00e0s 14h<br \/>\nVisita\u00e7\u00e3o: at\u00e9 12 de outubro; aos s\u00e1bados e domingos, das 10h \u00e0s 21h, e de segunda a sexta-feira, das 9h \u00e0s 21h<br \/>\nIngressos por R$ 30 e R$ 15 (meia-entrada), \u00e0 venda no site Zig Tickets<br \/>\nInforma\u00e7\u00f5es:\u00a0<a href=\"http:\/\/www.bienalpernambuco.com\/\" target=\"_blank\" rel=\"noopener\">www.bienalpernambuco.com<\/a><\/p>\n<\/article>\n","protected":false},"excerpt":{"rendered":"<p>Evento abriu ao p\u00fablico nesta sexta-feira (3) e segue at\u00e9 o dia 12 de outubro Bienal Internacional do Livro de Pernambuco celebra 30 anos\u00a0 A\u00a0Bienal Internacional do Livro de Pernambuco\u00a0abriu ao p\u00fablico nesta sexta-feira (3). Uma vasta programa\u00e7\u00e3o de lan\u00e7amento, oficinas, debates e apresenta\u00e7\u00f5es art\u00edsticas movimenta o Centro de Conven\u00e7\u00f5es de Pernambuco, em Olinda, at\u00e9 [&hellip;]<\/p>\n","protected":false},"author":1,"featured_media":1871,"comment_status":"open","ping_status":"open","sticky":false,"template":"","format":"standard","meta":{"footnotes":"","jetpack_publicize_message":"","jetpack_publicize_feature_enabled":true,"jetpack_social_post_already_shared":true,"jetpack_social_options":{"image_generator_settings":{"template":"highway","default_image_id":0,"font":"","enabled":false},"version":2}},"categories":[1,35,46],"tags":[],"class_list":["post-1870","post","type-post","status-publish","format-standard","has-post-thumbnail","hentry","category-https-gazetapernambucana-com-page_id225","category-https-gazetapernambucana-com-page_id218","category-literatura"],"yoast_head":"<!-- This site is optimized with the Yoast SEO plugin v24.5 - https:\/\/yoast.com\/wordpress\/plugins\/seo\/ -->\n<title>Primeiro dia da Bienal Internacional do Livro de Pernambuco -<\/title>\n<meta name=\"robots\" content=\"index, follow, max-snippet:-1, max-image-preview:large, max-video-preview:-1\" \/>\n<link rel=\"canonical\" href=\"https:\/\/gazetapernambucana.com\/?p=1870\" \/>\n<meta property=\"og:locale\" content=\"pt_BR\" \/>\n<meta property=\"og:type\" content=\"article\" \/>\n<meta property=\"og:title\" content=\"Primeiro dia da Bienal Internacional do Livro de Pernambuco -\" \/>\n<meta property=\"og:description\" content=\"Evento abriu ao p\u00fablico nesta sexta-feira (3) e segue at\u00e9 o dia 12 de outubro Bienal Internacional do Livro de Pernambuco celebra 30 anos\u00a0 A\u00a0Bienal Internacional do Livro de Pernambuco\u00a0abriu ao p\u00fablico nesta sexta-feira (3). Uma vasta programa\u00e7\u00e3o de lan\u00e7amento, oficinas, debates e apresenta\u00e7\u00f5es art\u00edsticas movimenta o Centro de Conven\u00e7\u00f5es de Pernambuco, em Olinda, at\u00e9 [&hellip;]\" \/>\n<meta property=\"og:url\" content=\"https:\/\/gazetapernambucana.com\/?p=1870\" \/>\n<meta property=\"article:published_time\" content=\"2025-10-04T16:00:15+00:00\" \/>\n<meta property=\"article:modified_time\" content=\"2025-10-04T19:02:40+00:00\" \/>\n<meta property=\"og:image\" content=\"https:\/\/gazetapernambucana.com\/wp-content\/uploads\/2025\/10\/KvEv6yT7euhRN1A5tuGlaAxDTWzakPRz6xuthvCW0xJ4sOLhfQmRo4731UQ30uvowNsefgdFXXHeSUTG.jpg\" \/>\n\t<meta property=\"og:image:width\" content=\"900\" \/>\n\t<meta property=\"og:image:height\" content=\"598\" \/>\n\t<meta property=\"og:image:type\" content=\"image\/jpeg\" \/>\n<meta name=\"author\" content=\"GP\" \/>\n<meta name=\"twitter:card\" content=\"summary_large_image\" \/>\n<meta name=\"twitter:label1\" content=\"Escrito por\" \/>\n\t<meta name=\"twitter:data1\" content=\"GP\" \/>\n\t<meta name=\"twitter:label2\" content=\"Est. tempo de leitura\" \/>\n\t<meta name=\"twitter:data2\" content=\"3 minutos\" \/>\n<script type=\"application\/ld+json\" class=\"yoast-schema-graph\">{\"@context\":\"https:\/\/schema.org\",\"@graph\":[{\"@type\":\"WebPage\",\"@id\":\"https:\/\/gazetapernambucana.com\/?p=1870\",\"url\":\"https:\/\/gazetapernambucana.com\/?p=1870\",\"name\":\"Primeiro dia da Bienal Internacional do Livro de Pernambuco -\",\"isPartOf\":{\"@id\":\"https:\/\/gazetapernambucana.com\/#website\"},\"primaryImageOfPage\":{\"@id\":\"https:\/\/gazetapernambucana.com\/?p=1870#primaryimage\"},\"image\":{\"@id\":\"https:\/\/gazetapernambucana.com\/?p=1870#primaryimage\"},\"thumbnailUrl\":\"https:\/\/gazetapernambucana.com\/wp-content\/uploads\/2025\/10\/KvEv6yT7euhRN1A5tuGlaAxDTWzakPRz6xuthvCW0xJ4sOLhfQmRo4731UQ30uvowNsefgdFXXHeSUTG.jpg\",\"datePublished\":\"2025-10-04T16:00:15+00:00\",\"dateModified\":\"2025-10-04T19:02:40+00:00\",\"author\":{\"@id\":\"https:\/\/gazetapernambucana.com\/#\/schema\/person\/188dc283325181ac2de4db1e9e987427\"},\"breadcrumb\":{\"@id\":\"https:\/\/gazetapernambucana.com\/?p=1870#breadcrumb\"},\"inLanguage\":\"pt-BR\",\"potentialAction\":[{\"@type\":\"ReadAction\",\"target\":[\"https:\/\/gazetapernambucana.com\/?p=1870\"]}]},{\"@type\":\"ImageObject\",\"inLanguage\":\"pt-BR\",\"@id\":\"https:\/\/gazetapernambucana.com\/?p=1870#primaryimage\",\"url\":\"https:\/\/gazetapernambucana.com\/wp-content\/uploads\/2025\/10\/KvEv6yT7euhRN1A5tuGlaAxDTWzakPRz6xuthvCW0xJ4sOLhfQmRo4731UQ30uvowNsefgdFXXHeSUTG.jpg\",\"contentUrl\":\"https:\/\/gazetapernambucana.com\/wp-content\/uploads\/2025\/10\/KvEv6yT7euhRN1A5tuGlaAxDTWzakPRz6xuthvCW0xJ4sOLhfQmRo4731UQ30uvowNsefgdFXXHeSUTG.jpg\",\"width\":900,\"height\":598},{\"@type\":\"BreadcrumbList\",\"@id\":\"https:\/\/gazetapernambucana.com\/?p=1870#breadcrumb\",\"itemListElement\":[{\"@type\":\"ListItem\",\"position\":1,\"name\":\"In\u00edcio\",\"item\":\"https:\/\/gazetapernambucana.com\/\"},{\"@type\":\"ListItem\",\"position\":2,\"name\":\"Primeiro dia da Bienal Internacional do Livro de Pernambuco\"}]},{\"@type\":\"WebSite\",\"@id\":\"https:\/\/gazetapernambucana.com\/#website\",\"url\":\"https:\/\/gazetapernambucana.com\/\",\"name\":\"\",\"description\":\"\",\"potentialAction\":[{\"@type\":\"SearchAction\",\"target\":{\"@type\":\"EntryPoint\",\"urlTemplate\":\"https:\/\/gazetapernambucana.com\/?s={search_term_string}\"},\"query-input\":{\"@type\":\"PropertyValueSpecification\",\"valueRequired\":true,\"valueName\":\"search_term_string\"}}],\"inLanguage\":\"pt-BR\"},{\"@type\":\"Person\",\"@id\":\"https:\/\/gazetapernambucana.com\/#\/schema\/person\/188dc283325181ac2de4db1e9e987427\",\"name\":\"GP\",\"image\":{\"@type\":\"ImageObject\",\"inLanguage\":\"pt-BR\",\"@id\":\"https:\/\/gazetapernambucana.com\/#\/schema\/person\/image\/\",\"url\":\"https:\/\/secure.gravatar.com\/avatar\/9dad78ff9a2d8b5742d11779f8a3f53b052320c550b2e1907882353c067bb111?s=96&d=mm&r=g\",\"contentUrl\":\"https:\/\/secure.gravatar.com\/avatar\/9dad78ff9a2d8b5742d11779f8a3f53b052320c550b2e1907882353c067bb111?s=96&d=mm&r=g\",\"caption\":\"GP\"},\"sameAs\":[\"http:\/\/gazetapernambucana.com\"],\"url\":\"https:\/\/gazetapernambucana.com\/?author=1\"}]}<\/script>\n<!-- \/ Yoast SEO plugin. -->","yoast_head_json":{"title":"Primeiro dia da Bienal Internacional do Livro de Pernambuco -","robots":{"index":"index","follow":"follow","max-snippet":"max-snippet:-1","max-image-preview":"max-image-preview:large","max-video-preview":"max-video-preview:-1"},"canonical":"https:\/\/gazetapernambucana.com\/?p=1870","og_locale":"pt_BR","og_type":"article","og_title":"Primeiro dia da Bienal Internacional do Livro de Pernambuco -","og_description":"Evento abriu ao p\u00fablico nesta sexta-feira (3) e segue at\u00e9 o dia 12 de outubro Bienal Internacional do Livro de Pernambuco celebra 30 anos\u00a0 A\u00a0Bienal Internacional do Livro de Pernambuco\u00a0abriu ao p\u00fablico nesta sexta-feira (3). Uma vasta programa\u00e7\u00e3o de lan\u00e7amento, oficinas, debates e apresenta\u00e7\u00f5es art\u00edsticas movimenta o Centro de Conven\u00e7\u00f5es de Pernambuco, em Olinda, at\u00e9 [&hellip;]","og_url":"https:\/\/gazetapernambucana.com\/?p=1870","article_published_time":"2025-10-04T16:00:15+00:00","article_modified_time":"2025-10-04T19:02:40+00:00","og_image":[{"width":900,"height":598,"url":"https:\/\/gazetapernambucana.com\/wp-content\/uploads\/2025\/10\/KvEv6yT7euhRN1A5tuGlaAxDTWzakPRz6xuthvCW0xJ4sOLhfQmRo4731UQ30uvowNsefgdFXXHeSUTG.jpg","type":"image\/jpeg"}],"author":"GP","twitter_card":"summary_large_image","twitter_misc":{"Escrito por":"GP","Est. tempo de leitura":"3 minutos"},"schema":{"@context":"https:\/\/schema.org","@graph":[{"@type":"WebPage","@id":"https:\/\/gazetapernambucana.com\/?p=1870","url":"https:\/\/gazetapernambucana.com\/?p=1870","name":"Primeiro dia da Bienal Internacional do Livro de Pernambuco -","isPartOf":{"@id":"https:\/\/gazetapernambucana.com\/#website"},"primaryImageOfPage":{"@id":"https:\/\/gazetapernambucana.com\/?p=1870#primaryimage"},"image":{"@id":"https:\/\/gazetapernambucana.com\/?p=1870#primaryimage"},"thumbnailUrl":"https:\/\/gazetapernambucana.com\/wp-content\/uploads\/2025\/10\/KvEv6yT7euhRN1A5tuGlaAxDTWzakPRz6xuthvCW0xJ4sOLhfQmRo4731UQ30uvowNsefgdFXXHeSUTG.jpg","datePublished":"2025-10-04T16:00:15+00:00","dateModified":"2025-10-04T19:02:40+00:00","author":{"@id":"https:\/\/gazetapernambucana.com\/#\/schema\/person\/188dc283325181ac2de4db1e9e987427"},"breadcrumb":{"@id":"https:\/\/gazetapernambucana.com\/?p=1870#breadcrumb"},"inLanguage":"pt-BR","potentialAction":[{"@type":"ReadAction","target":["https:\/\/gazetapernambucana.com\/?p=1870"]}]},{"@type":"ImageObject","inLanguage":"pt-BR","@id":"https:\/\/gazetapernambucana.com\/?p=1870#primaryimage","url":"https:\/\/gazetapernambucana.com\/wp-content\/uploads\/2025\/10\/KvEv6yT7euhRN1A5tuGlaAxDTWzakPRz6xuthvCW0xJ4sOLhfQmRo4731UQ30uvowNsefgdFXXHeSUTG.jpg","contentUrl":"https:\/\/gazetapernambucana.com\/wp-content\/uploads\/2025\/10\/KvEv6yT7euhRN1A5tuGlaAxDTWzakPRz6xuthvCW0xJ4sOLhfQmRo4731UQ30uvowNsefgdFXXHeSUTG.jpg","width":900,"height":598},{"@type":"BreadcrumbList","@id":"https:\/\/gazetapernambucana.com\/?p=1870#breadcrumb","itemListElement":[{"@type":"ListItem","position":1,"name":"In\u00edcio","item":"https:\/\/gazetapernambucana.com\/"},{"@type":"ListItem","position":2,"name":"Primeiro dia da Bienal Internacional do Livro de Pernambuco"}]},{"@type":"WebSite","@id":"https:\/\/gazetapernambucana.com\/#website","url":"https:\/\/gazetapernambucana.com\/","name":"","description":"","potentialAction":[{"@type":"SearchAction","target":{"@type":"EntryPoint","urlTemplate":"https:\/\/gazetapernambucana.com\/?s={search_term_string}"},"query-input":{"@type":"PropertyValueSpecification","valueRequired":true,"valueName":"search_term_string"}}],"inLanguage":"pt-BR"},{"@type":"Person","@id":"https:\/\/gazetapernambucana.com\/#\/schema\/person\/188dc283325181ac2de4db1e9e987427","name":"GP","image":{"@type":"ImageObject","inLanguage":"pt-BR","@id":"https:\/\/gazetapernambucana.com\/#\/schema\/person\/image\/","url":"https:\/\/secure.gravatar.com\/avatar\/9dad78ff9a2d8b5742d11779f8a3f53b052320c550b2e1907882353c067bb111?s=96&d=mm&r=g","contentUrl":"https:\/\/secure.gravatar.com\/avatar\/9dad78ff9a2d8b5742d11779f8a3f53b052320c550b2e1907882353c067bb111?s=96&d=mm&r=g","caption":"GP"},"sameAs":["http:\/\/gazetapernambucana.com"],"url":"https:\/\/gazetapernambucana.com\/?author=1"}]}},"jetpack_publicize_connections":[],"_links":{"self":[{"href":"https:\/\/gazetapernambucana.com\/index.php?rest_route=\/wp\/v2\/posts\/1870","targetHints":{"allow":["GET"]}}],"collection":[{"href":"https:\/\/gazetapernambucana.com\/index.php?rest_route=\/wp\/v2\/posts"}],"about":[{"href":"https:\/\/gazetapernambucana.com\/index.php?rest_route=\/wp\/v2\/types\/post"}],"author":[{"embeddable":true,"href":"https:\/\/gazetapernambucana.com\/index.php?rest_route=\/wp\/v2\/users\/1"}],"replies":[{"embeddable":true,"href":"https:\/\/gazetapernambucana.com\/index.php?rest_route=%2Fwp%2Fv2%2Fcomments&post=1870"}],"version-history":[{"count":2,"href":"https:\/\/gazetapernambucana.com\/index.php?rest_route=\/wp\/v2\/posts\/1870\/revisions"}],"predecessor-version":[{"id":1873,"href":"https:\/\/gazetapernambucana.com\/index.php?rest_route=\/wp\/v2\/posts\/1870\/revisions\/1873"}],"wp:featuredmedia":[{"embeddable":true,"href":"https:\/\/gazetapernambucana.com\/index.php?rest_route=\/wp\/v2\/media\/1871"}],"wp:attachment":[{"href":"https:\/\/gazetapernambucana.com\/index.php?rest_route=%2Fwp%2Fv2%2Fmedia&parent=1870"}],"wp:term":[{"taxonomy":"category","embeddable":true,"href":"https:\/\/gazetapernambucana.com\/index.php?rest_route=%2Fwp%2Fv2%2Fcategories&post=1870"},{"taxonomy":"post_tag","embeddable":true,"href":"https:\/\/gazetapernambucana.com\/index.php?rest_route=%2Fwp%2Fv2%2Ftags&post=1870"}],"curies":[{"name":"wp","href":"https:\/\/api.w.org\/{rel}","templated":true}]}}