{"id":1866,"date":"2025-10-03T20:20:02","date_gmt":"2025-10-03T23:20:02","guid":{"rendered":"https:\/\/gazetapernambucana.com\/?p=1866"},"modified":"2025-10-03T20:21:56","modified_gmt":"2025-10-03T23:21:56","slug":"pedro-campos-afirma-que-apoio-de-prefeitos-a-raquel-e-motivado-por-promessas","status":"publish","type":"post","link":"https:\/\/gazetapernambucana.com\/?p=1866","title":{"rendered":"Pedro Campos afirma que apoio de prefeitos a Raquel \u00e9 motivado por promessas"},"content":{"rendered":"<header class=\"grid_12 prefix_2\">\n<div class=\"tituloNoticia\">\n<h2 class=\"subTituloDet\">Deputado federal tamb\u00e9m disse fazer oposi\u00e7\u00e3o respons\u00e1vel contra a governadora<\/h2>\n<\/div>\n<\/header>\n<div class=\"imgPadrao grid_14 prefix_1\"><a id=\"imgPrincipalNoticia\" title=\" \" href=\"https:\/\/cdn.folhape.com.br\/upload\/dn_arquivo\/2025\/10\/whatsapp-image-2025-10-03-at-120429.jpeg\" rel=\"gallery\"><picture><source srcset=\"https:\/\/cdn.folhape.com.br\/img\/pc\/450\/450\/dn_arquivo\/2025\/10\/whatsapp-image-2025-10-03-at-120429.jpeg\" media=\"(max-width: 940px)\" \/><source srcset=\"https:\/\/cdn.folhape.com.br\/img\/pc\/1100\/1\/dn_arquivo\/2025\/10\/whatsapp-image-2025-10-03-at-120429.jpeg\" \/><img decoding=\"async\" src=\"https:\/\/cdn.folhape.com.br\/img\/pc\/1100\/1\/dn_arquivo\/2025\/10\/whatsapp-image-2025-10-03-at-120429.jpeg\" alt=\"Deputado Federal Pedro Campos (PSB) \u00e9 recebido no programa Folha Pol\u00edtica, da R\u00e1dio Folha\" width=\"100%\" height=\"100%\" \/><\/picture><\/a><\/div>\n<div class=\"imgPadrao grid_14 prefix_1\"><small class=\"legendaFoto\">Deputado Federal Pedro Campos (PSB) \u00e9 recebido no programa Folha Pol\u00edtica, da R\u00e1dio Folha\u00a0&#8211;\u00a0<em>Arthur Botelho\/Folha de Pernambuco<\/em><\/small><\/div>\n<div><\/div>\n<div>Por <strong>Alexsandro Fonseca &#8211; Folhape<\/strong><\/div>\n<article class=\"grid_8 prefix_2 textoArea\" data-fetch=\"true\">\n<p class=\"second_blur_2\">O deputado federal Pedro Campos (PSB) afirmou que o apoio de prefeitos a governadora Raquel Lyra (PSD) \u00e9 motivado por promessas feitas pela gestora. De acordo com o parlamentar, \u00e9 poss\u00edvel que, caso as a\u00e7\u00f5es do governo do estado n\u00e3o sejam concretizadas, pode haver uma revers\u00e3o de apoio nos munic\u00edpios.<\/p>\n<blockquote><p>&#8220;O que a gente enxerga \u00e9 que os prefeitos est\u00e3o indo em cima de promessas (&#8230;) Se essas promessas n\u00e3o se realizarem, \u00e9 pouco prov\u00e1vel que a popula\u00e7\u00e3o acompanhe o prefeito e talvez at\u00e9 o prefeito diga que a promessa n\u00e3o foi cumprida e volte atr\u00e1s da posi\u00e7\u00e3o que foi colocada&#8221;, analisou, em entrevista \u00e0 R\u00e1dio Folha FM 96,7, nesta sexta-feira (3).<\/p><\/blockquote>\n<p data-intext-processed=\"true\">O parlamentar disse fazer uma oposi\u00e7\u00e3o respons\u00e1vel contra a governadora Raquel Lyra. Pedro Campos avaliou que a maior for\u00e7a de oposi\u00e7\u00e3o ao atual governo estadual \u00e9 liderada pelo PSB.<\/p>\n<blockquote><p>&#8220;Enquanto deputado federal fa\u00e7o nosso trabalho de oposi\u00e7\u00e3o respons\u00e1vel, cobrando os compromissos que a governadora fez, apontando as falas da gest\u00e3o, (com) muita responsabilidade em rela\u00e7\u00e3o a isso&#8221;, disse.<\/p><\/blockquote>\n<p><strong>Jo\u00e3o Campos\u00a0<\/strong><br \/>\nPedro Campos, que tamb\u00e9m \u00e9 irm\u00e3o do prefeito do Recife, Jo\u00e3o Campos (PSB), comentou que o chefe do Executivo municipal \u00e9 visto de forma otimista pela popula\u00e7\u00e3o e nome alternativo para o campo progressista nacional nos pr\u00f3ximos anos. De acordo com o deputado, as pessoas &#8220;veem futuro nele&#8221;.<\/p>\n<blockquote><p>&#8220;Jo\u00e3o \u00e9 uma grande figura\u00a0pol\u00edtica, que tem feito um grande trabalho\u00a0como gestor e como presidente de partido e \u00e9 natural\u00a0que as pessoas projetem\u00a0nele esperan\u00e7a e a oportunidade de\u00a0fazer mudan\u00e7as tanto no\u00a0estado de Pernambuco como no Brasil. (\u00c9) uma lideran\u00e7a jovem e promissora&#8221;, opinou.<\/p><\/blockquote>\n<p><strong>PEC da Blindagem\u00a0<\/strong><\/p>\n<p data-intext-processed=\"true\">O deputado comentou seu voto a favor da chamada PEC da Blindagem. O dispositivo, recha\u00e7ado na Comiss\u00e3o de Constitui\u00e7\u00e3o e Justi\u00e7a (CCJ) do Senado, buscava dificultar investiga\u00e7\u00e3o e pris\u00e3o de parlamentares suspeitos de crimes. Campos afirmou que o voto favor\u00e1vel dele foi um &#8220;erro&#8221; e disse que era parte de um acordo para rejeitar o PL da Anistia.<\/p>\n<blockquote><p>&#8220;Foi um erro. Eu fiz quest\u00e3o de ir nas redes sociais de explicar o que tinha acontecido, de reconhecer e admitir o erro. Fiz isso t\u00e3o logo que foi votada a quest\u00e3o da anistia, porque existia exatamente uma constru\u00e7\u00e3o de uma tentativa de estrat\u00e9gia pol\u00edtica para barrar a anistia&#8221;, explicou.<\/p><\/blockquote>\n<p>O parlamentar disse ainda que a mobiliza\u00e7\u00e3o popular em torno da PEC da Blindagem, no dia 21 de setembro, foi determinante para a desaprova\u00e7\u00e3o da CCJ do Senado da proposta. Al\u00e9m disso, as manifesta\u00e7\u00f5es ajudaram na aprova\u00e7\u00e3o da reforma do Imposto de Renda, que isenta quem ganha at\u00e9 R$ 5 mil.<\/p>\n<blockquote><p>&#8220;Eu acredito que teve um peso, sim, a quest\u00e3o da PEC da Blindagem e das pessoas terem ido \u00e0 rua para poder fazer a mobiliza\u00e7\u00e3o. Isso teve um peso (na aprova\u00e7\u00e3o da reforma do IR)&#8221;, disse.<\/p><\/blockquote>\n<p><strong>Veja a \u00edntegra da entrevista:<\/strong><\/p>\n<p><iframe loading=\"lazy\" title=\"YouTube video player\" src=\"https:\/\/www.youtube.com\/embed\/HlLC8ui2u-k?si=f27CzcFM1e-TCdoz\" width=\"560\" height=\"315\" frameborder=\"0\" allowfullscreen=\"allowfullscreen\" data-mce-fragment=\"1\"><\/iframe><\/p>\n<div class=\"mobileNao\"><\/div>\n<div class=\"clear\"><\/div>\n<\/article>\n","protected":false},"excerpt":{"rendered":"<p>Deputado federal tamb\u00e9m disse fazer oposi\u00e7\u00e3o respons\u00e1vel contra a governadora Deputado Federal Pedro Campos (PSB) \u00e9 recebido no programa Folha Pol\u00edtica, da R\u00e1dio Folha\u00a0&#8211;\u00a0Arthur Botelho\/Folha de Pernambuco Por Alexsandro Fonseca &#8211; Folhape O deputado federal Pedro Campos (PSB) afirmou que o apoio de prefeitos a governadora Raquel Lyra (PSD) \u00e9 motivado por promessas feitas pela [&hellip;]<\/p>\n","protected":false},"author":1,"featured_media":1867,"comment_status":"open","ping_status":"open","sticky":false,"template":"","format":"standard","meta":{"footnotes":"","jetpack_publicize_message":"","jetpack_publicize_feature_enabled":true,"jetpack_social_post_already_shared":true,"jetpack_social_options":{"image_generator_settings":{"template":"highway","default_image_id":0,"font":"","enabled":false},"version":2}},"categories":[1,65],"tags":[],"class_list":["post-1866","post","type-post","status-publish","format-standard","has-post-thumbnail","hentry","category-https-gazetapernambucana-com-page_id225","category-politica"],"yoast_head":"<!-- This site is optimized with the Yoast SEO plugin v24.5 - https:\/\/yoast.com\/wordpress\/plugins\/seo\/ -->\n<title>Pedro Campos afirma que apoio de prefeitos a Raquel \u00e9 motivado por promessas -<\/title>\n<meta name=\"robots\" content=\"index, follow, max-snippet:-1, max-image-preview:large, max-video-preview:-1\" \/>\n<link rel=\"canonical\" href=\"https:\/\/gazetapernambucana.com\/?p=1866\" \/>\n<meta property=\"og:locale\" content=\"pt_BR\" \/>\n<meta property=\"og:type\" content=\"article\" \/>\n<meta property=\"og:title\" content=\"Pedro Campos afirma que apoio de prefeitos a Raquel \u00e9 motivado por promessas -\" \/>\n<meta property=\"og:description\" content=\"Deputado federal tamb\u00e9m disse fazer oposi\u00e7\u00e3o respons\u00e1vel contra a governadora Deputado Federal Pedro Campos (PSB) \u00e9 recebido no programa Folha Pol\u00edtica, da R\u00e1dio Folha\u00a0&#8211;\u00a0Arthur Botelho\/Folha de Pernambuco Por Alexsandro Fonseca &#8211; Folhape O deputado federal Pedro Campos (PSB) afirmou que o apoio de prefeitos a governadora Raquel Lyra (PSD) \u00e9 motivado por promessas feitas pela [&hellip;]\" \/>\n<meta property=\"og:url\" content=\"https:\/\/gazetapernambucana.com\/?p=1866\" \/>\n<meta property=\"article:published_time\" content=\"2025-10-03T23:20:02+00:00\" \/>\n<meta property=\"article:modified_time\" content=\"2025-10-03T23:21:56+00:00\" \/>\n<meta property=\"og:image\" content=\"https:\/\/gazetapernambucana.com\/wp-content\/uploads\/2025\/10\/whatsapp-image-2025-10-03-at-120429.jpeg\" \/>\n\t<meta property=\"og:image:width\" content=\"1100\" \/>\n\t<meta property=\"og:image:height\" content=\"733\" \/>\n\t<meta property=\"og:image:type\" content=\"image\/jpeg\" \/>\n<meta name=\"author\" content=\"GP\" \/>\n<meta name=\"twitter:card\" content=\"summary_large_image\" \/>\n<meta name=\"twitter:label1\" content=\"Escrito por\" \/>\n\t<meta name=\"twitter:data1\" content=\"GP\" \/>\n\t<meta name=\"twitter:label2\" content=\"Est. tempo de leitura\" \/>\n\t<meta name=\"twitter:data2\" content=\"2 minutos\" \/>\n<script type=\"application\/ld+json\" class=\"yoast-schema-graph\">{\"@context\":\"https:\/\/schema.org\",\"@graph\":[{\"@type\":\"WebPage\",\"@id\":\"https:\/\/gazetapernambucana.com\/?p=1866\",\"url\":\"https:\/\/gazetapernambucana.com\/?p=1866\",\"name\":\"Pedro Campos afirma que apoio de prefeitos a Raquel \u00e9 motivado por promessas -\",\"isPartOf\":{\"@id\":\"https:\/\/gazetapernambucana.com\/#website\"},\"primaryImageOfPage\":{\"@id\":\"https:\/\/gazetapernambucana.com\/?p=1866#primaryimage\"},\"image\":{\"@id\":\"https:\/\/gazetapernambucana.com\/?p=1866#primaryimage\"},\"thumbnailUrl\":\"https:\/\/gazetapernambucana.com\/wp-content\/uploads\/2025\/10\/whatsapp-image-2025-10-03-at-120429.jpeg\",\"datePublished\":\"2025-10-03T23:20:02+00:00\",\"dateModified\":\"2025-10-03T23:21:56+00:00\",\"author\":{\"@id\":\"https:\/\/gazetapernambucana.com\/#\/schema\/person\/188dc283325181ac2de4db1e9e987427\"},\"breadcrumb\":{\"@id\":\"https:\/\/gazetapernambucana.com\/?p=1866#breadcrumb\"},\"inLanguage\":\"pt-BR\",\"potentialAction\":[{\"@type\":\"ReadAction\",\"target\":[\"https:\/\/gazetapernambucana.com\/?p=1866\"]}]},{\"@type\":\"ImageObject\",\"inLanguage\":\"pt-BR\",\"@id\":\"https:\/\/gazetapernambucana.com\/?p=1866#primaryimage\",\"url\":\"https:\/\/gazetapernambucana.com\/wp-content\/uploads\/2025\/10\/whatsapp-image-2025-10-03-at-120429.jpeg\",\"contentUrl\":\"https:\/\/gazetapernambucana.com\/wp-content\/uploads\/2025\/10\/whatsapp-image-2025-10-03-at-120429.jpeg\",\"width\":1100,\"height\":733},{\"@type\":\"BreadcrumbList\",\"@id\":\"https:\/\/gazetapernambucana.com\/?p=1866#breadcrumb\",\"itemListElement\":[{\"@type\":\"ListItem\",\"position\":1,\"name\":\"In\u00edcio\",\"item\":\"https:\/\/gazetapernambucana.com\/\"},{\"@type\":\"ListItem\",\"position\":2,\"name\":\"Pedro Campos afirma que apoio de prefeitos a Raquel \u00e9 motivado por promessas\"}]},{\"@type\":\"WebSite\",\"@id\":\"https:\/\/gazetapernambucana.com\/#website\",\"url\":\"https:\/\/gazetapernambucana.com\/\",\"name\":\"\",\"description\":\"\",\"potentialAction\":[{\"@type\":\"SearchAction\",\"target\":{\"@type\":\"EntryPoint\",\"urlTemplate\":\"https:\/\/gazetapernambucana.com\/?s={search_term_string}\"},\"query-input\":{\"@type\":\"PropertyValueSpecification\",\"valueRequired\":true,\"valueName\":\"search_term_string\"}}],\"inLanguage\":\"pt-BR\"},{\"@type\":\"Person\",\"@id\":\"https:\/\/gazetapernambucana.com\/#\/schema\/person\/188dc283325181ac2de4db1e9e987427\",\"name\":\"GP\",\"image\":{\"@type\":\"ImageObject\",\"inLanguage\":\"pt-BR\",\"@id\":\"https:\/\/gazetapernambucana.com\/#\/schema\/person\/image\/\",\"url\":\"https:\/\/secure.gravatar.com\/avatar\/9dad78ff9a2d8b5742d11779f8a3f53b052320c550b2e1907882353c067bb111?s=96&d=mm&r=g\",\"contentUrl\":\"https:\/\/secure.gravatar.com\/avatar\/9dad78ff9a2d8b5742d11779f8a3f53b052320c550b2e1907882353c067bb111?s=96&d=mm&r=g\",\"caption\":\"GP\"},\"sameAs\":[\"http:\/\/gazetapernambucana.com\"],\"url\":\"https:\/\/gazetapernambucana.com\/?author=1\"}]}<\/script>\n<!-- \/ Yoast SEO plugin. -->","yoast_head_json":{"title":"Pedro Campos afirma que apoio de prefeitos a Raquel \u00e9 motivado por promessas -","robots":{"index":"index","follow":"follow","max-snippet":"max-snippet:-1","max-image-preview":"max-image-preview:large","max-video-preview":"max-video-preview:-1"},"canonical":"https:\/\/gazetapernambucana.com\/?p=1866","og_locale":"pt_BR","og_type":"article","og_title":"Pedro Campos afirma que apoio de prefeitos a Raquel \u00e9 motivado por promessas -","og_description":"Deputado federal tamb\u00e9m disse fazer oposi\u00e7\u00e3o respons\u00e1vel contra a governadora Deputado Federal Pedro Campos (PSB) \u00e9 recebido no programa Folha Pol\u00edtica, da R\u00e1dio Folha\u00a0&#8211;\u00a0Arthur Botelho\/Folha de Pernambuco Por Alexsandro Fonseca &#8211; Folhape O deputado federal Pedro Campos (PSB) afirmou que o apoio de prefeitos a governadora Raquel Lyra (PSD) \u00e9 motivado por promessas feitas pela [&hellip;]","og_url":"https:\/\/gazetapernambucana.com\/?p=1866","article_published_time":"2025-10-03T23:20:02+00:00","article_modified_time":"2025-10-03T23:21:56+00:00","og_image":[{"width":1100,"height":733,"url":"https:\/\/gazetapernambucana.com\/wp-content\/uploads\/2025\/10\/whatsapp-image-2025-10-03-at-120429.jpeg","type":"image\/jpeg"}],"author":"GP","twitter_card":"summary_large_image","twitter_misc":{"Escrito por":"GP","Est. tempo de leitura":"2 minutos"},"schema":{"@context":"https:\/\/schema.org","@graph":[{"@type":"WebPage","@id":"https:\/\/gazetapernambucana.com\/?p=1866","url":"https:\/\/gazetapernambucana.com\/?p=1866","name":"Pedro Campos afirma que apoio de prefeitos a Raquel \u00e9 motivado por promessas -","isPartOf":{"@id":"https:\/\/gazetapernambucana.com\/#website"},"primaryImageOfPage":{"@id":"https:\/\/gazetapernambucana.com\/?p=1866#primaryimage"},"image":{"@id":"https:\/\/gazetapernambucana.com\/?p=1866#primaryimage"},"thumbnailUrl":"https:\/\/gazetapernambucana.com\/wp-content\/uploads\/2025\/10\/whatsapp-image-2025-10-03-at-120429.jpeg","datePublished":"2025-10-03T23:20:02+00:00","dateModified":"2025-10-03T23:21:56+00:00","author":{"@id":"https:\/\/gazetapernambucana.com\/#\/schema\/person\/188dc283325181ac2de4db1e9e987427"},"breadcrumb":{"@id":"https:\/\/gazetapernambucana.com\/?p=1866#breadcrumb"},"inLanguage":"pt-BR","potentialAction":[{"@type":"ReadAction","target":["https:\/\/gazetapernambucana.com\/?p=1866"]}]},{"@type":"ImageObject","inLanguage":"pt-BR","@id":"https:\/\/gazetapernambucana.com\/?p=1866#primaryimage","url":"https:\/\/gazetapernambucana.com\/wp-content\/uploads\/2025\/10\/whatsapp-image-2025-10-03-at-120429.jpeg","contentUrl":"https:\/\/gazetapernambucana.com\/wp-content\/uploads\/2025\/10\/whatsapp-image-2025-10-03-at-120429.jpeg","width":1100,"height":733},{"@type":"BreadcrumbList","@id":"https:\/\/gazetapernambucana.com\/?p=1866#breadcrumb","itemListElement":[{"@type":"ListItem","position":1,"name":"In\u00edcio","item":"https:\/\/gazetapernambucana.com\/"},{"@type":"ListItem","position":2,"name":"Pedro Campos afirma que apoio de prefeitos a Raquel \u00e9 motivado por promessas"}]},{"@type":"WebSite","@id":"https:\/\/gazetapernambucana.com\/#website","url":"https:\/\/gazetapernambucana.com\/","name":"","description":"","potentialAction":[{"@type":"SearchAction","target":{"@type":"EntryPoint","urlTemplate":"https:\/\/gazetapernambucana.com\/?s={search_term_string}"},"query-input":{"@type":"PropertyValueSpecification","valueRequired":true,"valueName":"search_term_string"}}],"inLanguage":"pt-BR"},{"@type":"Person","@id":"https:\/\/gazetapernambucana.com\/#\/schema\/person\/188dc283325181ac2de4db1e9e987427","name":"GP","image":{"@type":"ImageObject","inLanguage":"pt-BR","@id":"https:\/\/gazetapernambucana.com\/#\/schema\/person\/image\/","url":"https:\/\/secure.gravatar.com\/avatar\/9dad78ff9a2d8b5742d11779f8a3f53b052320c550b2e1907882353c067bb111?s=96&d=mm&r=g","contentUrl":"https:\/\/secure.gravatar.com\/avatar\/9dad78ff9a2d8b5742d11779f8a3f53b052320c550b2e1907882353c067bb111?s=96&d=mm&r=g","caption":"GP"},"sameAs":["http:\/\/gazetapernambucana.com"],"url":"https:\/\/gazetapernambucana.com\/?author=1"}]}},"jetpack_publicize_connections":[],"_links":{"self":[{"href":"https:\/\/gazetapernambucana.com\/index.php?rest_route=\/wp\/v2\/posts\/1866","targetHints":{"allow":["GET"]}}],"collection":[{"href":"https:\/\/gazetapernambucana.com\/index.php?rest_route=\/wp\/v2\/posts"}],"about":[{"href":"https:\/\/gazetapernambucana.com\/index.php?rest_route=\/wp\/v2\/types\/post"}],"author":[{"embeddable":true,"href":"https:\/\/gazetapernambucana.com\/index.php?rest_route=\/wp\/v2\/users\/1"}],"replies":[{"embeddable":true,"href":"https:\/\/gazetapernambucana.com\/index.php?rest_route=%2Fwp%2Fv2%2Fcomments&post=1866"}],"version-history":[{"count":2,"href":"https:\/\/gazetapernambucana.com\/index.php?rest_route=\/wp\/v2\/posts\/1866\/revisions"}],"predecessor-version":[{"id":1869,"href":"https:\/\/gazetapernambucana.com\/index.php?rest_route=\/wp\/v2\/posts\/1866\/revisions\/1869"}],"wp:featuredmedia":[{"embeddable":true,"href":"https:\/\/gazetapernambucana.com\/index.php?rest_route=\/wp\/v2\/media\/1867"}],"wp:attachment":[{"href":"https:\/\/gazetapernambucana.com\/index.php?rest_route=%2Fwp%2Fv2%2Fmedia&parent=1866"}],"wp:term":[{"taxonomy":"category","embeddable":true,"href":"https:\/\/gazetapernambucana.com\/index.php?rest_route=%2Fwp%2Fv2%2Fcategories&post=1866"},{"taxonomy":"post_tag","embeddable":true,"href":"https:\/\/gazetapernambucana.com\/index.php?rest_route=%2Fwp%2Fv2%2Ftags&post=1866"}],"curies":[{"name":"wp","href":"https:\/\/api.w.org\/{rel}","templated":true}]}}