{"id":1863,"date":"2025-10-03T19:51:31","date_gmt":"2025-10-03T22:51:31","guid":{"rendered":"https:\/\/gazetapernambucana.com\/?p=1863"},"modified":"2025-10-03T19:51:31","modified_gmt":"2025-10-03T22:51:31","slug":"ministerio-confirma-mudanca-no-bnb","status":"publish","type":"post","link":"https:\/\/gazetapernambucana.com\/?p=1863","title":{"rendered":"Minist\u00e9rio confirma mudan\u00e7a no BNB"},"content":{"rendered":"<header class=\"grid_12 prefix_2\">\n<div class=\"tituloNoticia\">\n<h2 class=\"subTituloDet\">Fazenda informou que a mudan\u00e7a na institui\u00e7\u00e3o ser\u00e1 anunciada nos pr\u00f3ximos dias<\/h2>\n<\/div>\n<\/header>\n<p><img loading=\"lazy\" decoding=\"async\" class=\"alignnone size-full wp-image-1864\" src=\"http:\/\/gazetapernambucana.com\/wp-content\/uploads\/2025\/10\/images-6.jpeg\" alt=\"\" width=\"275\" height=\"183\" \/>\u00a0 \u00a0 <small class=\"legendaFoto\">Paulo C\u00e2mara, presidente do BNB\u00a0&#8211;\u00a0<em>Fernando Cavalcante\/Divulga\u00e7\u00e3o<\/em><\/small><\/p>\n<article class=\"grid_8 prefix_2 textoArea\" data-fetch=\"true\">O Minist\u00e9rio da Fazenda informou, por e-mail, na noite de ontem, que a sa\u00edda do ex-governador de Pernambuco Paulo C\u00e2mara da presid\u00eancia do Banco do Nordeste (BNB) foi uma decis\u00e3o pessoal. Segundo a assessoria de comunica\u00e7\u00e3o da pasta, a mudan\u00e7a deve ser concretizada nos pr\u00f3ximos dias.<\/p>\n<p>A explica\u00e7\u00e3o \u00e9 diferente da not\u00edcia publicada pela Coluna Painel S.A., da Folha de S\u00e3o Paulo, na qual o secret\u00e1rio-executivo da Fazenda, Dario Durigan, alegou que a sa\u00edda de C\u00e2mara seria consequ\u00eancia da lei das estatais. A norma estabelece um per\u00edodo de quarentena para que dirigentes partid\u00e1rios ocuparem o comando de estatais.<\/p>\n<p data-intext-processed=\"true\">Em dezembro de 2023, o Supremo Tribunal Federal (STF) definiu que o mandato dos ocupantes dos cargos fosse exercido at\u00e9 o fim. Em agosto, o prazo expirou, mas o estatuto do banco prev\u00ea que o mandato continue at\u00e9 a posse da nova diretoria. H\u00e1 o indicativo que, ap\u00f3s o afastamento, Paulo seja reconduzido ao comando do BNB em janeiro.<\/p>\n<p>O Minist\u00e9rio da Fazenda informou ainda que \u201ca indica\u00e7\u00e3o de novo presidente ser\u00e1 feita de forma tempestiva, transparente e nos termos do rito legal estabelecido pela Lei 13.303\/16, pelo Decreto 8.945\/16 e pelo Estatuto Social do Banco\u201d. O Conselho Administrativo do BNB deve reunir-se para avaliar o pr\u00f3ximo nome ao cargo, a ser apresentado pelo minist\u00e9rio. OBNB n\u00e3o quis falar sobre o assunto.<\/p>\n<p><strong>Balan\u00e7o<\/strong><\/p>\n<p>Ontem, o Banco do Nordeste divulgou n\u00fameros preliminares do terceiro trimestre de 2025 mostrando que a institui\u00e7\u00e3o continua forte em todos os segmentos em que opera, durante a gest\u00e3o de Paulo C\u00e2mara. De janeiro a setembro, as contrata\u00e7\u00f5es cresceram 18,4% em rela\u00e7\u00e3o ao mesmo per\u00edodo de 2024, chegando a R$ 49,8 bilh\u00f5es. J\u00e1 os desembolsos subiram 14,4%, com um total de R$ 47,5 bilh\u00f5es, e os R$ 9,7 bilh\u00f5es do Crediamigo significaram um avan\u00e7o de 13,4%, no comparativo com os nove primeiros meses de 2024. Os dados ainda est\u00e3o em processo de consolida\u00e7\u00e3o, mas apontam para o fechamento de 2025 como o melhor dos 73 anos de exist\u00eancia do BNB.<\/p>\n<\/article>\n","protected":false},"excerpt":{"rendered":"<p>Fazenda informou que a mudan\u00e7a na institui\u00e7\u00e3o ser\u00e1 anunciada nos pr\u00f3ximos dias \u00a0 \u00a0 Paulo C\u00e2mara, presidente do BNB\u00a0&#8211;\u00a0Fernando Cavalcante\/Divulga\u00e7\u00e3o O Minist\u00e9rio da Fazenda informou, por e-mail, na noite de ontem, que a sa\u00edda do ex-governador de Pernambuco Paulo C\u00e2mara da presid\u00eancia do Banco do Nordeste (BNB) foi uma decis\u00e3o pessoal. Segundo a assessoria de [&hellip;]<\/p>\n","protected":false},"author":1,"featured_media":1864,"comment_status":"open","ping_status":"open","sticky":false,"template":"","format":"standard","meta":{"footnotes":"","jetpack_publicize_message":"","jetpack_publicize_feature_enabled":true,"jetpack_social_post_already_shared":true,"jetpack_social_options":{"image_generator_settings":{"template":"highway","default_image_id":0,"font":"","enabled":false},"version":2}},"categories":[37,1,38,65],"tags":[],"class_list":["post-1863","post","type-post","status-publish","format-standard","has-post-thumbnail","hentry","category-https-gazetapernambucana-com-page_id212","category-https-gazetapernambucana-com-page_id225","category-https-gazetapernambucana-com-page_id215","category-politica"],"yoast_head":"<!-- This site is optimized with the Yoast SEO plugin v24.5 - https:\/\/yoast.com\/wordpress\/plugins\/seo\/ -->\n<title>Minist\u00e9rio confirma mudan\u00e7a no BNB -<\/title>\n<meta name=\"robots\" content=\"index, follow, max-snippet:-1, max-image-preview:large, max-video-preview:-1\" \/>\n<link rel=\"canonical\" href=\"https:\/\/gazetapernambucana.com\/?p=1863\" \/>\n<meta property=\"og:locale\" content=\"pt_BR\" \/>\n<meta property=\"og:type\" content=\"article\" \/>\n<meta property=\"og:title\" content=\"Minist\u00e9rio confirma mudan\u00e7a no BNB -\" \/>\n<meta property=\"og:description\" content=\"Fazenda informou que a mudan\u00e7a na institui\u00e7\u00e3o ser\u00e1 anunciada nos pr\u00f3ximos dias \u00a0 \u00a0 Paulo C\u00e2mara, presidente do BNB\u00a0&#8211;\u00a0Fernando Cavalcante\/Divulga\u00e7\u00e3o O Minist\u00e9rio da Fazenda informou, por e-mail, na noite de ontem, que a sa\u00edda do ex-governador de Pernambuco Paulo C\u00e2mara da presid\u00eancia do Banco do Nordeste (BNB) foi uma decis\u00e3o pessoal. Segundo a assessoria de [&hellip;]\" \/>\n<meta property=\"og:url\" content=\"https:\/\/gazetapernambucana.com\/?p=1863\" \/>\n<meta property=\"article:published_time\" content=\"2025-10-03T22:51:31+00:00\" \/>\n<meta property=\"og:image\" content=\"https:\/\/gazetapernambucana.com\/wp-content\/uploads\/2025\/10\/images-6.jpeg\" \/>\n\t<meta property=\"og:image:width\" content=\"275\" \/>\n\t<meta property=\"og:image:height\" content=\"183\" \/>\n\t<meta property=\"og:image:type\" content=\"image\/jpeg\" \/>\n<meta name=\"author\" content=\"GP\" \/>\n<meta name=\"twitter:card\" content=\"summary_large_image\" \/>\n<meta name=\"twitter:label1\" content=\"Escrito por\" \/>\n\t<meta name=\"twitter:data1\" content=\"GP\" \/>\n\t<meta name=\"twitter:label2\" content=\"Est. tempo de leitura\" \/>\n\t<meta name=\"twitter:data2\" content=\"3 minutos\" \/>\n<script type=\"application\/ld+json\" class=\"yoast-schema-graph\">{\"@context\":\"https:\/\/schema.org\",\"@graph\":[{\"@type\":\"WebPage\",\"@id\":\"https:\/\/gazetapernambucana.com\/?p=1863\",\"url\":\"https:\/\/gazetapernambucana.com\/?p=1863\",\"name\":\"Minist\u00e9rio confirma mudan\u00e7a no BNB -\",\"isPartOf\":{\"@id\":\"https:\/\/gazetapernambucana.com\/#website\"},\"primaryImageOfPage\":{\"@id\":\"https:\/\/gazetapernambucana.com\/?p=1863#primaryimage\"},\"image\":{\"@id\":\"https:\/\/gazetapernambucana.com\/?p=1863#primaryimage\"},\"thumbnailUrl\":\"https:\/\/gazetapernambucana.com\/wp-content\/uploads\/2025\/10\/images-6.jpeg\",\"datePublished\":\"2025-10-03T22:51:31+00:00\",\"author\":{\"@id\":\"https:\/\/gazetapernambucana.com\/#\/schema\/person\/188dc283325181ac2de4db1e9e987427\"},\"breadcrumb\":{\"@id\":\"https:\/\/gazetapernambucana.com\/?p=1863#breadcrumb\"},\"inLanguage\":\"pt-BR\",\"potentialAction\":[{\"@type\":\"ReadAction\",\"target\":[\"https:\/\/gazetapernambucana.com\/?p=1863\"]}]},{\"@type\":\"ImageObject\",\"inLanguage\":\"pt-BR\",\"@id\":\"https:\/\/gazetapernambucana.com\/?p=1863#primaryimage\",\"url\":\"https:\/\/gazetapernambucana.com\/wp-content\/uploads\/2025\/10\/images-6.jpeg\",\"contentUrl\":\"https:\/\/gazetapernambucana.com\/wp-content\/uploads\/2025\/10\/images-6.jpeg\",\"width\":275,\"height\":183},{\"@type\":\"BreadcrumbList\",\"@id\":\"https:\/\/gazetapernambucana.com\/?p=1863#breadcrumb\",\"itemListElement\":[{\"@type\":\"ListItem\",\"position\":1,\"name\":\"In\u00edcio\",\"item\":\"https:\/\/gazetapernambucana.com\/\"},{\"@type\":\"ListItem\",\"position\":2,\"name\":\"Minist\u00e9rio confirma mudan\u00e7a no BNB\"}]},{\"@type\":\"WebSite\",\"@id\":\"https:\/\/gazetapernambucana.com\/#website\",\"url\":\"https:\/\/gazetapernambucana.com\/\",\"name\":\"\",\"description\":\"\",\"potentialAction\":[{\"@type\":\"SearchAction\",\"target\":{\"@type\":\"EntryPoint\",\"urlTemplate\":\"https:\/\/gazetapernambucana.com\/?s={search_term_string}\"},\"query-input\":{\"@type\":\"PropertyValueSpecification\",\"valueRequired\":true,\"valueName\":\"search_term_string\"}}],\"inLanguage\":\"pt-BR\"},{\"@type\":\"Person\",\"@id\":\"https:\/\/gazetapernambucana.com\/#\/schema\/person\/188dc283325181ac2de4db1e9e987427\",\"name\":\"GP\",\"image\":{\"@type\":\"ImageObject\",\"inLanguage\":\"pt-BR\",\"@id\":\"https:\/\/gazetapernambucana.com\/#\/schema\/person\/image\/\",\"url\":\"https:\/\/secure.gravatar.com\/avatar\/9dad78ff9a2d8b5742d11779f8a3f53b052320c550b2e1907882353c067bb111?s=96&d=mm&r=g\",\"contentUrl\":\"https:\/\/secure.gravatar.com\/avatar\/9dad78ff9a2d8b5742d11779f8a3f53b052320c550b2e1907882353c067bb111?s=96&d=mm&r=g\",\"caption\":\"GP\"},\"sameAs\":[\"http:\/\/gazetapernambucana.com\"],\"url\":\"https:\/\/gazetapernambucana.com\/?author=1\"}]}<\/script>\n<!-- \/ Yoast SEO plugin. -->","yoast_head_json":{"title":"Minist\u00e9rio confirma mudan\u00e7a no BNB -","robots":{"index":"index","follow":"follow","max-snippet":"max-snippet:-1","max-image-preview":"max-image-preview:large","max-video-preview":"max-video-preview:-1"},"canonical":"https:\/\/gazetapernambucana.com\/?p=1863","og_locale":"pt_BR","og_type":"article","og_title":"Minist\u00e9rio confirma mudan\u00e7a no BNB -","og_description":"Fazenda informou que a mudan\u00e7a na institui\u00e7\u00e3o ser\u00e1 anunciada nos pr\u00f3ximos dias \u00a0 \u00a0 Paulo C\u00e2mara, presidente do BNB\u00a0&#8211;\u00a0Fernando Cavalcante\/Divulga\u00e7\u00e3o O Minist\u00e9rio da Fazenda informou, por e-mail, na noite de ontem, que a sa\u00edda do ex-governador de Pernambuco Paulo C\u00e2mara da presid\u00eancia do Banco do Nordeste (BNB) foi uma decis\u00e3o pessoal. Segundo a assessoria de [&hellip;]","og_url":"https:\/\/gazetapernambucana.com\/?p=1863","article_published_time":"2025-10-03T22:51:31+00:00","og_image":[{"width":275,"height":183,"url":"https:\/\/gazetapernambucana.com\/wp-content\/uploads\/2025\/10\/images-6.jpeg","type":"image\/jpeg"}],"author":"GP","twitter_card":"summary_large_image","twitter_misc":{"Escrito por":"GP","Est. tempo de leitura":"3 minutos"},"schema":{"@context":"https:\/\/schema.org","@graph":[{"@type":"WebPage","@id":"https:\/\/gazetapernambucana.com\/?p=1863","url":"https:\/\/gazetapernambucana.com\/?p=1863","name":"Minist\u00e9rio confirma mudan\u00e7a no BNB -","isPartOf":{"@id":"https:\/\/gazetapernambucana.com\/#website"},"primaryImageOfPage":{"@id":"https:\/\/gazetapernambucana.com\/?p=1863#primaryimage"},"image":{"@id":"https:\/\/gazetapernambucana.com\/?p=1863#primaryimage"},"thumbnailUrl":"https:\/\/gazetapernambucana.com\/wp-content\/uploads\/2025\/10\/images-6.jpeg","datePublished":"2025-10-03T22:51:31+00:00","author":{"@id":"https:\/\/gazetapernambucana.com\/#\/schema\/person\/188dc283325181ac2de4db1e9e987427"},"breadcrumb":{"@id":"https:\/\/gazetapernambucana.com\/?p=1863#breadcrumb"},"inLanguage":"pt-BR","potentialAction":[{"@type":"ReadAction","target":["https:\/\/gazetapernambucana.com\/?p=1863"]}]},{"@type":"ImageObject","inLanguage":"pt-BR","@id":"https:\/\/gazetapernambucana.com\/?p=1863#primaryimage","url":"https:\/\/gazetapernambucana.com\/wp-content\/uploads\/2025\/10\/images-6.jpeg","contentUrl":"https:\/\/gazetapernambucana.com\/wp-content\/uploads\/2025\/10\/images-6.jpeg","width":275,"height":183},{"@type":"BreadcrumbList","@id":"https:\/\/gazetapernambucana.com\/?p=1863#breadcrumb","itemListElement":[{"@type":"ListItem","position":1,"name":"In\u00edcio","item":"https:\/\/gazetapernambucana.com\/"},{"@type":"ListItem","position":2,"name":"Minist\u00e9rio confirma mudan\u00e7a no BNB"}]},{"@type":"WebSite","@id":"https:\/\/gazetapernambucana.com\/#website","url":"https:\/\/gazetapernambucana.com\/","name":"","description":"","potentialAction":[{"@type":"SearchAction","target":{"@type":"EntryPoint","urlTemplate":"https:\/\/gazetapernambucana.com\/?s={search_term_string}"},"query-input":{"@type":"PropertyValueSpecification","valueRequired":true,"valueName":"search_term_string"}}],"inLanguage":"pt-BR"},{"@type":"Person","@id":"https:\/\/gazetapernambucana.com\/#\/schema\/person\/188dc283325181ac2de4db1e9e987427","name":"GP","image":{"@type":"ImageObject","inLanguage":"pt-BR","@id":"https:\/\/gazetapernambucana.com\/#\/schema\/person\/image\/","url":"https:\/\/secure.gravatar.com\/avatar\/9dad78ff9a2d8b5742d11779f8a3f53b052320c550b2e1907882353c067bb111?s=96&d=mm&r=g","contentUrl":"https:\/\/secure.gravatar.com\/avatar\/9dad78ff9a2d8b5742d11779f8a3f53b052320c550b2e1907882353c067bb111?s=96&d=mm&r=g","caption":"GP"},"sameAs":["http:\/\/gazetapernambucana.com"],"url":"https:\/\/gazetapernambucana.com\/?author=1"}]}},"jetpack_publicize_connections":[],"_links":{"self":[{"href":"https:\/\/gazetapernambucana.com\/index.php?rest_route=\/wp\/v2\/posts\/1863","targetHints":{"allow":["GET"]}}],"collection":[{"href":"https:\/\/gazetapernambucana.com\/index.php?rest_route=\/wp\/v2\/posts"}],"about":[{"href":"https:\/\/gazetapernambucana.com\/index.php?rest_route=\/wp\/v2\/types\/post"}],"author":[{"embeddable":true,"href":"https:\/\/gazetapernambucana.com\/index.php?rest_route=\/wp\/v2\/users\/1"}],"replies":[{"embeddable":true,"href":"https:\/\/gazetapernambucana.com\/index.php?rest_route=%2Fwp%2Fv2%2Fcomments&post=1863"}],"version-history":[{"count":1,"href":"https:\/\/gazetapernambucana.com\/index.php?rest_route=\/wp\/v2\/posts\/1863\/revisions"}],"predecessor-version":[{"id":1865,"href":"https:\/\/gazetapernambucana.com\/index.php?rest_route=\/wp\/v2\/posts\/1863\/revisions\/1865"}],"wp:featuredmedia":[{"embeddable":true,"href":"https:\/\/gazetapernambucana.com\/index.php?rest_route=\/wp\/v2\/media\/1864"}],"wp:attachment":[{"href":"https:\/\/gazetapernambucana.com\/index.php?rest_route=%2Fwp%2Fv2%2Fmedia&parent=1863"}],"wp:term":[{"taxonomy":"category","embeddable":true,"href":"https:\/\/gazetapernambucana.com\/index.php?rest_route=%2Fwp%2Fv2%2Fcategories&post=1863"},{"taxonomy":"post_tag","embeddable":true,"href":"https:\/\/gazetapernambucana.com\/index.php?rest_route=%2Fwp%2Fv2%2Ftags&post=1863"}],"curies":[{"name":"wp","href":"https:\/\/api.w.org\/{rel}","templated":true}]}}