{"id":1860,"date":"2025-10-02T18:35:15","date_gmt":"2025-10-02T21:35:15","guid":{"rendered":"https:\/\/gazetapernambucana.com\/?p=1860"},"modified":"2025-10-02T18:35:15","modified_gmt":"2025-10-02T21:35:15","slug":"stf-moraes-da-48h-para-redes-entregarem-quem-ameacou-dino","status":"publish","type":"post","link":"https:\/\/gazetapernambucana.com\/?p=1860","title":{"rendered":"STF: Moraes d\u00e1 48h para redes entregarem quem amea\u00e7ou Dino"},"content":{"rendered":"<p><img loading=\"lazy\" decoding=\"async\" class=\"alignnone size-medium wp-image-1861\" src=\"http:\/\/gazetapernambucana.com\/wp-content\/uploads\/2025\/10\/IMG_0798-300x200.webp\" alt=\"\" width=\"300\" height=\"200\" srcset=\"https:\/\/gazetapernambucana.com\/wp-content\/uploads\/2025\/10\/IMG_0798-300x200.webp 300w, https:\/\/gazetapernambucana.com\/wp-content\/uploads\/2025\/10\/IMG_0798-1024x683.webp 1024w, https:\/\/gazetapernambucana.com\/wp-content\/uploads\/2025\/10\/IMG_0798-768x512.webp 768w, https:\/\/gazetapernambucana.com\/wp-content\/uploads\/2025\/10\/IMG_0798.webp 1536w\" sizes=\"auto, (max-width: 300px) 100vw, 300px\" \/><\/p>\n<p>Nesta quinta-feira (2), o ministro Alexandre de Moraes, do Supremo Tribunal Federal (STF), determinou que Instagram, TikTok, X e YouTube identifiquem os usu\u00e1rios respons\u00e1veis por publica\u00e7\u00f5es com amea\u00e7as ao tamb\u00e9m ministro Fl\u00e1vio Dino.<\/p>\n<p>Por decis\u00e3o de Moraes, a investiga\u00e7\u00e3o da Pol\u00edcia Federal (PF) vai tramitar vinculada ao inqu\u00e9rito das mil\u00edcias digitais, conduzido pelo ministro, mas em uma peti\u00e7\u00e3o aut\u00f4noma, tamb\u00e9m sob a relatoria dele.<\/p>\n<p>Em sua decis\u00e3o, Moraes afirma que, \u201cdo exame dos fatos narrados, verifico que, efetivamente, est\u00e3o abrangidos pelo objeto desta investiga\u00e7\u00e3o\u201d.<\/p>\n<p>Foi o pr\u00f3prio Fl\u00e1vio Dino quem solicitou a abertura da investiga\u00e7\u00e3o. Em of\u00edcio \u00e0 Pol\u00edcia Federal, o ministro relatou que \u201cgraves amea\u00e7as contra a sua vida e integridade f\u00edsica\u201d foram espalhadas na internet depois que ele votou para condenar o ex-presidente Jair Bolsonaro (PL), no \u00faltimo dia 9, no processo da suposta trama golpista.<\/p>\n<p>Ao denunciar as publica\u00e7\u00f5es, Dino considerou que parece ter ocorrido uma \u201ca\u00e7\u00e3o concertada com car\u00e1ter de incita\u00e7\u00e3o\u201d. Isso porque diferentes postagens faziam alus\u00e3o aos protestos violentos no Nepal, em que pol\u00edticos e autoridades foram agredidos.<\/p>\n<p>Os crimes sob investiga\u00e7\u00e3o da Pol\u00edcia Federal s\u00e3o amea\u00e7a, coa\u00e7\u00e3o no curso do processo, incita\u00e7\u00e3o ao crime, crime contra o Estado e a ordem p\u00fablica e crimes contra a honra.<\/p>\n","protected":false},"excerpt":{"rendered":"<p>Nesta quinta-feira (2), o ministro Alexandre de Moraes, do Supremo Tribunal Federal (STF), determinou que Instagram, TikTok, X e YouTube identifiquem os usu\u00e1rios respons\u00e1veis por publica\u00e7\u00f5es com amea\u00e7as ao tamb\u00e9m ministro Fl\u00e1vio Dino. Por decis\u00e3o de Moraes, a investiga\u00e7\u00e3o da Pol\u00edcia Federal (PF) vai tramitar vinculada ao inqu\u00e9rito das mil\u00edcias digitais, conduzido pelo ministro, mas [&hellip;]<\/p>\n","protected":false},"author":1,"featured_media":1861,"comment_status":"open","ping_status":"open","sticky":false,"template":"","format":"standard","meta":{"footnotes":"","jetpack_publicize_message":"","jetpack_publicize_feature_enabled":true,"jetpack_social_post_already_shared":true,"jetpack_social_options":{"image_generator_settings":{"template":"highway","default_image_id":0,"font":"","enabled":false},"version":2}},"categories":[1],"tags":[],"class_list":["post-1860","post","type-post","status-publish","format-standard","has-post-thumbnail","hentry","category-https-gazetapernambucana-com-page_id225"],"yoast_head":"<!-- This site is optimized with the Yoast SEO plugin v24.5 - https:\/\/yoast.com\/wordpress\/plugins\/seo\/ -->\n<title>STF: Moraes d\u00e1 48h para redes entregarem quem amea\u00e7ou Dino -<\/title>\n<meta name=\"robots\" content=\"index, follow, max-snippet:-1, max-image-preview:large, max-video-preview:-1\" \/>\n<link rel=\"canonical\" href=\"https:\/\/gazetapernambucana.com\/?p=1860\" \/>\n<meta property=\"og:locale\" content=\"pt_BR\" \/>\n<meta property=\"og:type\" content=\"article\" \/>\n<meta property=\"og:title\" content=\"STF: Moraes d\u00e1 48h para redes entregarem quem amea\u00e7ou Dino -\" \/>\n<meta property=\"og:description\" content=\"Nesta quinta-feira (2), o ministro Alexandre de Moraes, do Supremo Tribunal Federal (STF), determinou que Instagram, TikTok, X e YouTube identifiquem os usu\u00e1rios respons\u00e1veis por publica\u00e7\u00f5es com amea\u00e7as ao tamb\u00e9m ministro Fl\u00e1vio Dino. Por decis\u00e3o de Moraes, a investiga\u00e7\u00e3o da Pol\u00edcia Federal (PF) vai tramitar vinculada ao inqu\u00e9rito das mil\u00edcias digitais, conduzido pelo ministro, mas [&hellip;]\" \/>\n<meta property=\"og:url\" content=\"https:\/\/gazetapernambucana.com\/?p=1860\" \/>\n<meta property=\"article:published_time\" content=\"2025-10-02T21:35:15+00:00\" \/>\n<meta property=\"og:image\" content=\"https:\/\/gazetapernambucana.com\/wp-content\/uploads\/2025\/10\/IMG_0798.webp\" \/>\n\t<meta property=\"og:image:width\" content=\"1536\" \/>\n\t<meta property=\"og:image:height\" content=\"1024\" \/>\n\t<meta property=\"og:image:type\" content=\"image\/webp\" \/>\n<meta name=\"author\" content=\"GP\" \/>\n<meta name=\"twitter:card\" content=\"summary_large_image\" \/>\n<meta name=\"twitter:label1\" content=\"Escrito por\" \/>\n\t<meta name=\"twitter:data1\" content=\"GP\" \/>\n\t<meta name=\"twitter:label2\" content=\"Est. tempo de leitura\" \/>\n\t<meta name=\"twitter:data2\" content=\"2 minutos\" \/>\n<script type=\"application\/ld+json\" class=\"yoast-schema-graph\">{\"@context\":\"https:\/\/schema.org\",\"@graph\":[{\"@type\":\"WebPage\",\"@id\":\"https:\/\/gazetapernambucana.com\/?p=1860\",\"url\":\"https:\/\/gazetapernambucana.com\/?p=1860\",\"name\":\"STF: Moraes d\u00e1 48h para redes entregarem quem amea\u00e7ou Dino -\",\"isPartOf\":{\"@id\":\"https:\/\/gazetapernambucana.com\/#website\"},\"primaryImageOfPage\":{\"@id\":\"https:\/\/gazetapernambucana.com\/?p=1860#primaryimage\"},\"image\":{\"@id\":\"https:\/\/gazetapernambucana.com\/?p=1860#primaryimage\"},\"thumbnailUrl\":\"https:\/\/gazetapernambucana.com\/wp-content\/uploads\/2025\/10\/IMG_0798.webp\",\"datePublished\":\"2025-10-02T21:35:15+00:00\",\"author\":{\"@id\":\"https:\/\/gazetapernambucana.com\/#\/schema\/person\/188dc283325181ac2de4db1e9e987427\"},\"breadcrumb\":{\"@id\":\"https:\/\/gazetapernambucana.com\/?p=1860#breadcrumb\"},\"inLanguage\":\"pt-BR\",\"potentialAction\":[{\"@type\":\"ReadAction\",\"target\":[\"https:\/\/gazetapernambucana.com\/?p=1860\"]}]},{\"@type\":\"ImageObject\",\"inLanguage\":\"pt-BR\",\"@id\":\"https:\/\/gazetapernambucana.com\/?p=1860#primaryimage\",\"url\":\"https:\/\/gazetapernambucana.com\/wp-content\/uploads\/2025\/10\/IMG_0798.webp\",\"contentUrl\":\"https:\/\/gazetapernambucana.com\/wp-content\/uploads\/2025\/10\/IMG_0798.webp\",\"width\":1536,\"height\":1024},{\"@type\":\"BreadcrumbList\",\"@id\":\"https:\/\/gazetapernambucana.com\/?p=1860#breadcrumb\",\"itemListElement\":[{\"@type\":\"ListItem\",\"position\":1,\"name\":\"In\u00edcio\",\"item\":\"https:\/\/gazetapernambucana.com\/\"},{\"@type\":\"ListItem\",\"position\":2,\"name\":\"STF: Moraes d\u00e1 48h para redes entregarem quem amea\u00e7ou Dino\"}]},{\"@type\":\"WebSite\",\"@id\":\"https:\/\/gazetapernambucana.com\/#website\",\"url\":\"https:\/\/gazetapernambucana.com\/\",\"name\":\"\",\"description\":\"\",\"potentialAction\":[{\"@type\":\"SearchAction\",\"target\":{\"@type\":\"EntryPoint\",\"urlTemplate\":\"https:\/\/gazetapernambucana.com\/?s={search_term_string}\"},\"query-input\":{\"@type\":\"PropertyValueSpecification\",\"valueRequired\":true,\"valueName\":\"search_term_string\"}}],\"inLanguage\":\"pt-BR\"},{\"@type\":\"Person\",\"@id\":\"https:\/\/gazetapernambucana.com\/#\/schema\/person\/188dc283325181ac2de4db1e9e987427\",\"name\":\"GP\",\"image\":{\"@type\":\"ImageObject\",\"inLanguage\":\"pt-BR\",\"@id\":\"https:\/\/gazetapernambucana.com\/#\/schema\/person\/image\/\",\"url\":\"https:\/\/secure.gravatar.com\/avatar\/9dad78ff9a2d8b5742d11779f8a3f53b052320c550b2e1907882353c067bb111?s=96&d=mm&r=g\",\"contentUrl\":\"https:\/\/secure.gravatar.com\/avatar\/9dad78ff9a2d8b5742d11779f8a3f53b052320c550b2e1907882353c067bb111?s=96&d=mm&r=g\",\"caption\":\"GP\"},\"sameAs\":[\"http:\/\/gazetapernambucana.com\"],\"url\":\"https:\/\/gazetapernambucana.com\/?author=1\"}]}<\/script>\n<!-- \/ Yoast SEO plugin. -->","yoast_head_json":{"title":"STF: Moraes d\u00e1 48h para redes entregarem quem amea\u00e7ou Dino -","robots":{"index":"index","follow":"follow","max-snippet":"max-snippet:-1","max-image-preview":"max-image-preview:large","max-video-preview":"max-video-preview:-1"},"canonical":"https:\/\/gazetapernambucana.com\/?p=1860","og_locale":"pt_BR","og_type":"article","og_title":"STF: Moraes d\u00e1 48h para redes entregarem quem amea\u00e7ou Dino -","og_description":"Nesta quinta-feira (2), o ministro Alexandre de Moraes, do Supremo Tribunal Federal (STF), determinou que Instagram, TikTok, X e YouTube identifiquem os usu\u00e1rios respons\u00e1veis por publica\u00e7\u00f5es com amea\u00e7as ao tamb\u00e9m ministro Fl\u00e1vio Dino. Por decis\u00e3o de Moraes, a investiga\u00e7\u00e3o da Pol\u00edcia Federal (PF) vai tramitar vinculada ao inqu\u00e9rito das mil\u00edcias digitais, conduzido pelo ministro, mas [&hellip;]","og_url":"https:\/\/gazetapernambucana.com\/?p=1860","article_published_time":"2025-10-02T21:35:15+00:00","og_image":[{"width":1536,"height":1024,"url":"https:\/\/gazetapernambucana.com\/wp-content\/uploads\/2025\/10\/IMG_0798.webp","type":"image\/webp"}],"author":"GP","twitter_card":"summary_large_image","twitter_misc":{"Escrito por":"GP","Est. tempo de leitura":"2 minutos"},"schema":{"@context":"https:\/\/schema.org","@graph":[{"@type":"WebPage","@id":"https:\/\/gazetapernambucana.com\/?p=1860","url":"https:\/\/gazetapernambucana.com\/?p=1860","name":"STF: Moraes d\u00e1 48h para redes entregarem quem amea\u00e7ou Dino -","isPartOf":{"@id":"https:\/\/gazetapernambucana.com\/#website"},"primaryImageOfPage":{"@id":"https:\/\/gazetapernambucana.com\/?p=1860#primaryimage"},"image":{"@id":"https:\/\/gazetapernambucana.com\/?p=1860#primaryimage"},"thumbnailUrl":"https:\/\/gazetapernambucana.com\/wp-content\/uploads\/2025\/10\/IMG_0798.webp","datePublished":"2025-10-02T21:35:15+00:00","author":{"@id":"https:\/\/gazetapernambucana.com\/#\/schema\/person\/188dc283325181ac2de4db1e9e987427"},"breadcrumb":{"@id":"https:\/\/gazetapernambucana.com\/?p=1860#breadcrumb"},"inLanguage":"pt-BR","potentialAction":[{"@type":"ReadAction","target":["https:\/\/gazetapernambucana.com\/?p=1860"]}]},{"@type":"ImageObject","inLanguage":"pt-BR","@id":"https:\/\/gazetapernambucana.com\/?p=1860#primaryimage","url":"https:\/\/gazetapernambucana.com\/wp-content\/uploads\/2025\/10\/IMG_0798.webp","contentUrl":"https:\/\/gazetapernambucana.com\/wp-content\/uploads\/2025\/10\/IMG_0798.webp","width":1536,"height":1024},{"@type":"BreadcrumbList","@id":"https:\/\/gazetapernambucana.com\/?p=1860#breadcrumb","itemListElement":[{"@type":"ListItem","position":1,"name":"In\u00edcio","item":"https:\/\/gazetapernambucana.com\/"},{"@type":"ListItem","position":2,"name":"STF: Moraes d\u00e1 48h para redes entregarem quem amea\u00e7ou Dino"}]},{"@type":"WebSite","@id":"https:\/\/gazetapernambucana.com\/#website","url":"https:\/\/gazetapernambucana.com\/","name":"","description":"","potentialAction":[{"@type":"SearchAction","target":{"@type":"EntryPoint","urlTemplate":"https:\/\/gazetapernambucana.com\/?s={search_term_string}"},"query-input":{"@type":"PropertyValueSpecification","valueRequired":true,"valueName":"search_term_string"}}],"inLanguage":"pt-BR"},{"@type":"Person","@id":"https:\/\/gazetapernambucana.com\/#\/schema\/person\/188dc283325181ac2de4db1e9e987427","name":"GP","image":{"@type":"ImageObject","inLanguage":"pt-BR","@id":"https:\/\/gazetapernambucana.com\/#\/schema\/person\/image\/","url":"https:\/\/secure.gravatar.com\/avatar\/9dad78ff9a2d8b5742d11779f8a3f53b052320c550b2e1907882353c067bb111?s=96&d=mm&r=g","contentUrl":"https:\/\/secure.gravatar.com\/avatar\/9dad78ff9a2d8b5742d11779f8a3f53b052320c550b2e1907882353c067bb111?s=96&d=mm&r=g","caption":"GP"},"sameAs":["http:\/\/gazetapernambucana.com"],"url":"https:\/\/gazetapernambucana.com\/?author=1"}]}},"jetpack_publicize_connections":[],"_links":{"self":[{"href":"https:\/\/gazetapernambucana.com\/index.php?rest_route=\/wp\/v2\/posts\/1860","targetHints":{"allow":["GET"]}}],"collection":[{"href":"https:\/\/gazetapernambucana.com\/index.php?rest_route=\/wp\/v2\/posts"}],"about":[{"href":"https:\/\/gazetapernambucana.com\/index.php?rest_route=\/wp\/v2\/types\/post"}],"author":[{"embeddable":true,"href":"https:\/\/gazetapernambucana.com\/index.php?rest_route=\/wp\/v2\/users\/1"}],"replies":[{"embeddable":true,"href":"https:\/\/gazetapernambucana.com\/index.php?rest_route=%2Fwp%2Fv2%2Fcomments&post=1860"}],"version-history":[{"count":1,"href":"https:\/\/gazetapernambucana.com\/index.php?rest_route=\/wp\/v2\/posts\/1860\/revisions"}],"predecessor-version":[{"id":1862,"href":"https:\/\/gazetapernambucana.com\/index.php?rest_route=\/wp\/v2\/posts\/1860\/revisions\/1862"}],"wp:featuredmedia":[{"embeddable":true,"href":"https:\/\/gazetapernambucana.com\/index.php?rest_route=\/wp\/v2\/media\/1861"}],"wp:attachment":[{"href":"https:\/\/gazetapernambucana.com\/index.php?rest_route=%2Fwp%2Fv2%2Fmedia&parent=1860"}],"wp:term":[{"taxonomy":"category","embeddable":true,"href":"https:\/\/gazetapernambucana.com\/index.php?rest_route=%2Fwp%2Fv2%2Fcategories&post=1860"},{"taxonomy":"post_tag","embeddable":true,"href":"https:\/\/gazetapernambucana.com\/index.php?rest_route=%2Fwp%2Fv2%2Ftags&post=1860"}],"curies":[{"name":"wp","href":"https:\/\/api.w.org\/{rel}","templated":true}]}}