{"id":1849,"date":"2025-10-01T22:47:52","date_gmt":"2025-10-02T01:47:52","guid":{"rendered":"https:\/\/gazetapernambucana.com\/?p=1849"},"modified":"2025-10-02T10:52:57","modified_gmt":"2025-10-02T13:52:57","slug":"editorial-outubro-rosa-enquanto-houver-silencio-havera-nossa-palavra","status":"publish","type":"post","link":"https:\/\/gazetapernambucana.com\/?p=1849","title":{"rendered":"EDITORIAL: Outubro Rosa: enquanto houver sil\u00eancio, haver\u00e1 nossa palavra"},"content":{"rendered":"<p data-start=\"314\" data-end=\"622\"><img loading=\"lazy\" decoding=\"async\" class=\"alignnone size-medium wp-image-1854\" src=\"http:\/\/gazetapernambucana.com\/wp-content\/uploads\/2025\/10\/download-28-244x300.jpeg\" alt=\"\" width=\"244\" height=\"300\" srcset=\"https:\/\/gazetapernambucana.com\/wp-content\/uploads\/2025\/10\/download-28-244x300.jpeg 244w, https:\/\/gazetapernambucana.com\/wp-content\/uploads\/2025\/10\/download-28-832x1024.jpeg 832w, https:\/\/gazetapernambucana.com\/wp-content\/uploads\/2025\/10\/download-28-768x946.jpeg 768w, https:\/\/gazetapernambucana.com\/wp-content\/uploads\/2025\/10\/download-28.jpeg 1024w\" sizes=\"auto, (max-width: 244px) 100vw, 244px\" \/><\/p>\n<p data-start=\"314\" data-end=\"622\">Outubro ilumina-se de rosa para lembrar ao Brasil que a vida das mulheres n\u00e3o pode depender de sorte ou privil\u00e9gio. O c\u00e2ncer de mama \u00e9 hoje o tipo de neoplasia que mais acomete mulheres no pa\u00eds \u2014 estima-se que surjam <strong data-start=\"531\" data-end=\"553\">73.610 novos casos<\/strong> dentro do tri\u00eanio 2023\u20112025.<\/p>\n<p data-start=\"624\" data-end=\"854\">Quando detectado precocemente, esse c\u00e2ncer tem chances de cura elevadas \u2014 mas a diferen\u00e7a entre a vida e a morte ainda se joga no tempo de acesso ao diagn\u00f3stico, \u00e0 qualidade do atendimento e \u00e0 equidade no sistema p\u00fablico de sa\u00fade.<\/p>\n<p data-start=\"856\" data-end=\"1265\">Em Pernambuco \u2014 como em tantas outras regi\u00f5es do Brasil \u2014 muitos obst\u00e1culos permanecem: longas filas para exames, falta de equipamentos ou profissionais, sistemas de regula\u00e7\u00e3o ineficientes, aus\u00eancia de estrat\u00e9gias estaduais e municipais devidamente articuladas. Em munic\u00edpios remotos, o acesso \u00e0 mamografia pode ser quase ut\u00f3pico. Assim, o rosa de outubro se torna um alerta para o que \u00e9 estrutural e urgente.<\/p>\n<p data-start=\"1267\" data-end=\"1636\"><strong data-start=\"1267\" data-end=\"1301\">Nossa miss\u00e3o editorial \u00e9 clara<\/strong>: n\u00e3o vamos ceder ao tom decorativo. N\u00e3o permitiremos que o Outubro Rosa fique reduzido a apropria\u00e7\u00f5es comerciais, eventos simb\u00f3licos ou posts superficiais nas redes. Queremos transformar o rosa em exig\u00eancia \u2014 exig\u00eancia de pol\u00edticas p\u00fablicas robustas, de financiamento cont\u00ednuo, de gest\u00e3o transparente, de aten\u00e7\u00e3o integral \u00e0s mulheres.<\/p>\n<p data-start=\"1638\" data-end=\"1655\">\u00c9 imprescind\u00edvel:<\/p>\n<ul data-start=\"1657\" data-end=\"2309\">\n<li data-start=\"1657\" data-end=\"1783\">\n<p data-start=\"1659\" data-end=\"1783\">Que o Estado assegure uma estrutura funcional de aten\u00e7\u00e3o prim\u00e1ria que identifique riscos, oriente e encaminhe com agilidade.<\/p>\n<\/li>\n<li data-start=\"1784\" data-end=\"1884\">\n<p data-start=\"1786\" data-end=\"1884\">Que o SUS amplie o n\u00famero de mam\u00f3grafos nas regionais e capacite equipes para diagn\u00f3stico precoce.<\/p>\n<\/li>\n<li data-start=\"1885\" data-end=\"2024\">\n<p data-start=\"1887\" data-end=\"2024\">Que estados e munic\u00edpios monitorem resultados, reduzam tempo entre suspeita e confirma\u00e7\u00e3o, e garantam o tratamento imediato e humanizado.<\/p>\n<\/li>\n<li data-start=\"2025\" data-end=\"2309\">\n<p data-start=\"2027\" data-end=\"2309\">Que campanhas educativas n\u00e3o apenas estimulem o exame, mas criem consci\u00eancia sobre desigualdades: a mortalidade por c\u00e2ncer de mama \u00e9 maior entre mulheres negras e em \u00e1reas pobres, justamente onde as barreiras do sistema se manifestam com for\u00e7a.<\/p>\n<\/li>\n<\/ul>\n<p data-start=\"2311\" data-end=\"2441\">\u00c0 sociedade cabe responsabilizar os governos, participar ativamente, exigir resultados e apoiar essas mulheres com empatia e a\u00e7\u00e3o.<\/p>\n<p data-start=\"2443\" data-end=\"2696\">E \u00e0s mulheres, que saibam: voc\u00ea n\u00e3o est\u00e1 sozinha. Que seja um compromisso com si \u2014 conhecer o pr\u00f3prio corpo, buscar orienta\u00e7\u00e3o m\u00e9dica sempre que notar algo diferente \u2014 mas tamb\u00e9m um clamor coletivo por um sistema que trate voc\u00ea com dignidade e urg\u00eancia.<\/p>\n<p data-start=\"2698\" data-end=\"2941\">O rosa deste outubro n\u00e3o pode se apagar em novembro. Que ele permane\u00e7a vivo nos corredores de nossos hospitais, nas mesas das secretarias de sa\u00fade, nas pol\u00edticas de cada munic\u00edpio, no olhar de cada leitor e leitora desta <em data-start=\"2919\" data-end=\"2940\">Gazeta Pernambucana<\/em>.<\/p>\n<p data-start=\"2943\" data-end=\"3020\">Enquanto houver omiss\u00e3o, haver\u00e1 nossa palavra \u2014 firme, atenta e comprometida.<\/p>\n","protected":false},"excerpt":{"rendered":"<p>Outubro ilumina-se de rosa para lembrar ao Brasil que a vida das mulheres n\u00e3o pode depender de sorte ou privil\u00e9gio. O c\u00e2ncer de mama \u00e9 hoje o tipo de neoplasia que mais acomete mulheres no pa\u00eds \u2014 estima-se que surjam 73.610 novos casos dentro do tri\u00eanio 2023\u20112025. Quando detectado precocemente, esse c\u00e2ncer tem chances de [&hellip;]<\/p>\n","protected":false},"author":1,"featured_media":1854,"comment_status":"open","ping_status":"open","sticky":false,"template":"","format":"standard","meta":{"footnotes":"","jetpack_publicize_message":"","jetpack_publicize_feature_enabled":true,"jetpack_social_post_already_shared":true,"jetpack_social_options":{"image_generator_settings":{"template":"highway","default_image_id":0,"font":"","enabled":false},"version":2}},"categories":[37,1,65],"tags":[],"class_list":["post-1849","post","type-post","status-publish","format-standard","has-post-thumbnail","hentry","category-https-gazetapernambucana-com-page_id212","category-https-gazetapernambucana-com-page_id225","category-politica"],"yoast_head":"<!-- This site is optimized with the Yoast SEO plugin v24.5 - https:\/\/yoast.com\/wordpress\/plugins\/seo\/ -->\n<title>EDITORIAL: Outubro Rosa: enquanto houver sil\u00eancio, haver\u00e1 nossa palavra -<\/title>\n<meta name=\"robots\" content=\"index, follow, max-snippet:-1, max-image-preview:large, max-video-preview:-1\" \/>\n<link rel=\"canonical\" href=\"https:\/\/gazetapernambucana.com\/?p=1849\" \/>\n<meta property=\"og:locale\" content=\"pt_BR\" \/>\n<meta property=\"og:type\" content=\"article\" \/>\n<meta property=\"og:title\" content=\"EDITORIAL: Outubro Rosa: enquanto houver sil\u00eancio, haver\u00e1 nossa palavra -\" \/>\n<meta property=\"og:description\" content=\"Outubro ilumina-se de rosa para lembrar ao Brasil que a vida das mulheres n\u00e3o pode depender de sorte ou privil\u00e9gio. O c\u00e2ncer de mama \u00e9 hoje o tipo de neoplasia que mais acomete mulheres no pa\u00eds \u2014 estima-se que surjam 73.610 novos casos dentro do tri\u00eanio 2023\u20112025. Quando detectado precocemente, esse c\u00e2ncer tem chances de [&hellip;]\" \/>\n<meta property=\"og:url\" content=\"https:\/\/gazetapernambucana.com\/?p=1849\" \/>\n<meta property=\"article:published_time\" content=\"2025-10-02T01:47:52+00:00\" \/>\n<meta property=\"article:modified_time\" content=\"2025-10-02T13:52:57+00:00\" \/>\n<meta property=\"og:image\" content=\"https:\/\/gazetapernambucana.com\/wp-content\/uploads\/2025\/10\/download-28.jpeg\" \/>\n\t<meta property=\"og:image:width\" content=\"1024\" \/>\n\t<meta property=\"og:image:height\" content=\"1261\" \/>\n\t<meta property=\"og:image:type\" content=\"image\/jpeg\" \/>\n<meta name=\"author\" content=\"GP\" \/>\n<meta name=\"twitter:card\" content=\"summary_large_image\" \/>\n<meta name=\"twitter:label1\" content=\"Escrito por\" \/>\n\t<meta name=\"twitter:data1\" content=\"GP\" \/>\n\t<meta name=\"twitter:label2\" content=\"Est. tempo de leitura\" \/>\n\t<meta name=\"twitter:data2\" content=\"3 minutos\" \/>\n<script type=\"application\/ld+json\" class=\"yoast-schema-graph\">{\"@context\":\"https:\/\/schema.org\",\"@graph\":[{\"@type\":\"WebPage\",\"@id\":\"https:\/\/gazetapernambucana.com\/?p=1849\",\"url\":\"https:\/\/gazetapernambucana.com\/?p=1849\",\"name\":\"EDITORIAL: Outubro Rosa: enquanto houver sil\u00eancio, haver\u00e1 nossa palavra -\",\"isPartOf\":{\"@id\":\"https:\/\/gazetapernambucana.com\/#website\"},\"primaryImageOfPage\":{\"@id\":\"https:\/\/gazetapernambucana.com\/?p=1849#primaryimage\"},\"image\":{\"@id\":\"https:\/\/gazetapernambucana.com\/?p=1849#primaryimage\"},\"thumbnailUrl\":\"https:\/\/gazetapernambucana.com\/wp-content\/uploads\/2025\/10\/download-28.jpeg\",\"datePublished\":\"2025-10-02T01:47:52+00:00\",\"dateModified\":\"2025-10-02T13:52:57+00:00\",\"author\":{\"@id\":\"https:\/\/gazetapernambucana.com\/#\/schema\/person\/188dc283325181ac2de4db1e9e987427\"},\"breadcrumb\":{\"@id\":\"https:\/\/gazetapernambucana.com\/?p=1849#breadcrumb\"},\"inLanguage\":\"pt-BR\",\"potentialAction\":[{\"@type\":\"ReadAction\",\"target\":[\"https:\/\/gazetapernambucana.com\/?p=1849\"]}]},{\"@type\":\"ImageObject\",\"inLanguage\":\"pt-BR\",\"@id\":\"https:\/\/gazetapernambucana.com\/?p=1849#primaryimage\",\"url\":\"https:\/\/gazetapernambucana.com\/wp-content\/uploads\/2025\/10\/download-28.jpeg\",\"contentUrl\":\"https:\/\/gazetapernambucana.com\/wp-content\/uploads\/2025\/10\/download-28.jpeg\",\"width\":1024,\"height\":1261},{\"@type\":\"BreadcrumbList\",\"@id\":\"https:\/\/gazetapernambucana.com\/?p=1849#breadcrumb\",\"itemListElement\":[{\"@type\":\"ListItem\",\"position\":1,\"name\":\"In\u00edcio\",\"item\":\"https:\/\/gazetapernambucana.com\/\"},{\"@type\":\"ListItem\",\"position\":2,\"name\":\"EDITORIAL: Outubro Rosa: enquanto houver sil\u00eancio, haver\u00e1 nossa palavra\"}]},{\"@type\":\"WebSite\",\"@id\":\"https:\/\/gazetapernambucana.com\/#website\",\"url\":\"https:\/\/gazetapernambucana.com\/\",\"name\":\"\",\"description\":\"\",\"potentialAction\":[{\"@type\":\"SearchAction\",\"target\":{\"@type\":\"EntryPoint\",\"urlTemplate\":\"https:\/\/gazetapernambucana.com\/?s={search_term_string}\"},\"query-input\":{\"@type\":\"PropertyValueSpecification\",\"valueRequired\":true,\"valueName\":\"search_term_string\"}}],\"inLanguage\":\"pt-BR\"},{\"@type\":\"Person\",\"@id\":\"https:\/\/gazetapernambucana.com\/#\/schema\/person\/188dc283325181ac2de4db1e9e987427\",\"name\":\"GP\",\"image\":{\"@type\":\"ImageObject\",\"inLanguage\":\"pt-BR\",\"@id\":\"https:\/\/gazetapernambucana.com\/#\/schema\/person\/image\/\",\"url\":\"https:\/\/secure.gravatar.com\/avatar\/9dad78ff9a2d8b5742d11779f8a3f53b052320c550b2e1907882353c067bb111?s=96&d=mm&r=g\",\"contentUrl\":\"https:\/\/secure.gravatar.com\/avatar\/9dad78ff9a2d8b5742d11779f8a3f53b052320c550b2e1907882353c067bb111?s=96&d=mm&r=g\",\"caption\":\"GP\"},\"sameAs\":[\"http:\/\/gazetapernambucana.com\"],\"url\":\"https:\/\/gazetapernambucana.com\/?author=1\"}]}<\/script>\n<!-- \/ Yoast SEO plugin. -->","yoast_head_json":{"title":"EDITORIAL: Outubro Rosa: enquanto houver sil\u00eancio, haver\u00e1 nossa palavra -","robots":{"index":"index","follow":"follow","max-snippet":"max-snippet:-1","max-image-preview":"max-image-preview:large","max-video-preview":"max-video-preview:-1"},"canonical":"https:\/\/gazetapernambucana.com\/?p=1849","og_locale":"pt_BR","og_type":"article","og_title":"EDITORIAL: Outubro Rosa: enquanto houver sil\u00eancio, haver\u00e1 nossa palavra -","og_description":"Outubro ilumina-se de rosa para lembrar ao Brasil que a vida das mulheres n\u00e3o pode depender de sorte ou privil\u00e9gio. O c\u00e2ncer de mama \u00e9 hoje o tipo de neoplasia que mais acomete mulheres no pa\u00eds \u2014 estima-se que surjam 73.610 novos casos dentro do tri\u00eanio 2023\u20112025. Quando detectado precocemente, esse c\u00e2ncer tem chances de [&hellip;]","og_url":"https:\/\/gazetapernambucana.com\/?p=1849","article_published_time":"2025-10-02T01:47:52+00:00","article_modified_time":"2025-10-02T13:52:57+00:00","og_image":[{"width":1024,"height":1261,"url":"https:\/\/gazetapernambucana.com\/wp-content\/uploads\/2025\/10\/download-28.jpeg","type":"image\/jpeg"}],"author":"GP","twitter_card":"summary_large_image","twitter_misc":{"Escrito por":"GP","Est. tempo de leitura":"3 minutos"},"schema":{"@context":"https:\/\/schema.org","@graph":[{"@type":"WebPage","@id":"https:\/\/gazetapernambucana.com\/?p=1849","url":"https:\/\/gazetapernambucana.com\/?p=1849","name":"EDITORIAL: Outubro Rosa: enquanto houver sil\u00eancio, haver\u00e1 nossa palavra -","isPartOf":{"@id":"https:\/\/gazetapernambucana.com\/#website"},"primaryImageOfPage":{"@id":"https:\/\/gazetapernambucana.com\/?p=1849#primaryimage"},"image":{"@id":"https:\/\/gazetapernambucana.com\/?p=1849#primaryimage"},"thumbnailUrl":"https:\/\/gazetapernambucana.com\/wp-content\/uploads\/2025\/10\/download-28.jpeg","datePublished":"2025-10-02T01:47:52+00:00","dateModified":"2025-10-02T13:52:57+00:00","author":{"@id":"https:\/\/gazetapernambucana.com\/#\/schema\/person\/188dc283325181ac2de4db1e9e987427"},"breadcrumb":{"@id":"https:\/\/gazetapernambucana.com\/?p=1849#breadcrumb"},"inLanguage":"pt-BR","potentialAction":[{"@type":"ReadAction","target":["https:\/\/gazetapernambucana.com\/?p=1849"]}]},{"@type":"ImageObject","inLanguage":"pt-BR","@id":"https:\/\/gazetapernambucana.com\/?p=1849#primaryimage","url":"https:\/\/gazetapernambucana.com\/wp-content\/uploads\/2025\/10\/download-28.jpeg","contentUrl":"https:\/\/gazetapernambucana.com\/wp-content\/uploads\/2025\/10\/download-28.jpeg","width":1024,"height":1261},{"@type":"BreadcrumbList","@id":"https:\/\/gazetapernambucana.com\/?p=1849#breadcrumb","itemListElement":[{"@type":"ListItem","position":1,"name":"In\u00edcio","item":"https:\/\/gazetapernambucana.com\/"},{"@type":"ListItem","position":2,"name":"EDITORIAL: Outubro Rosa: enquanto houver sil\u00eancio, haver\u00e1 nossa palavra"}]},{"@type":"WebSite","@id":"https:\/\/gazetapernambucana.com\/#website","url":"https:\/\/gazetapernambucana.com\/","name":"","description":"","potentialAction":[{"@type":"SearchAction","target":{"@type":"EntryPoint","urlTemplate":"https:\/\/gazetapernambucana.com\/?s={search_term_string}"},"query-input":{"@type":"PropertyValueSpecification","valueRequired":true,"valueName":"search_term_string"}}],"inLanguage":"pt-BR"},{"@type":"Person","@id":"https:\/\/gazetapernambucana.com\/#\/schema\/person\/188dc283325181ac2de4db1e9e987427","name":"GP","image":{"@type":"ImageObject","inLanguage":"pt-BR","@id":"https:\/\/gazetapernambucana.com\/#\/schema\/person\/image\/","url":"https:\/\/secure.gravatar.com\/avatar\/9dad78ff9a2d8b5742d11779f8a3f53b052320c550b2e1907882353c067bb111?s=96&d=mm&r=g","contentUrl":"https:\/\/secure.gravatar.com\/avatar\/9dad78ff9a2d8b5742d11779f8a3f53b052320c550b2e1907882353c067bb111?s=96&d=mm&r=g","caption":"GP"},"sameAs":["http:\/\/gazetapernambucana.com"],"url":"https:\/\/gazetapernambucana.com\/?author=1"}]}},"jetpack_publicize_connections":[],"_links":{"self":[{"href":"https:\/\/gazetapernambucana.com\/index.php?rest_route=\/wp\/v2\/posts\/1849","targetHints":{"allow":["GET"]}}],"collection":[{"href":"https:\/\/gazetapernambucana.com\/index.php?rest_route=\/wp\/v2\/posts"}],"about":[{"href":"https:\/\/gazetapernambucana.com\/index.php?rest_route=\/wp\/v2\/types\/post"}],"author":[{"embeddable":true,"href":"https:\/\/gazetapernambucana.com\/index.php?rest_route=\/wp\/v2\/users\/1"}],"replies":[{"embeddable":true,"href":"https:\/\/gazetapernambucana.com\/index.php?rest_route=%2Fwp%2Fv2%2Fcomments&post=1849"}],"version-history":[{"count":4,"href":"https:\/\/gazetapernambucana.com\/index.php?rest_route=\/wp\/v2\/posts\/1849\/revisions"}],"predecessor-version":[{"id":1856,"href":"https:\/\/gazetapernambucana.com\/index.php?rest_route=\/wp\/v2\/posts\/1849\/revisions\/1856"}],"wp:featuredmedia":[{"embeddable":true,"href":"https:\/\/gazetapernambucana.com\/index.php?rest_route=\/wp\/v2\/media\/1854"}],"wp:attachment":[{"href":"https:\/\/gazetapernambucana.com\/index.php?rest_route=%2Fwp%2Fv2%2Fmedia&parent=1849"}],"wp:term":[{"taxonomy":"category","embeddable":true,"href":"https:\/\/gazetapernambucana.com\/index.php?rest_route=%2Fwp%2Fv2%2Fcategories&post=1849"},{"taxonomy":"post_tag","embeddable":true,"href":"https:\/\/gazetapernambucana.com\/index.php?rest_route=%2Fwp%2Fv2%2Ftags&post=1849"}],"curies":[{"name":"wp","href":"https:\/\/api.w.org\/{rel}","templated":true}]}}