{"id":1827,"date":"2025-09-28T23:26:18","date_gmt":"2025-09-29T02:26:18","guid":{"rendered":"https:\/\/gazetapernambucana.com\/?p=1827"},"modified":"2025-09-28T23:26:18","modified_gmt":"2025-09-29T02:26:18","slug":"municipios-do-sertao-recebem-lancamento-do-livro-os-leoes-do-norte-de-magno-martins-por-flavio-chaves","status":"publish","type":"post","link":"https:\/\/gazetapernambucana.com\/?p=1827","title":{"rendered":"Munic\u00edpios do Sert\u00e3o recebem lan\u00e7amento do livro \u201cOs Le\u00f5es do Norte\u201d, de Magno Martins. Por Fl\u00e1vio Chaves"},"content":{"rendered":"<p data-start=\"328\" data-end=\"667\"><img loading=\"lazy\" decoding=\"async\" class=\"alignnone size-medium wp-image-1828\" src=\"http:\/\/gazetapernambucana.com\/wp-content\/uploads\/2025\/09\/WhatsApp-Image-2025-09-26-at-13.25.50-1-240x300.jpeg\" alt=\"\" width=\"240\" height=\"300\" srcset=\"https:\/\/gazetapernambucana.com\/wp-content\/uploads\/2025\/09\/WhatsApp-Image-2025-09-26-at-13.25.50-1-240x300.jpeg 240w, https:\/\/gazetapernambucana.com\/wp-content\/uploads\/2025\/09\/WhatsApp-Image-2025-09-26-at-13.25.50-1-819x1024.jpeg 819w, https:\/\/gazetapernambucana.com\/wp-content\/uploads\/2025\/09\/WhatsApp-Image-2025-09-26-at-13.25.50-1-768x960.jpeg 768w, https:\/\/gazetapernambucana.com\/wp-content\/uploads\/2025\/09\/WhatsApp-Image-2025-09-26-at-13.25.50-1.jpeg 1080w\" sizes=\"auto, (max-width: 240px) 100vw, 240px\" \/> <strong>Por Fl\u00e1vio Chaves \u2013 Jornalista, poeta, escritor e membro da Academia Pernambucana de Letras. Foi Delegado Federal\/Minc\u00a0 \u2013\u00a0 <\/strong>O jornalista e escritor Magno Martins retoma nesta segunda-feira, 29 de setembro, o ciclo de lan\u00e7amentos do seu mais recente trabalho, \u201cOs Le\u00f5es do Norte\u201d. A primeira parada ser\u00e1 em Bel\u00e9m do S\u00e3o Francisco, onde a noite de aut\u00f3grafos acontece \u00e0s 19h, no Memorial Z\u00e9 Pereira e Vitalina, com apoio do prefeito Calby Carvalho (Republicanos).<\/p>\n<p data-start=\"669\" data-end=\"1074\">A agenda segue intensa ao longo da semana. Na ter\u00e7a-feira, 30, ser\u00e1 a vez de Salgueiro receber o autor, em solenidade marcada para as 19h, na C\u00e2mara de Vereadores, sob a articula\u00e7\u00e3o do prefeito Fabinho Lisandro (PSD). J\u00e1 na quarta-feira, 1\u00ba de outubro, o destino ser\u00e1 Santa Maria da Boa Vista, no Vale do S\u00e3o Francisco, tamb\u00e9m na C\u00e2mara de Vereadores, em evento apoiado pelo prefeito George Duarte (PP).<\/p>\n<p data-start=\"1076\" data-end=\"1467\">O momento mais simb\u00f3lico, por\u00e9m, est\u00e1 reservado para a quinta-feira, 2 de outubro, em Petrolina. No audit\u00f3rio da Funda\u00e7\u00e3o Nilo Coelho, \u00e0s 19h, haver\u00e1 uma homenagem especial ao ex-governador e ex-senador Nilo Coelho, um dos personagens centrais do livro. O evento conta com o apoio do prefeito Sim\u00e3o Durando (Uni\u00e3o Brasil), da fam\u00edlia Coelho e de importantes lideran\u00e7as pol\u00edticas da regi\u00e3o.<\/p>\n<p data-start=\"1469\" data-end=\"1936\">\u201cOs Le\u00f5es do Norte\u201d n\u00e3o \u00e9 apenas mais um livro de pol\u00edtica. Trata-se de uma obra monumental, fruto de uma pesquisa rigorosa e apaixonada, que re\u00fane 22 minibiografias de ex-governadores de Pernambuco que exerceram mandatos entre 1930 e 2022. Com narrativa envolvente e riqueza de detalhes, o livro se consolida como registro indispens\u00e1vel da mem\u00f3ria pol\u00edtica do estado, al\u00e9m de trazer \u00e0 tona o impacto das gest\u00f5es que moldaram Pernambuco ao longo de quase um s\u00e9culo.<\/p>\n<p data-start=\"1938\" data-end=\"2322\">Desde seu lan\u00e7amento, a obra tem impressionado pelo n\u00famero expressivo de vendas e pela calorosa recep\u00e7\u00e3o do p\u00fablico. Leitores de diferentes gera\u00e7\u00f5es e perfis elogiam a capacidade de Magno Martins de unir jornalismo, historiografia e an\u00e1lise cr\u00edtica em um s\u00f3 volume, transformando o livro em refer\u00eancia obrigat\u00f3ria para quem deseja compreender o papel de Pernambuco na cena nacional.<\/p>\n<p data-start=\"2324\" data-end=\"2691\">O projeto gr\u00e1fico, a capa e as caricaturas de Samuca Andrade, aliados \u00e0s ilustra\u00e7\u00f5es de Greg, acrescentam ainda mais for\u00e7a \u00e0 obra. \u201cOs Le\u00f5es do Norte\u201d presta homenagem aos l\u00edderes que ocuparam o Pal\u00e1cio do Campo das Princesas, mas n\u00e3o se limita \u00e0 celebra\u00e7\u00e3o: tamb\u00e9m instiga reflex\u00f5es sobre legados, contradi\u00e7\u00f5es e os caminhos percorridos pela pol\u00edtica pernambucana.<\/p>\n<p data-start=\"2693\" data-end=\"3027\">Mais do que um livro, \u201cOs Le\u00f5es do Norte\u201d \u00e9 um convite \u00e0 reflex\u00e3o sobre a hist\u00f3ria, os personagens e os rumos de Pernambuco. O sucesso de vendas e os in\u00fameros elogios recebidos confirmam a relev\u00e2ncia da obra e a grandeza do autor que, mais uma vez, coloca sua assinatura na preserva\u00e7\u00e3o da mem\u00f3ria e na valoriza\u00e7\u00e3o do debate p\u00fablico.<\/p>\n","protected":false},"excerpt":{"rendered":"<p>Por Fl\u00e1vio Chaves \u2013 Jornalista, poeta, escritor e membro da Academia Pernambucana de Letras. Foi Delegado Federal\/Minc\u00a0 \u2013\u00a0 O jornalista e escritor Magno Martins retoma nesta segunda-feira, 29 de setembro, o ciclo de lan\u00e7amentos do seu mais recente trabalho, \u201cOs Le\u00f5es do Norte\u201d. A primeira parada ser\u00e1 em Bel\u00e9m do S\u00e3o Francisco, onde a noite [&hellip;]<\/p>\n","protected":false},"author":1,"featured_media":1828,"comment_status":"open","ping_status":"open","sticky":false,"template":"","format":"standard","meta":{"footnotes":"","jetpack_publicize_message":"","jetpack_publicize_feature_enabled":true,"jetpack_social_post_already_shared":true,"jetpack_social_options":{"image_generator_settings":{"template":"highway","default_image_id":0,"font":"","enabled":false},"version":2}},"categories":[1,35,65],"tags":[],"class_list":["post-1827","post","type-post","status-publish","format-standard","has-post-thumbnail","hentry","category-https-gazetapernambucana-com-page_id225","category-https-gazetapernambucana-com-page_id218","category-politica"],"yoast_head":"<!-- This site is optimized with the Yoast SEO plugin v24.5 - https:\/\/yoast.com\/wordpress\/plugins\/seo\/ -->\n<title>Munic\u00edpios do Sert\u00e3o recebem lan\u00e7amento do livro \u201cOs Le\u00f5es do Norte\u201d, de Magno Martins. Por Fl\u00e1vio Chaves -<\/title>\n<meta name=\"robots\" content=\"index, follow, max-snippet:-1, max-image-preview:large, max-video-preview:-1\" \/>\n<link rel=\"canonical\" href=\"https:\/\/gazetapernambucana.com\/?p=1827\" \/>\n<meta property=\"og:locale\" content=\"pt_BR\" \/>\n<meta property=\"og:type\" content=\"article\" \/>\n<meta property=\"og:title\" content=\"Munic\u00edpios do Sert\u00e3o recebem lan\u00e7amento do livro \u201cOs Le\u00f5es do Norte\u201d, de Magno Martins. Por Fl\u00e1vio Chaves -\" \/>\n<meta property=\"og:description\" content=\"Por Fl\u00e1vio Chaves \u2013 Jornalista, poeta, escritor e membro da Academia Pernambucana de Letras. Foi Delegado Federal\/Minc\u00a0 \u2013\u00a0 O jornalista e escritor Magno Martins retoma nesta segunda-feira, 29 de setembro, o ciclo de lan\u00e7amentos do seu mais recente trabalho, \u201cOs Le\u00f5es do Norte\u201d. A primeira parada ser\u00e1 em Bel\u00e9m do S\u00e3o Francisco, onde a noite [&hellip;]\" \/>\n<meta property=\"og:url\" content=\"https:\/\/gazetapernambucana.com\/?p=1827\" \/>\n<meta property=\"article:published_time\" content=\"2025-09-29T02:26:18+00:00\" \/>\n<meta property=\"og:image\" content=\"https:\/\/gazetapernambucana.com\/wp-content\/uploads\/2025\/09\/WhatsApp-Image-2025-09-26-at-13.25.50-1.jpeg\" \/>\n\t<meta property=\"og:image:width\" content=\"1080\" \/>\n\t<meta property=\"og:image:height\" content=\"1350\" \/>\n\t<meta property=\"og:image:type\" content=\"image\/jpeg\" \/>\n<meta name=\"author\" content=\"GP\" \/>\n<meta name=\"twitter:card\" content=\"summary_large_image\" \/>\n<meta name=\"twitter:label1\" content=\"Escrito por\" \/>\n\t<meta name=\"twitter:data1\" content=\"GP\" \/>\n\t<meta name=\"twitter:label2\" content=\"Est. tempo de leitura\" \/>\n\t<meta name=\"twitter:data2\" content=\"3 minutos\" \/>\n<script type=\"application\/ld+json\" class=\"yoast-schema-graph\">{\"@context\":\"https:\/\/schema.org\",\"@graph\":[{\"@type\":\"WebPage\",\"@id\":\"https:\/\/gazetapernambucana.com\/?p=1827\",\"url\":\"https:\/\/gazetapernambucana.com\/?p=1827\",\"name\":\"Munic\u00edpios do Sert\u00e3o recebem lan\u00e7amento do livro \u201cOs Le\u00f5es do Norte\u201d, de Magno Martins. Por Fl\u00e1vio Chaves -\",\"isPartOf\":{\"@id\":\"https:\/\/gazetapernambucana.com\/#website\"},\"primaryImageOfPage\":{\"@id\":\"https:\/\/gazetapernambucana.com\/?p=1827#primaryimage\"},\"image\":{\"@id\":\"https:\/\/gazetapernambucana.com\/?p=1827#primaryimage\"},\"thumbnailUrl\":\"https:\/\/gazetapernambucana.com\/wp-content\/uploads\/2025\/09\/WhatsApp-Image-2025-09-26-at-13.25.50-1.jpeg\",\"datePublished\":\"2025-09-29T02:26:18+00:00\",\"author\":{\"@id\":\"https:\/\/gazetapernambucana.com\/#\/schema\/person\/188dc283325181ac2de4db1e9e987427\"},\"breadcrumb\":{\"@id\":\"https:\/\/gazetapernambucana.com\/?p=1827#breadcrumb\"},\"inLanguage\":\"pt-BR\",\"potentialAction\":[{\"@type\":\"ReadAction\",\"target\":[\"https:\/\/gazetapernambucana.com\/?p=1827\"]}]},{\"@type\":\"ImageObject\",\"inLanguage\":\"pt-BR\",\"@id\":\"https:\/\/gazetapernambucana.com\/?p=1827#primaryimage\",\"url\":\"https:\/\/gazetapernambucana.com\/wp-content\/uploads\/2025\/09\/WhatsApp-Image-2025-09-26-at-13.25.50-1.jpeg\",\"contentUrl\":\"https:\/\/gazetapernambucana.com\/wp-content\/uploads\/2025\/09\/WhatsApp-Image-2025-09-26-at-13.25.50-1.jpeg\",\"width\":1080,\"height\":1350},{\"@type\":\"BreadcrumbList\",\"@id\":\"https:\/\/gazetapernambucana.com\/?p=1827#breadcrumb\",\"itemListElement\":[{\"@type\":\"ListItem\",\"position\":1,\"name\":\"In\u00edcio\",\"item\":\"https:\/\/gazetapernambucana.com\/\"},{\"@type\":\"ListItem\",\"position\":2,\"name\":\"Munic\u00edpios do Sert\u00e3o recebem lan\u00e7amento do livro \u201cOs Le\u00f5es do Norte\u201d, de Magno Martins. Por Fl\u00e1vio Chaves\"}]},{\"@type\":\"WebSite\",\"@id\":\"https:\/\/gazetapernambucana.com\/#website\",\"url\":\"https:\/\/gazetapernambucana.com\/\",\"name\":\"\",\"description\":\"\",\"potentialAction\":[{\"@type\":\"SearchAction\",\"target\":{\"@type\":\"EntryPoint\",\"urlTemplate\":\"https:\/\/gazetapernambucana.com\/?s={search_term_string}\"},\"query-input\":{\"@type\":\"PropertyValueSpecification\",\"valueRequired\":true,\"valueName\":\"search_term_string\"}}],\"inLanguage\":\"pt-BR\"},{\"@type\":\"Person\",\"@id\":\"https:\/\/gazetapernambucana.com\/#\/schema\/person\/188dc283325181ac2de4db1e9e987427\",\"name\":\"GP\",\"image\":{\"@type\":\"ImageObject\",\"inLanguage\":\"pt-BR\",\"@id\":\"https:\/\/gazetapernambucana.com\/#\/schema\/person\/image\/\",\"url\":\"https:\/\/secure.gravatar.com\/avatar\/9dad78ff9a2d8b5742d11779f8a3f53b052320c550b2e1907882353c067bb111?s=96&d=mm&r=g\",\"contentUrl\":\"https:\/\/secure.gravatar.com\/avatar\/9dad78ff9a2d8b5742d11779f8a3f53b052320c550b2e1907882353c067bb111?s=96&d=mm&r=g\",\"caption\":\"GP\"},\"sameAs\":[\"http:\/\/gazetapernambucana.com\"],\"url\":\"https:\/\/gazetapernambucana.com\/?author=1\"}]}<\/script>\n<!-- \/ Yoast SEO plugin. -->","yoast_head_json":{"title":"Munic\u00edpios do Sert\u00e3o recebem lan\u00e7amento do livro \u201cOs Le\u00f5es do Norte\u201d, de Magno Martins. Por Fl\u00e1vio Chaves -","robots":{"index":"index","follow":"follow","max-snippet":"max-snippet:-1","max-image-preview":"max-image-preview:large","max-video-preview":"max-video-preview:-1"},"canonical":"https:\/\/gazetapernambucana.com\/?p=1827","og_locale":"pt_BR","og_type":"article","og_title":"Munic\u00edpios do Sert\u00e3o recebem lan\u00e7amento do livro \u201cOs Le\u00f5es do Norte\u201d, de Magno Martins. Por Fl\u00e1vio Chaves -","og_description":"Por Fl\u00e1vio Chaves \u2013 Jornalista, poeta, escritor e membro da Academia Pernambucana de Letras. Foi Delegado Federal\/Minc\u00a0 \u2013\u00a0 O jornalista e escritor Magno Martins retoma nesta segunda-feira, 29 de setembro, o ciclo de lan\u00e7amentos do seu mais recente trabalho, \u201cOs Le\u00f5es do Norte\u201d. A primeira parada ser\u00e1 em Bel\u00e9m do S\u00e3o Francisco, onde a noite [&hellip;]","og_url":"https:\/\/gazetapernambucana.com\/?p=1827","article_published_time":"2025-09-29T02:26:18+00:00","og_image":[{"width":1080,"height":1350,"url":"https:\/\/gazetapernambucana.com\/wp-content\/uploads\/2025\/09\/WhatsApp-Image-2025-09-26-at-13.25.50-1.jpeg","type":"image\/jpeg"}],"author":"GP","twitter_card":"summary_large_image","twitter_misc":{"Escrito por":"GP","Est. tempo de leitura":"3 minutos"},"schema":{"@context":"https:\/\/schema.org","@graph":[{"@type":"WebPage","@id":"https:\/\/gazetapernambucana.com\/?p=1827","url":"https:\/\/gazetapernambucana.com\/?p=1827","name":"Munic\u00edpios do Sert\u00e3o recebem lan\u00e7amento do livro \u201cOs Le\u00f5es do Norte\u201d, de Magno Martins. Por Fl\u00e1vio Chaves -","isPartOf":{"@id":"https:\/\/gazetapernambucana.com\/#website"},"primaryImageOfPage":{"@id":"https:\/\/gazetapernambucana.com\/?p=1827#primaryimage"},"image":{"@id":"https:\/\/gazetapernambucana.com\/?p=1827#primaryimage"},"thumbnailUrl":"https:\/\/gazetapernambucana.com\/wp-content\/uploads\/2025\/09\/WhatsApp-Image-2025-09-26-at-13.25.50-1.jpeg","datePublished":"2025-09-29T02:26:18+00:00","author":{"@id":"https:\/\/gazetapernambucana.com\/#\/schema\/person\/188dc283325181ac2de4db1e9e987427"},"breadcrumb":{"@id":"https:\/\/gazetapernambucana.com\/?p=1827#breadcrumb"},"inLanguage":"pt-BR","potentialAction":[{"@type":"ReadAction","target":["https:\/\/gazetapernambucana.com\/?p=1827"]}]},{"@type":"ImageObject","inLanguage":"pt-BR","@id":"https:\/\/gazetapernambucana.com\/?p=1827#primaryimage","url":"https:\/\/gazetapernambucana.com\/wp-content\/uploads\/2025\/09\/WhatsApp-Image-2025-09-26-at-13.25.50-1.jpeg","contentUrl":"https:\/\/gazetapernambucana.com\/wp-content\/uploads\/2025\/09\/WhatsApp-Image-2025-09-26-at-13.25.50-1.jpeg","width":1080,"height":1350},{"@type":"BreadcrumbList","@id":"https:\/\/gazetapernambucana.com\/?p=1827#breadcrumb","itemListElement":[{"@type":"ListItem","position":1,"name":"In\u00edcio","item":"https:\/\/gazetapernambucana.com\/"},{"@type":"ListItem","position":2,"name":"Munic\u00edpios do Sert\u00e3o recebem lan\u00e7amento do livro \u201cOs Le\u00f5es do Norte\u201d, de Magno Martins. Por Fl\u00e1vio Chaves"}]},{"@type":"WebSite","@id":"https:\/\/gazetapernambucana.com\/#website","url":"https:\/\/gazetapernambucana.com\/","name":"","description":"","potentialAction":[{"@type":"SearchAction","target":{"@type":"EntryPoint","urlTemplate":"https:\/\/gazetapernambucana.com\/?s={search_term_string}"},"query-input":{"@type":"PropertyValueSpecification","valueRequired":true,"valueName":"search_term_string"}}],"inLanguage":"pt-BR"},{"@type":"Person","@id":"https:\/\/gazetapernambucana.com\/#\/schema\/person\/188dc283325181ac2de4db1e9e987427","name":"GP","image":{"@type":"ImageObject","inLanguage":"pt-BR","@id":"https:\/\/gazetapernambucana.com\/#\/schema\/person\/image\/","url":"https:\/\/secure.gravatar.com\/avatar\/9dad78ff9a2d8b5742d11779f8a3f53b052320c550b2e1907882353c067bb111?s=96&d=mm&r=g","contentUrl":"https:\/\/secure.gravatar.com\/avatar\/9dad78ff9a2d8b5742d11779f8a3f53b052320c550b2e1907882353c067bb111?s=96&d=mm&r=g","caption":"GP"},"sameAs":["http:\/\/gazetapernambucana.com"],"url":"https:\/\/gazetapernambucana.com\/?author=1"}]}},"jetpack_publicize_connections":[],"_links":{"self":[{"href":"https:\/\/gazetapernambucana.com\/index.php?rest_route=\/wp\/v2\/posts\/1827","targetHints":{"allow":["GET"]}}],"collection":[{"href":"https:\/\/gazetapernambucana.com\/index.php?rest_route=\/wp\/v2\/posts"}],"about":[{"href":"https:\/\/gazetapernambucana.com\/index.php?rest_route=\/wp\/v2\/types\/post"}],"author":[{"embeddable":true,"href":"https:\/\/gazetapernambucana.com\/index.php?rest_route=\/wp\/v2\/users\/1"}],"replies":[{"embeddable":true,"href":"https:\/\/gazetapernambucana.com\/index.php?rest_route=%2Fwp%2Fv2%2Fcomments&post=1827"}],"version-history":[{"count":1,"href":"https:\/\/gazetapernambucana.com\/index.php?rest_route=\/wp\/v2\/posts\/1827\/revisions"}],"predecessor-version":[{"id":1829,"href":"https:\/\/gazetapernambucana.com\/index.php?rest_route=\/wp\/v2\/posts\/1827\/revisions\/1829"}],"wp:featuredmedia":[{"embeddable":true,"href":"https:\/\/gazetapernambucana.com\/index.php?rest_route=\/wp\/v2\/media\/1828"}],"wp:attachment":[{"href":"https:\/\/gazetapernambucana.com\/index.php?rest_route=%2Fwp%2Fv2%2Fmedia&parent=1827"}],"wp:term":[{"taxonomy":"category","embeddable":true,"href":"https:\/\/gazetapernambucana.com\/index.php?rest_route=%2Fwp%2Fv2%2Fcategories&post=1827"},{"taxonomy":"post_tag","embeddable":true,"href":"https:\/\/gazetapernambucana.com\/index.php?rest_route=%2Fwp%2Fv2%2Ftags&post=1827"}],"curies":[{"name":"wp","href":"https:\/\/api.w.org\/{rel}","templated":true}]}}