{"id":1825,"date":"2025-09-28T22:00:48","date_gmt":"2025-09-29T01:00:48","guid":{"rendered":"https:\/\/gazetapernambucana.com\/?p=1825"},"modified":"2025-09-28T22:00:48","modified_gmt":"2025-09-29T01:00:48","slug":"o-silencio-da-bola-por-claudemir-gomes","status":"publish","type":"post","link":"https:\/\/gazetapernambucana.com\/?p=1825","title":{"rendered":"O sil\u00eancio da bola. Por CLAUDEMIR GOMES"},"content":{"rendered":"<p><strong><img loading=\"lazy\" decoding=\"async\" class=\"alignnone size-full wp-image-1250\" src=\"http:\/\/gazetapernambucana.com\/wp-content\/uploads\/2025\/07\/43163348_124416095196984_1643391599985557504_n-1-1-300x300-1.jpg\" alt=\"\" width=\"300\" height=\"300\" srcset=\"https:\/\/gazetapernambucana.com\/wp-content\/uploads\/2025\/07\/43163348_124416095196984_1643391599985557504_n-1-1-300x300-1.jpg 300w, https:\/\/gazetapernambucana.com\/wp-content\/uploads\/2025\/07\/43163348_124416095196984_1643391599985557504_n-1-1-300x300-1-150x150.jpg 150w\" sizes=\"auto, (max-width: 300px) 100vw, 300px\" \/>\u00a0 Por CLAUDEMIR GOMES<\/strong><\/p>\n<p>Com os tr\u00eas grandes clubes pernambucanos em a\u00e7\u00e3o na tarde do s\u00e1bado, o Estado concentrou suas aten\u00e7\u00f5es no futebol. Sempre que acontece uma rodada na qual os nossos representantes estiveram em a\u00e7\u00e3o, em suas respectivas s\u00e9ries, procuro me inteirar dos acontecimentos. Sou fiel ao princ\u00edpio que considero b\u00e1sico para comunica\u00e7\u00e3o: &#8220;Mais informa\u00e7\u00e3o para formar minha opini\u00e3o&#8221;.<\/p>\n<p>Pois bem! De tudo que ouvi, e li, sobre a derrota do Santa Cruz (2&#215;1) para o Barra, sob os olhares vigilantes e incr\u00e9dulos de 45 mil torcedores na Arena Pernambuco; da esperada derrota do Sport (1&#215;0) para o Fortaleza, na Arena Castel\u00e3o, na Capital Cearense; e do empate do N\u00e1utico (1&#215;1) com a Ponte Preta, no Mois\u00e9s Lucarelli, em Campinas\/SP, o que mais me chamou a aten\u00e7\u00e3o foi uma met\u00e1fora que o mestre Ival Saldanha postou nas redes sociais: &#8220;A bola ficou em sil\u00eancio neste final de semana no futebol pernambucano&#8221;.<\/p>\n<p>Ival possui uma habilidade diferenciada no trato com as palavras, fruto de sua paix\u00e3o pela leitura. Um ser humano cuja sensibilidade acentuada \u00e9 traduzida pelo seu amor aos animais. O futebol \u00e9 sua divers\u00e3o favorita, raz\u00e3o pela qual sempre expressa sua opini\u00e3o. Afinal, torcedor que n\u00e3o d\u00e1 pitaco n\u00e3o \u00e9 torcedor.<\/p>\n<p>&#8220;A bola ficou em sil\u00eancio) foi a forma sutil do autor dizer que o futebol pernambucano viveu um choque de realidade. Afinal, a ansiedade, os desejos e sonhos expressos pelos torcedores tricolores, rubro-negros e alvirrubros, n\u00e3o condiz com a qualidade do futebol praticado pelos times que torcem.<\/p>\n<p>Parto do princ\u00edpio de que, n\u00e3o se pode exigir futebol de boa qualidade numa quarta divis\u00e3o. O fato de o Santa Cruz ter chegado \u00e0 condi\u00e7\u00e3o de finalista do Brasileiro da S\u00e9rie D, n\u00e3o quer dizer que o time tricolor pratique um bom futebol. A aus\u00eancia de t\u00edtulos nos \u00faltimos anos, e o fato de que, nas \u00faltimas duas d\u00e9cadas o Santa Cruz disputou sete edi\u00e7\u00f5es de S\u00e9rie D, e sete de S\u00e9rie C, justifica a euforia dos tricolores com a imin\u00eancia da conquista de um t\u00edtulo nacional.<\/p>\n<p>Afirmo sem medo de errar, e sem a preocupa\u00e7\u00e3o de agradar: o grupo \u00e9 limitad\u00edssimo, precisa passar por uma grande reformula\u00e7\u00e3o, e o acesso n\u00e3o pode servir de garantia para a perman\u00eancia de um t\u00e9cnico de quarta divis\u00e3o.<\/p>\n<p>A vit\u00f3ria sobre o Corinthians, na rodada anterior, na Ilha do Retiro, levou os torcedores do Sport a pensarem na soma de mais tr\u00eas pontos no confronto com o Fortaleza, no Castel\u00e3o. Ledo engano. Na queda de bra\u00e7o entre o lanterna e o vice lanterna, o Tricolor mostrou porque est\u00e1 mais propenso a se livrar da degola do que o Rubro-negro Pernambucano. O Sport tenta sobreviver na S\u00e9rie A com elenco e t\u00e9cnico de S\u00e9rie B. O cen\u00e1rio \u00e9 a resultante da s\u00e9rie de equ\u00edvocos cometidos pelos atuais gestores do futebol na montagem e reformula\u00e7\u00e3o do grupo.<\/p>\n<p>Vencer a Ponte Preta no Mois\u00e9s Lucarelli, ap\u00f3s amargar duas derrotas em casa, era tarefa dif\u00edcil para o N\u00e1utico. Mas o t\u00e9cnico H\u00e9lio dos Anjos, e seus comandados, encararam o desafio de frente e constru\u00edram uma vantagem parcial de 1&#215;0. Apenas esqueceram que o jogo s\u00f3 termina quando acaba. Sofrer um gol nos acr\u00e9scimos para quem estava voltando a ficar &#8220;bem na fita&#8221;, na briga pelo acesso, foi o mesmo que nadar e morrer na praia. Apesar de o Guarani ter sido derrotado pelo Brusque (3&#215;1), o Bugre segue na vice-lideran\u00e7a do grupo. N\u00e1utico e Guarani se enfrentam no pr\u00f3ximo final de semana, em Campinas\/SP.<\/p>\n<p>Pois \u00e9 meu caro Ival Saldanha!<\/p>\n<p>O futebol pernambucano se apequenou demais. O choque de realidade imposto pelos resultados do final de semana explicam &#8220;o sil\u00eancio da bola&#8221;.<\/p>\n","protected":false},"excerpt":{"rendered":"<p>\u00a0 Por CLAUDEMIR GOMES Com os tr\u00eas grandes clubes pernambucanos em a\u00e7\u00e3o na tarde do s\u00e1bado, o Estado concentrou suas aten\u00e7\u00f5es no futebol. Sempre que acontece uma rodada na qual os nossos representantes estiveram em a\u00e7\u00e3o, em suas respectivas s\u00e9ries, procuro me inteirar dos acontecimentos. Sou fiel ao princ\u00edpio que considero b\u00e1sico para comunica\u00e7\u00e3o: &#8220;Mais [&hellip;]<\/p>\n","protected":false},"author":1,"featured_media":1250,"comment_status":"open","ping_status":"open","sticky":false,"template":"","format":"standard","meta":{"footnotes":"","jetpack_publicize_message":"","jetpack_publicize_feature_enabled":true,"jetpack_social_post_already_shared":true,"jetpack_social_options":{"image_generator_settings":{"template":"highway","default_image_id":0,"font":"","enabled":false},"version":2}},"categories":[1,39],"tags":[],"class_list":["post-1825","post","type-post","status-publish","format-standard","has-post-thumbnail","hentry","category-https-gazetapernambucana-com-page_id225","category-https-gazetapernambucana-com-page_id221"],"yoast_head":"<!-- This site is optimized with the Yoast SEO plugin v24.5 - https:\/\/yoast.com\/wordpress\/plugins\/seo\/ -->\n<title>O sil\u00eancio da bola. Por CLAUDEMIR GOMES -<\/title>\n<meta name=\"robots\" content=\"index, follow, max-snippet:-1, max-image-preview:large, max-video-preview:-1\" \/>\n<link rel=\"canonical\" href=\"https:\/\/gazetapernambucana.com\/?p=1825\" \/>\n<meta property=\"og:locale\" content=\"pt_BR\" \/>\n<meta property=\"og:type\" content=\"article\" \/>\n<meta property=\"og:title\" content=\"O sil\u00eancio da bola. Por CLAUDEMIR GOMES -\" \/>\n<meta property=\"og:description\" content=\"\u00a0 Por CLAUDEMIR GOMES Com os tr\u00eas grandes clubes pernambucanos em a\u00e7\u00e3o na tarde do s\u00e1bado, o Estado concentrou suas aten\u00e7\u00f5es no futebol. Sempre que acontece uma rodada na qual os nossos representantes estiveram em a\u00e7\u00e3o, em suas respectivas s\u00e9ries, procuro me inteirar dos acontecimentos. Sou fiel ao princ\u00edpio que considero b\u00e1sico para comunica\u00e7\u00e3o: &#8220;Mais [&hellip;]\" \/>\n<meta property=\"og:url\" content=\"https:\/\/gazetapernambucana.com\/?p=1825\" \/>\n<meta property=\"article:published_time\" content=\"2025-09-29T01:00:48+00:00\" \/>\n<meta property=\"og:image\" content=\"https:\/\/gazetapernambucana.com\/wp-content\/uploads\/2025\/07\/43163348_124416095196984_1643391599985557504_n-1-1-300x300-1.jpg\" \/>\n\t<meta property=\"og:image:width\" content=\"300\" \/>\n\t<meta property=\"og:image:height\" content=\"300\" \/>\n\t<meta property=\"og:image:type\" content=\"image\/jpeg\" \/>\n<meta name=\"author\" content=\"GP\" \/>\n<meta name=\"twitter:card\" content=\"summary_large_image\" \/>\n<meta name=\"twitter:label1\" content=\"Escrito por\" \/>\n\t<meta name=\"twitter:data1\" content=\"GP\" \/>\n\t<meta name=\"twitter:label2\" content=\"Est. tempo de leitura\" \/>\n\t<meta name=\"twitter:data2\" content=\"4 minutos\" \/>\n<script type=\"application\/ld+json\" class=\"yoast-schema-graph\">{\"@context\":\"https:\/\/schema.org\",\"@graph\":[{\"@type\":\"WebPage\",\"@id\":\"https:\/\/gazetapernambucana.com\/?p=1825\",\"url\":\"https:\/\/gazetapernambucana.com\/?p=1825\",\"name\":\"O sil\u00eancio da bola. Por CLAUDEMIR GOMES -\",\"isPartOf\":{\"@id\":\"https:\/\/gazetapernambucana.com\/#website\"},\"primaryImageOfPage\":{\"@id\":\"https:\/\/gazetapernambucana.com\/?p=1825#primaryimage\"},\"image\":{\"@id\":\"https:\/\/gazetapernambucana.com\/?p=1825#primaryimage\"},\"thumbnailUrl\":\"https:\/\/gazetapernambucana.com\/wp-content\/uploads\/2025\/07\/43163348_124416095196984_1643391599985557504_n-1-1-300x300-1.jpg\",\"datePublished\":\"2025-09-29T01:00:48+00:00\",\"author\":{\"@id\":\"https:\/\/gazetapernambucana.com\/#\/schema\/person\/188dc283325181ac2de4db1e9e987427\"},\"breadcrumb\":{\"@id\":\"https:\/\/gazetapernambucana.com\/?p=1825#breadcrumb\"},\"inLanguage\":\"pt-BR\",\"potentialAction\":[{\"@type\":\"ReadAction\",\"target\":[\"https:\/\/gazetapernambucana.com\/?p=1825\"]}]},{\"@type\":\"ImageObject\",\"inLanguage\":\"pt-BR\",\"@id\":\"https:\/\/gazetapernambucana.com\/?p=1825#primaryimage\",\"url\":\"https:\/\/gazetapernambucana.com\/wp-content\/uploads\/2025\/07\/43163348_124416095196984_1643391599985557504_n-1-1-300x300-1.jpg\",\"contentUrl\":\"https:\/\/gazetapernambucana.com\/wp-content\/uploads\/2025\/07\/43163348_124416095196984_1643391599985557504_n-1-1-300x300-1.jpg\",\"width\":300,\"height\":300},{\"@type\":\"BreadcrumbList\",\"@id\":\"https:\/\/gazetapernambucana.com\/?p=1825#breadcrumb\",\"itemListElement\":[{\"@type\":\"ListItem\",\"position\":1,\"name\":\"In\u00edcio\",\"item\":\"https:\/\/gazetapernambucana.com\/\"},{\"@type\":\"ListItem\",\"position\":2,\"name\":\"O sil\u00eancio da bola. Por CLAUDEMIR GOMES\"}]},{\"@type\":\"WebSite\",\"@id\":\"https:\/\/gazetapernambucana.com\/#website\",\"url\":\"https:\/\/gazetapernambucana.com\/\",\"name\":\"\",\"description\":\"\",\"potentialAction\":[{\"@type\":\"SearchAction\",\"target\":{\"@type\":\"EntryPoint\",\"urlTemplate\":\"https:\/\/gazetapernambucana.com\/?s={search_term_string}\"},\"query-input\":{\"@type\":\"PropertyValueSpecification\",\"valueRequired\":true,\"valueName\":\"search_term_string\"}}],\"inLanguage\":\"pt-BR\"},{\"@type\":\"Person\",\"@id\":\"https:\/\/gazetapernambucana.com\/#\/schema\/person\/188dc283325181ac2de4db1e9e987427\",\"name\":\"GP\",\"image\":{\"@type\":\"ImageObject\",\"inLanguage\":\"pt-BR\",\"@id\":\"https:\/\/gazetapernambucana.com\/#\/schema\/person\/image\/\",\"url\":\"https:\/\/secure.gravatar.com\/avatar\/9dad78ff9a2d8b5742d11779f8a3f53b052320c550b2e1907882353c067bb111?s=96&d=mm&r=g\",\"contentUrl\":\"https:\/\/secure.gravatar.com\/avatar\/9dad78ff9a2d8b5742d11779f8a3f53b052320c550b2e1907882353c067bb111?s=96&d=mm&r=g\",\"caption\":\"GP\"},\"sameAs\":[\"http:\/\/gazetapernambucana.com\"],\"url\":\"https:\/\/gazetapernambucana.com\/?author=1\"}]}<\/script>\n<!-- \/ Yoast SEO plugin. -->","yoast_head_json":{"title":"O sil\u00eancio da bola. Por CLAUDEMIR GOMES -","robots":{"index":"index","follow":"follow","max-snippet":"max-snippet:-1","max-image-preview":"max-image-preview:large","max-video-preview":"max-video-preview:-1"},"canonical":"https:\/\/gazetapernambucana.com\/?p=1825","og_locale":"pt_BR","og_type":"article","og_title":"O sil\u00eancio da bola. Por CLAUDEMIR GOMES -","og_description":"\u00a0 Por CLAUDEMIR GOMES Com os tr\u00eas grandes clubes pernambucanos em a\u00e7\u00e3o na tarde do s\u00e1bado, o Estado concentrou suas aten\u00e7\u00f5es no futebol. Sempre que acontece uma rodada na qual os nossos representantes estiveram em a\u00e7\u00e3o, em suas respectivas s\u00e9ries, procuro me inteirar dos acontecimentos. Sou fiel ao princ\u00edpio que considero b\u00e1sico para comunica\u00e7\u00e3o: &#8220;Mais [&hellip;]","og_url":"https:\/\/gazetapernambucana.com\/?p=1825","article_published_time":"2025-09-29T01:00:48+00:00","og_image":[{"width":300,"height":300,"url":"https:\/\/gazetapernambucana.com\/wp-content\/uploads\/2025\/07\/43163348_124416095196984_1643391599985557504_n-1-1-300x300-1.jpg","type":"image\/jpeg"}],"author":"GP","twitter_card":"summary_large_image","twitter_misc":{"Escrito por":"GP","Est. tempo de leitura":"4 minutos"},"schema":{"@context":"https:\/\/schema.org","@graph":[{"@type":"WebPage","@id":"https:\/\/gazetapernambucana.com\/?p=1825","url":"https:\/\/gazetapernambucana.com\/?p=1825","name":"O sil\u00eancio da bola. Por CLAUDEMIR GOMES -","isPartOf":{"@id":"https:\/\/gazetapernambucana.com\/#website"},"primaryImageOfPage":{"@id":"https:\/\/gazetapernambucana.com\/?p=1825#primaryimage"},"image":{"@id":"https:\/\/gazetapernambucana.com\/?p=1825#primaryimage"},"thumbnailUrl":"https:\/\/gazetapernambucana.com\/wp-content\/uploads\/2025\/07\/43163348_124416095196984_1643391599985557504_n-1-1-300x300-1.jpg","datePublished":"2025-09-29T01:00:48+00:00","author":{"@id":"https:\/\/gazetapernambucana.com\/#\/schema\/person\/188dc283325181ac2de4db1e9e987427"},"breadcrumb":{"@id":"https:\/\/gazetapernambucana.com\/?p=1825#breadcrumb"},"inLanguage":"pt-BR","potentialAction":[{"@type":"ReadAction","target":["https:\/\/gazetapernambucana.com\/?p=1825"]}]},{"@type":"ImageObject","inLanguage":"pt-BR","@id":"https:\/\/gazetapernambucana.com\/?p=1825#primaryimage","url":"https:\/\/gazetapernambucana.com\/wp-content\/uploads\/2025\/07\/43163348_124416095196984_1643391599985557504_n-1-1-300x300-1.jpg","contentUrl":"https:\/\/gazetapernambucana.com\/wp-content\/uploads\/2025\/07\/43163348_124416095196984_1643391599985557504_n-1-1-300x300-1.jpg","width":300,"height":300},{"@type":"BreadcrumbList","@id":"https:\/\/gazetapernambucana.com\/?p=1825#breadcrumb","itemListElement":[{"@type":"ListItem","position":1,"name":"In\u00edcio","item":"https:\/\/gazetapernambucana.com\/"},{"@type":"ListItem","position":2,"name":"O sil\u00eancio da bola. Por CLAUDEMIR GOMES"}]},{"@type":"WebSite","@id":"https:\/\/gazetapernambucana.com\/#website","url":"https:\/\/gazetapernambucana.com\/","name":"","description":"","potentialAction":[{"@type":"SearchAction","target":{"@type":"EntryPoint","urlTemplate":"https:\/\/gazetapernambucana.com\/?s={search_term_string}"},"query-input":{"@type":"PropertyValueSpecification","valueRequired":true,"valueName":"search_term_string"}}],"inLanguage":"pt-BR"},{"@type":"Person","@id":"https:\/\/gazetapernambucana.com\/#\/schema\/person\/188dc283325181ac2de4db1e9e987427","name":"GP","image":{"@type":"ImageObject","inLanguage":"pt-BR","@id":"https:\/\/gazetapernambucana.com\/#\/schema\/person\/image\/","url":"https:\/\/secure.gravatar.com\/avatar\/9dad78ff9a2d8b5742d11779f8a3f53b052320c550b2e1907882353c067bb111?s=96&d=mm&r=g","contentUrl":"https:\/\/secure.gravatar.com\/avatar\/9dad78ff9a2d8b5742d11779f8a3f53b052320c550b2e1907882353c067bb111?s=96&d=mm&r=g","caption":"GP"},"sameAs":["http:\/\/gazetapernambucana.com"],"url":"https:\/\/gazetapernambucana.com\/?author=1"}]}},"jetpack_publicize_connections":[],"_links":{"self":[{"href":"https:\/\/gazetapernambucana.com\/index.php?rest_route=\/wp\/v2\/posts\/1825","targetHints":{"allow":["GET"]}}],"collection":[{"href":"https:\/\/gazetapernambucana.com\/index.php?rest_route=\/wp\/v2\/posts"}],"about":[{"href":"https:\/\/gazetapernambucana.com\/index.php?rest_route=\/wp\/v2\/types\/post"}],"author":[{"embeddable":true,"href":"https:\/\/gazetapernambucana.com\/index.php?rest_route=\/wp\/v2\/users\/1"}],"replies":[{"embeddable":true,"href":"https:\/\/gazetapernambucana.com\/index.php?rest_route=%2Fwp%2Fv2%2Fcomments&post=1825"}],"version-history":[{"count":1,"href":"https:\/\/gazetapernambucana.com\/index.php?rest_route=\/wp\/v2\/posts\/1825\/revisions"}],"predecessor-version":[{"id":1826,"href":"https:\/\/gazetapernambucana.com\/index.php?rest_route=\/wp\/v2\/posts\/1825\/revisions\/1826"}],"wp:featuredmedia":[{"embeddable":true,"href":"https:\/\/gazetapernambucana.com\/index.php?rest_route=\/wp\/v2\/media\/1250"}],"wp:attachment":[{"href":"https:\/\/gazetapernambucana.com\/index.php?rest_route=%2Fwp%2Fv2%2Fmedia&parent=1825"}],"wp:term":[{"taxonomy":"category","embeddable":true,"href":"https:\/\/gazetapernambucana.com\/index.php?rest_route=%2Fwp%2Fv2%2Fcategories&post=1825"},{"taxonomy":"post_tag","embeddable":true,"href":"https:\/\/gazetapernambucana.com\/index.php?rest_route=%2Fwp%2Fv2%2Ftags&post=1825"}],"curies":[{"name":"wp","href":"https:\/\/api.w.org\/{rel}","templated":true}]}}