{"id":1821,"date":"2025-09-28T21:54:22","date_gmt":"2025-09-29T00:54:22","guid":{"rendered":"https:\/\/gazetapernambucana.com\/?p=1821"},"modified":"2025-09-28T21:54:22","modified_gmt":"2025-09-29T00:54:22","slug":"municipios-de-pernambuco-deixam-de-cumprir-piso-nacional-dos-professores","status":"publish","type":"post","link":"https:\/\/gazetapernambucana.com\/?p=1821","title":{"rendered":"Munic\u00edpios de Pernambuco deixam de cumprir piso nacional dos professores"},"content":{"rendered":"<h3 data-start=\"266\" data-end=\"469\"><strong>Quase um quinto das cidades do estado desrespeita a lei. Situa\u00e7\u00e3o atinge inclusive Recife, S\u00e3o Louren\u00e7o da Mata, Jaboat\u00e3o, Cabo, Palmares, Camaragibe, Garanhuns, Belo Jardim e Tamandar\u00e9.<\/strong><\/h3>\n<p><img loading=\"lazy\" decoding=\"async\" class=\"size-medium wp-image-1823 aligncenter\" src=\"http:\/\/gazetapernambucana.com\/wp-content\/uploads\/2025\/09\/210715-sala-de-aula-unica-comes-de-criancas-vetor-300x225.jpg\" alt=\"\" width=\"300\" height=\"225\" srcset=\"https:\/\/gazetapernambucana.com\/wp-content\/uploads\/2025\/09\/210715-sala-de-aula-unica-comes-de-criancas-vetor-300x225.jpg 300w, https:\/\/gazetapernambucana.com\/wp-content\/uploads\/2025\/09\/210715-sala-de-aula-unica-comes-de-criancas-vetor.jpg 653w\" sizes=\"auto, (max-width: 300px) 100vw, 300px\" \/><\/p>\n<p data-start=\"471\" data-end=\"735\">O descumprimento do piso salarial nacional do magist\u00e9rio atinge munic\u00edpios em todo o Brasil. Em Pernambuco, apesar de avan\u00e7os, a realidade mostra que quase um quinto das cidades n\u00e3o cumpre a lei, revelando falhas graves na valoriza\u00e7\u00e3o da educa\u00e7\u00e3o e do professor.<\/p>\n<p data-start=\"737\" data-end=\"1165\">O piso salarial nacional do magist\u00e9rio foi institu\u00eddo pela Lei 11.738, de 2008, como instrumento de valoriza\u00e7\u00e3o docente. Mesmo sendo uma obriga\u00e7\u00e3o legal, o Anu\u00e1rio Brasileiro da Educa\u00e7\u00e3o B\u00e1sica 2025 revela que apenas 68,5% dos munic\u00edpios brasileiros cumprem essa regra. Isso significa que quase um ter\u00e7o do pa\u00eds mant\u00e9m professores com sal\u00e1rios abaixo do m\u00ednimo determinado, em flagrante desrespeito \u00e0 categoria e \u00e0 legisla\u00e7\u00e3o.<\/p>\n<p data-start=\"1167\" data-end=\"1599\">Em Pernambuco, o mesmo anu\u00e1rio aponta que 80,8% dos munic\u00edpios pagam aos professores com jornada de 40 horas vencimentos iguais ou superiores ao piso. Por outro lado, 19,2% n\u00e3o cumprem essa obriga\u00e7\u00e3o. A senadora Teresa Leit\u00e3o (PT-PE) chamou aten\u00e7\u00e3o para a gravidade do problema ao afirmar que existe um descumprimento generalizado no estado, destacando que apenas 31 das 184 cidades pernambucanas implantaram integralmente o piso.<\/p>\n<p data-start=\"1601\" data-end=\"2149\">As den\u00fancias n\u00e3o se restringem a cidades pequenas ou de baixa arrecada\u00e7\u00e3o. Na capital, Recife, o sindicato SIMPERE acusa a prefeitura de n\u00e3o aplicar o reajuste do piso em toda a carreira docente, apesar de a gest\u00e3o afirmar que nenhum professor recebe abaixo do valor-base. Em S\u00e3o Louren\u00e7o da Mata, professores realizaram protestos contra a defasagem salarial e denunciaram a falta de di\u00e1logo da administra\u00e7\u00e3o municipal. J\u00e1 em Cabo de Santo Agostinho e Jaboat\u00e3o dos Guararapes, greves e disputas judiciais revelam impasses que se arrastam h\u00e1 anos.<\/p>\n<p data-start=\"2151\" data-end=\"2618\">Na Zona da Mata, o Minist\u00e9rio P\u00fablico recomendou ao munic\u00edpio de Palmares que cumprisse a lei, mas as reclama\u00e7\u00f5es continuam. Em Camaragibe e Garanhuns, prefeitos anunciaram reajustes, inclusive acima do piso nacional, mas sindicatos alertam que a atualiza\u00e7\u00e3o n\u00e3o beneficia todos os n\u00edveis da carreira. Em Belo Jardim e Tamandar\u00e9, leis municipais foram sancionadas para fixar o piso, mas professores questionam a forma como esses valores chegam \u00e0 folha de pagamento.<\/p>\n<p data-start=\"2620\" data-end=\"2816\">Esses exemplos mostram que a neglig\u00eancia n\u00e3o \u00e9 pontual. Ela se repete em diferentes regi\u00f5es, atingindo desde cidades m\u00e9dias at\u00e9 a pr\u00f3pria capital, refor\u00e7ando o cen\u00e1rio de desvaloriza\u00e7\u00e3o docente.<\/p>\n<p data-start=\"2818\" data-end=\"3209\">A discuss\u00e3o tamb\u00e9m ecoa nas redes sociais. Em publica\u00e7\u00e3o nacional sobre o tema, um coment\u00e1rio ganhou destaque: \u201cA educa\u00e7\u00e3o b\u00e1sica deveria ser federalizada e o Fundeb ser tirado das m\u00e3os das prefeituras, que muitas vezes desviam esse recurso para outras \u00e1reas.\u201d Ainda que generalizada, a cr\u00edtica expressa a descren\u00e7a de parte da popula\u00e7\u00e3o quanto \u00e0 gest\u00e3o municipal dos recursos da educa\u00e7\u00e3o.<\/p>\n<p data-start=\"3211\" data-end=\"3626\">O n\u00e3o cumprimento do piso salarial provoca efeitos imediatos. Professores desmotivados, abandono da carreira, rotatividade e perda de qualidade no ensino tornam-se realidade. Para os alunos, isso significa menos oportunidades e maior desigualdade. Para os munic\u00edpios, a consequ\u00eancia aparece nos baixos \u00edndices de desempenho educacional, como o IDEB, e na dificuldade de atrair e manter profissionais qualificados.<\/p>\n<p data-start=\"3628\" data-end=\"4082\">A solu\u00e7\u00e3o exige maior fiscaliza\u00e7\u00e3o do Minist\u00e9rio P\u00fablico e do Tribunal de Contas do Estado, al\u00e9m de transpar\u00eancia nas folhas de pagamento municipais. Especialistas defendem que o governo estadual e a Uni\u00e3o atuem em regime de coopera\u00e7\u00e3o, refor\u00e7ando repasses e criando mecanismos de complementa\u00e7\u00e3o financeira. Entretanto, a raiz do problema n\u00e3o \u00e9 apenas or\u00e7ament\u00e1ria: falta vontade pol\u00edtica de colocar a valoriza\u00e7\u00e3o do professor no centro das prioridades p\u00fablicas.<\/p>\n","protected":false},"excerpt":{"rendered":"<p>Quase um quinto das cidades do estado desrespeita a lei. Situa\u00e7\u00e3o atinge inclusive Recife, S\u00e3o Louren\u00e7o da Mata, Jaboat\u00e3o, Cabo, Palmares, Camaragibe, Garanhuns, Belo Jardim e Tamandar\u00e9. O descumprimento do piso salarial nacional do magist\u00e9rio atinge munic\u00edpios em todo o Brasil. Em Pernambuco, apesar de avan\u00e7os, a realidade mostra que quase um quinto das cidades [&hellip;]<\/p>\n","protected":false},"author":1,"featured_media":1823,"comment_status":"open","ping_status":"open","sticky":false,"template":"","format":"standard","meta":{"footnotes":"","jetpack_publicize_message":"","jetpack_publicize_feature_enabled":true,"jetpack_social_post_already_shared":true,"jetpack_social_options":{"image_generator_settings":{"template":"highway","default_image_id":0,"font":"","enabled":false},"version":2}},"categories":[1,65],"tags":[],"class_list":["post-1821","post","type-post","status-publish","format-standard","has-post-thumbnail","hentry","category-https-gazetapernambucana-com-page_id225","category-politica"],"yoast_head":"<!-- This site is optimized with the Yoast SEO plugin v24.5 - https:\/\/yoast.com\/wordpress\/plugins\/seo\/ -->\n<title>Munic\u00edpios de Pernambuco deixam de cumprir piso nacional dos professores -<\/title>\n<meta name=\"robots\" content=\"index, follow, max-snippet:-1, max-image-preview:large, max-video-preview:-1\" \/>\n<link rel=\"canonical\" href=\"https:\/\/gazetapernambucana.com\/?p=1821\" \/>\n<meta property=\"og:locale\" content=\"pt_BR\" \/>\n<meta property=\"og:type\" content=\"article\" \/>\n<meta property=\"og:title\" content=\"Munic\u00edpios de Pernambuco deixam de cumprir piso nacional dos professores -\" \/>\n<meta property=\"og:description\" content=\"Quase um quinto das cidades do estado desrespeita a lei. Situa\u00e7\u00e3o atinge inclusive Recife, S\u00e3o Louren\u00e7o da Mata, Jaboat\u00e3o, Cabo, Palmares, Camaragibe, Garanhuns, Belo Jardim e Tamandar\u00e9. O descumprimento do piso salarial nacional do magist\u00e9rio atinge munic\u00edpios em todo o Brasil. Em Pernambuco, apesar de avan\u00e7os, a realidade mostra que quase um quinto das cidades [&hellip;]\" \/>\n<meta property=\"og:url\" content=\"https:\/\/gazetapernambucana.com\/?p=1821\" \/>\n<meta property=\"article:published_time\" content=\"2025-09-29T00:54:22+00:00\" \/>\n<meta property=\"og:image\" content=\"https:\/\/gazetapernambucana.com\/wp-content\/uploads\/2025\/09\/210715-sala-de-aula-unica-comes-de-criancas-vetor.jpg\" \/>\n\t<meta property=\"og:image:width\" content=\"653\" \/>\n\t<meta property=\"og:image:height\" content=\"490\" \/>\n\t<meta property=\"og:image:type\" content=\"image\/jpeg\" \/>\n<meta name=\"author\" content=\"GP\" \/>\n<meta name=\"twitter:card\" content=\"summary_large_image\" \/>\n<meta name=\"twitter:label1\" content=\"Escrito por\" \/>\n\t<meta name=\"twitter:data1\" content=\"GP\" \/>\n\t<meta name=\"twitter:label2\" content=\"Est. tempo de leitura\" \/>\n\t<meta name=\"twitter:data2\" content=\"4 minutos\" \/>\n<script type=\"application\/ld+json\" class=\"yoast-schema-graph\">{\"@context\":\"https:\/\/schema.org\",\"@graph\":[{\"@type\":\"WebPage\",\"@id\":\"https:\/\/gazetapernambucana.com\/?p=1821\",\"url\":\"https:\/\/gazetapernambucana.com\/?p=1821\",\"name\":\"Munic\u00edpios de Pernambuco deixam de cumprir piso nacional dos professores -\",\"isPartOf\":{\"@id\":\"https:\/\/gazetapernambucana.com\/#website\"},\"primaryImageOfPage\":{\"@id\":\"https:\/\/gazetapernambucana.com\/?p=1821#primaryimage\"},\"image\":{\"@id\":\"https:\/\/gazetapernambucana.com\/?p=1821#primaryimage\"},\"thumbnailUrl\":\"https:\/\/gazetapernambucana.com\/wp-content\/uploads\/2025\/09\/210715-sala-de-aula-unica-comes-de-criancas-vetor.jpg\",\"datePublished\":\"2025-09-29T00:54:22+00:00\",\"author\":{\"@id\":\"https:\/\/gazetapernambucana.com\/#\/schema\/person\/188dc283325181ac2de4db1e9e987427\"},\"breadcrumb\":{\"@id\":\"https:\/\/gazetapernambucana.com\/?p=1821#breadcrumb\"},\"inLanguage\":\"pt-BR\",\"potentialAction\":[{\"@type\":\"ReadAction\",\"target\":[\"https:\/\/gazetapernambucana.com\/?p=1821\"]}]},{\"@type\":\"ImageObject\",\"inLanguage\":\"pt-BR\",\"@id\":\"https:\/\/gazetapernambucana.com\/?p=1821#primaryimage\",\"url\":\"https:\/\/gazetapernambucana.com\/wp-content\/uploads\/2025\/09\/210715-sala-de-aula-unica-comes-de-criancas-vetor.jpg\",\"contentUrl\":\"https:\/\/gazetapernambucana.com\/wp-content\/uploads\/2025\/09\/210715-sala-de-aula-unica-comes-de-criancas-vetor.jpg\",\"width\":653,\"height\":490},{\"@type\":\"BreadcrumbList\",\"@id\":\"https:\/\/gazetapernambucana.com\/?p=1821#breadcrumb\",\"itemListElement\":[{\"@type\":\"ListItem\",\"position\":1,\"name\":\"In\u00edcio\",\"item\":\"https:\/\/gazetapernambucana.com\/\"},{\"@type\":\"ListItem\",\"position\":2,\"name\":\"Munic\u00edpios de Pernambuco deixam de cumprir piso nacional dos professores\"}]},{\"@type\":\"WebSite\",\"@id\":\"https:\/\/gazetapernambucana.com\/#website\",\"url\":\"https:\/\/gazetapernambucana.com\/\",\"name\":\"\",\"description\":\"\",\"potentialAction\":[{\"@type\":\"SearchAction\",\"target\":{\"@type\":\"EntryPoint\",\"urlTemplate\":\"https:\/\/gazetapernambucana.com\/?s={search_term_string}\"},\"query-input\":{\"@type\":\"PropertyValueSpecification\",\"valueRequired\":true,\"valueName\":\"search_term_string\"}}],\"inLanguage\":\"pt-BR\"},{\"@type\":\"Person\",\"@id\":\"https:\/\/gazetapernambucana.com\/#\/schema\/person\/188dc283325181ac2de4db1e9e987427\",\"name\":\"GP\",\"image\":{\"@type\":\"ImageObject\",\"inLanguage\":\"pt-BR\",\"@id\":\"https:\/\/gazetapernambucana.com\/#\/schema\/person\/image\/\",\"url\":\"https:\/\/secure.gravatar.com\/avatar\/9dad78ff9a2d8b5742d11779f8a3f53b052320c550b2e1907882353c067bb111?s=96&d=mm&r=g\",\"contentUrl\":\"https:\/\/secure.gravatar.com\/avatar\/9dad78ff9a2d8b5742d11779f8a3f53b052320c550b2e1907882353c067bb111?s=96&d=mm&r=g\",\"caption\":\"GP\"},\"sameAs\":[\"http:\/\/gazetapernambucana.com\"],\"url\":\"https:\/\/gazetapernambucana.com\/?author=1\"}]}<\/script>\n<!-- \/ Yoast SEO plugin. -->","yoast_head_json":{"title":"Munic\u00edpios de Pernambuco deixam de cumprir piso nacional dos professores -","robots":{"index":"index","follow":"follow","max-snippet":"max-snippet:-1","max-image-preview":"max-image-preview:large","max-video-preview":"max-video-preview:-1"},"canonical":"https:\/\/gazetapernambucana.com\/?p=1821","og_locale":"pt_BR","og_type":"article","og_title":"Munic\u00edpios de Pernambuco deixam de cumprir piso nacional dos professores -","og_description":"Quase um quinto das cidades do estado desrespeita a lei. Situa\u00e7\u00e3o atinge inclusive Recife, S\u00e3o Louren\u00e7o da Mata, Jaboat\u00e3o, Cabo, Palmares, Camaragibe, Garanhuns, Belo Jardim e Tamandar\u00e9. O descumprimento do piso salarial nacional do magist\u00e9rio atinge munic\u00edpios em todo o Brasil. Em Pernambuco, apesar de avan\u00e7os, a realidade mostra que quase um quinto das cidades [&hellip;]","og_url":"https:\/\/gazetapernambucana.com\/?p=1821","article_published_time":"2025-09-29T00:54:22+00:00","og_image":[{"width":653,"height":490,"url":"https:\/\/gazetapernambucana.com\/wp-content\/uploads\/2025\/09\/210715-sala-de-aula-unica-comes-de-criancas-vetor.jpg","type":"image\/jpeg"}],"author":"GP","twitter_card":"summary_large_image","twitter_misc":{"Escrito por":"GP","Est. tempo de leitura":"4 minutos"},"schema":{"@context":"https:\/\/schema.org","@graph":[{"@type":"WebPage","@id":"https:\/\/gazetapernambucana.com\/?p=1821","url":"https:\/\/gazetapernambucana.com\/?p=1821","name":"Munic\u00edpios de Pernambuco deixam de cumprir piso nacional dos professores -","isPartOf":{"@id":"https:\/\/gazetapernambucana.com\/#website"},"primaryImageOfPage":{"@id":"https:\/\/gazetapernambucana.com\/?p=1821#primaryimage"},"image":{"@id":"https:\/\/gazetapernambucana.com\/?p=1821#primaryimage"},"thumbnailUrl":"https:\/\/gazetapernambucana.com\/wp-content\/uploads\/2025\/09\/210715-sala-de-aula-unica-comes-de-criancas-vetor.jpg","datePublished":"2025-09-29T00:54:22+00:00","author":{"@id":"https:\/\/gazetapernambucana.com\/#\/schema\/person\/188dc283325181ac2de4db1e9e987427"},"breadcrumb":{"@id":"https:\/\/gazetapernambucana.com\/?p=1821#breadcrumb"},"inLanguage":"pt-BR","potentialAction":[{"@type":"ReadAction","target":["https:\/\/gazetapernambucana.com\/?p=1821"]}]},{"@type":"ImageObject","inLanguage":"pt-BR","@id":"https:\/\/gazetapernambucana.com\/?p=1821#primaryimage","url":"https:\/\/gazetapernambucana.com\/wp-content\/uploads\/2025\/09\/210715-sala-de-aula-unica-comes-de-criancas-vetor.jpg","contentUrl":"https:\/\/gazetapernambucana.com\/wp-content\/uploads\/2025\/09\/210715-sala-de-aula-unica-comes-de-criancas-vetor.jpg","width":653,"height":490},{"@type":"BreadcrumbList","@id":"https:\/\/gazetapernambucana.com\/?p=1821#breadcrumb","itemListElement":[{"@type":"ListItem","position":1,"name":"In\u00edcio","item":"https:\/\/gazetapernambucana.com\/"},{"@type":"ListItem","position":2,"name":"Munic\u00edpios de Pernambuco deixam de cumprir piso nacional dos professores"}]},{"@type":"WebSite","@id":"https:\/\/gazetapernambucana.com\/#website","url":"https:\/\/gazetapernambucana.com\/","name":"","description":"","potentialAction":[{"@type":"SearchAction","target":{"@type":"EntryPoint","urlTemplate":"https:\/\/gazetapernambucana.com\/?s={search_term_string}"},"query-input":{"@type":"PropertyValueSpecification","valueRequired":true,"valueName":"search_term_string"}}],"inLanguage":"pt-BR"},{"@type":"Person","@id":"https:\/\/gazetapernambucana.com\/#\/schema\/person\/188dc283325181ac2de4db1e9e987427","name":"GP","image":{"@type":"ImageObject","inLanguage":"pt-BR","@id":"https:\/\/gazetapernambucana.com\/#\/schema\/person\/image\/","url":"https:\/\/secure.gravatar.com\/avatar\/9dad78ff9a2d8b5742d11779f8a3f53b052320c550b2e1907882353c067bb111?s=96&d=mm&r=g","contentUrl":"https:\/\/secure.gravatar.com\/avatar\/9dad78ff9a2d8b5742d11779f8a3f53b052320c550b2e1907882353c067bb111?s=96&d=mm&r=g","caption":"GP"},"sameAs":["http:\/\/gazetapernambucana.com"],"url":"https:\/\/gazetapernambucana.com\/?author=1"}]}},"jetpack_publicize_connections":[],"_links":{"self":[{"href":"https:\/\/gazetapernambucana.com\/index.php?rest_route=\/wp\/v2\/posts\/1821","targetHints":{"allow":["GET"]}}],"collection":[{"href":"https:\/\/gazetapernambucana.com\/index.php?rest_route=\/wp\/v2\/posts"}],"about":[{"href":"https:\/\/gazetapernambucana.com\/index.php?rest_route=\/wp\/v2\/types\/post"}],"author":[{"embeddable":true,"href":"https:\/\/gazetapernambucana.com\/index.php?rest_route=\/wp\/v2\/users\/1"}],"replies":[{"embeddable":true,"href":"https:\/\/gazetapernambucana.com\/index.php?rest_route=%2Fwp%2Fv2%2Fcomments&post=1821"}],"version-history":[{"count":1,"href":"https:\/\/gazetapernambucana.com\/index.php?rest_route=\/wp\/v2\/posts\/1821\/revisions"}],"predecessor-version":[{"id":1824,"href":"https:\/\/gazetapernambucana.com\/index.php?rest_route=\/wp\/v2\/posts\/1821\/revisions\/1824"}],"wp:featuredmedia":[{"embeddable":true,"href":"https:\/\/gazetapernambucana.com\/index.php?rest_route=\/wp\/v2\/media\/1823"}],"wp:attachment":[{"href":"https:\/\/gazetapernambucana.com\/index.php?rest_route=%2Fwp%2Fv2%2Fmedia&parent=1821"}],"wp:term":[{"taxonomy":"category","embeddable":true,"href":"https:\/\/gazetapernambucana.com\/index.php?rest_route=%2Fwp%2Fv2%2Fcategories&post=1821"},{"taxonomy":"post_tag","embeddable":true,"href":"https:\/\/gazetapernambucana.com\/index.php?rest_route=%2Fwp%2Fv2%2Ftags&post=1821"}],"curies":[{"name":"wp","href":"https:\/\/api.w.org\/{rel}","templated":true}]}}