{"id":1811,"date":"2025-09-27T20:52:51","date_gmt":"2025-09-27T23:52:51","guid":{"rendered":"https:\/\/gazetapernambucana.com\/?p=1811"},"modified":"2025-09-27T20:52:51","modified_gmt":"2025-09-27T23:52:51","slug":"ao-te-dar-meu-coracao-entreguei-a-minha-vida-por-flavio-chaves","status":"publish","type":"post","link":"https:\/\/gazetapernambucana.com\/?p=1811","title":{"rendered":"Ao te dar meu cora\u00e7\u00e3o, entreguei a minha vida. Por Fl\u00e1vio Chaves"},"content":{"rendered":"<p>&nbsp;<\/p>\n<p><img loading=\"lazy\" decoding=\"async\" class=\"alignnone size-medium wp-image-1812\" src=\"http:\/\/gazetapernambucana.com\/wp-content\/uploads\/2025\/09\/download-67-261x300.jpeg\" alt=\"\" width=\"261\" height=\"300\" srcset=\"https:\/\/gazetapernambucana.com\/wp-content\/uploads\/2025\/09\/download-67-261x300.jpeg 261w, https:\/\/gazetapernambucana.com\/wp-content\/uploads\/2025\/09\/download-67.jpeg 509w\" sizes=\"auto, (max-width: 261px) 100vw, 261px\" \/>\u00a0 <strong>Por Fl\u00e1vio Chaves \u2013 Jornalista, poeta, escritor e membro da Academia Pernambucana de Letras. Foi Delegado Federal\/Minc\u00a0 \u2013<\/strong>\u00a0Te dei o cora\u00e7\u00e3o como quem d\u00e1 a pr\u00f3pria vida. Sem documentos, sem recibos, sem prazo de devolu\u00e7\u00e3o. Te dei no susto, na febre, no meio da noite, como quem n\u00e3o sabia mais onde terminava o corpo e come\u00e7ava o outro.\u00a0N\u00e3o foi escolha. Foi impulso do ser. Instinto de quem j\u00e1 viveu o suficiente para saber que amar \u00e9 atravessar a ponte e depois queim\u00e1-la atr\u00e1s de si.<\/p>\n<p>E quando te dei o cora\u00e7\u00e3o, dei tamb\u00e9m o tempo. Os meus sil\u00eancios de madrugada. As gargalhadas que eu ainda nem tinha. Dei a inf\u00e2ncia que ficou presa numa foto antiga. Dei a esperan\u00e7a que guardava para um futuro que j\u00e1 n\u00e3o importava. Dei at\u00e9 a mem\u00f3ria de mim antes de ti, e agora j\u00e1 nem sei se existia.<\/p>\n<p>\u00c0s vezes me pergunto se amar \u00e9 uma forma de morrer de leve, um suic\u00eddio doce da individualidade. Porque algo se perde, sim. Algo de solit\u00e1rio e selvagem, algo que nunca mais ser\u00e1 recuperado. Mas em troca se ganha um outro ritmo. Um compasso novo. O milagre de algu\u00e9m respirar ao lado e fazer sentido de coisas que antes eram apenas sombra.<\/p>\n<p>Te dei o cora\u00e7\u00e3o como quem crava uma bandeira no solo f\u00e9rtil. Como quem planta. Como quem reza. Como quem diz: Agora \u00e9 aqui que eu vivo ou desapare\u00e7o.\u00a0\u00c9 estranho pensar que, mesmo depois de tanto, o cora\u00e7\u00e3o n\u00e3o pede troca,\u00a0 porque foi dado. N\u00e3o pede resgate. N\u00e3o reclama juro. Porque quando \u00e9 amor de verdade, daquele que pulsa com o barro da exist\u00eancia, a entrega n\u00e3o fere, fecunda.<\/p>\n<p>E, com tudo isso a vida fica bonita com tudo em sua volta. Maravilhada em seu entorno. Porque te dei n\u00e3o para possuir, mas para transbordar.<\/p>\n<p>E se um dia fores embora, e levares com voc\u00ea o que te dei, saiba que n\u00e3o me falta nada. Porque quem d\u00e1 o cora\u00e7\u00e3o como quem d\u00e1 a pr\u00f3pria vida, descobre que a vida nunca foi s\u00f3 sua. Ela sempre quis ser partilhada.<\/p>\n<p>E ainda que eu fique s\u00f3, estarei inteiro.<\/p>\n<p>Porque o amor, quando \u00e9 amor de verdade, \u00e9 sempre semente. Nunca ru\u00edna.<\/p>\n","protected":false},"excerpt":{"rendered":"<p>&nbsp; \u00a0 Por Fl\u00e1vio Chaves \u2013 Jornalista, poeta, escritor e membro da Academia Pernambucana de Letras. Foi Delegado Federal\/Minc\u00a0 \u2013\u00a0Te dei o cora\u00e7\u00e3o como quem d\u00e1 a pr\u00f3pria vida. Sem documentos, sem recibos, sem prazo de devolu\u00e7\u00e3o. Te dei no susto, na febre, no meio da noite, como quem n\u00e3o sabia mais onde terminava o [&hellip;]<\/p>\n","protected":false},"author":1,"featured_media":1812,"comment_status":"open","ping_status":"open","sticky":false,"template":"","format":"standard","meta":{"footnotes":"","jetpack_publicize_message":"","jetpack_publicize_feature_enabled":true,"jetpack_social_post_already_shared":true,"jetpack_social_options":{"image_generator_settings":{"template":"highway","default_image_id":0,"font":"","enabled":false},"version":2}},"categories":[1,35,46],"tags":[],"class_list":["post-1811","post","type-post","status-publish","format-standard","has-post-thumbnail","hentry","category-https-gazetapernambucana-com-page_id225","category-https-gazetapernambucana-com-page_id218","category-literatura"],"yoast_head":"<!-- This site is optimized with the Yoast SEO plugin v24.5 - https:\/\/yoast.com\/wordpress\/plugins\/seo\/ -->\n<title>Ao te dar meu cora\u00e7\u00e3o, entreguei a minha vida. Por Fl\u00e1vio Chaves -<\/title>\n<meta name=\"robots\" content=\"index, follow, max-snippet:-1, max-image-preview:large, max-video-preview:-1\" \/>\n<link rel=\"canonical\" href=\"https:\/\/gazetapernambucana.com\/?p=1811\" \/>\n<meta property=\"og:locale\" content=\"pt_BR\" \/>\n<meta property=\"og:type\" content=\"article\" \/>\n<meta property=\"og:title\" content=\"Ao te dar meu cora\u00e7\u00e3o, entreguei a minha vida. Por Fl\u00e1vio Chaves -\" \/>\n<meta property=\"og:description\" content=\"&nbsp; \u00a0 Por Fl\u00e1vio Chaves \u2013 Jornalista, poeta, escritor e membro da Academia Pernambucana de Letras. Foi Delegado Federal\/Minc\u00a0 \u2013\u00a0Te dei o cora\u00e7\u00e3o como quem d\u00e1 a pr\u00f3pria vida. Sem documentos, sem recibos, sem prazo de devolu\u00e7\u00e3o. Te dei no susto, na febre, no meio da noite, como quem n\u00e3o sabia mais onde terminava o [&hellip;]\" \/>\n<meta property=\"og:url\" content=\"https:\/\/gazetapernambucana.com\/?p=1811\" \/>\n<meta property=\"article:published_time\" content=\"2025-09-27T23:52:51+00:00\" \/>\n<meta property=\"og:image\" content=\"https:\/\/gazetapernambucana.com\/wp-content\/uploads\/2025\/09\/download-67.jpeg\" \/>\n\t<meta property=\"og:image:width\" content=\"509\" \/>\n\t<meta property=\"og:image:height\" content=\"585\" \/>\n\t<meta property=\"og:image:type\" content=\"image\/jpeg\" \/>\n<meta name=\"author\" content=\"GP\" \/>\n<meta name=\"twitter:card\" content=\"summary_large_image\" \/>\n<meta name=\"twitter:label1\" content=\"Escrito por\" \/>\n\t<meta name=\"twitter:data1\" content=\"GP\" \/>\n\t<meta name=\"twitter:label2\" content=\"Est. tempo de leitura\" \/>\n\t<meta name=\"twitter:data2\" content=\"2 minutos\" \/>\n<script type=\"application\/ld+json\" class=\"yoast-schema-graph\">{\"@context\":\"https:\/\/schema.org\",\"@graph\":[{\"@type\":\"WebPage\",\"@id\":\"https:\/\/gazetapernambucana.com\/?p=1811\",\"url\":\"https:\/\/gazetapernambucana.com\/?p=1811\",\"name\":\"Ao te dar meu cora\u00e7\u00e3o, entreguei a minha vida. Por Fl\u00e1vio Chaves -\",\"isPartOf\":{\"@id\":\"https:\/\/gazetapernambucana.com\/#website\"},\"primaryImageOfPage\":{\"@id\":\"https:\/\/gazetapernambucana.com\/?p=1811#primaryimage\"},\"image\":{\"@id\":\"https:\/\/gazetapernambucana.com\/?p=1811#primaryimage\"},\"thumbnailUrl\":\"https:\/\/gazetapernambucana.com\/wp-content\/uploads\/2025\/09\/download-67.jpeg\",\"datePublished\":\"2025-09-27T23:52:51+00:00\",\"author\":{\"@id\":\"https:\/\/gazetapernambucana.com\/#\/schema\/person\/188dc283325181ac2de4db1e9e987427\"},\"breadcrumb\":{\"@id\":\"https:\/\/gazetapernambucana.com\/?p=1811#breadcrumb\"},\"inLanguage\":\"pt-BR\",\"potentialAction\":[{\"@type\":\"ReadAction\",\"target\":[\"https:\/\/gazetapernambucana.com\/?p=1811\"]}]},{\"@type\":\"ImageObject\",\"inLanguage\":\"pt-BR\",\"@id\":\"https:\/\/gazetapernambucana.com\/?p=1811#primaryimage\",\"url\":\"https:\/\/gazetapernambucana.com\/wp-content\/uploads\/2025\/09\/download-67.jpeg\",\"contentUrl\":\"https:\/\/gazetapernambucana.com\/wp-content\/uploads\/2025\/09\/download-67.jpeg\",\"width\":509,\"height\":585},{\"@type\":\"BreadcrumbList\",\"@id\":\"https:\/\/gazetapernambucana.com\/?p=1811#breadcrumb\",\"itemListElement\":[{\"@type\":\"ListItem\",\"position\":1,\"name\":\"In\u00edcio\",\"item\":\"https:\/\/gazetapernambucana.com\/\"},{\"@type\":\"ListItem\",\"position\":2,\"name\":\"Ao te dar meu cora\u00e7\u00e3o, entreguei a minha vida. Por Fl\u00e1vio Chaves\"}]},{\"@type\":\"WebSite\",\"@id\":\"https:\/\/gazetapernambucana.com\/#website\",\"url\":\"https:\/\/gazetapernambucana.com\/\",\"name\":\"\",\"description\":\"\",\"potentialAction\":[{\"@type\":\"SearchAction\",\"target\":{\"@type\":\"EntryPoint\",\"urlTemplate\":\"https:\/\/gazetapernambucana.com\/?s={search_term_string}\"},\"query-input\":{\"@type\":\"PropertyValueSpecification\",\"valueRequired\":true,\"valueName\":\"search_term_string\"}}],\"inLanguage\":\"pt-BR\"},{\"@type\":\"Person\",\"@id\":\"https:\/\/gazetapernambucana.com\/#\/schema\/person\/188dc283325181ac2de4db1e9e987427\",\"name\":\"GP\",\"image\":{\"@type\":\"ImageObject\",\"inLanguage\":\"pt-BR\",\"@id\":\"https:\/\/gazetapernambucana.com\/#\/schema\/person\/image\/\",\"url\":\"https:\/\/secure.gravatar.com\/avatar\/9dad78ff9a2d8b5742d11779f8a3f53b052320c550b2e1907882353c067bb111?s=96&d=mm&r=g\",\"contentUrl\":\"https:\/\/secure.gravatar.com\/avatar\/9dad78ff9a2d8b5742d11779f8a3f53b052320c550b2e1907882353c067bb111?s=96&d=mm&r=g\",\"caption\":\"GP\"},\"sameAs\":[\"http:\/\/gazetapernambucana.com\"],\"url\":\"https:\/\/gazetapernambucana.com\/?author=1\"}]}<\/script>\n<!-- \/ Yoast SEO plugin. -->","yoast_head_json":{"title":"Ao te dar meu cora\u00e7\u00e3o, entreguei a minha vida. Por Fl\u00e1vio Chaves -","robots":{"index":"index","follow":"follow","max-snippet":"max-snippet:-1","max-image-preview":"max-image-preview:large","max-video-preview":"max-video-preview:-1"},"canonical":"https:\/\/gazetapernambucana.com\/?p=1811","og_locale":"pt_BR","og_type":"article","og_title":"Ao te dar meu cora\u00e7\u00e3o, entreguei a minha vida. Por Fl\u00e1vio Chaves -","og_description":"&nbsp; \u00a0 Por Fl\u00e1vio Chaves \u2013 Jornalista, poeta, escritor e membro da Academia Pernambucana de Letras. Foi Delegado Federal\/Minc\u00a0 \u2013\u00a0Te dei o cora\u00e7\u00e3o como quem d\u00e1 a pr\u00f3pria vida. Sem documentos, sem recibos, sem prazo de devolu\u00e7\u00e3o. Te dei no susto, na febre, no meio da noite, como quem n\u00e3o sabia mais onde terminava o [&hellip;]","og_url":"https:\/\/gazetapernambucana.com\/?p=1811","article_published_time":"2025-09-27T23:52:51+00:00","og_image":[{"width":509,"height":585,"url":"https:\/\/gazetapernambucana.com\/wp-content\/uploads\/2025\/09\/download-67.jpeg","type":"image\/jpeg"}],"author":"GP","twitter_card":"summary_large_image","twitter_misc":{"Escrito por":"GP","Est. tempo de leitura":"2 minutos"},"schema":{"@context":"https:\/\/schema.org","@graph":[{"@type":"WebPage","@id":"https:\/\/gazetapernambucana.com\/?p=1811","url":"https:\/\/gazetapernambucana.com\/?p=1811","name":"Ao te dar meu cora\u00e7\u00e3o, entreguei a minha vida. Por Fl\u00e1vio Chaves -","isPartOf":{"@id":"https:\/\/gazetapernambucana.com\/#website"},"primaryImageOfPage":{"@id":"https:\/\/gazetapernambucana.com\/?p=1811#primaryimage"},"image":{"@id":"https:\/\/gazetapernambucana.com\/?p=1811#primaryimage"},"thumbnailUrl":"https:\/\/gazetapernambucana.com\/wp-content\/uploads\/2025\/09\/download-67.jpeg","datePublished":"2025-09-27T23:52:51+00:00","author":{"@id":"https:\/\/gazetapernambucana.com\/#\/schema\/person\/188dc283325181ac2de4db1e9e987427"},"breadcrumb":{"@id":"https:\/\/gazetapernambucana.com\/?p=1811#breadcrumb"},"inLanguage":"pt-BR","potentialAction":[{"@type":"ReadAction","target":["https:\/\/gazetapernambucana.com\/?p=1811"]}]},{"@type":"ImageObject","inLanguage":"pt-BR","@id":"https:\/\/gazetapernambucana.com\/?p=1811#primaryimage","url":"https:\/\/gazetapernambucana.com\/wp-content\/uploads\/2025\/09\/download-67.jpeg","contentUrl":"https:\/\/gazetapernambucana.com\/wp-content\/uploads\/2025\/09\/download-67.jpeg","width":509,"height":585},{"@type":"BreadcrumbList","@id":"https:\/\/gazetapernambucana.com\/?p=1811#breadcrumb","itemListElement":[{"@type":"ListItem","position":1,"name":"In\u00edcio","item":"https:\/\/gazetapernambucana.com\/"},{"@type":"ListItem","position":2,"name":"Ao te dar meu cora\u00e7\u00e3o, entreguei a minha vida. Por Fl\u00e1vio Chaves"}]},{"@type":"WebSite","@id":"https:\/\/gazetapernambucana.com\/#website","url":"https:\/\/gazetapernambucana.com\/","name":"","description":"","potentialAction":[{"@type":"SearchAction","target":{"@type":"EntryPoint","urlTemplate":"https:\/\/gazetapernambucana.com\/?s={search_term_string}"},"query-input":{"@type":"PropertyValueSpecification","valueRequired":true,"valueName":"search_term_string"}}],"inLanguage":"pt-BR"},{"@type":"Person","@id":"https:\/\/gazetapernambucana.com\/#\/schema\/person\/188dc283325181ac2de4db1e9e987427","name":"GP","image":{"@type":"ImageObject","inLanguage":"pt-BR","@id":"https:\/\/gazetapernambucana.com\/#\/schema\/person\/image\/","url":"https:\/\/secure.gravatar.com\/avatar\/9dad78ff9a2d8b5742d11779f8a3f53b052320c550b2e1907882353c067bb111?s=96&d=mm&r=g","contentUrl":"https:\/\/secure.gravatar.com\/avatar\/9dad78ff9a2d8b5742d11779f8a3f53b052320c550b2e1907882353c067bb111?s=96&d=mm&r=g","caption":"GP"},"sameAs":["http:\/\/gazetapernambucana.com"],"url":"https:\/\/gazetapernambucana.com\/?author=1"}]}},"jetpack_publicize_connections":[],"_links":{"self":[{"href":"https:\/\/gazetapernambucana.com\/index.php?rest_route=\/wp\/v2\/posts\/1811","targetHints":{"allow":["GET"]}}],"collection":[{"href":"https:\/\/gazetapernambucana.com\/index.php?rest_route=\/wp\/v2\/posts"}],"about":[{"href":"https:\/\/gazetapernambucana.com\/index.php?rest_route=\/wp\/v2\/types\/post"}],"author":[{"embeddable":true,"href":"https:\/\/gazetapernambucana.com\/index.php?rest_route=\/wp\/v2\/users\/1"}],"replies":[{"embeddable":true,"href":"https:\/\/gazetapernambucana.com\/index.php?rest_route=%2Fwp%2Fv2%2Fcomments&post=1811"}],"version-history":[{"count":1,"href":"https:\/\/gazetapernambucana.com\/index.php?rest_route=\/wp\/v2\/posts\/1811\/revisions"}],"predecessor-version":[{"id":1813,"href":"https:\/\/gazetapernambucana.com\/index.php?rest_route=\/wp\/v2\/posts\/1811\/revisions\/1813"}],"wp:featuredmedia":[{"embeddable":true,"href":"https:\/\/gazetapernambucana.com\/index.php?rest_route=\/wp\/v2\/media\/1812"}],"wp:attachment":[{"href":"https:\/\/gazetapernambucana.com\/index.php?rest_route=%2Fwp%2Fv2%2Fmedia&parent=1811"}],"wp:term":[{"taxonomy":"category","embeddable":true,"href":"https:\/\/gazetapernambucana.com\/index.php?rest_route=%2Fwp%2Fv2%2Fcategories&post=1811"},{"taxonomy":"post_tag","embeddable":true,"href":"https:\/\/gazetapernambucana.com\/index.php?rest_route=%2Fwp%2Fv2%2Ftags&post=1811"}],"curies":[{"name":"wp","href":"https:\/\/api.w.org\/{rel}","templated":true}]}}