{"id":1805,"date":"2025-09-26T21:04:46","date_gmt":"2025-09-27T00:04:46","guid":{"rendered":"https:\/\/gazetapernambucana.com\/?p=1805"},"modified":"2025-09-26T21:04:46","modified_gmt":"2025-09-27T00:04:46","slug":"dentro-de-um-vinho-cabe-um-abraco-por-flavio-chaves","status":"publish","type":"post","link":"https:\/\/gazetapernambucana.com\/?p=1805","title":{"rendered":"Dentro de um vinho cabe um abra\u00e7o. Por Fl\u00e1vio Chaves"},"content":{"rendered":"<p data-start=\"321\" data-end=\"360\">\n<p data-start=\"362\" data-end=\"769\"><img loading=\"lazy\" decoding=\"async\" class=\"alignnone size-medium wp-image-1807\" src=\"http:\/\/gazetapernambucana.com\/wp-content\/uploads\/2025\/09\/501343812_24689858617266424_8603454772088611755_n-1-300x225.jpg\" alt=\"\" width=\"300\" height=\"225\" srcset=\"https:\/\/gazetapernambucana.com\/wp-content\/uploads\/2025\/09\/501343812_24689858617266424_8603454772088611755_n-1-300x225.jpg 300w, https:\/\/gazetapernambucana.com\/wp-content\/uploads\/2025\/09\/501343812_24689858617266424_8603454772088611755_n-1.jpg 480w\" sizes=\"auto, (max-width: 300px) 100vw, 300px\" \/>\u00a0 \u00a0 \u00a0 <strong>Por Fl\u00e1vio Chaves \u2013 Jornalista, poeta, escritor e membro da Academia Pernambucana de Letras. Foi Delegado Federal\/Minc\u00a0 \u2013<\/strong>\u00a0 H\u00e1\u00a0um instante em que a ta\u00e7a pousa na mesa e tudo se aquieta. O vinho dentro dela n\u00e3o \u00e9 apenas bebida: \u00e9 mem\u00f3ria, desejo, promessa. A cor rubra lembra os cora\u00e7\u00f5es que se abriram para amar e sangraram no caminho. A textura lenta recorda os encontros, os olhares, os gestos que nunca chegaram a ser palavras. Dentro de um vinho cabe um abra\u00e7o porque no calor do gole h\u00e1 sempre algu\u00e9m esperando ser acolhido.<\/p>\n<p data-start=\"771\" data-end=\"1148\">Cada sorvo \u00e9 um retorno \u00e0s m\u00e3os que j\u00e1 tocaram a nossa pele. \u00c9 como um beijo derramado na boca da ta\u00e7a, um beijo que n\u00e3o se perde, apenas muda de forma. O vinho aquece porque carrega o sol das uvas, mas tamb\u00e9m o calor dos corpos que um dia se amaram no sil\u00eancio de um quarto. Ele \u00e9 um convite a encostar a cabe\u00e7a no ombro de quem amamos, mesmo que esse ombro esteja distante.<\/p>\n<p data-start=\"1150\" data-end=\"1520\">Dentro de um vinho cabe o instante em que dois olhares se cruzam e se reconhecem. Cabe a timidez de um toque inicial e a ousadia de um toque final. Cabe o sabor da espera, que \u00e9 amargo, e o sabor do encontro, que \u00e9 doce. \u00c9 um l\u00edquido onde a solid\u00e3o se dissolve, onde a ang\u00fastia se deixa acalmar, onde o amor encontra um jeito de existir mesmo quando n\u00e3o pode ser dito.<\/p>\n<p data-start=\"1522\" data-end=\"1829\">Um abra\u00e7o \u00e9 o gesto que transforma corpos em ref\u00fagio. E quando os bra\u00e7os n\u00e3o est\u00e3o por perto, o vinho se torna um abra\u00e7o l\u00edquido, uma car\u00edcia morna deslizando pela garganta, descendo at\u00e9 o peito, aquecendo o que estava frio. Ele n\u00e3o substitui, mas lembra. N\u00e3o cura, mas acalma. N\u00e3o promete, mas acompanha.<\/p>\n<p data-start=\"1831\" data-end=\"2179\">Talvez por isso, ao final de um dia em que o mundo parece pesado, seja no vinho que buscamos abrigo. Porque dentro dele cabe o abra\u00e7o que desejamos, o beijo que n\u00e3o demos, a ternura que ficou suspensa no ar. Ele \u00e9 o espa\u00e7o secreto onde ainda podemos sonhar com o encontro, com a pele encostada na pele, com a respira\u00e7\u00e3o dividida entre duas bocas.<\/p>\n<p data-start=\"2181\" data-end=\"2508\">Dentro de um vinho cabe um abra\u00e7o, e dentro desse abra\u00e7o cabe tudo o que somos: medo, coragem, saudade, alegria, amor. Quando o vinho encontra a boca, o tempo parece parar. O mundo desaparece e ficamos s\u00f3 n\u00f3s, essa vontade de sentir o outro, de caber dentro do outro, de sermos inteiros ao menos por um gole, por um instante.<\/p>\n<p data-start=\"2510\" data-end=\"2723\">E \u00e9 assim que seguimos: erguidos entre ta\u00e7as e esperas, entre sonhos e sil\u00eancios, bebendo n\u00e3o apenas o vinho, mas a esperan\u00e7a de que um dia o abra\u00e7o venha, e dentro dele caiba toda a vida que ainda pulsa em n\u00f3s.<\/p>\n","protected":false},"excerpt":{"rendered":"<p>\u00a0 \u00a0 \u00a0 Por Fl\u00e1vio Chaves \u2013 Jornalista, poeta, escritor e membro da Academia Pernambucana de Letras. Foi Delegado Federal\/Minc\u00a0 \u2013\u00a0 H\u00e1\u00a0um instante em que a ta\u00e7a pousa na mesa e tudo se aquieta. O vinho dentro dela n\u00e3o \u00e9 apenas bebida: \u00e9 mem\u00f3ria, desejo, promessa. A cor rubra lembra os cora\u00e7\u00f5es que se abriram [&hellip;]<\/p>\n","protected":false},"author":1,"featured_media":1807,"comment_status":"open","ping_status":"open","sticky":false,"template":"","format":"standard","meta":{"footnotes":"","jetpack_publicize_message":"","jetpack_publicize_feature_enabled":true,"jetpack_social_post_already_shared":true,"jetpack_social_options":{"image_generator_settings":{"template":"highway","default_image_id":0,"font":"","enabled":false},"version":2}},"categories":[1,35,46],"tags":[],"class_list":["post-1805","post","type-post","status-publish","format-standard","has-post-thumbnail","hentry","category-https-gazetapernambucana-com-page_id225","category-https-gazetapernambucana-com-page_id218","category-literatura"],"yoast_head":"<!-- This site is optimized with the Yoast SEO plugin v24.5 - https:\/\/yoast.com\/wordpress\/plugins\/seo\/ -->\n<title>Dentro de um vinho cabe um abra\u00e7o. Por Fl\u00e1vio Chaves -<\/title>\n<meta name=\"robots\" content=\"index, follow, max-snippet:-1, max-image-preview:large, max-video-preview:-1\" \/>\n<link rel=\"canonical\" href=\"https:\/\/gazetapernambucana.com\/?p=1805\" \/>\n<meta property=\"og:locale\" content=\"pt_BR\" \/>\n<meta property=\"og:type\" content=\"article\" \/>\n<meta property=\"og:title\" content=\"Dentro de um vinho cabe um abra\u00e7o. Por Fl\u00e1vio Chaves -\" \/>\n<meta property=\"og:description\" content=\"\u00a0 \u00a0 \u00a0 Por Fl\u00e1vio Chaves \u2013 Jornalista, poeta, escritor e membro da Academia Pernambucana de Letras. Foi Delegado Federal\/Minc\u00a0 \u2013\u00a0 H\u00e1\u00a0um instante em que a ta\u00e7a pousa na mesa e tudo se aquieta. O vinho dentro dela n\u00e3o \u00e9 apenas bebida: \u00e9 mem\u00f3ria, desejo, promessa. A cor rubra lembra os cora\u00e7\u00f5es que se abriram [&hellip;]\" \/>\n<meta property=\"og:url\" content=\"https:\/\/gazetapernambucana.com\/?p=1805\" \/>\n<meta property=\"article:published_time\" content=\"2025-09-27T00:04:46+00:00\" \/>\n<meta property=\"og:image\" content=\"https:\/\/gazetapernambucana.com\/wp-content\/uploads\/2025\/09\/501343812_24689858617266424_8603454772088611755_n-1.jpg\" \/>\n\t<meta property=\"og:image:width\" content=\"480\" \/>\n\t<meta property=\"og:image:height\" content=\"360\" \/>\n\t<meta property=\"og:image:type\" content=\"image\/jpeg\" \/>\n<meta name=\"author\" content=\"GP\" \/>\n<meta name=\"twitter:card\" content=\"summary_large_image\" \/>\n<meta name=\"twitter:label1\" content=\"Escrito por\" \/>\n\t<meta name=\"twitter:data1\" content=\"GP\" \/>\n\t<meta name=\"twitter:label2\" content=\"Est. tempo de leitura\" \/>\n\t<meta name=\"twitter:data2\" content=\"3 minutos\" \/>\n<script type=\"application\/ld+json\" class=\"yoast-schema-graph\">{\"@context\":\"https:\/\/schema.org\",\"@graph\":[{\"@type\":\"WebPage\",\"@id\":\"https:\/\/gazetapernambucana.com\/?p=1805\",\"url\":\"https:\/\/gazetapernambucana.com\/?p=1805\",\"name\":\"Dentro de um vinho cabe um abra\u00e7o. Por Fl\u00e1vio Chaves -\",\"isPartOf\":{\"@id\":\"https:\/\/gazetapernambucana.com\/#website\"},\"primaryImageOfPage\":{\"@id\":\"https:\/\/gazetapernambucana.com\/?p=1805#primaryimage\"},\"image\":{\"@id\":\"https:\/\/gazetapernambucana.com\/?p=1805#primaryimage\"},\"thumbnailUrl\":\"https:\/\/gazetapernambucana.com\/wp-content\/uploads\/2025\/09\/501343812_24689858617266424_8603454772088611755_n-1.jpg\",\"datePublished\":\"2025-09-27T00:04:46+00:00\",\"author\":{\"@id\":\"https:\/\/gazetapernambucana.com\/#\/schema\/person\/188dc283325181ac2de4db1e9e987427\"},\"breadcrumb\":{\"@id\":\"https:\/\/gazetapernambucana.com\/?p=1805#breadcrumb\"},\"inLanguage\":\"pt-BR\",\"potentialAction\":[{\"@type\":\"ReadAction\",\"target\":[\"https:\/\/gazetapernambucana.com\/?p=1805\"]}]},{\"@type\":\"ImageObject\",\"inLanguage\":\"pt-BR\",\"@id\":\"https:\/\/gazetapernambucana.com\/?p=1805#primaryimage\",\"url\":\"https:\/\/gazetapernambucana.com\/wp-content\/uploads\/2025\/09\/501343812_24689858617266424_8603454772088611755_n-1.jpg\",\"contentUrl\":\"https:\/\/gazetapernambucana.com\/wp-content\/uploads\/2025\/09\/501343812_24689858617266424_8603454772088611755_n-1.jpg\",\"width\":480,\"height\":360},{\"@type\":\"BreadcrumbList\",\"@id\":\"https:\/\/gazetapernambucana.com\/?p=1805#breadcrumb\",\"itemListElement\":[{\"@type\":\"ListItem\",\"position\":1,\"name\":\"In\u00edcio\",\"item\":\"https:\/\/gazetapernambucana.com\/\"},{\"@type\":\"ListItem\",\"position\":2,\"name\":\"Dentro de um vinho cabe um abra\u00e7o. Por Fl\u00e1vio Chaves\"}]},{\"@type\":\"WebSite\",\"@id\":\"https:\/\/gazetapernambucana.com\/#website\",\"url\":\"https:\/\/gazetapernambucana.com\/\",\"name\":\"\",\"description\":\"\",\"potentialAction\":[{\"@type\":\"SearchAction\",\"target\":{\"@type\":\"EntryPoint\",\"urlTemplate\":\"https:\/\/gazetapernambucana.com\/?s={search_term_string}\"},\"query-input\":{\"@type\":\"PropertyValueSpecification\",\"valueRequired\":true,\"valueName\":\"search_term_string\"}}],\"inLanguage\":\"pt-BR\"},{\"@type\":\"Person\",\"@id\":\"https:\/\/gazetapernambucana.com\/#\/schema\/person\/188dc283325181ac2de4db1e9e987427\",\"name\":\"GP\",\"image\":{\"@type\":\"ImageObject\",\"inLanguage\":\"pt-BR\",\"@id\":\"https:\/\/gazetapernambucana.com\/#\/schema\/person\/image\/\",\"url\":\"https:\/\/secure.gravatar.com\/avatar\/9dad78ff9a2d8b5742d11779f8a3f53b052320c550b2e1907882353c067bb111?s=96&d=mm&r=g\",\"contentUrl\":\"https:\/\/secure.gravatar.com\/avatar\/9dad78ff9a2d8b5742d11779f8a3f53b052320c550b2e1907882353c067bb111?s=96&d=mm&r=g\",\"caption\":\"GP\"},\"sameAs\":[\"http:\/\/gazetapernambucana.com\"],\"url\":\"https:\/\/gazetapernambucana.com\/?author=1\"}]}<\/script>\n<!-- \/ Yoast SEO plugin. -->","yoast_head_json":{"title":"Dentro de um vinho cabe um abra\u00e7o. Por Fl\u00e1vio Chaves -","robots":{"index":"index","follow":"follow","max-snippet":"max-snippet:-1","max-image-preview":"max-image-preview:large","max-video-preview":"max-video-preview:-1"},"canonical":"https:\/\/gazetapernambucana.com\/?p=1805","og_locale":"pt_BR","og_type":"article","og_title":"Dentro de um vinho cabe um abra\u00e7o. Por Fl\u00e1vio Chaves -","og_description":"\u00a0 \u00a0 \u00a0 Por Fl\u00e1vio Chaves \u2013 Jornalista, poeta, escritor e membro da Academia Pernambucana de Letras. Foi Delegado Federal\/Minc\u00a0 \u2013\u00a0 H\u00e1\u00a0um instante em que a ta\u00e7a pousa na mesa e tudo se aquieta. O vinho dentro dela n\u00e3o \u00e9 apenas bebida: \u00e9 mem\u00f3ria, desejo, promessa. A cor rubra lembra os cora\u00e7\u00f5es que se abriram [&hellip;]","og_url":"https:\/\/gazetapernambucana.com\/?p=1805","article_published_time":"2025-09-27T00:04:46+00:00","og_image":[{"width":480,"height":360,"url":"https:\/\/gazetapernambucana.com\/wp-content\/uploads\/2025\/09\/501343812_24689858617266424_8603454772088611755_n-1.jpg","type":"image\/jpeg"}],"author":"GP","twitter_card":"summary_large_image","twitter_misc":{"Escrito por":"GP","Est. tempo de leitura":"3 minutos"},"schema":{"@context":"https:\/\/schema.org","@graph":[{"@type":"WebPage","@id":"https:\/\/gazetapernambucana.com\/?p=1805","url":"https:\/\/gazetapernambucana.com\/?p=1805","name":"Dentro de um vinho cabe um abra\u00e7o. Por Fl\u00e1vio Chaves -","isPartOf":{"@id":"https:\/\/gazetapernambucana.com\/#website"},"primaryImageOfPage":{"@id":"https:\/\/gazetapernambucana.com\/?p=1805#primaryimage"},"image":{"@id":"https:\/\/gazetapernambucana.com\/?p=1805#primaryimage"},"thumbnailUrl":"https:\/\/gazetapernambucana.com\/wp-content\/uploads\/2025\/09\/501343812_24689858617266424_8603454772088611755_n-1.jpg","datePublished":"2025-09-27T00:04:46+00:00","author":{"@id":"https:\/\/gazetapernambucana.com\/#\/schema\/person\/188dc283325181ac2de4db1e9e987427"},"breadcrumb":{"@id":"https:\/\/gazetapernambucana.com\/?p=1805#breadcrumb"},"inLanguage":"pt-BR","potentialAction":[{"@type":"ReadAction","target":["https:\/\/gazetapernambucana.com\/?p=1805"]}]},{"@type":"ImageObject","inLanguage":"pt-BR","@id":"https:\/\/gazetapernambucana.com\/?p=1805#primaryimage","url":"https:\/\/gazetapernambucana.com\/wp-content\/uploads\/2025\/09\/501343812_24689858617266424_8603454772088611755_n-1.jpg","contentUrl":"https:\/\/gazetapernambucana.com\/wp-content\/uploads\/2025\/09\/501343812_24689858617266424_8603454772088611755_n-1.jpg","width":480,"height":360},{"@type":"BreadcrumbList","@id":"https:\/\/gazetapernambucana.com\/?p=1805#breadcrumb","itemListElement":[{"@type":"ListItem","position":1,"name":"In\u00edcio","item":"https:\/\/gazetapernambucana.com\/"},{"@type":"ListItem","position":2,"name":"Dentro de um vinho cabe um abra\u00e7o. Por Fl\u00e1vio Chaves"}]},{"@type":"WebSite","@id":"https:\/\/gazetapernambucana.com\/#website","url":"https:\/\/gazetapernambucana.com\/","name":"","description":"","potentialAction":[{"@type":"SearchAction","target":{"@type":"EntryPoint","urlTemplate":"https:\/\/gazetapernambucana.com\/?s={search_term_string}"},"query-input":{"@type":"PropertyValueSpecification","valueRequired":true,"valueName":"search_term_string"}}],"inLanguage":"pt-BR"},{"@type":"Person","@id":"https:\/\/gazetapernambucana.com\/#\/schema\/person\/188dc283325181ac2de4db1e9e987427","name":"GP","image":{"@type":"ImageObject","inLanguage":"pt-BR","@id":"https:\/\/gazetapernambucana.com\/#\/schema\/person\/image\/","url":"https:\/\/secure.gravatar.com\/avatar\/9dad78ff9a2d8b5742d11779f8a3f53b052320c550b2e1907882353c067bb111?s=96&d=mm&r=g","contentUrl":"https:\/\/secure.gravatar.com\/avatar\/9dad78ff9a2d8b5742d11779f8a3f53b052320c550b2e1907882353c067bb111?s=96&d=mm&r=g","caption":"GP"},"sameAs":["http:\/\/gazetapernambucana.com"],"url":"https:\/\/gazetapernambucana.com\/?author=1"}]}},"jetpack_publicize_connections":[],"_links":{"self":[{"href":"https:\/\/gazetapernambucana.com\/index.php?rest_route=\/wp\/v2\/posts\/1805","targetHints":{"allow":["GET"]}}],"collection":[{"href":"https:\/\/gazetapernambucana.com\/index.php?rest_route=\/wp\/v2\/posts"}],"about":[{"href":"https:\/\/gazetapernambucana.com\/index.php?rest_route=\/wp\/v2\/types\/post"}],"author":[{"embeddable":true,"href":"https:\/\/gazetapernambucana.com\/index.php?rest_route=\/wp\/v2\/users\/1"}],"replies":[{"embeddable":true,"href":"https:\/\/gazetapernambucana.com\/index.php?rest_route=%2Fwp%2Fv2%2Fcomments&post=1805"}],"version-history":[{"count":1,"href":"https:\/\/gazetapernambucana.com\/index.php?rest_route=\/wp\/v2\/posts\/1805\/revisions"}],"predecessor-version":[{"id":1808,"href":"https:\/\/gazetapernambucana.com\/index.php?rest_route=\/wp\/v2\/posts\/1805\/revisions\/1808"}],"wp:featuredmedia":[{"embeddable":true,"href":"https:\/\/gazetapernambucana.com\/index.php?rest_route=\/wp\/v2\/media\/1807"}],"wp:attachment":[{"href":"https:\/\/gazetapernambucana.com\/index.php?rest_route=%2Fwp%2Fv2%2Fmedia&parent=1805"}],"wp:term":[{"taxonomy":"category","embeddable":true,"href":"https:\/\/gazetapernambucana.com\/index.php?rest_route=%2Fwp%2Fv2%2Fcategories&post=1805"},{"taxonomy":"post_tag","embeddable":true,"href":"https:\/\/gazetapernambucana.com\/index.php?rest_route=%2Fwp%2Fv2%2Ftags&post=1805"}],"curies":[{"name":"wp","href":"https:\/\/api.w.org\/{rel}","templated":true}]}}