{"id":1797,"date":"2025-09-25T17:38:59","date_gmt":"2025-09-25T20:38:59","guid":{"rendered":"https:\/\/gazetapernambucana.com\/?p=1797"},"modified":"2025-09-25T17:38:59","modified_gmt":"2025-09-25T20:38:59","slug":"os-perigos-do-narcoestado-por-fernando-gabeira","status":"publish","type":"post","link":"https:\/\/gazetapernambucana.com\/?p=1797","title":{"rendered":"Os perigos do narcoestado. Por Fernando Gabeira"},"content":{"rendered":"<p style=\"padding-left: 40px;\">\n<p><img loading=\"lazy\" decoding=\"async\" class=\"alignnone size-medium wp-image-1799\" src=\"http:\/\/gazetapernambucana.com\/wp-content\/uploads\/2025\/09\/ilustra_globo-3-960x360-1-300x113.png\" alt=\"\" width=\"300\" height=\"113\" srcset=\"https:\/\/gazetapernambucana.com\/wp-content\/uploads\/2025\/09\/ilustra_globo-3-960x360-1-300x113.png 300w, https:\/\/gazetapernambucana.com\/wp-content\/uploads\/2025\/09\/ilustra_globo-3-960x360-1-768x288.png 768w, https:\/\/gazetapernambucana.com\/wp-content\/uploads\/2025\/09\/ilustra_globo-3-960x360-1.png 960w\" sizes=\"auto, (max-width: 300px) 100vw, 300px\" \/>\u00a0 <strong>Por Fernando Gabeira\u00a0 &#8211;<\/strong>\u00a0 Um ex-delegado-geral de S\u00e3o Paulo \u00e9 assassinado pelo PCC em Praia Grande, S\u00e3o Paulo. Deputados votam a PEC da Blindagem para n\u00e3o ser presos ou processados sem a autoriza\u00e7\u00e3o dos pares. Barcos de guerra e submarino americanos navegam no Caribe, diante da Venezuela.<\/p>\n<p>S\u00e3o tr\u00eas fatos que n\u00e3o parecem ter rela\u00e7\u00e3o. Mas, na cabe\u00e7a de um velho morador do Rio, eles se enla\u00e7am harmoniosamente a ponto de despertar o alarme: o Brasil corre o risco de se transformar num narcoestado com profundas implica\u00e7\u00f5es para a seguran\u00e7a nacional.<\/p>\n<div class=\"mc-column content-text active-extra-styles \" data-block-type=\"unstyled\" data-block-weight=\"54\" data-block-id=\"6\">\n<p class=\" content-text__container \" data-track-category=\"Link no Texto\" data-track-links=\"\" data-mrf-recirculation=\"Article links\">O assassinato do delegado Ruy Ferraz Fontes acontece algumas semanas depois de a pol\u00edcia detectar a infiltra\u00e7\u00e3o financeira do PCC. Como lembra Raul Jungmann, j\u00e1 n\u00e3o se vive mais o tempo de seguran\u00e7a p\u00fablica em que o alvo da pol\u00edcia eram comunidades pobres. O crime estava enraizado na Faria Lima, cora\u00e7\u00e3o do mercado financeiro.<\/p>\n<\/div>\n<div class=\"mc-column content-text active-extra-styles \" data-block-type=\"unstyled\" data-block-weight=\"44\" data-block-id=\"7\">\n<p class=\" content-text__container \" data-track-category=\"Link no Texto\" data-track-links=\"\" data-mrf-recirculation=\"Article links\">Se aprovada, a PEC da Blindagem tornar\u00e1 o Congresso um lugar mais atraente para o crime organizado. Isso para quem vive no Rio \u00e9 mais que evidente. H\u00e1 poucos dias foi preso o deputado TH Joias exatamente por liga\u00e7\u00e3o \u00edntima com o Comando Vermelho.<\/p>\n<div class=\"mc-column content-text active-extra-styles \" data-block-type=\"unstyled\" data-block-weight=\"44\" data-block-id=\"8\">\n<p class=\" content-text__container \" data-track-category=\"Link no Texto\" data-track-links=\"\" data-mrf-recirculation=\"Article links\">A pergunta mais importante \u00e9 esta: o Brasil tem condi\u00e7\u00f5es de reverter esse quadro? A luta contra o crime organizado revela lacunas perigosas: n\u00e3o s\u00f3 testemunhas s\u00e3o assassinadas pelo PCC em aeroportos, como os pr\u00f3prios policiais que o investigam s\u00e3o alvos f\u00e1ceis da organiza\u00e7\u00e3o.<\/p>\n<\/div>\n<div class=\"mc-column content-text active-extra-styles \" data-block-type=\"unstyled\" data-block-weight=\"50\" data-block-id=\"9\">\n<p class=\" content-text__container \" data-track-category=\"Link no Texto\" data-track-links=\"\" data-mrf-recirculation=\"Article links\">Recentemente, os Estados Unidos propuseram ao Brasil classificar o tr\u00e1fico de drogas como terrorismo. O pa\u00eds recusou com base em sua legisla\u00e7\u00e3o. Aqui, a lei antiterrorista chegou um pouco tarde. Durante muito tempo, o Brasil hesitou por achar que ela poderia atingir movimentos sociais. Tornou-se obrigat\u00f3ria para que houvesse Olimp\u00edada.<\/p>\n<div class=\"mc-column content-text active-extra-styles \" data-block-type=\"unstyled\" data-block-weight=\"29\" data-block-id=\"11\">\n<p class=\" content-text__container \" data-track-category=\"Link no Texto\" data-track-links=\"\" data-mrf-recirculation=\"Article links\">Mesmo sem coincidir com a proposta americana, um estudo sobre o combate \u00e0 M\u00e1fia poderia ser grande inspira\u00e7\u00e3o. Houve um trabalho articulado de repress\u00e3o policial, legisla\u00e7\u00e3o adequada e investimentos.<\/p>\n<\/div>\n<div class=\"mc-column content-text active-extra-styles \" data-block-type=\"unstyled\" data-block-weight=\"40\" data-block-id=\"12\">\n<p class=\" content-text__container \" data-track-category=\"Link no Texto\" data-track-links=\"\" data-mrf-recirculation=\"Article links\">O Brasil pode dar o primeiro passo com a PEC da Seguran\u00e7a P\u00fablica. Mas est\u00e1 demorando muito. Por meio dela, \u00e9 poss\u00edvel considerar o crime organizado um desafio nacional. Nos Estados Unidos, o FBI tamb\u00e9m relutou em reconhecer o problema.<\/p>\n<\/div>\n<div class=\"mc-column content-text active-extra-styles \" data-block-type=\"unstyled\" data-block-weight=\"44\" data-block-id=\"13\">\n<p class=\" content-text__container \" data-track-category=\"Link no Texto\" data-track-links=\"\" data-mrf-recirculation=\"Article links\">Dois marcos fundamentais, al\u00e9m da responsabilidade nacional: uma lei que permita atacar organiza\u00e7\u00f5es criminosas como entidades e um programa de prote\u00e7\u00e3o \u00e0s testemunhas. Este \u00faltimo, temos no Brasil. Mas carece de credibilidade quando se v\u00ea o assassinato de um delegado que combatia o PCC.<\/p>\n<div class=\"mc-column content-text active-extra-styles \" data-block-type=\"unstyled\" data-block-weight=\"48\" data-block-id=\"14\">\n<p class=\" content-text__container \" data-track-category=\"Link no Texto\" data-track-links=\"\" data-mrf-recirculation=\"Article links\">No combate \u00e0 M\u00e1fia, al\u00e9m de grava\u00e7\u00f5es elucidativas, o FBI conseguia se infiltrar. A infiltra\u00e7\u00e3o \u00e9 uma t\u00e1tica v\u00e1lida, mas depende de alta qualidade profissional. Sempre sob lideran\u00e7a nacional, o desmonte da M\u00e1fia n\u00e3o foi uma opera\u00e7\u00e3o \u00fanica e bomb\u00e1stica, mas um processo gradual, envolvendo Justi\u00e7a e pol\u00edcia.<\/p>\n<\/div>\n<div class=\"mc-column content-text active-extra-styles \" data-block-type=\"unstyled\" data-block-weight=\"70\" data-block-id=\"15\">\n<p class=\" content-text__container \" data-track-category=\"Link no Texto\" data-track-links=\"\" data-mrf-recirculation=\"Article links\">Tudo isso deveria ser discutido com urg\u00eancia num Parlamento que prefere abrir novos flancos ao crime. Nem a responsabilidade federal foi aceita. Lembro-me do in\u00edcio do s\u00e9culo, quando faz\u00edamos mapas mostrando a ocupa\u00e7\u00e3o do Rio pelo tr\u00e1fico e a mil\u00edcia. Pens\u00e1vamos que isso ajudaria. O dom\u00ednio territorial se expandiu, o crime avan\u00e7ou, a organiza\u00e7\u00e3o policial foi devastada pelos problemas da pr\u00f3pria c\u00fapula do governo. Quase todos os governadores foram presos.<\/p>\n<p data-track-category=\"Link no Texto\" data-track-links=\"\" data-mrf-recirculation=\"Article links\">Os navios nacionais deveriam nos cercar para evitar que, no futuro, outras bandeiras tremulem no cerco.<\/p>\n<\/div>\n<\/div>\n<\/div>\n<\/div>\n<p>&nbsp;<\/p>\n","protected":false},"excerpt":{"rendered":"<p>\u00a0 Por Fernando Gabeira\u00a0 &#8211;\u00a0 Um ex-delegado-geral de S\u00e3o Paulo \u00e9 assassinado pelo PCC em Praia Grande, S\u00e3o Paulo. Deputados votam a PEC da Blindagem para n\u00e3o ser presos ou processados sem a autoriza\u00e7\u00e3o dos pares. Barcos de guerra e submarino americanos navegam no Caribe, diante da Venezuela. S\u00e3o tr\u00eas fatos que n\u00e3o parecem ter [&hellip;]<\/p>\n","protected":false},"author":1,"featured_media":1799,"comment_status":"open","ping_status":"open","sticky":false,"template":"","format":"standard","meta":{"footnotes":"","jetpack_publicize_message":"","jetpack_publicize_feature_enabled":true,"jetpack_social_post_already_shared":true,"jetpack_social_options":{"image_generator_settings":{"template":"highway","default_image_id":0,"font":"","enabled":false},"version":2}},"categories":[1,76,65],"tags":[],"class_list":["post-1797","post","type-post","status-publish","format-standard","has-post-thumbnail","hentry","category-https-gazetapernambucana-com-page_id225","category-opiniao","category-politica"],"yoast_head":"<!-- This site is optimized with the Yoast SEO plugin v24.5 - https:\/\/yoast.com\/wordpress\/plugins\/seo\/ -->\n<title>Os perigos do narcoestado. Por Fernando Gabeira -<\/title>\n<meta name=\"robots\" content=\"index, follow, max-snippet:-1, max-image-preview:large, max-video-preview:-1\" \/>\n<link rel=\"canonical\" href=\"https:\/\/gazetapernambucana.com\/?p=1797\" \/>\n<meta property=\"og:locale\" content=\"pt_BR\" \/>\n<meta property=\"og:type\" content=\"article\" \/>\n<meta property=\"og:title\" content=\"Os perigos do narcoestado. Por Fernando Gabeira -\" \/>\n<meta property=\"og:description\" content=\"\u00a0 Por Fernando Gabeira\u00a0 &#8211;\u00a0 Um ex-delegado-geral de S\u00e3o Paulo \u00e9 assassinado pelo PCC em Praia Grande, S\u00e3o Paulo. Deputados votam a PEC da Blindagem para n\u00e3o ser presos ou processados sem a autoriza\u00e7\u00e3o dos pares. Barcos de guerra e submarino americanos navegam no Caribe, diante da Venezuela. S\u00e3o tr\u00eas fatos que n\u00e3o parecem ter [&hellip;]\" \/>\n<meta property=\"og:url\" content=\"https:\/\/gazetapernambucana.com\/?p=1797\" \/>\n<meta property=\"article:published_time\" content=\"2025-09-25T20:38:59+00:00\" \/>\n<meta property=\"og:image\" content=\"https:\/\/gazetapernambucana.com\/wp-content\/uploads\/2025\/09\/ilustra_globo-3-960x360-1.png\" \/>\n\t<meta property=\"og:image:width\" content=\"960\" \/>\n\t<meta property=\"og:image:height\" content=\"360\" \/>\n\t<meta property=\"og:image:type\" content=\"image\/png\" \/>\n<meta name=\"author\" content=\"GP\" \/>\n<meta name=\"twitter:card\" content=\"summary_large_image\" \/>\n<meta name=\"twitter:label1\" content=\"Escrito por\" \/>\n\t<meta name=\"twitter:data1\" content=\"GP\" \/>\n\t<meta name=\"twitter:label2\" content=\"Est. tempo de leitura\" \/>\n\t<meta name=\"twitter:data2\" content=\"4 minutos\" \/>\n<script type=\"application\/ld+json\" class=\"yoast-schema-graph\">{\"@context\":\"https:\/\/schema.org\",\"@graph\":[{\"@type\":\"WebPage\",\"@id\":\"https:\/\/gazetapernambucana.com\/?p=1797\",\"url\":\"https:\/\/gazetapernambucana.com\/?p=1797\",\"name\":\"Os perigos do narcoestado. Por Fernando Gabeira -\",\"isPartOf\":{\"@id\":\"https:\/\/gazetapernambucana.com\/#website\"},\"primaryImageOfPage\":{\"@id\":\"https:\/\/gazetapernambucana.com\/?p=1797#primaryimage\"},\"image\":{\"@id\":\"https:\/\/gazetapernambucana.com\/?p=1797#primaryimage\"},\"thumbnailUrl\":\"https:\/\/gazetapernambucana.com\/wp-content\/uploads\/2025\/09\/ilustra_globo-3-960x360-1.png\",\"datePublished\":\"2025-09-25T20:38:59+00:00\",\"author\":{\"@id\":\"https:\/\/gazetapernambucana.com\/#\/schema\/person\/188dc283325181ac2de4db1e9e987427\"},\"breadcrumb\":{\"@id\":\"https:\/\/gazetapernambucana.com\/?p=1797#breadcrumb\"},\"inLanguage\":\"pt-BR\",\"potentialAction\":[{\"@type\":\"ReadAction\",\"target\":[\"https:\/\/gazetapernambucana.com\/?p=1797\"]}]},{\"@type\":\"ImageObject\",\"inLanguage\":\"pt-BR\",\"@id\":\"https:\/\/gazetapernambucana.com\/?p=1797#primaryimage\",\"url\":\"https:\/\/gazetapernambucana.com\/wp-content\/uploads\/2025\/09\/ilustra_globo-3-960x360-1.png\",\"contentUrl\":\"https:\/\/gazetapernambucana.com\/wp-content\/uploads\/2025\/09\/ilustra_globo-3-960x360-1.png\",\"width\":960,\"height\":360},{\"@type\":\"BreadcrumbList\",\"@id\":\"https:\/\/gazetapernambucana.com\/?p=1797#breadcrumb\",\"itemListElement\":[{\"@type\":\"ListItem\",\"position\":1,\"name\":\"In\u00edcio\",\"item\":\"https:\/\/gazetapernambucana.com\/\"},{\"@type\":\"ListItem\",\"position\":2,\"name\":\"Os perigos do narcoestado. Por Fernando Gabeira\"}]},{\"@type\":\"WebSite\",\"@id\":\"https:\/\/gazetapernambucana.com\/#website\",\"url\":\"https:\/\/gazetapernambucana.com\/\",\"name\":\"\",\"description\":\"\",\"potentialAction\":[{\"@type\":\"SearchAction\",\"target\":{\"@type\":\"EntryPoint\",\"urlTemplate\":\"https:\/\/gazetapernambucana.com\/?s={search_term_string}\"},\"query-input\":{\"@type\":\"PropertyValueSpecification\",\"valueRequired\":true,\"valueName\":\"search_term_string\"}}],\"inLanguage\":\"pt-BR\"},{\"@type\":\"Person\",\"@id\":\"https:\/\/gazetapernambucana.com\/#\/schema\/person\/188dc283325181ac2de4db1e9e987427\",\"name\":\"GP\",\"image\":{\"@type\":\"ImageObject\",\"inLanguage\":\"pt-BR\",\"@id\":\"https:\/\/gazetapernambucana.com\/#\/schema\/person\/image\/\",\"url\":\"https:\/\/secure.gravatar.com\/avatar\/9dad78ff9a2d8b5742d11779f8a3f53b052320c550b2e1907882353c067bb111?s=96&d=mm&r=g\",\"contentUrl\":\"https:\/\/secure.gravatar.com\/avatar\/9dad78ff9a2d8b5742d11779f8a3f53b052320c550b2e1907882353c067bb111?s=96&d=mm&r=g\",\"caption\":\"GP\"},\"sameAs\":[\"http:\/\/gazetapernambucana.com\"],\"url\":\"https:\/\/gazetapernambucana.com\/?author=1\"}]}<\/script>\n<!-- \/ Yoast SEO plugin. -->","yoast_head_json":{"title":"Os perigos do narcoestado. Por Fernando Gabeira -","robots":{"index":"index","follow":"follow","max-snippet":"max-snippet:-1","max-image-preview":"max-image-preview:large","max-video-preview":"max-video-preview:-1"},"canonical":"https:\/\/gazetapernambucana.com\/?p=1797","og_locale":"pt_BR","og_type":"article","og_title":"Os perigos do narcoestado. Por Fernando Gabeira -","og_description":"\u00a0 Por Fernando Gabeira\u00a0 &#8211;\u00a0 Um ex-delegado-geral de S\u00e3o Paulo \u00e9 assassinado pelo PCC em Praia Grande, S\u00e3o Paulo. Deputados votam a PEC da Blindagem para n\u00e3o ser presos ou processados sem a autoriza\u00e7\u00e3o dos pares. Barcos de guerra e submarino americanos navegam no Caribe, diante da Venezuela. S\u00e3o tr\u00eas fatos que n\u00e3o parecem ter [&hellip;]","og_url":"https:\/\/gazetapernambucana.com\/?p=1797","article_published_time":"2025-09-25T20:38:59+00:00","og_image":[{"width":960,"height":360,"url":"https:\/\/gazetapernambucana.com\/wp-content\/uploads\/2025\/09\/ilustra_globo-3-960x360-1.png","type":"image\/png"}],"author":"GP","twitter_card":"summary_large_image","twitter_misc":{"Escrito por":"GP","Est. tempo de leitura":"4 minutos"},"schema":{"@context":"https:\/\/schema.org","@graph":[{"@type":"WebPage","@id":"https:\/\/gazetapernambucana.com\/?p=1797","url":"https:\/\/gazetapernambucana.com\/?p=1797","name":"Os perigos do narcoestado. Por Fernando Gabeira -","isPartOf":{"@id":"https:\/\/gazetapernambucana.com\/#website"},"primaryImageOfPage":{"@id":"https:\/\/gazetapernambucana.com\/?p=1797#primaryimage"},"image":{"@id":"https:\/\/gazetapernambucana.com\/?p=1797#primaryimage"},"thumbnailUrl":"https:\/\/gazetapernambucana.com\/wp-content\/uploads\/2025\/09\/ilustra_globo-3-960x360-1.png","datePublished":"2025-09-25T20:38:59+00:00","author":{"@id":"https:\/\/gazetapernambucana.com\/#\/schema\/person\/188dc283325181ac2de4db1e9e987427"},"breadcrumb":{"@id":"https:\/\/gazetapernambucana.com\/?p=1797#breadcrumb"},"inLanguage":"pt-BR","potentialAction":[{"@type":"ReadAction","target":["https:\/\/gazetapernambucana.com\/?p=1797"]}]},{"@type":"ImageObject","inLanguage":"pt-BR","@id":"https:\/\/gazetapernambucana.com\/?p=1797#primaryimage","url":"https:\/\/gazetapernambucana.com\/wp-content\/uploads\/2025\/09\/ilustra_globo-3-960x360-1.png","contentUrl":"https:\/\/gazetapernambucana.com\/wp-content\/uploads\/2025\/09\/ilustra_globo-3-960x360-1.png","width":960,"height":360},{"@type":"BreadcrumbList","@id":"https:\/\/gazetapernambucana.com\/?p=1797#breadcrumb","itemListElement":[{"@type":"ListItem","position":1,"name":"In\u00edcio","item":"https:\/\/gazetapernambucana.com\/"},{"@type":"ListItem","position":2,"name":"Os perigos do narcoestado. Por Fernando Gabeira"}]},{"@type":"WebSite","@id":"https:\/\/gazetapernambucana.com\/#website","url":"https:\/\/gazetapernambucana.com\/","name":"","description":"","potentialAction":[{"@type":"SearchAction","target":{"@type":"EntryPoint","urlTemplate":"https:\/\/gazetapernambucana.com\/?s={search_term_string}"},"query-input":{"@type":"PropertyValueSpecification","valueRequired":true,"valueName":"search_term_string"}}],"inLanguage":"pt-BR"},{"@type":"Person","@id":"https:\/\/gazetapernambucana.com\/#\/schema\/person\/188dc283325181ac2de4db1e9e987427","name":"GP","image":{"@type":"ImageObject","inLanguage":"pt-BR","@id":"https:\/\/gazetapernambucana.com\/#\/schema\/person\/image\/","url":"https:\/\/secure.gravatar.com\/avatar\/9dad78ff9a2d8b5742d11779f8a3f53b052320c550b2e1907882353c067bb111?s=96&d=mm&r=g","contentUrl":"https:\/\/secure.gravatar.com\/avatar\/9dad78ff9a2d8b5742d11779f8a3f53b052320c550b2e1907882353c067bb111?s=96&d=mm&r=g","caption":"GP"},"sameAs":["http:\/\/gazetapernambucana.com"],"url":"https:\/\/gazetapernambucana.com\/?author=1"}]}},"jetpack_publicize_connections":[],"_links":{"self":[{"href":"https:\/\/gazetapernambucana.com\/index.php?rest_route=\/wp\/v2\/posts\/1797","targetHints":{"allow":["GET"]}}],"collection":[{"href":"https:\/\/gazetapernambucana.com\/index.php?rest_route=\/wp\/v2\/posts"}],"about":[{"href":"https:\/\/gazetapernambucana.com\/index.php?rest_route=\/wp\/v2\/types\/post"}],"author":[{"embeddable":true,"href":"https:\/\/gazetapernambucana.com\/index.php?rest_route=\/wp\/v2\/users\/1"}],"replies":[{"embeddable":true,"href":"https:\/\/gazetapernambucana.com\/index.php?rest_route=%2Fwp%2Fv2%2Fcomments&post=1797"}],"version-history":[{"count":2,"href":"https:\/\/gazetapernambucana.com\/index.php?rest_route=\/wp\/v2\/posts\/1797\/revisions"}],"predecessor-version":[{"id":1800,"href":"https:\/\/gazetapernambucana.com\/index.php?rest_route=\/wp\/v2\/posts\/1797\/revisions\/1800"}],"wp:featuredmedia":[{"embeddable":true,"href":"https:\/\/gazetapernambucana.com\/index.php?rest_route=\/wp\/v2\/media\/1799"}],"wp:attachment":[{"href":"https:\/\/gazetapernambucana.com\/index.php?rest_route=%2Fwp%2Fv2%2Fmedia&parent=1797"}],"wp:term":[{"taxonomy":"category","embeddable":true,"href":"https:\/\/gazetapernambucana.com\/index.php?rest_route=%2Fwp%2Fv2%2Fcategories&post=1797"},{"taxonomy":"post_tag","embeddable":true,"href":"https:\/\/gazetapernambucana.com\/index.php?rest_route=%2Fwp%2Fv2%2Ftags&post=1797"}],"curies":[{"name":"wp","href":"https:\/\/api.w.org\/{rel}","templated":true}]}}