{"id":1795,"date":"2025-09-25T15:56:48","date_gmt":"2025-09-25T18:56:48","guid":{"rendered":"https:\/\/gazetapernambucana.com\/?p=1795"},"modified":"2025-09-25T15:56:48","modified_gmt":"2025-09-25T18:56:48","slug":"conflito-de-geracoes-por-claudemir-gomes","status":"publish","type":"post","link":"https:\/\/gazetapernambucana.com\/?p=1795","title":{"rendered":"Conflito de Gera\u00e7\u00f5es. Por CLAUDEMIR GOMES"},"content":{"rendered":"<p style=\"font-weight: 400;\">\n<p><strong><img loading=\"lazy\" decoding=\"async\" class=\"alignnone size-full wp-image-1250\" src=\"http:\/\/gazetapernambucana.com\/wp-content\/uploads\/2025\/07\/43163348_124416095196984_1643391599985557504_n-1-1-300x300-1.jpg\" alt=\"\" width=\"300\" height=\"300\" srcset=\"https:\/\/gazetapernambucana.com\/wp-content\/uploads\/2025\/07\/43163348_124416095196984_1643391599985557504_n-1-1-300x300-1.jpg 300w, https:\/\/gazetapernambucana.com\/wp-content\/uploads\/2025\/07\/43163348_124416095196984_1643391599985557504_n-1-1-300x300-1-150x150.jpg 150w\" sizes=\"auto, (max-width: 300px) 100vw, 300px\" \/>\u00a0 Por CLAUDEMIR GOMES<\/strong><\/p>\n<p>Um clube que chega a uma final de competi\u00e7\u00e3o tem seus m\u00e9ritos. Isto \u00e9 fato, e contra fatos n\u00e3o existe argumentos. Portanto, o centen\u00e1rio Santa Cruz, e o emergente Barra, s\u00e3o merecedores de estarem brigando pelo t\u00edtulo da edi\u00e7\u00e3o 2025 do Brasileiro da S\u00e9rie D. O embate do &#8220;novo&#8221; com o &#8220;velho&#8221; \u00e9 marcado por objetivos an\u00e1logos que v\u00e3o bem mais al\u00e9m da conquista de um t\u00edtulo. Enquanto o clube catarinense busca a afirma\u00e7\u00e3o no cen\u00e1rio do futebol brasileiro, o Tricolor Pernambucano espera dar um salto qualitativo no seu projeto de reconstru\u00e7\u00e3o.<\/p>\n<p>Os dois times descreveram campanhas semelhantes na fase de grupos. O Barra foi o primeiro colocado de sua chave com 26 pontos ganhos; resultante de 8 vit\u00f3rias, 2 empates e 4 derrotas. Aproveitamento de 61%. Por outro lado, o Santa Cruz somou 28 pontos. O Clube do Povo contabilizou 8 vit\u00f3rias, 3 empates e 3 derrotas, tendo um aproveitamento de 64%.<\/p>\n<p>O Pescador e a Cobra Coral, \u00e9 assim que s\u00e3o chamados, respectivamente o Barra e o Santa Cruz, marcaram, cada um, 20 gols, e sofreram 10 tentos, na fase de classifica\u00e7\u00e3o. Mais parelhos, imposs\u00edvel.<\/p>\n<p>Quando os jogos passaram a ser eliminat\u00f3rios, pelo sistema de mata-mata, O Barra teve um melhor aproveitamento; superou todos os advers\u00e1rios sem enfrentar nenhuma decis\u00e3o por p\u00eanalti. O Santa Cruz decidiu duas classifica\u00e7\u00f5es nos p\u00eanaltis, contra Sergipe e Altos, respectivamente. Os dois times utilizam o mando de campo como a carta na manga que dar\u00e1 a vit\u00f3ria. Durante toda a competi\u00e7\u00e3o o Barra perdeu apenas um jogo na sua arena.<\/p>\n<p>O conflito de gera\u00e7\u00f5es &#8211; Novo x Velho &#8211; tira a decis\u00e3o da edi\u00e7\u00e3o 2025 da S\u00e9rie D do lugar comum, raz\u00e3o pela qual est\u00e1 despertando tanta aten\u00e7\u00e3o. De um lado, o centen\u00e1rio Santa Cruz, clube com um passado de gl\u00f3rias; o Terror do Nordeste; Fita Azul do Futebol Brasileiro; Tri Supercampe\u00e3o Pernambucano; ber\u00e7o de dezenas de jogadores que fizeram sucesso no futebol nacional e internacional e dono do Est\u00e1dio Jos\u00e9 do Rego Maciel &#8211; Arruda &#8211; que durante v\u00e1rias d\u00e9cadas acolheu a Sele\u00e7\u00e3o Brasileira em suas incurs\u00f5es pelo Nordeste.<\/p>\n<p>Quando o Santa Cruz estava pr\u00f3ximo de completar 100 anos, surge um fato novo no cen\u00e1rio do futebol brasileiro: o Barra Futebol Clube. O clube nasceu na Regi\u00e3o Metropolitana das Margens do Itaja\u00ed, seguindo os princ\u00edpios que regem a nova ordem do futebol mundial. Tendo como parceiros o alem\u00e3o Hoffenheim, e o portugu\u00eas Acad\u00eamico do Viseu, o clube que \u00e9 um exemplo de SAF exitosa. J\u00e1 disputou duas semifinais do Campeonato Catarinense, e na sua segunda participa\u00e7\u00e3o na S\u00e9rie D, est\u00e1 buscando seu primeiro t\u00edtulo nacional. O Barra possui um est\u00e1dio com capacidade para 5 mil torcedores e tem um centro de treinamento dotado de uma infraestrutura ultramoderna. Enfim, um clube em sintonia com o novo tempo.<\/p>\n<p>Tra\u00e7ar um paralelo entre a moderna estrutura do clube catarinense, e a antiquada estrutura do Santa Cruz, pode-se dizer que o &#8220;novo&#8221; larga na frente.<\/p>\n<p>O diferencial que deve levar o p\u00eandulo da balan\u00e7a se mover para o lado do time pernambucano \u00e9 o seu patrim\u00f4nio imaterial: a torcida, uma das maiores e mais fi\u00e9is do futebol brasileiro.<\/p>\n<p>A torcida coral \u00e9 tida como um movimento popular, fato que explica o seu crescimento diante de tantas adversidades enfrentadas pelo Santa Cruz no S\u00e9culo XXI, per\u00edodo no qual o clube desidratou, mas nem por isso deixou de contar com o respaldo de sua imensa torcida.<\/p>\n<p>Se vivo estivesse, e aqui vivesse, Sigmund Freud, o fundador da psican\u00e1lise, iria queimar todos os seus neur\u00f4nios e n\u00e3o explicaria o fen\u00f4meno que \u00e9 a torcida do Santa Cruz.<\/p>\n<p>O Barra joga numa arena cuja capacidade \u00e9 de 5 mil torcedores. Um pequeno aqu\u00e1rio onde o Pescador tem amplo dom\u00ednio sobre suas presas.<\/p>\n<p>O Santa Cruz joga numa arena que tem capacidade de acolher mais de 45 mil torcedores. Quando o coro un\u00edssono, formado por milhares de vozes, faz ecoar o grito &#8211; D\u00c1-LHE SANTA &#8211; \u00e9 uma barra para qualquer advers\u00e1rio.<\/p>\n<p>Sempre foi assim, e assim ser\u00e1: no grito da torcida.<\/p>\n","protected":false},"excerpt":{"rendered":"<p>\u00a0 Por CLAUDEMIR GOMES Um clube que chega a uma final de competi\u00e7\u00e3o tem seus m\u00e9ritos. Isto \u00e9 fato, e contra fatos n\u00e3o existe argumentos. Portanto, o centen\u00e1rio Santa Cruz, e o emergente Barra, s\u00e3o merecedores de estarem brigando pelo t\u00edtulo da edi\u00e7\u00e3o 2025 do Brasileiro da S\u00e9rie D. O embate do &#8220;novo&#8221; com o [&hellip;]<\/p>\n","protected":false},"author":1,"featured_media":1250,"comment_status":"open","ping_status":"open","sticky":false,"template":"","format":"standard","meta":{"footnotes":"","jetpack_publicize_message":"","jetpack_publicize_feature_enabled":true,"jetpack_social_post_already_shared":true,"jetpack_social_options":{"image_generator_settings":{"template":"highway","default_image_id":0,"font":"","enabled":false},"version":2}},"categories":[1,39,76],"tags":[],"class_list":["post-1795","post","type-post","status-publish","format-standard","has-post-thumbnail","hentry","category-https-gazetapernambucana-com-page_id225","category-https-gazetapernambucana-com-page_id221","category-opiniao"],"yoast_head":"<!-- This site is optimized with the Yoast SEO plugin v24.5 - https:\/\/yoast.com\/wordpress\/plugins\/seo\/ -->\n<title>Conflito de Gera\u00e7\u00f5es. Por CLAUDEMIR GOMES -<\/title>\n<meta name=\"robots\" content=\"index, follow, max-snippet:-1, max-image-preview:large, max-video-preview:-1\" \/>\n<link rel=\"canonical\" href=\"http:\/\/gazetapernambucana.com\/?p=1795\" \/>\n<meta property=\"og:locale\" content=\"pt_BR\" \/>\n<meta property=\"og:type\" content=\"article\" \/>\n<meta property=\"og:title\" content=\"Conflito de Gera\u00e7\u00f5es. Por CLAUDEMIR GOMES -\" \/>\n<meta property=\"og:description\" content=\"\u00a0 Por CLAUDEMIR GOMES Um clube que chega a uma final de competi\u00e7\u00e3o tem seus m\u00e9ritos. Isto \u00e9 fato, e contra fatos n\u00e3o existe argumentos. Portanto, o centen\u00e1rio Santa Cruz, e o emergente Barra, s\u00e3o merecedores de estarem brigando pelo t\u00edtulo da edi\u00e7\u00e3o 2025 do Brasileiro da S\u00e9rie D. O embate do &#8220;novo&#8221; com o [&hellip;]\" \/>\n<meta property=\"og:url\" content=\"http:\/\/gazetapernambucana.com\/?p=1795\" \/>\n<meta property=\"article:published_time\" content=\"2025-09-25T18:56:48+00:00\" \/>\n<meta property=\"og:image\" content=\"http:\/\/gazetapernambucana.com\/wp-content\/uploads\/2025\/07\/43163348_124416095196984_1643391599985557504_n-1-1-300x300-1.jpg\" \/>\n\t<meta property=\"og:image:width\" content=\"300\" \/>\n\t<meta property=\"og:image:height\" content=\"300\" \/>\n\t<meta property=\"og:image:type\" content=\"image\/jpeg\" \/>\n<meta name=\"author\" content=\"GP\" \/>\n<meta name=\"twitter:card\" content=\"summary_large_image\" \/>\n<meta name=\"twitter:label1\" content=\"Escrito por\" \/>\n\t<meta name=\"twitter:data1\" content=\"GP\" \/>\n\t<meta name=\"twitter:label2\" content=\"Est. tempo de leitura\" \/>\n\t<meta name=\"twitter:data2\" content=\"5 minutos\" \/>\n<script type=\"application\/ld+json\" class=\"yoast-schema-graph\">{\"@context\":\"https:\/\/schema.org\",\"@graph\":[{\"@type\":\"WebPage\",\"@id\":\"http:\/\/gazetapernambucana.com\/?p=1795\",\"url\":\"http:\/\/gazetapernambucana.com\/?p=1795\",\"name\":\"Conflito de Gera\u00e7\u00f5es. Por CLAUDEMIR GOMES -\",\"isPartOf\":{\"@id\":\"https:\/\/gazetapernambucana.com\/#website\"},\"primaryImageOfPage\":{\"@id\":\"http:\/\/gazetapernambucana.com\/?p=1795#primaryimage\"},\"image\":{\"@id\":\"http:\/\/gazetapernambucana.com\/?p=1795#primaryimage\"},\"thumbnailUrl\":\"https:\/\/gazetapernambucana.com\/wp-content\/uploads\/2025\/07\/43163348_124416095196984_1643391599985557504_n-1-1-300x300-1.jpg\",\"datePublished\":\"2025-09-25T18:56:48+00:00\",\"author\":{\"@id\":\"https:\/\/gazetapernambucana.com\/#\/schema\/person\/188dc283325181ac2de4db1e9e987427\"},\"breadcrumb\":{\"@id\":\"http:\/\/gazetapernambucana.com\/?p=1795#breadcrumb\"},\"inLanguage\":\"pt-BR\",\"potentialAction\":[{\"@type\":\"ReadAction\",\"target\":[\"http:\/\/gazetapernambucana.com\/?p=1795\"]}]},{\"@type\":\"ImageObject\",\"inLanguage\":\"pt-BR\",\"@id\":\"http:\/\/gazetapernambucana.com\/?p=1795#primaryimage\",\"url\":\"https:\/\/gazetapernambucana.com\/wp-content\/uploads\/2025\/07\/43163348_124416095196984_1643391599985557504_n-1-1-300x300-1.jpg\",\"contentUrl\":\"https:\/\/gazetapernambucana.com\/wp-content\/uploads\/2025\/07\/43163348_124416095196984_1643391599985557504_n-1-1-300x300-1.jpg\",\"width\":300,\"height\":300},{\"@type\":\"BreadcrumbList\",\"@id\":\"http:\/\/gazetapernambucana.com\/?p=1795#breadcrumb\",\"itemListElement\":[{\"@type\":\"ListItem\",\"position\":1,\"name\":\"In\u00edcio\",\"item\":\"https:\/\/gazetapernambucana.com\/\"},{\"@type\":\"ListItem\",\"position\":2,\"name\":\"Conflito de Gera\u00e7\u00f5es. Por CLAUDEMIR GOMES\"}]},{\"@type\":\"WebSite\",\"@id\":\"https:\/\/gazetapernambucana.com\/#website\",\"url\":\"https:\/\/gazetapernambucana.com\/\",\"name\":\"\",\"description\":\"\",\"potentialAction\":[{\"@type\":\"SearchAction\",\"target\":{\"@type\":\"EntryPoint\",\"urlTemplate\":\"https:\/\/gazetapernambucana.com\/?s={search_term_string}\"},\"query-input\":{\"@type\":\"PropertyValueSpecification\",\"valueRequired\":true,\"valueName\":\"search_term_string\"}}],\"inLanguage\":\"pt-BR\"},{\"@type\":\"Person\",\"@id\":\"https:\/\/gazetapernambucana.com\/#\/schema\/person\/188dc283325181ac2de4db1e9e987427\",\"name\":\"GP\",\"image\":{\"@type\":\"ImageObject\",\"inLanguage\":\"pt-BR\",\"@id\":\"https:\/\/gazetapernambucana.com\/#\/schema\/person\/image\/\",\"url\":\"https:\/\/secure.gravatar.com\/avatar\/9dad78ff9a2d8b5742d11779f8a3f53b052320c550b2e1907882353c067bb111?s=96&d=mm&r=g\",\"contentUrl\":\"https:\/\/secure.gravatar.com\/avatar\/9dad78ff9a2d8b5742d11779f8a3f53b052320c550b2e1907882353c067bb111?s=96&d=mm&r=g\",\"caption\":\"GP\"},\"sameAs\":[\"http:\/\/gazetapernambucana.com\"],\"url\":\"https:\/\/gazetapernambucana.com\/?author=1\"}]}<\/script>\n<!-- \/ Yoast SEO plugin. -->","yoast_head_json":{"title":"Conflito de Gera\u00e7\u00f5es. Por CLAUDEMIR GOMES -","robots":{"index":"index","follow":"follow","max-snippet":"max-snippet:-1","max-image-preview":"max-image-preview:large","max-video-preview":"max-video-preview:-1"},"canonical":"http:\/\/gazetapernambucana.com\/?p=1795","og_locale":"pt_BR","og_type":"article","og_title":"Conflito de Gera\u00e7\u00f5es. Por CLAUDEMIR GOMES -","og_description":"\u00a0 Por CLAUDEMIR GOMES Um clube que chega a uma final de competi\u00e7\u00e3o tem seus m\u00e9ritos. Isto \u00e9 fato, e contra fatos n\u00e3o existe argumentos. Portanto, o centen\u00e1rio Santa Cruz, e o emergente Barra, s\u00e3o merecedores de estarem brigando pelo t\u00edtulo da edi\u00e7\u00e3o 2025 do Brasileiro da S\u00e9rie D. O embate do &#8220;novo&#8221; com o [&hellip;]","og_url":"http:\/\/gazetapernambucana.com\/?p=1795","article_published_time":"2025-09-25T18:56:48+00:00","og_image":[{"width":300,"height":300,"url":"http:\/\/gazetapernambucana.com\/wp-content\/uploads\/2025\/07\/43163348_124416095196984_1643391599985557504_n-1-1-300x300-1.jpg","type":"image\/jpeg"}],"author":"GP","twitter_card":"summary_large_image","twitter_misc":{"Escrito por":"GP","Est. tempo de leitura":"5 minutos"},"schema":{"@context":"https:\/\/schema.org","@graph":[{"@type":"WebPage","@id":"http:\/\/gazetapernambucana.com\/?p=1795","url":"http:\/\/gazetapernambucana.com\/?p=1795","name":"Conflito de Gera\u00e7\u00f5es. Por CLAUDEMIR GOMES -","isPartOf":{"@id":"https:\/\/gazetapernambucana.com\/#website"},"primaryImageOfPage":{"@id":"http:\/\/gazetapernambucana.com\/?p=1795#primaryimage"},"image":{"@id":"http:\/\/gazetapernambucana.com\/?p=1795#primaryimage"},"thumbnailUrl":"https:\/\/gazetapernambucana.com\/wp-content\/uploads\/2025\/07\/43163348_124416095196984_1643391599985557504_n-1-1-300x300-1.jpg","datePublished":"2025-09-25T18:56:48+00:00","author":{"@id":"https:\/\/gazetapernambucana.com\/#\/schema\/person\/188dc283325181ac2de4db1e9e987427"},"breadcrumb":{"@id":"http:\/\/gazetapernambucana.com\/?p=1795#breadcrumb"},"inLanguage":"pt-BR","potentialAction":[{"@type":"ReadAction","target":["http:\/\/gazetapernambucana.com\/?p=1795"]}]},{"@type":"ImageObject","inLanguage":"pt-BR","@id":"http:\/\/gazetapernambucana.com\/?p=1795#primaryimage","url":"https:\/\/gazetapernambucana.com\/wp-content\/uploads\/2025\/07\/43163348_124416095196984_1643391599985557504_n-1-1-300x300-1.jpg","contentUrl":"https:\/\/gazetapernambucana.com\/wp-content\/uploads\/2025\/07\/43163348_124416095196984_1643391599985557504_n-1-1-300x300-1.jpg","width":300,"height":300},{"@type":"BreadcrumbList","@id":"http:\/\/gazetapernambucana.com\/?p=1795#breadcrumb","itemListElement":[{"@type":"ListItem","position":1,"name":"In\u00edcio","item":"https:\/\/gazetapernambucana.com\/"},{"@type":"ListItem","position":2,"name":"Conflito de Gera\u00e7\u00f5es. Por CLAUDEMIR GOMES"}]},{"@type":"WebSite","@id":"https:\/\/gazetapernambucana.com\/#website","url":"https:\/\/gazetapernambucana.com\/","name":"","description":"","potentialAction":[{"@type":"SearchAction","target":{"@type":"EntryPoint","urlTemplate":"https:\/\/gazetapernambucana.com\/?s={search_term_string}"},"query-input":{"@type":"PropertyValueSpecification","valueRequired":true,"valueName":"search_term_string"}}],"inLanguage":"pt-BR"},{"@type":"Person","@id":"https:\/\/gazetapernambucana.com\/#\/schema\/person\/188dc283325181ac2de4db1e9e987427","name":"GP","image":{"@type":"ImageObject","inLanguage":"pt-BR","@id":"https:\/\/gazetapernambucana.com\/#\/schema\/person\/image\/","url":"https:\/\/secure.gravatar.com\/avatar\/9dad78ff9a2d8b5742d11779f8a3f53b052320c550b2e1907882353c067bb111?s=96&d=mm&r=g","contentUrl":"https:\/\/secure.gravatar.com\/avatar\/9dad78ff9a2d8b5742d11779f8a3f53b052320c550b2e1907882353c067bb111?s=96&d=mm&r=g","caption":"GP"},"sameAs":["http:\/\/gazetapernambucana.com"],"url":"https:\/\/gazetapernambucana.com\/?author=1"}]}},"jetpack_publicize_connections":[],"_links":{"self":[{"href":"https:\/\/gazetapernambucana.com\/index.php?rest_route=\/wp\/v2\/posts\/1795","targetHints":{"allow":["GET"]}}],"collection":[{"href":"https:\/\/gazetapernambucana.com\/index.php?rest_route=\/wp\/v2\/posts"}],"about":[{"href":"https:\/\/gazetapernambucana.com\/index.php?rest_route=\/wp\/v2\/types\/post"}],"author":[{"embeddable":true,"href":"https:\/\/gazetapernambucana.com\/index.php?rest_route=\/wp\/v2\/users\/1"}],"replies":[{"embeddable":true,"href":"https:\/\/gazetapernambucana.com\/index.php?rest_route=%2Fwp%2Fv2%2Fcomments&post=1795"}],"version-history":[{"count":1,"href":"https:\/\/gazetapernambucana.com\/index.php?rest_route=\/wp\/v2\/posts\/1795\/revisions"}],"predecessor-version":[{"id":1796,"href":"https:\/\/gazetapernambucana.com\/index.php?rest_route=\/wp\/v2\/posts\/1795\/revisions\/1796"}],"wp:featuredmedia":[{"embeddable":true,"href":"https:\/\/gazetapernambucana.com\/index.php?rest_route=\/wp\/v2\/media\/1250"}],"wp:attachment":[{"href":"https:\/\/gazetapernambucana.com\/index.php?rest_route=%2Fwp%2Fv2%2Fmedia&parent=1795"}],"wp:term":[{"taxonomy":"category","embeddable":true,"href":"https:\/\/gazetapernambucana.com\/index.php?rest_route=%2Fwp%2Fv2%2Fcategories&post=1795"},{"taxonomy":"post_tag","embeddable":true,"href":"https:\/\/gazetapernambucana.com\/index.php?rest_route=%2Fwp%2Fv2%2Ftags&post=1795"}],"curies":[{"name":"wp","href":"https:\/\/api.w.org\/{rel}","templated":true}]}}