{"id":1792,"date":"2025-09-24T22:07:28","date_gmt":"2025-09-25T01:07:28","guid":{"rendered":"https:\/\/gazetapernambucana.com\/?p=1792"},"modified":"2025-09-24T22:07:28","modified_gmt":"2025-09-25T01:07:28","slug":"blindagem-derrubada-expoe-crise-no-psb-e-fragilidade-de-pedro-campos","status":"publish","type":"post","link":"https:\/\/gazetapernambucana.com\/?p=1792","title":{"rendered":"Blindagem derrubada exp\u00f5e crise no PSB e fragilidade de Pedro Campos"},"content":{"rendered":"<p data-start=\"221\" data-end=\"295\">\n<p data-start=\"297\" data-end=\"596\"><img loading=\"lazy\" decoding=\"async\" class=\"alignnone size-medium wp-image-1793\" src=\"http:\/\/gazetapernambucana.com\/wp-content\/uploads\/2025\/09\/Deputado-Pedro-Campos-PSB-PE-1080-848x477-1-300x169.jpg\" alt=\"\" width=\"300\" height=\"169\" srcset=\"https:\/\/gazetapernambucana.com\/wp-content\/uploads\/2025\/09\/Deputado-Pedro-Campos-PSB-PE-1080-848x477-1-300x169.jpg 300w, https:\/\/gazetapernambucana.com\/wp-content\/uploads\/2025\/09\/Deputado-Pedro-Campos-PSB-PE-1080-848x477-1-768x432.jpg 768w, https:\/\/gazetapernambucana.com\/wp-content\/uploads\/2025\/09\/Deputado-Pedro-Campos-PSB-PE-1080-848x477-1.jpg 848w\" sizes=\"auto, (max-width: 300px) 100vw, 300px\" \/>\u00a0 \u00a0 \u00a0 O Senado sepultou de vez a chamada PEC da Blindagem, apelidada pela popula\u00e7\u00e3o de PEC da Bandidagem. A proposta, que buscava criar mecanismos de prote\u00e7\u00e3o para parlamentares diante de processos judiciais, foi rejeitada ap\u00f3s forte press\u00e3o popular e ampla mobiliza\u00e7\u00e3o de diversos setores da sociedade.<\/p>\n<p data-start=\"598\" data-end=\"985\">Entre os partidos que entraram em contradi\u00e7\u00e3o est\u00e1 o PSB, presidido nacionalmente pelo prefeito do Recife, Jo\u00e3o Campos. A bancada socialista inicialmente se alinhou ao texto, mas depois tentou se descolar da vota\u00e7\u00e3o diante da repercuss\u00e3o negativa. O pr\u00f3prio Jo\u00e3o Campos declarou que n\u00e3o sabia da decis\u00e3o de seus deputados, numa rea\u00e7\u00e3o que soou como surpresa tardia e pouco convincente.<\/p>\n<p data-start=\"987\" data-end=\"1338\">O epis\u00f3dio ganhou contornos ainda mais delicados em Pernambuco com o voto do deputado federal Pedro Campos, irm\u00e3o do presidente do PSB. Ele esteve entre os que apoiaram a PEC da Blindagem, mas recuou diante da enxurrada de cr\u00edticas. A rea\u00e7\u00e3o popular foi imediata e dura, colocando em xeque a coer\u00eancia do partido e o compromisso com a \u00e9tica p\u00fablica.<\/p>\n<p data-start=\"1340\" data-end=\"1756\">Pressionado, Pedro Campos gravou um v\u00eddeo pedindo desculpas e tentando justificar sua posi\u00e7\u00e3o. A defesa, por\u00e9m, foi considerada fr\u00e1gil e incapaz de convencer. Ao afirmar que sua inten\u00e7\u00e3o era proteger pautas do governo federal, ele acabou revelando inseguran\u00e7a pol\u00edtica e falta de firmeza. Para muitos, a tentativa de se explicar deixou claro que ainda n\u00e3o est\u00e1 preparado para a envergadura de ser deputado federal.<\/p>\n<p data-start=\"1758\" data-end=\"2053\">O desgaste foi inevit\u00e1vel. O PSB sai menor dessa vota\u00e7\u00e3o e carrega uma marca que ser\u00e1 lembrada nas elei\u00e7\u00f5es de 2026. A postura de Pedro Campos, em especial, exp\u00f5e imaturidade e fragilidade, tornando-se um s\u00edmbolo de como a press\u00e3o popular pode desmoralizar quem n\u00e3o sustenta convic\u00e7\u00f5es claras.<\/p>\n<p data-start=\"2055\" data-end=\"2293\">A derrota da blindagem foi uma vit\u00f3ria da sociedade e uma derrota para todos os que tentaram proteger privil\u00e9gios. No caso do PSB, a crise se aprofunda e traz reflexos diretos para o futuro pol\u00edtico do partido em Pernambuco e no Brasil.<\/p>\n","protected":false},"excerpt":{"rendered":"<p>\u00a0 \u00a0 \u00a0 O Senado sepultou de vez a chamada PEC da Blindagem, apelidada pela popula\u00e7\u00e3o de PEC da Bandidagem. A proposta, que buscava criar mecanismos de prote\u00e7\u00e3o para parlamentares diante de processos judiciais, foi rejeitada ap\u00f3s forte press\u00e3o popular e ampla mobiliza\u00e7\u00e3o de diversos setores da sociedade. Entre os partidos que entraram em contradi\u00e7\u00e3o [&hellip;]<\/p>\n","protected":false},"author":1,"featured_media":1793,"comment_status":"open","ping_status":"open","sticky":false,"template":"","format":"standard","meta":{"footnotes":"","jetpack_publicize_message":"","jetpack_publicize_feature_enabled":true,"jetpack_social_post_already_shared":true,"jetpack_social_options":{"image_generator_settings":{"template":"highway","default_image_id":0,"font":"","enabled":false},"version":2}},"categories":[37,1,65],"tags":[],"class_list":["post-1792","post","type-post","status-publish","format-standard","has-post-thumbnail","hentry","category-https-gazetapernambucana-com-page_id212","category-https-gazetapernambucana-com-page_id225","category-politica"],"yoast_head":"<!-- This site is optimized with the Yoast SEO plugin v24.5 - https:\/\/yoast.com\/wordpress\/plugins\/seo\/ -->\n<title>Blindagem derrubada exp\u00f5e crise no PSB e fragilidade de Pedro Campos -<\/title>\n<meta name=\"robots\" content=\"index, follow, max-snippet:-1, max-image-preview:large, max-video-preview:-1\" \/>\n<link rel=\"canonical\" href=\"http:\/\/gazetapernambucana.com\/?p=1792\" \/>\n<meta property=\"og:locale\" content=\"pt_BR\" \/>\n<meta property=\"og:type\" content=\"article\" \/>\n<meta property=\"og:title\" content=\"Blindagem derrubada exp\u00f5e crise no PSB e fragilidade de Pedro Campos -\" \/>\n<meta property=\"og:description\" content=\"\u00a0 \u00a0 \u00a0 O Senado sepultou de vez a chamada PEC da Blindagem, apelidada pela popula\u00e7\u00e3o de PEC da Bandidagem. A proposta, que buscava criar mecanismos de prote\u00e7\u00e3o para parlamentares diante de processos judiciais, foi rejeitada ap\u00f3s forte press\u00e3o popular e ampla mobiliza\u00e7\u00e3o de diversos setores da sociedade. Entre os partidos que entraram em contradi\u00e7\u00e3o [&hellip;]\" \/>\n<meta property=\"og:url\" content=\"http:\/\/gazetapernambucana.com\/?p=1792\" \/>\n<meta property=\"article:published_time\" content=\"2025-09-25T01:07:28+00:00\" \/>\n<meta property=\"og:image\" content=\"http:\/\/gazetapernambucana.com\/wp-content\/uploads\/2025\/09\/Deputado-Pedro-Campos-PSB-PE-1080-848x477-1.jpg\" \/>\n\t<meta property=\"og:image:width\" content=\"848\" \/>\n\t<meta property=\"og:image:height\" content=\"477\" \/>\n\t<meta property=\"og:image:type\" content=\"image\/jpeg\" \/>\n<meta name=\"author\" content=\"GP\" \/>\n<meta name=\"twitter:card\" content=\"summary_large_image\" \/>\n<meta name=\"twitter:label1\" content=\"Escrito por\" \/>\n\t<meta name=\"twitter:data1\" content=\"GP\" \/>\n\t<meta name=\"twitter:label2\" content=\"Est. tempo de leitura\" \/>\n\t<meta name=\"twitter:data2\" content=\"3 minutos\" \/>\n<script type=\"application\/ld+json\" class=\"yoast-schema-graph\">{\"@context\":\"https:\/\/schema.org\",\"@graph\":[{\"@type\":\"WebPage\",\"@id\":\"http:\/\/gazetapernambucana.com\/?p=1792\",\"url\":\"http:\/\/gazetapernambucana.com\/?p=1792\",\"name\":\"Blindagem derrubada exp\u00f5e crise no PSB e fragilidade de Pedro Campos -\",\"isPartOf\":{\"@id\":\"https:\/\/gazetapernambucana.com\/#website\"},\"primaryImageOfPage\":{\"@id\":\"http:\/\/gazetapernambucana.com\/?p=1792#primaryimage\"},\"image\":{\"@id\":\"http:\/\/gazetapernambucana.com\/?p=1792#primaryimage\"},\"thumbnailUrl\":\"https:\/\/gazetapernambucana.com\/wp-content\/uploads\/2025\/09\/Deputado-Pedro-Campos-PSB-PE-1080-848x477-1.jpg\",\"datePublished\":\"2025-09-25T01:07:28+00:00\",\"author\":{\"@id\":\"https:\/\/gazetapernambucana.com\/#\/schema\/person\/188dc283325181ac2de4db1e9e987427\"},\"breadcrumb\":{\"@id\":\"http:\/\/gazetapernambucana.com\/?p=1792#breadcrumb\"},\"inLanguage\":\"pt-BR\",\"potentialAction\":[{\"@type\":\"ReadAction\",\"target\":[\"http:\/\/gazetapernambucana.com\/?p=1792\"]}]},{\"@type\":\"ImageObject\",\"inLanguage\":\"pt-BR\",\"@id\":\"http:\/\/gazetapernambucana.com\/?p=1792#primaryimage\",\"url\":\"https:\/\/gazetapernambucana.com\/wp-content\/uploads\/2025\/09\/Deputado-Pedro-Campos-PSB-PE-1080-848x477-1.jpg\",\"contentUrl\":\"https:\/\/gazetapernambucana.com\/wp-content\/uploads\/2025\/09\/Deputado-Pedro-Campos-PSB-PE-1080-848x477-1.jpg\",\"width\":848,\"height\":477},{\"@type\":\"BreadcrumbList\",\"@id\":\"http:\/\/gazetapernambucana.com\/?p=1792#breadcrumb\",\"itemListElement\":[{\"@type\":\"ListItem\",\"position\":1,\"name\":\"In\u00edcio\",\"item\":\"https:\/\/gazetapernambucana.com\/\"},{\"@type\":\"ListItem\",\"position\":2,\"name\":\"Blindagem derrubada exp\u00f5e crise no PSB e fragilidade de Pedro Campos\"}]},{\"@type\":\"WebSite\",\"@id\":\"https:\/\/gazetapernambucana.com\/#website\",\"url\":\"https:\/\/gazetapernambucana.com\/\",\"name\":\"\",\"description\":\"\",\"potentialAction\":[{\"@type\":\"SearchAction\",\"target\":{\"@type\":\"EntryPoint\",\"urlTemplate\":\"https:\/\/gazetapernambucana.com\/?s={search_term_string}\"},\"query-input\":{\"@type\":\"PropertyValueSpecification\",\"valueRequired\":true,\"valueName\":\"search_term_string\"}}],\"inLanguage\":\"pt-BR\"},{\"@type\":\"Person\",\"@id\":\"https:\/\/gazetapernambucana.com\/#\/schema\/person\/188dc283325181ac2de4db1e9e987427\",\"name\":\"GP\",\"image\":{\"@type\":\"ImageObject\",\"inLanguage\":\"pt-BR\",\"@id\":\"https:\/\/gazetapernambucana.com\/#\/schema\/person\/image\/\",\"url\":\"https:\/\/secure.gravatar.com\/avatar\/9dad78ff9a2d8b5742d11779f8a3f53b052320c550b2e1907882353c067bb111?s=96&d=mm&r=g\",\"contentUrl\":\"https:\/\/secure.gravatar.com\/avatar\/9dad78ff9a2d8b5742d11779f8a3f53b052320c550b2e1907882353c067bb111?s=96&d=mm&r=g\",\"caption\":\"GP\"},\"sameAs\":[\"http:\/\/gazetapernambucana.com\"],\"url\":\"https:\/\/gazetapernambucana.com\/?author=1\"}]}<\/script>\n<!-- \/ Yoast SEO plugin. -->","yoast_head_json":{"title":"Blindagem derrubada exp\u00f5e crise no PSB e fragilidade de Pedro Campos -","robots":{"index":"index","follow":"follow","max-snippet":"max-snippet:-1","max-image-preview":"max-image-preview:large","max-video-preview":"max-video-preview:-1"},"canonical":"http:\/\/gazetapernambucana.com\/?p=1792","og_locale":"pt_BR","og_type":"article","og_title":"Blindagem derrubada exp\u00f5e crise no PSB e fragilidade de Pedro Campos -","og_description":"\u00a0 \u00a0 \u00a0 O Senado sepultou de vez a chamada PEC da Blindagem, apelidada pela popula\u00e7\u00e3o de PEC da Bandidagem. A proposta, que buscava criar mecanismos de prote\u00e7\u00e3o para parlamentares diante de processos judiciais, foi rejeitada ap\u00f3s forte press\u00e3o popular e ampla mobiliza\u00e7\u00e3o de diversos setores da sociedade. Entre os partidos que entraram em contradi\u00e7\u00e3o [&hellip;]","og_url":"http:\/\/gazetapernambucana.com\/?p=1792","article_published_time":"2025-09-25T01:07:28+00:00","og_image":[{"width":848,"height":477,"url":"http:\/\/gazetapernambucana.com\/wp-content\/uploads\/2025\/09\/Deputado-Pedro-Campos-PSB-PE-1080-848x477-1.jpg","type":"image\/jpeg"}],"author":"GP","twitter_card":"summary_large_image","twitter_misc":{"Escrito por":"GP","Est. tempo de leitura":"3 minutos"},"schema":{"@context":"https:\/\/schema.org","@graph":[{"@type":"WebPage","@id":"http:\/\/gazetapernambucana.com\/?p=1792","url":"http:\/\/gazetapernambucana.com\/?p=1792","name":"Blindagem derrubada exp\u00f5e crise no PSB e fragilidade de Pedro Campos -","isPartOf":{"@id":"https:\/\/gazetapernambucana.com\/#website"},"primaryImageOfPage":{"@id":"http:\/\/gazetapernambucana.com\/?p=1792#primaryimage"},"image":{"@id":"http:\/\/gazetapernambucana.com\/?p=1792#primaryimage"},"thumbnailUrl":"https:\/\/gazetapernambucana.com\/wp-content\/uploads\/2025\/09\/Deputado-Pedro-Campos-PSB-PE-1080-848x477-1.jpg","datePublished":"2025-09-25T01:07:28+00:00","author":{"@id":"https:\/\/gazetapernambucana.com\/#\/schema\/person\/188dc283325181ac2de4db1e9e987427"},"breadcrumb":{"@id":"http:\/\/gazetapernambucana.com\/?p=1792#breadcrumb"},"inLanguage":"pt-BR","potentialAction":[{"@type":"ReadAction","target":["http:\/\/gazetapernambucana.com\/?p=1792"]}]},{"@type":"ImageObject","inLanguage":"pt-BR","@id":"http:\/\/gazetapernambucana.com\/?p=1792#primaryimage","url":"https:\/\/gazetapernambucana.com\/wp-content\/uploads\/2025\/09\/Deputado-Pedro-Campos-PSB-PE-1080-848x477-1.jpg","contentUrl":"https:\/\/gazetapernambucana.com\/wp-content\/uploads\/2025\/09\/Deputado-Pedro-Campos-PSB-PE-1080-848x477-1.jpg","width":848,"height":477},{"@type":"BreadcrumbList","@id":"http:\/\/gazetapernambucana.com\/?p=1792#breadcrumb","itemListElement":[{"@type":"ListItem","position":1,"name":"In\u00edcio","item":"https:\/\/gazetapernambucana.com\/"},{"@type":"ListItem","position":2,"name":"Blindagem derrubada exp\u00f5e crise no PSB e fragilidade de Pedro Campos"}]},{"@type":"WebSite","@id":"https:\/\/gazetapernambucana.com\/#website","url":"https:\/\/gazetapernambucana.com\/","name":"","description":"","potentialAction":[{"@type":"SearchAction","target":{"@type":"EntryPoint","urlTemplate":"https:\/\/gazetapernambucana.com\/?s={search_term_string}"},"query-input":{"@type":"PropertyValueSpecification","valueRequired":true,"valueName":"search_term_string"}}],"inLanguage":"pt-BR"},{"@type":"Person","@id":"https:\/\/gazetapernambucana.com\/#\/schema\/person\/188dc283325181ac2de4db1e9e987427","name":"GP","image":{"@type":"ImageObject","inLanguage":"pt-BR","@id":"https:\/\/gazetapernambucana.com\/#\/schema\/person\/image\/","url":"https:\/\/secure.gravatar.com\/avatar\/9dad78ff9a2d8b5742d11779f8a3f53b052320c550b2e1907882353c067bb111?s=96&d=mm&r=g","contentUrl":"https:\/\/secure.gravatar.com\/avatar\/9dad78ff9a2d8b5742d11779f8a3f53b052320c550b2e1907882353c067bb111?s=96&d=mm&r=g","caption":"GP"},"sameAs":["http:\/\/gazetapernambucana.com"],"url":"https:\/\/gazetapernambucana.com\/?author=1"}]}},"jetpack_publicize_connections":[],"_links":{"self":[{"href":"https:\/\/gazetapernambucana.com\/index.php?rest_route=\/wp\/v2\/posts\/1792","targetHints":{"allow":["GET"]}}],"collection":[{"href":"https:\/\/gazetapernambucana.com\/index.php?rest_route=\/wp\/v2\/posts"}],"about":[{"href":"https:\/\/gazetapernambucana.com\/index.php?rest_route=\/wp\/v2\/types\/post"}],"author":[{"embeddable":true,"href":"https:\/\/gazetapernambucana.com\/index.php?rest_route=\/wp\/v2\/users\/1"}],"replies":[{"embeddable":true,"href":"https:\/\/gazetapernambucana.com\/index.php?rest_route=%2Fwp%2Fv2%2Fcomments&post=1792"}],"version-history":[{"count":1,"href":"https:\/\/gazetapernambucana.com\/index.php?rest_route=\/wp\/v2\/posts\/1792\/revisions"}],"predecessor-version":[{"id":1794,"href":"https:\/\/gazetapernambucana.com\/index.php?rest_route=\/wp\/v2\/posts\/1792\/revisions\/1794"}],"wp:featuredmedia":[{"embeddable":true,"href":"https:\/\/gazetapernambucana.com\/index.php?rest_route=\/wp\/v2\/media\/1793"}],"wp:attachment":[{"href":"https:\/\/gazetapernambucana.com\/index.php?rest_route=%2Fwp%2Fv2%2Fmedia&parent=1792"}],"wp:term":[{"taxonomy":"category","embeddable":true,"href":"https:\/\/gazetapernambucana.com\/index.php?rest_route=%2Fwp%2Fv2%2Fcategories&post=1792"},{"taxonomy":"post_tag","embeddable":true,"href":"https:\/\/gazetapernambucana.com\/index.php?rest_route=%2Fwp%2Fv2%2Ftags&post=1792"}],"curies":[{"name":"wp","href":"https:\/\/api.w.org\/{rel}","templated":true}]}}