{"id":1785,"date":"2025-09-24T17:53:54","date_gmt":"2025-09-24T20:53:54","guid":{"rendered":"https:\/\/gazetapernambucana.com\/?p=1785"},"modified":"2025-09-24T17:53:54","modified_gmt":"2025-09-24T20:53:54","slug":"raquel-lyra-no-radar-nacional-o-protagonismo-de-uma-governadora-que-superou-o-caos-herdado-e-projeta-pernambuco-para-o-futuro","status":"publish","type":"post","link":"https:\/\/gazetapernambucana.com\/?p=1785","title":{"rendered":"Raquel Lyra no radar nacional: o protagonismo de uma governadora que superou o caos herdado e projeta Pernambuco para o futuro"},"content":{"rendered":"<p data-start=\"366\" data-end=\"785\"><img loading=\"lazy\" decoding=\"async\" class=\"alignnone size-medium wp-image-1786\" src=\"http:\/\/gazetapernambucana.com\/wp-content\/uploads\/2025\/09\/hq720-300x169.jpg\" alt=\"\" width=\"300\" height=\"169\" srcset=\"https:\/\/gazetapernambucana.com\/wp-content\/uploads\/2025\/09\/hq720-300x169.jpg 300w, https:\/\/gazetapernambucana.com\/wp-content\/uploads\/2025\/09\/hq720.jpg 686w\" sizes=\"auto, (max-width: 300px) 100vw, 300px\" \/>\u00a0 O nome da governadora de Pernambuco, Raquel Lyra (PSD), voltou a circular entre aliados do governador de S\u00e3o Paulo, Tarc\u00edsio de Freitas (Republicanos), como poss\u00edvel composi\u00e7\u00e3o para uma chapa presidencial em 2026. A especula\u00e7\u00e3o sobre sua participa\u00e7\u00e3o como vice-presidente surge num contexto de articula\u00e7\u00e3o nacional, onde o Nordeste aparece como regi\u00e3o estrat\u00e9gica e nomes com forte apelo de gest\u00e3o ganham peso pol\u00edtico.<\/p>\n<p data-start=\"787\" data-end=\"1169\">Apesar das conjecturas, a governadora permanece firme no seu prop\u00f3sito: \u00e9 candidata \u00e0 reelei\u00e7\u00e3o em Pernambuco. Essa prioridade tem sido reafirmada por sua base e pela vice-governadora Priscila Krause, que descartou negocia\u00e7\u00f5es nos bastidores. \u201cEssa cota\u00e7\u00e3o n\u00e3o existe. A governadora \u00e9 candidata \u00e0 reelei\u00e7\u00e3o e ser\u00e1 eleita pelo julgamento do povo pernambucano\u201d, declarou recentemente.<\/p>\n<p data-start=\"1171\" data-end=\"1764\">Ainda assim, quando nomes nordestinos ganham destaque em sondagens nacionais, n\u00e3o \u00e9 por acaso. \u00c9 resultado de pesquisas, an\u00e1lises pol\u00edticas e da observa\u00e7\u00e3o direta do trabalho desenvolvido. E o que n\u00e3o se pode esconder, por mais que queiram minimizar, \u00e9 o desempenho da governadora Raquel Lyra \u00e0 frente do Executivo estadual. Sua disposi\u00e7\u00e3o em trabalhar at\u00e9 20 horas por dia e seu compromisso com a interioriza\u00e7\u00e3o das pol\u00edticas p\u00fablicas t\u00eam impressionado at\u00e9 os advers\u00e1rios. Hoje, \u00e9 dif\u00edcil encontrar um munic\u00edpio de Pernambuco que n\u00e3o tenha a assinatura de sua gest\u00e3o em alguma a\u00e7\u00e3o relevante.<\/p>\n<p data-start=\"1766\" data-end=\"2330\">Mais do que uma lideran\u00e7a emergente, Raquel Lyra \u00e9 tamb\u00e9m s\u00edmbolo de uma virada pol\u00edtica. Herdou das m\u00e3os do PSB, partido que comandou o estado por 16 anos sob lideran\u00e7as como Eduardo Campos, Paulo C\u00e2mara e o atual prefeito do Recife, Jo\u00e3o Campos, um governo em situa\u00e7\u00e3o cr\u00edtica. Pernambuco atravessava uma fase de desorganiza\u00e7\u00e3o administrativa, com desequil\u00edbrios fiscais graves, sa\u00fade colapsada, infraestrutura paralisada e aus\u00eancia de di\u00e1logo com o interior. Muitos, inclusive, chegaram a considerar o estado praticamente ingovern\u00e1vel no in\u00edcio de sua gest\u00e3o.<\/p>\n<p data-start=\"2332\" data-end=\"2771\">Mas Raquel n\u00e3o recuou. Assumiu com coragem o desafio de reconstruir o estado, mobilizou uma equipe t\u00e9cnica qualificada, enfrentou resist\u00eancias pol\u00edticas e, em pouco tempo, come\u00e7ou a entregar resultados. A fase de desespero herdada foi superada com trabalho e planejamento. Pernambuco voltou a andar, com obras estruturadoras, programas sociais requalificados e uma nova postura de governo: presente, transparente e voltado para resultados.<\/p>\n<p data-start=\"2773\" data-end=\"3288\">Esses elementos, capacidade de supera\u00e7\u00e3o, presen\u00e7a regional, lideran\u00e7a feminina e imagem de gestora moderna, colocam Raquel Lyra como um nome naturalmente lembrado em debates de proje\u00e7\u00e3o nacional. Tarc\u00edsio de Freitas, ao buscar alternativas para compor uma chapa equilibrada, sabe que o Nordeste n\u00e3o pode ser apenas um eleitorado cortejado, mas precisa estar representado no centro das decis\u00f5es. E nomes como o de Raquel oferecem exatamente isso: equil\u00edbrio geogr\u00e1fico, simbologia pol\u00edtica e hist\u00f3rico de entrega.<\/p>\n<p data-start=\"3290\" data-end=\"3499\">A governadora, por sua vez, mant\u00e9m os p\u00e9s no ch\u00e3o. Sabe que a pol\u00edtica nacional \u00e9 feita de gestos, timing e leitura de cen\u00e1rio. Por ora, seu foco \u00e9 Pernambuco. E esse foco, por si s\u00f3, j\u00e1 a coloca em evid\u00eancia.<\/p>\n","protected":false},"excerpt":{"rendered":"<p>\u00a0 O nome da governadora de Pernambuco, Raquel Lyra (PSD), voltou a circular entre aliados do governador de S\u00e3o Paulo, Tarc\u00edsio de Freitas (Republicanos), como poss\u00edvel composi\u00e7\u00e3o para uma chapa presidencial em 2026. A especula\u00e7\u00e3o sobre sua participa\u00e7\u00e3o como vice-presidente surge num contexto de articula\u00e7\u00e3o nacional, onde o Nordeste aparece como regi\u00e3o estrat\u00e9gica e nomes [&hellip;]<\/p>\n","protected":false},"author":1,"featured_media":1786,"comment_status":"open","ping_status":"open","sticky":false,"template":"","format":"standard","meta":{"footnotes":"","jetpack_publicize_message":"","jetpack_publicize_feature_enabled":true,"jetpack_social_post_already_shared":true,"jetpack_social_options":{"image_generator_settings":{"template":"highway","default_image_id":0,"font":"","enabled":false},"version":2}},"categories":[37,35],"tags":[],"class_list":["post-1785","post","type-post","status-publish","format-standard","has-post-thumbnail","hentry","category-https-gazetapernambucana-com-page_id212","category-https-gazetapernambucana-com-page_id218"],"yoast_head":"<!-- This site is optimized with the Yoast SEO plugin v24.5 - https:\/\/yoast.com\/wordpress\/plugins\/seo\/ -->\n<title>Raquel Lyra no radar nacional: o protagonismo de uma governadora que superou o caos herdado e projeta Pernambuco para o futuro -<\/title>\n<meta name=\"robots\" content=\"index, follow, max-snippet:-1, max-image-preview:large, max-video-preview:-1\" \/>\n<link rel=\"canonical\" href=\"http:\/\/gazetapernambucana.com\/?p=1785\" \/>\n<meta property=\"og:locale\" content=\"pt_BR\" \/>\n<meta property=\"og:type\" content=\"article\" \/>\n<meta property=\"og:title\" content=\"Raquel Lyra no radar nacional: o protagonismo de uma governadora que superou o caos herdado e projeta Pernambuco para o futuro -\" \/>\n<meta property=\"og:description\" content=\"\u00a0 O nome da governadora de Pernambuco, Raquel Lyra (PSD), voltou a circular entre aliados do governador de S\u00e3o Paulo, Tarc\u00edsio de Freitas (Republicanos), como poss\u00edvel composi\u00e7\u00e3o para uma chapa presidencial em 2026. A especula\u00e7\u00e3o sobre sua participa\u00e7\u00e3o como vice-presidente surge num contexto de articula\u00e7\u00e3o nacional, onde o Nordeste aparece como regi\u00e3o estrat\u00e9gica e nomes [&hellip;]\" \/>\n<meta property=\"og:url\" content=\"http:\/\/gazetapernambucana.com\/?p=1785\" \/>\n<meta property=\"article:published_time\" content=\"2025-09-24T20:53:54+00:00\" \/>\n<meta property=\"og:image\" content=\"http:\/\/gazetapernambucana.com\/wp-content\/uploads\/2025\/09\/hq720.jpg\" \/>\n\t<meta property=\"og:image:width\" content=\"686\" \/>\n\t<meta property=\"og:image:height\" content=\"386\" \/>\n\t<meta property=\"og:image:type\" content=\"image\/jpeg\" \/>\n<meta name=\"author\" content=\"GP\" \/>\n<meta name=\"twitter:card\" content=\"summary_large_image\" \/>\n<meta name=\"twitter:label1\" content=\"Escrito por\" \/>\n\t<meta name=\"twitter:data1\" content=\"GP\" \/>\n\t<meta name=\"twitter:label2\" content=\"Est. tempo de leitura\" \/>\n\t<meta name=\"twitter:data2\" content=\"4 minutos\" \/>\n<script type=\"application\/ld+json\" class=\"yoast-schema-graph\">{\"@context\":\"https:\/\/schema.org\",\"@graph\":[{\"@type\":\"WebPage\",\"@id\":\"http:\/\/gazetapernambucana.com\/?p=1785\",\"url\":\"http:\/\/gazetapernambucana.com\/?p=1785\",\"name\":\"Raquel Lyra no radar nacional: o protagonismo de uma governadora que superou o caos herdado e projeta Pernambuco para o futuro -\",\"isPartOf\":{\"@id\":\"https:\/\/gazetapernambucana.com\/#website\"},\"primaryImageOfPage\":{\"@id\":\"http:\/\/gazetapernambucana.com\/?p=1785#primaryimage\"},\"image\":{\"@id\":\"http:\/\/gazetapernambucana.com\/?p=1785#primaryimage\"},\"thumbnailUrl\":\"https:\/\/gazetapernambucana.com\/wp-content\/uploads\/2025\/09\/hq720.jpg\",\"datePublished\":\"2025-09-24T20:53:54+00:00\",\"author\":{\"@id\":\"https:\/\/gazetapernambucana.com\/#\/schema\/person\/188dc283325181ac2de4db1e9e987427\"},\"breadcrumb\":{\"@id\":\"http:\/\/gazetapernambucana.com\/?p=1785#breadcrumb\"},\"inLanguage\":\"pt-BR\",\"potentialAction\":[{\"@type\":\"ReadAction\",\"target\":[\"http:\/\/gazetapernambucana.com\/?p=1785\"]}]},{\"@type\":\"ImageObject\",\"inLanguage\":\"pt-BR\",\"@id\":\"http:\/\/gazetapernambucana.com\/?p=1785#primaryimage\",\"url\":\"https:\/\/gazetapernambucana.com\/wp-content\/uploads\/2025\/09\/hq720.jpg\",\"contentUrl\":\"https:\/\/gazetapernambucana.com\/wp-content\/uploads\/2025\/09\/hq720.jpg\",\"width\":686,\"height\":386},{\"@type\":\"BreadcrumbList\",\"@id\":\"http:\/\/gazetapernambucana.com\/?p=1785#breadcrumb\",\"itemListElement\":[{\"@type\":\"ListItem\",\"position\":1,\"name\":\"In\u00edcio\",\"item\":\"https:\/\/gazetapernambucana.com\/\"},{\"@type\":\"ListItem\",\"position\":2,\"name\":\"Raquel Lyra no radar nacional: o protagonismo de uma governadora que superou o caos herdado e projeta Pernambuco para o futuro\"}]},{\"@type\":\"WebSite\",\"@id\":\"https:\/\/gazetapernambucana.com\/#website\",\"url\":\"https:\/\/gazetapernambucana.com\/\",\"name\":\"\",\"description\":\"\",\"potentialAction\":[{\"@type\":\"SearchAction\",\"target\":{\"@type\":\"EntryPoint\",\"urlTemplate\":\"https:\/\/gazetapernambucana.com\/?s={search_term_string}\"},\"query-input\":{\"@type\":\"PropertyValueSpecification\",\"valueRequired\":true,\"valueName\":\"search_term_string\"}}],\"inLanguage\":\"pt-BR\"},{\"@type\":\"Person\",\"@id\":\"https:\/\/gazetapernambucana.com\/#\/schema\/person\/188dc283325181ac2de4db1e9e987427\",\"name\":\"GP\",\"image\":{\"@type\":\"ImageObject\",\"inLanguage\":\"pt-BR\",\"@id\":\"https:\/\/gazetapernambucana.com\/#\/schema\/person\/image\/\",\"url\":\"https:\/\/secure.gravatar.com\/avatar\/9dad78ff9a2d8b5742d11779f8a3f53b052320c550b2e1907882353c067bb111?s=96&d=mm&r=g\",\"contentUrl\":\"https:\/\/secure.gravatar.com\/avatar\/9dad78ff9a2d8b5742d11779f8a3f53b052320c550b2e1907882353c067bb111?s=96&d=mm&r=g\",\"caption\":\"GP\"},\"sameAs\":[\"http:\/\/gazetapernambucana.com\"],\"url\":\"https:\/\/gazetapernambucana.com\/?author=1\"}]}<\/script>\n<!-- \/ Yoast SEO plugin. -->","yoast_head_json":{"title":"Raquel Lyra no radar nacional: o protagonismo de uma governadora que superou o caos herdado e projeta Pernambuco para o futuro -","robots":{"index":"index","follow":"follow","max-snippet":"max-snippet:-1","max-image-preview":"max-image-preview:large","max-video-preview":"max-video-preview:-1"},"canonical":"http:\/\/gazetapernambucana.com\/?p=1785","og_locale":"pt_BR","og_type":"article","og_title":"Raquel Lyra no radar nacional: o protagonismo de uma governadora que superou o caos herdado e projeta Pernambuco para o futuro -","og_description":"\u00a0 O nome da governadora de Pernambuco, Raquel Lyra (PSD), voltou a circular entre aliados do governador de S\u00e3o Paulo, Tarc\u00edsio de Freitas (Republicanos), como poss\u00edvel composi\u00e7\u00e3o para uma chapa presidencial em 2026. A especula\u00e7\u00e3o sobre sua participa\u00e7\u00e3o como vice-presidente surge num contexto de articula\u00e7\u00e3o nacional, onde o Nordeste aparece como regi\u00e3o estrat\u00e9gica e nomes [&hellip;]","og_url":"http:\/\/gazetapernambucana.com\/?p=1785","article_published_time":"2025-09-24T20:53:54+00:00","og_image":[{"width":686,"height":386,"url":"http:\/\/gazetapernambucana.com\/wp-content\/uploads\/2025\/09\/hq720.jpg","type":"image\/jpeg"}],"author":"GP","twitter_card":"summary_large_image","twitter_misc":{"Escrito por":"GP","Est. tempo de leitura":"4 minutos"},"schema":{"@context":"https:\/\/schema.org","@graph":[{"@type":"WebPage","@id":"http:\/\/gazetapernambucana.com\/?p=1785","url":"http:\/\/gazetapernambucana.com\/?p=1785","name":"Raquel Lyra no radar nacional: o protagonismo de uma governadora que superou o caos herdado e projeta Pernambuco para o futuro -","isPartOf":{"@id":"https:\/\/gazetapernambucana.com\/#website"},"primaryImageOfPage":{"@id":"http:\/\/gazetapernambucana.com\/?p=1785#primaryimage"},"image":{"@id":"http:\/\/gazetapernambucana.com\/?p=1785#primaryimage"},"thumbnailUrl":"https:\/\/gazetapernambucana.com\/wp-content\/uploads\/2025\/09\/hq720.jpg","datePublished":"2025-09-24T20:53:54+00:00","author":{"@id":"https:\/\/gazetapernambucana.com\/#\/schema\/person\/188dc283325181ac2de4db1e9e987427"},"breadcrumb":{"@id":"http:\/\/gazetapernambucana.com\/?p=1785#breadcrumb"},"inLanguage":"pt-BR","potentialAction":[{"@type":"ReadAction","target":["http:\/\/gazetapernambucana.com\/?p=1785"]}]},{"@type":"ImageObject","inLanguage":"pt-BR","@id":"http:\/\/gazetapernambucana.com\/?p=1785#primaryimage","url":"https:\/\/gazetapernambucana.com\/wp-content\/uploads\/2025\/09\/hq720.jpg","contentUrl":"https:\/\/gazetapernambucana.com\/wp-content\/uploads\/2025\/09\/hq720.jpg","width":686,"height":386},{"@type":"BreadcrumbList","@id":"http:\/\/gazetapernambucana.com\/?p=1785#breadcrumb","itemListElement":[{"@type":"ListItem","position":1,"name":"In\u00edcio","item":"https:\/\/gazetapernambucana.com\/"},{"@type":"ListItem","position":2,"name":"Raquel Lyra no radar nacional: o protagonismo de uma governadora que superou o caos herdado e projeta Pernambuco para o futuro"}]},{"@type":"WebSite","@id":"https:\/\/gazetapernambucana.com\/#website","url":"https:\/\/gazetapernambucana.com\/","name":"","description":"","potentialAction":[{"@type":"SearchAction","target":{"@type":"EntryPoint","urlTemplate":"https:\/\/gazetapernambucana.com\/?s={search_term_string}"},"query-input":{"@type":"PropertyValueSpecification","valueRequired":true,"valueName":"search_term_string"}}],"inLanguage":"pt-BR"},{"@type":"Person","@id":"https:\/\/gazetapernambucana.com\/#\/schema\/person\/188dc283325181ac2de4db1e9e987427","name":"GP","image":{"@type":"ImageObject","inLanguage":"pt-BR","@id":"https:\/\/gazetapernambucana.com\/#\/schema\/person\/image\/","url":"https:\/\/secure.gravatar.com\/avatar\/9dad78ff9a2d8b5742d11779f8a3f53b052320c550b2e1907882353c067bb111?s=96&d=mm&r=g","contentUrl":"https:\/\/secure.gravatar.com\/avatar\/9dad78ff9a2d8b5742d11779f8a3f53b052320c550b2e1907882353c067bb111?s=96&d=mm&r=g","caption":"GP"},"sameAs":["http:\/\/gazetapernambucana.com"],"url":"https:\/\/gazetapernambucana.com\/?author=1"}]}},"jetpack_publicize_connections":[],"_links":{"self":[{"href":"https:\/\/gazetapernambucana.com\/index.php?rest_route=\/wp\/v2\/posts\/1785","targetHints":{"allow":["GET"]}}],"collection":[{"href":"https:\/\/gazetapernambucana.com\/index.php?rest_route=\/wp\/v2\/posts"}],"about":[{"href":"https:\/\/gazetapernambucana.com\/index.php?rest_route=\/wp\/v2\/types\/post"}],"author":[{"embeddable":true,"href":"https:\/\/gazetapernambucana.com\/index.php?rest_route=\/wp\/v2\/users\/1"}],"replies":[{"embeddable":true,"href":"https:\/\/gazetapernambucana.com\/index.php?rest_route=%2Fwp%2Fv2%2Fcomments&post=1785"}],"version-history":[{"count":1,"href":"https:\/\/gazetapernambucana.com\/index.php?rest_route=\/wp\/v2\/posts\/1785\/revisions"}],"predecessor-version":[{"id":1787,"href":"https:\/\/gazetapernambucana.com\/index.php?rest_route=\/wp\/v2\/posts\/1785\/revisions\/1787"}],"wp:featuredmedia":[{"embeddable":true,"href":"https:\/\/gazetapernambucana.com\/index.php?rest_route=\/wp\/v2\/media\/1786"}],"wp:attachment":[{"href":"https:\/\/gazetapernambucana.com\/index.php?rest_route=%2Fwp%2Fv2%2Fmedia&parent=1785"}],"wp:term":[{"taxonomy":"category","embeddable":true,"href":"https:\/\/gazetapernambucana.com\/index.php?rest_route=%2Fwp%2Fv2%2Fcategories&post=1785"},{"taxonomy":"post_tag","embeddable":true,"href":"https:\/\/gazetapernambucana.com\/index.php?rest_route=%2Fwp%2Fv2%2Ftags&post=1785"}],"curies":[{"name":"wp","href":"https:\/\/api.w.org\/{rel}","templated":true}]}}