{"id":1773,"date":"2025-09-22T23:04:42","date_gmt":"2025-09-23T02:04:42","guid":{"rendered":"https:\/\/gazetapernambucana.com\/?p=1773"},"modified":"2025-09-22T23:16:22","modified_gmt":"2025-09-23T02:16:22","slug":"o-ultimo-abraco-que-ficou-guardado-por-flavio-chaves","status":"publish","type":"post","link":"https:\/\/gazetapernambucana.com\/?p=1773","title":{"rendered":"O \u00faltimo abra\u00e7o ficou guardado. Por Fl\u00e1vio Chaves"},"content":{"rendered":"<p>&nbsp;<\/p>\n<p><img loading=\"lazy\" decoding=\"async\" class=\"alignnone size-full wp-image-1774\" src=\"http:\/\/gazetapernambucana.com\/wp-content\/uploads\/2025\/09\/489730973_656073943888321_9174316108227917775_n-227x300-1.jpg\" alt=\"\" width=\"227\" height=\"300\" \/>\u00a0 <strong>Por Fl\u00e1vio Chaves \u2013 Jornalista, poeta, escritor e membro da Academia Pernambucana de Letras. Foi Delegado Federal\/Minc\u00a0 \u2013<\/strong> \u00a0Ele caminhava por entre os dias como quem atravessa um campo de espinhos descal\u00e7o. N\u00e3o havia grito, apenas o rumor surdo da aus\u00eancia. O mundo, l\u00e1 fora, insistia em girar com seus ru\u00eddos de pressa e festa, mas dentro dele o tempo parecia suspenso, como uma fotografia antiga esquecida no fundo de uma gaveta que j\u00e1 n\u00e3o se abre.<\/p>\n<p>Era um homem s\u00f3. N\u00e3o por escolha, mas por destino costurado com linhas de perda. A vida, com sua ironia afiada, levou-lhe tudo o que tinha de calor. Amigos viraram ecos. A mulher amada tornou-se lembran\u00e7a viva, tatuada no lado esquerdo do peito, onde mora a saudade. O amor, quando parte, deixa um vazio que nenhuma outra coisa pode preencher. E o dele partiu inteiro, sem sequer deixar uma carta no batente da porta, sem nem um \u00faltimo olhar para tr\u00e1s.<\/p>\n<p>A solid\u00e3o n\u00e3o \u00e9 o sil\u00eancio. \u00c9 um som grave e cont\u00ednuo, um gemido abafado que ressoa em todos os gestos. Ningu\u00e9m ensina como conviver com ela. Porque n\u00e3o h\u00e1 manual para sobreviver ao deserto afetivo. H\u00e1 apenas o corpo tentando manter-se ereto e a alma tateando por migalhas de sentido entre os escombros do afeto.<\/p>\n<p>A ang\u00fastia \u00e9 uma \u00e1rvore seca que cresce no meio do peito, de galhos tortos que se entrela\u00e7am com a respira\u00e7\u00e3o. Suas ra\u00edzes se alimentam de mem\u00f3rias, de futuros que n\u00e3o ser\u00e3o, de promessas que a vida n\u00e3o cumpriu. A melancolia se senta ao lado, muda, mas \u00edntima. Como um velho c\u00e3o que j\u00e1 conhece todos os cantos da casa e sabe onde repousa a dor.<\/p>\n<p>Havia dias em que ele tentava ser forte. Levantava, tomava caf\u00e9, ajeitava a casa com gestos de quem monta um cen\u00e1rio para ningu\u00e9m. Mas bastava olhar pela janela e ver o mundo emparelhado em casais, em fam\u00edlias, em risos compartilhados, que a tristeza voltava como mar\u00e9 cheia. Quem pode ser feliz quando tudo o que se v\u00ea n\u00e3o reflete mais nenhuma parte da pr\u00f3pria alegria?<\/p>\n<p>Ele era feito de lembran\u00e7as. E nelas encontrava o que o mantinha vivo. O toque de uma m\u00e3o que um dia o acolheu, o perfume de uma pele que j\u00e1 n\u00e3o habita o tempo, o calor de um corpo que desapareceu sem apagar sua marca nos len\u00e7\u00f3is. Tudo era saudade. Uma saudade bruta, sem filtro, que queimava mais do que qualquer sol, mais do que qualquer febre.<\/p>\n<p>\u00c0s vezes, sentava-se \u00e0 beira da cama como um velho marinheiro naufragado, olhando para o ch\u00e3o como se buscasse ali alguma b\u00fassola esquecida. Sentia-se como um farol aceso numa ilha deserta, brilhando para ningu\u00e9m. Chorava baixinho, como quem n\u00e3o quer incomodar o sil\u00eancio. E depois respirava fundo, como quem tenta engolir o mar inteiro com um s\u00f3 suspiro.<\/p>\n<p>Mesmo assim, ele seguia. Porque h\u00e1 uma coragem secreta no solit\u00e1rio. Um hero\u00edsmo que ningu\u00e9m v\u00ea. A cada dia vencido, um milagre. A cada noite atravessada, uma batalha. E ele sabia: a solid\u00e3o n\u00e3o revela seu c\u00f3digo, mas exige que se aprenda a decifrar a pr\u00f3pria dor. Quem ama e perde, carrega um mapa sem destino. Mas ainda assim caminha, ainda assim insiste, mesmo sem ter a quem contar os passos.<\/p>\n<p>No fundo, talvez ele soubesse que certas dores n\u00e3o t\u00eam cura. Apenas lugar. E enquanto o mundo seguia em frente, ele permanecia ali, amando em sil\u00eancio, chorando sem alarde, vivendo no exato ponto em que a saudade e a coragem se encontram. Um homem s\u00f3, mas inteiro no sentimento. Um sobrevivente da ternura que o tempo n\u00e3o conseguiu apagar. E isso, apesar de tudo, era a sua forma mais pura de continuar existindo.<\/p>\n","protected":false},"excerpt":{"rendered":"<p>&nbsp; \u00a0 Por Fl\u00e1vio Chaves \u2013 Jornalista, poeta, escritor e membro da Academia Pernambucana de Letras. Foi Delegado Federal\/Minc\u00a0 \u2013 \u00a0Ele caminhava por entre os dias como quem atravessa um campo de espinhos descal\u00e7o. N\u00e3o havia grito, apenas o rumor surdo da aus\u00eancia. O mundo, l\u00e1 fora, insistia em girar com seus ru\u00eddos de pressa [&hellip;]<\/p>\n","protected":false},"author":1,"featured_media":1774,"comment_status":"open","ping_status":"open","sticky":false,"template":"","format":"standard","meta":{"footnotes":"","jetpack_publicize_message":"","jetpack_publicize_feature_enabled":true,"jetpack_social_post_already_shared":true,"jetpack_social_options":{"image_generator_settings":{"template":"highway","default_image_id":0,"font":"","enabled":false},"version":2}},"categories":[1,35,46],"tags":[],"class_list":["post-1773","post","type-post","status-publish","format-standard","has-post-thumbnail","hentry","category-https-gazetapernambucana-com-page_id225","category-https-gazetapernambucana-com-page_id218","category-literatura"],"yoast_head":"<!-- This site is optimized with the Yoast SEO plugin v24.5 - https:\/\/yoast.com\/wordpress\/plugins\/seo\/ -->\n<title>O \u00faltimo abra\u00e7o ficou guardado. Por Fl\u00e1vio Chaves -<\/title>\n<meta name=\"robots\" content=\"index, follow, max-snippet:-1, max-image-preview:large, max-video-preview:-1\" \/>\n<link rel=\"canonical\" href=\"http:\/\/gazetapernambucana.com\/?p=1773\" \/>\n<meta property=\"og:locale\" content=\"pt_BR\" \/>\n<meta property=\"og:type\" content=\"article\" \/>\n<meta property=\"og:title\" content=\"O \u00faltimo abra\u00e7o ficou guardado. Por Fl\u00e1vio Chaves -\" \/>\n<meta property=\"og:description\" content=\"&nbsp; \u00a0 Por Fl\u00e1vio Chaves \u2013 Jornalista, poeta, escritor e membro da Academia Pernambucana de Letras. Foi Delegado Federal\/Minc\u00a0 \u2013 \u00a0Ele caminhava por entre os dias como quem atravessa um campo de espinhos descal\u00e7o. N\u00e3o havia grito, apenas o rumor surdo da aus\u00eancia. O mundo, l\u00e1 fora, insistia em girar com seus ru\u00eddos de pressa [&hellip;]\" \/>\n<meta property=\"og:url\" content=\"http:\/\/gazetapernambucana.com\/?p=1773\" \/>\n<meta property=\"article:published_time\" content=\"2025-09-23T02:04:42+00:00\" \/>\n<meta property=\"article:modified_time\" content=\"2025-09-23T02:16:22+00:00\" \/>\n<meta property=\"og:image\" content=\"http:\/\/gazetapernambucana.com\/wp-content\/uploads\/2025\/09\/489730973_656073943888321_9174316108227917775_n-227x300-1.jpg\" \/>\n\t<meta property=\"og:image:width\" content=\"227\" \/>\n\t<meta property=\"og:image:height\" content=\"300\" \/>\n\t<meta property=\"og:image:type\" content=\"image\/jpeg\" \/>\n<meta name=\"author\" content=\"GP\" \/>\n<meta name=\"twitter:card\" content=\"summary_large_image\" \/>\n<meta name=\"twitter:label1\" content=\"Escrito por\" \/>\n\t<meta name=\"twitter:data1\" content=\"GP\" \/>\n\t<meta name=\"twitter:label2\" content=\"Est. tempo de leitura\" \/>\n\t<meta name=\"twitter:data2\" content=\"4 minutos\" \/>\n<script type=\"application\/ld+json\" class=\"yoast-schema-graph\">{\"@context\":\"https:\/\/schema.org\",\"@graph\":[{\"@type\":\"WebPage\",\"@id\":\"http:\/\/gazetapernambucana.com\/?p=1773\",\"url\":\"http:\/\/gazetapernambucana.com\/?p=1773\",\"name\":\"O \u00faltimo abra\u00e7o ficou guardado. Por Fl\u00e1vio Chaves -\",\"isPartOf\":{\"@id\":\"https:\/\/gazetapernambucana.com\/#website\"},\"primaryImageOfPage\":{\"@id\":\"http:\/\/gazetapernambucana.com\/?p=1773#primaryimage\"},\"image\":{\"@id\":\"http:\/\/gazetapernambucana.com\/?p=1773#primaryimage\"},\"thumbnailUrl\":\"https:\/\/gazetapernambucana.com\/wp-content\/uploads\/2025\/09\/489730973_656073943888321_9174316108227917775_n-227x300-1.jpg\",\"datePublished\":\"2025-09-23T02:04:42+00:00\",\"dateModified\":\"2025-09-23T02:16:22+00:00\",\"author\":{\"@id\":\"https:\/\/gazetapernambucana.com\/#\/schema\/person\/188dc283325181ac2de4db1e9e987427\"},\"breadcrumb\":{\"@id\":\"http:\/\/gazetapernambucana.com\/?p=1773#breadcrumb\"},\"inLanguage\":\"pt-BR\",\"potentialAction\":[{\"@type\":\"ReadAction\",\"target\":[\"http:\/\/gazetapernambucana.com\/?p=1773\"]}]},{\"@type\":\"ImageObject\",\"inLanguage\":\"pt-BR\",\"@id\":\"http:\/\/gazetapernambucana.com\/?p=1773#primaryimage\",\"url\":\"https:\/\/gazetapernambucana.com\/wp-content\/uploads\/2025\/09\/489730973_656073943888321_9174316108227917775_n-227x300-1.jpg\",\"contentUrl\":\"https:\/\/gazetapernambucana.com\/wp-content\/uploads\/2025\/09\/489730973_656073943888321_9174316108227917775_n-227x300-1.jpg\",\"width\":227,\"height\":300},{\"@type\":\"BreadcrumbList\",\"@id\":\"http:\/\/gazetapernambucana.com\/?p=1773#breadcrumb\",\"itemListElement\":[{\"@type\":\"ListItem\",\"position\":1,\"name\":\"In\u00edcio\",\"item\":\"https:\/\/gazetapernambucana.com\/\"},{\"@type\":\"ListItem\",\"position\":2,\"name\":\"O \u00faltimo abra\u00e7o ficou guardado. Por Fl\u00e1vio Chaves\"}]},{\"@type\":\"WebSite\",\"@id\":\"https:\/\/gazetapernambucana.com\/#website\",\"url\":\"https:\/\/gazetapernambucana.com\/\",\"name\":\"\",\"description\":\"\",\"potentialAction\":[{\"@type\":\"SearchAction\",\"target\":{\"@type\":\"EntryPoint\",\"urlTemplate\":\"https:\/\/gazetapernambucana.com\/?s={search_term_string}\"},\"query-input\":{\"@type\":\"PropertyValueSpecification\",\"valueRequired\":true,\"valueName\":\"search_term_string\"}}],\"inLanguage\":\"pt-BR\"},{\"@type\":\"Person\",\"@id\":\"https:\/\/gazetapernambucana.com\/#\/schema\/person\/188dc283325181ac2de4db1e9e987427\",\"name\":\"GP\",\"image\":{\"@type\":\"ImageObject\",\"inLanguage\":\"pt-BR\",\"@id\":\"https:\/\/gazetapernambucana.com\/#\/schema\/person\/image\/\",\"url\":\"https:\/\/secure.gravatar.com\/avatar\/9dad78ff9a2d8b5742d11779f8a3f53b052320c550b2e1907882353c067bb111?s=96&d=mm&r=g\",\"contentUrl\":\"https:\/\/secure.gravatar.com\/avatar\/9dad78ff9a2d8b5742d11779f8a3f53b052320c550b2e1907882353c067bb111?s=96&d=mm&r=g\",\"caption\":\"GP\"},\"sameAs\":[\"http:\/\/gazetapernambucana.com\"],\"url\":\"https:\/\/gazetapernambucana.com\/?author=1\"}]}<\/script>\n<!-- \/ Yoast SEO plugin. -->","yoast_head_json":{"title":"O \u00faltimo abra\u00e7o ficou guardado. Por Fl\u00e1vio Chaves -","robots":{"index":"index","follow":"follow","max-snippet":"max-snippet:-1","max-image-preview":"max-image-preview:large","max-video-preview":"max-video-preview:-1"},"canonical":"http:\/\/gazetapernambucana.com\/?p=1773","og_locale":"pt_BR","og_type":"article","og_title":"O \u00faltimo abra\u00e7o ficou guardado. Por Fl\u00e1vio Chaves -","og_description":"&nbsp; \u00a0 Por Fl\u00e1vio Chaves \u2013 Jornalista, poeta, escritor e membro da Academia Pernambucana de Letras. Foi Delegado Federal\/Minc\u00a0 \u2013 \u00a0Ele caminhava por entre os dias como quem atravessa um campo de espinhos descal\u00e7o. N\u00e3o havia grito, apenas o rumor surdo da aus\u00eancia. O mundo, l\u00e1 fora, insistia em girar com seus ru\u00eddos de pressa [&hellip;]","og_url":"http:\/\/gazetapernambucana.com\/?p=1773","article_published_time":"2025-09-23T02:04:42+00:00","article_modified_time":"2025-09-23T02:16:22+00:00","og_image":[{"width":227,"height":300,"url":"http:\/\/gazetapernambucana.com\/wp-content\/uploads\/2025\/09\/489730973_656073943888321_9174316108227917775_n-227x300-1.jpg","type":"image\/jpeg"}],"author":"GP","twitter_card":"summary_large_image","twitter_misc":{"Escrito por":"GP","Est. tempo de leitura":"4 minutos"},"schema":{"@context":"https:\/\/schema.org","@graph":[{"@type":"WebPage","@id":"http:\/\/gazetapernambucana.com\/?p=1773","url":"http:\/\/gazetapernambucana.com\/?p=1773","name":"O \u00faltimo abra\u00e7o ficou guardado. Por Fl\u00e1vio Chaves -","isPartOf":{"@id":"https:\/\/gazetapernambucana.com\/#website"},"primaryImageOfPage":{"@id":"http:\/\/gazetapernambucana.com\/?p=1773#primaryimage"},"image":{"@id":"http:\/\/gazetapernambucana.com\/?p=1773#primaryimage"},"thumbnailUrl":"https:\/\/gazetapernambucana.com\/wp-content\/uploads\/2025\/09\/489730973_656073943888321_9174316108227917775_n-227x300-1.jpg","datePublished":"2025-09-23T02:04:42+00:00","dateModified":"2025-09-23T02:16:22+00:00","author":{"@id":"https:\/\/gazetapernambucana.com\/#\/schema\/person\/188dc283325181ac2de4db1e9e987427"},"breadcrumb":{"@id":"http:\/\/gazetapernambucana.com\/?p=1773#breadcrumb"},"inLanguage":"pt-BR","potentialAction":[{"@type":"ReadAction","target":["http:\/\/gazetapernambucana.com\/?p=1773"]}]},{"@type":"ImageObject","inLanguage":"pt-BR","@id":"http:\/\/gazetapernambucana.com\/?p=1773#primaryimage","url":"https:\/\/gazetapernambucana.com\/wp-content\/uploads\/2025\/09\/489730973_656073943888321_9174316108227917775_n-227x300-1.jpg","contentUrl":"https:\/\/gazetapernambucana.com\/wp-content\/uploads\/2025\/09\/489730973_656073943888321_9174316108227917775_n-227x300-1.jpg","width":227,"height":300},{"@type":"BreadcrumbList","@id":"http:\/\/gazetapernambucana.com\/?p=1773#breadcrumb","itemListElement":[{"@type":"ListItem","position":1,"name":"In\u00edcio","item":"https:\/\/gazetapernambucana.com\/"},{"@type":"ListItem","position":2,"name":"O \u00faltimo abra\u00e7o ficou guardado. Por Fl\u00e1vio Chaves"}]},{"@type":"WebSite","@id":"https:\/\/gazetapernambucana.com\/#website","url":"https:\/\/gazetapernambucana.com\/","name":"","description":"","potentialAction":[{"@type":"SearchAction","target":{"@type":"EntryPoint","urlTemplate":"https:\/\/gazetapernambucana.com\/?s={search_term_string}"},"query-input":{"@type":"PropertyValueSpecification","valueRequired":true,"valueName":"search_term_string"}}],"inLanguage":"pt-BR"},{"@type":"Person","@id":"https:\/\/gazetapernambucana.com\/#\/schema\/person\/188dc283325181ac2de4db1e9e987427","name":"GP","image":{"@type":"ImageObject","inLanguage":"pt-BR","@id":"https:\/\/gazetapernambucana.com\/#\/schema\/person\/image\/","url":"https:\/\/secure.gravatar.com\/avatar\/9dad78ff9a2d8b5742d11779f8a3f53b052320c550b2e1907882353c067bb111?s=96&d=mm&r=g","contentUrl":"https:\/\/secure.gravatar.com\/avatar\/9dad78ff9a2d8b5742d11779f8a3f53b052320c550b2e1907882353c067bb111?s=96&d=mm&r=g","caption":"GP"},"sameAs":["http:\/\/gazetapernambucana.com"],"url":"https:\/\/gazetapernambucana.com\/?author=1"}]}},"jetpack_publicize_connections":[],"_links":{"self":[{"href":"https:\/\/gazetapernambucana.com\/index.php?rest_route=\/wp\/v2\/posts\/1773","targetHints":{"allow":["GET"]}}],"collection":[{"href":"https:\/\/gazetapernambucana.com\/index.php?rest_route=\/wp\/v2\/posts"}],"about":[{"href":"https:\/\/gazetapernambucana.com\/index.php?rest_route=\/wp\/v2\/types\/post"}],"author":[{"embeddable":true,"href":"https:\/\/gazetapernambucana.com\/index.php?rest_route=\/wp\/v2\/users\/1"}],"replies":[{"embeddable":true,"href":"https:\/\/gazetapernambucana.com\/index.php?rest_route=%2Fwp%2Fv2%2Fcomments&post=1773"}],"version-history":[{"count":3,"href":"https:\/\/gazetapernambucana.com\/index.php?rest_route=\/wp\/v2\/posts\/1773\/revisions"}],"predecessor-version":[{"id":1777,"href":"https:\/\/gazetapernambucana.com\/index.php?rest_route=\/wp\/v2\/posts\/1773\/revisions\/1777"}],"wp:featuredmedia":[{"embeddable":true,"href":"https:\/\/gazetapernambucana.com\/index.php?rest_route=\/wp\/v2\/media\/1774"}],"wp:attachment":[{"href":"https:\/\/gazetapernambucana.com\/index.php?rest_route=%2Fwp%2Fv2%2Fmedia&parent=1773"}],"wp:term":[{"taxonomy":"category","embeddable":true,"href":"https:\/\/gazetapernambucana.com\/index.php?rest_route=%2Fwp%2Fv2%2Fcategories&post=1773"},{"taxonomy":"post_tag","embeddable":true,"href":"https:\/\/gazetapernambucana.com\/index.php?rest_route=%2Fwp%2Fv2%2Ftags&post=1773"}],"curies":[{"name":"wp","href":"https:\/\/api.w.org\/{rel}","templated":true}]}}