{"id":1764,"date":"2025-09-21T15:50:10","date_gmt":"2025-09-21T18:50:10","guid":{"rendered":"https:\/\/gazetapernambucana.com\/?p=1764"},"modified":"2025-09-21T15:50:10","modified_gmt":"2025-09-21T18:50:10","slug":"a-cronica-domingueira-por-magno-martins-9","status":"publish","type":"post","link":"https:\/\/gazetapernambucana.com\/?p=1764","title":{"rendered":"A cr\u00f4nica domingueira. Por Magno Martins"},"content":{"rendered":"<div class=\"elementor-element elementor-element-7d2fc729 titulo-post elementor-widget elementor-widget-theme-post-title elementor-page-title elementor-widget-heading\" data-id=\"7d2fc729\" data-element_type=\"widget\" data-widget_type=\"theme-post-title.default\">\n<div class=\"elementor-widget-container\"><\/div>\n<\/div>\n<section class=\"elementor-section elementor-inner-section elementor-element elementor-element-7e25a070 elementor-section-boxed elementor-section-height-default elementor-section-height-default\" data-id=\"7e25a070\" data-element_type=\"section\">\n<div class=\"elementor-container elementor-column-gap-default\">\n<div class=\"elementor-column elementor-col-50 elementor-inner-column elementor-element elementor-element-24f401b5\" data-id=\"24f401b5\" data-element_type=\"column\">\n<div class=\"elementor-widget-wrap elementor-element-populated\">\n<div class=\"elementor-element elementor-element-6b34b66e elementor-share-buttons--view-icon elementor-share-buttons--skin-flat elementor-share-buttons--align-right elementor-share-buttons--shape-square elementor-grid-0 elementor-share-buttons--color-official elementor-widget elementor-widget-share-buttons\" data-id=\"6b34b66e\" data-element_type=\"widget\" data-settings=\"{&quot;share_url&quot;:{&quot;url&quot;:&quot;https:\\\/\\\/blogdomagno.com.br\\\/a-cronica-domingueira-49\\\/&quot;,&quot;is_external&quot;:&quot;&quot;,&quot;nofollow&quot;:&quot;&quot;,&quot;custom_attributes&quot;:&quot;&quot;}}\" data-widget_type=\"share-buttons.default\">\n<div class=\"elementor-widget-container\">\n<div class=\"elementor-grid\"><\/div>\n<\/div>\n<\/div>\n<\/div>\n<\/div>\n<\/div>\n<\/section>\n<div class=\"elementor-element elementor-element-7f30e03 elementor-widget elementor-widget-image\" data-id=\"7f30e03\" data-element_type=\"widget\" data-widget_type=\"image.default\">\n<div class=\"elementor-widget-container\"><img loading=\"lazy\" decoding=\"async\" class=\"attachment-full size-full\" src=\"https:\/\/blogdomagno.com.br\/wp-content\/uploads\/2025\/09\/WhatsApp-Image-2025-09-20-at-19.26.111.jpeg\" sizes=\"auto, (max-width: 736px) 100vw, 736px\" srcset=\"https:\/\/blogdomagno.com.br\/wp-content\/uploads\/2025\/09\/WhatsApp-Image-2025-09-20-at-19.26.111.jpeg 736w, https:\/\/blogdomagno.com.br\/wp-content\/uploads\/2025\/09\/WhatsApp-Image-2025-09-20-at-19.26.111-300x300.jpeg 300w, https:\/\/blogdomagno.com.br\/wp-content\/uploads\/2025\/09\/WhatsApp-Image-2025-09-20-at-19.26.111-150x150.jpeg 150w\" alt=\"\" width=\"736\" height=\"736\" \/><\/div>\n<\/div>\n<div class=\"elementor-element elementor-element-746f5ae4 elementor-widget elementor-widget-theme-post-content\" data-id=\"746f5ae4\" data-element_type=\"widget\" data-widget_type=\"theme-post-content.default\">\n<div class=\"elementor-widget-container\">\n<div id=\"ub-expand-6e36ec0a-090b-4436-bfbf-4984781f8e2d\" class=\"wp-block-ub-expand ub-expand\" data-scroll-type=\"false\" data-scroll-amount=\"\" data-scroll-target=\"\">\n<div id=\"ub-expand-full-24aa4d7d-1254-4b26-a663-4137eac87a59\" class=\"ub-expand-portion ub-expand-partial wp-block-ub-expand-portion\" tabindex=\"0\" role=\"button\" aria-expanded=\"false\" aria-controls=\"ub-expand-full-24aa4d7d-1254-4b26-a663-4137eac87a59\">\n<p><strong>Por Magno Martins \u2013 Jornalista, poeta e escritor\u00a0 \u2013<\/strong>\u00a0 \u00a0 \u00a0Muitos amigos pr\u00f3ximos me alertam sobre o meu ritmo de vida. Acham que n\u00e3o dou sossego ao meu corpo, \u00e0 minha alma. Mas quando o trabalho \u00e9 um prazer, a vida se torna cada dia mais bela. Quando, entretanto, tudo nos \u00e9 imposto, a vida vira uma escravatura.<\/p>\n<p>Minha filosofia de vida tem sido assim: fazer que cada hora vivida seja bela. A beleza da vida se multiplica na depend\u00eancia do seu estado de esp\u00edrito. Sigo Marcus Aurelius, imperador romano: \u201cMedite sobre a beleza da vida. Olhe para as estrelas e olhe para si mesmo correndo com elas\u201d.<\/p>\n<\/div>\n<div id=\"ub-expand-full-24aa4d7d-1254-4b26-a663-4137eac87a59\" class=\"ub-expand-portion ub-expand-full wp-block-ub-expand-portion\" tabindex=\"0\" role=\"button\" aria-expanded=\"false\" aria-controls=\"ub-expand-full-24aa4d7d-1254-4b26-a663-4137eac87a59\">\n<p>Nos pequenos detalhes, seja no alvorecer, no cantar dos p\u00e1ssaros, numa noite enluarada, nos deparamos com as coisas mais belas da vida. Sou o \u00faltimo dos rom\u00e2nticos, daqueles que ainda mandam flores. Minha Nayla, a quem entreguei meu cora\u00e7\u00e3o e depositei os segredos da minha alma, \u00e9 prova disso!<\/p>\n<p>Com Chaplin aprendi igualmente que a vida \u00e9 maravilhosa quando n\u00e3o se tem medo dela. Algum dia se cai e chora, mas grande parte da jornada as batalhas s\u00e3o vencidas porque elas est\u00e3o dentro de n\u00f3s. As grandes jornadas, n\u00e3o se engane, s\u00e3o as que fazem a felicidade.<\/p>\n<p>Medite, raciocine comigo: um guerreiro n\u00e3o desiste do que ele ama. Ele encontra amor no que faz. Ser guerreiro n\u00e3o exige perfei\u00e7\u00e3o. Ou vit\u00f3ria. Ou invulnerabilidade. Ele \u00e9 a vulnerabilidade absoluta. Essa \u00e9 a \u00fanica coragem verdadeira. Muitas vezes, j\u00e1 li em algum lugar, precisamos enlouquecer para recuperar a sanidade.<\/p>\n<p>Leio muito Machado de Assis. Ali\u00e1s, meu pai Gast\u00e3o Cerquinha, no sert\u00e3o de vidas secas, onde a luz nos fugia do conv\u00edvio di\u00e1rio \u00e0s 22 horas, nos for\u00e7ava a ler as li\u00e7\u00f5es machadianas \u00e0 luz de candeeiro.<\/p>\n<p>Aprendi com ele que \u201ca vida sem luta \u00e9 um mar morto no centro do organismo universal\u201d e que \u00e9 muito melhor contentar-se com a realidade.<\/p>\n<p>Se essa realidade n\u00e3o \u00e9 t\u00e3o brilhante como os sonhos, tem pelo menos a vantagem de existir. Suas obras, como \u201cMem\u00f3rias P\u00f3stumas de Br\u00e1s Cubas\u201d e \u201cDom Casmurro\u201d, exploram a complexidade das emo\u00e7\u00f5es, a for\u00e7a dos costumes e a dualidade da exist\u00eancia.<\/p>\n<p>As nossas paix\u00f5es, aprendi tamb\u00e9m com Machado, n\u00e3o aceleram nem moderam o passar do tempo. Grandes escritores oferecem perspectivas diversas sobre a vida, como Vinicius de Moraes, que define a vida como a \u201carte do encontro, embora haja tanto desencontro pela vida\u201d, ou Carlos Drummond de Andrade ao afirmar \u201cO que vale na vida n\u00e3o \u00e9 o ponto de partida e sim a caminhada\u201d.<\/p>\n<p>Franz Kafka falou sobre a humanidade e seus sonhos. Para ele, os sonhos nos mant\u00eam aquecidos, enquanto o mundo dorme. J\u00e1 William Shakespeare nos ensinou que a vida \u00e9 uma pe\u00e7a de teatro que n\u00e3o nos permite ensaios. Se n\u00e3o puder voar, corra. Se n\u00e3o puder correr, ande. Se n\u00e3o puder andar, rasteje, mas continue em frente de qualquer forma, pregou Martin Luther King.<\/p>\n<p>Tudo vale na vida quando a alma n\u00e3o \u00e9 pequena, disse o poeta Fernando Pessoa, o maior de todos. Ou como disse Oscar Wilde: \u201cA vida \u00e9 muito importante para ser levada a s\u00e9rio\u201d, para completar: \u201cViver \u00e9 a coisa mais rara do mundo. \u00c0 maioria das pessoas apenas existe\u201d.<\/p>\n<p>Sou da filosofia de Mahatma Gandhi: a alegria est\u00e1 na luta, na tentativa, no sofrimento envolvido e n\u00e3o na vit\u00f3ria propriamente dita. Temos que nos tornar a mudan\u00e7a que queremos ver. Se queremos progredir, n\u00e3o devemos repetir a hist\u00f3ria, mas fazer uma hist\u00f3ria nova.<\/p>\n<p>Disse Gandhi: \u201cToda noite, quando vou dormir, morro. E na manh\u00e3 seguinte, quando acordo, renasci\u201d. Se voc\u00ea prefere Clarice Lispector, ent\u00e3o grave: \u201cRenda-se, como eu me rendi. Mergulhe no que voc\u00ea n\u00e3o conhece como eu mergulhei. N\u00e3o se preocupe em entender, viver ultrapassa qualquer entendimento\u201d.<\/p>\n<p>Lute, persevere, nunca desista. A vida \u00e9 bela quando todos os dias estamos felizes. Renda-se, como eu me rendi. Mergulhe no que voc\u00ea n\u00e3o conhece como eu mergulhei. N\u00e3o se preocupe em entender, viver ultrapassa qualquer entendimento.<\/p>\n<\/div>\n<\/div>\n<\/div>\n<\/div>\n","protected":false},"excerpt":{"rendered":"<p>Por Magno Martins \u2013 Jornalista, poeta e escritor\u00a0 \u2013\u00a0 \u00a0 \u00a0Muitos amigos pr\u00f3ximos me alertam sobre o meu ritmo de vida. Acham que n\u00e3o dou sossego ao meu corpo, \u00e0 minha alma. Mas quando o trabalho \u00e9 um prazer, a vida se torna cada dia mais bela. Quando, entretanto, tudo nos \u00e9 imposto, a vida [&hellip;]<\/p>\n","protected":false},"author":1,"featured_media":1765,"comment_status":"open","ping_status":"open","sticky":false,"template":"","format":"standard","meta":{"footnotes":"","jetpack_publicize_message":"","jetpack_publicize_feature_enabled":true,"jetpack_social_post_already_shared":true,"jetpack_social_options":{"image_generator_settings":{"template":"highway","default_image_id":0,"font":"","enabled":false},"version":2}},"categories":[1,35,46,76],"tags":[],"class_list":["post-1764","post","type-post","status-publish","format-standard","has-post-thumbnail","hentry","category-https-gazetapernambucana-com-page_id225","category-https-gazetapernambucana-com-page_id218","category-literatura","category-opiniao"],"yoast_head":"<!-- This site is optimized with the Yoast SEO plugin v24.5 - https:\/\/yoast.com\/wordpress\/plugins\/seo\/ -->\n<title>A cr\u00f4nica domingueira. Por Magno Martins -<\/title>\n<meta name=\"robots\" content=\"index, follow, max-snippet:-1, max-image-preview:large, max-video-preview:-1\" \/>\n<link rel=\"canonical\" href=\"http:\/\/gazetapernambucana.com\/?p=1764\" \/>\n<meta property=\"og:locale\" content=\"pt_BR\" \/>\n<meta property=\"og:type\" content=\"article\" \/>\n<meta property=\"og:title\" content=\"A cr\u00f4nica domingueira. Por Magno Martins -\" \/>\n<meta property=\"og:description\" content=\"Por Magno Martins \u2013 Jornalista, poeta e escritor\u00a0 \u2013\u00a0 \u00a0 \u00a0Muitos amigos pr\u00f3ximos me alertam sobre o meu ritmo de vida. Acham que n\u00e3o dou sossego ao meu corpo, \u00e0 minha alma. Mas quando o trabalho \u00e9 um prazer, a vida se torna cada dia mais bela. Quando, entretanto, tudo nos \u00e9 imposto, a vida [&hellip;]\" \/>\n<meta property=\"og:url\" content=\"http:\/\/gazetapernambucana.com\/?p=1764\" \/>\n<meta property=\"article:published_time\" content=\"2025-09-21T18:50:10+00:00\" \/>\n<meta property=\"og:image\" content=\"http:\/\/gazetapernambucana.com\/wp-content\/uploads\/2025\/09\/WhatsApp-Image-2025-09-20-at-19.26.111.jpeg\" \/>\n\t<meta property=\"og:image:width\" content=\"736\" \/>\n\t<meta property=\"og:image:height\" content=\"736\" \/>\n\t<meta property=\"og:image:type\" content=\"image\/jpeg\" \/>\n<meta name=\"author\" content=\"GP\" \/>\n<meta name=\"twitter:card\" content=\"summary_large_image\" \/>\n<meta name=\"twitter:label1\" content=\"Escrito por\" \/>\n\t<meta name=\"twitter:data1\" content=\"GP\" \/>\n\t<meta name=\"twitter:label2\" content=\"Est. tempo de leitura\" \/>\n\t<meta name=\"twitter:data2\" content=\"5 minutos\" \/>\n<script type=\"application\/ld+json\" class=\"yoast-schema-graph\">{\"@context\":\"https:\/\/schema.org\",\"@graph\":[{\"@type\":\"WebPage\",\"@id\":\"http:\/\/gazetapernambucana.com\/?p=1764\",\"url\":\"http:\/\/gazetapernambucana.com\/?p=1764\",\"name\":\"A cr\u00f4nica domingueira. Por Magno Martins -\",\"isPartOf\":{\"@id\":\"https:\/\/gazetapernambucana.com\/#website\"},\"primaryImageOfPage\":{\"@id\":\"http:\/\/gazetapernambucana.com\/?p=1764#primaryimage\"},\"image\":{\"@id\":\"http:\/\/gazetapernambucana.com\/?p=1764#primaryimage\"},\"thumbnailUrl\":\"https:\/\/gazetapernambucana.com\/wp-content\/uploads\/2025\/09\/WhatsApp-Image-2025-09-20-at-19.26.111.jpeg\",\"datePublished\":\"2025-09-21T18:50:10+00:00\",\"author\":{\"@id\":\"https:\/\/gazetapernambucana.com\/#\/schema\/person\/188dc283325181ac2de4db1e9e987427\"},\"breadcrumb\":{\"@id\":\"http:\/\/gazetapernambucana.com\/?p=1764#breadcrumb\"},\"inLanguage\":\"pt-BR\",\"potentialAction\":[{\"@type\":\"ReadAction\",\"target\":[\"http:\/\/gazetapernambucana.com\/?p=1764\"]}]},{\"@type\":\"ImageObject\",\"inLanguage\":\"pt-BR\",\"@id\":\"http:\/\/gazetapernambucana.com\/?p=1764#primaryimage\",\"url\":\"https:\/\/gazetapernambucana.com\/wp-content\/uploads\/2025\/09\/WhatsApp-Image-2025-09-20-at-19.26.111.jpeg\",\"contentUrl\":\"https:\/\/gazetapernambucana.com\/wp-content\/uploads\/2025\/09\/WhatsApp-Image-2025-09-20-at-19.26.111.jpeg\",\"width\":736,\"height\":736},{\"@type\":\"BreadcrumbList\",\"@id\":\"http:\/\/gazetapernambucana.com\/?p=1764#breadcrumb\",\"itemListElement\":[{\"@type\":\"ListItem\",\"position\":1,\"name\":\"In\u00edcio\",\"item\":\"https:\/\/gazetapernambucana.com\/\"},{\"@type\":\"ListItem\",\"position\":2,\"name\":\"A cr\u00f4nica domingueira. Por Magno Martins\"}]},{\"@type\":\"WebSite\",\"@id\":\"https:\/\/gazetapernambucana.com\/#website\",\"url\":\"https:\/\/gazetapernambucana.com\/\",\"name\":\"\",\"description\":\"\",\"potentialAction\":[{\"@type\":\"SearchAction\",\"target\":{\"@type\":\"EntryPoint\",\"urlTemplate\":\"https:\/\/gazetapernambucana.com\/?s={search_term_string}\"},\"query-input\":{\"@type\":\"PropertyValueSpecification\",\"valueRequired\":true,\"valueName\":\"search_term_string\"}}],\"inLanguage\":\"pt-BR\"},{\"@type\":\"Person\",\"@id\":\"https:\/\/gazetapernambucana.com\/#\/schema\/person\/188dc283325181ac2de4db1e9e987427\",\"name\":\"GP\",\"image\":{\"@type\":\"ImageObject\",\"inLanguage\":\"pt-BR\",\"@id\":\"https:\/\/gazetapernambucana.com\/#\/schema\/person\/image\/\",\"url\":\"https:\/\/secure.gravatar.com\/avatar\/9dad78ff9a2d8b5742d11779f8a3f53b052320c550b2e1907882353c067bb111?s=96&d=mm&r=g\",\"contentUrl\":\"https:\/\/secure.gravatar.com\/avatar\/9dad78ff9a2d8b5742d11779f8a3f53b052320c550b2e1907882353c067bb111?s=96&d=mm&r=g\",\"caption\":\"GP\"},\"sameAs\":[\"http:\/\/gazetapernambucana.com\"],\"url\":\"https:\/\/gazetapernambucana.com\/?author=1\"}]}<\/script>\n<!-- \/ Yoast SEO plugin. -->","yoast_head_json":{"title":"A cr\u00f4nica domingueira. Por Magno Martins -","robots":{"index":"index","follow":"follow","max-snippet":"max-snippet:-1","max-image-preview":"max-image-preview:large","max-video-preview":"max-video-preview:-1"},"canonical":"http:\/\/gazetapernambucana.com\/?p=1764","og_locale":"pt_BR","og_type":"article","og_title":"A cr\u00f4nica domingueira. Por Magno Martins -","og_description":"Por Magno Martins \u2013 Jornalista, poeta e escritor\u00a0 \u2013\u00a0 \u00a0 \u00a0Muitos amigos pr\u00f3ximos me alertam sobre o meu ritmo de vida. Acham que n\u00e3o dou sossego ao meu corpo, \u00e0 minha alma. Mas quando o trabalho \u00e9 um prazer, a vida se torna cada dia mais bela. Quando, entretanto, tudo nos \u00e9 imposto, a vida [&hellip;]","og_url":"http:\/\/gazetapernambucana.com\/?p=1764","article_published_time":"2025-09-21T18:50:10+00:00","og_image":[{"width":736,"height":736,"url":"http:\/\/gazetapernambucana.com\/wp-content\/uploads\/2025\/09\/WhatsApp-Image-2025-09-20-at-19.26.111.jpeg","type":"image\/jpeg"}],"author":"GP","twitter_card":"summary_large_image","twitter_misc":{"Escrito por":"GP","Est. tempo de leitura":"5 minutos"},"schema":{"@context":"https:\/\/schema.org","@graph":[{"@type":"WebPage","@id":"http:\/\/gazetapernambucana.com\/?p=1764","url":"http:\/\/gazetapernambucana.com\/?p=1764","name":"A cr\u00f4nica domingueira. Por Magno Martins -","isPartOf":{"@id":"https:\/\/gazetapernambucana.com\/#website"},"primaryImageOfPage":{"@id":"http:\/\/gazetapernambucana.com\/?p=1764#primaryimage"},"image":{"@id":"http:\/\/gazetapernambucana.com\/?p=1764#primaryimage"},"thumbnailUrl":"https:\/\/gazetapernambucana.com\/wp-content\/uploads\/2025\/09\/WhatsApp-Image-2025-09-20-at-19.26.111.jpeg","datePublished":"2025-09-21T18:50:10+00:00","author":{"@id":"https:\/\/gazetapernambucana.com\/#\/schema\/person\/188dc283325181ac2de4db1e9e987427"},"breadcrumb":{"@id":"http:\/\/gazetapernambucana.com\/?p=1764#breadcrumb"},"inLanguage":"pt-BR","potentialAction":[{"@type":"ReadAction","target":["http:\/\/gazetapernambucana.com\/?p=1764"]}]},{"@type":"ImageObject","inLanguage":"pt-BR","@id":"http:\/\/gazetapernambucana.com\/?p=1764#primaryimage","url":"https:\/\/gazetapernambucana.com\/wp-content\/uploads\/2025\/09\/WhatsApp-Image-2025-09-20-at-19.26.111.jpeg","contentUrl":"https:\/\/gazetapernambucana.com\/wp-content\/uploads\/2025\/09\/WhatsApp-Image-2025-09-20-at-19.26.111.jpeg","width":736,"height":736},{"@type":"BreadcrumbList","@id":"http:\/\/gazetapernambucana.com\/?p=1764#breadcrumb","itemListElement":[{"@type":"ListItem","position":1,"name":"In\u00edcio","item":"https:\/\/gazetapernambucana.com\/"},{"@type":"ListItem","position":2,"name":"A cr\u00f4nica domingueira. Por Magno Martins"}]},{"@type":"WebSite","@id":"https:\/\/gazetapernambucana.com\/#website","url":"https:\/\/gazetapernambucana.com\/","name":"","description":"","potentialAction":[{"@type":"SearchAction","target":{"@type":"EntryPoint","urlTemplate":"https:\/\/gazetapernambucana.com\/?s={search_term_string}"},"query-input":{"@type":"PropertyValueSpecification","valueRequired":true,"valueName":"search_term_string"}}],"inLanguage":"pt-BR"},{"@type":"Person","@id":"https:\/\/gazetapernambucana.com\/#\/schema\/person\/188dc283325181ac2de4db1e9e987427","name":"GP","image":{"@type":"ImageObject","inLanguage":"pt-BR","@id":"https:\/\/gazetapernambucana.com\/#\/schema\/person\/image\/","url":"https:\/\/secure.gravatar.com\/avatar\/9dad78ff9a2d8b5742d11779f8a3f53b052320c550b2e1907882353c067bb111?s=96&d=mm&r=g","contentUrl":"https:\/\/secure.gravatar.com\/avatar\/9dad78ff9a2d8b5742d11779f8a3f53b052320c550b2e1907882353c067bb111?s=96&d=mm&r=g","caption":"GP"},"sameAs":["http:\/\/gazetapernambucana.com"],"url":"https:\/\/gazetapernambucana.com\/?author=1"}]}},"jetpack_publicize_connections":[],"_links":{"self":[{"href":"https:\/\/gazetapernambucana.com\/index.php?rest_route=\/wp\/v2\/posts\/1764","targetHints":{"allow":["GET"]}}],"collection":[{"href":"https:\/\/gazetapernambucana.com\/index.php?rest_route=\/wp\/v2\/posts"}],"about":[{"href":"https:\/\/gazetapernambucana.com\/index.php?rest_route=\/wp\/v2\/types\/post"}],"author":[{"embeddable":true,"href":"https:\/\/gazetapernambucana.com\/index.php?rest_route=\/wp\/v2\/users\/1"}],"replies":[{"embeddable":true,"href":"https:\/\/gazetapernambucana.com\/index.php?rest_route=%2Fwp%2Fv2%2Fcomments&post=1764"}],"version-history":[{"count":1,"href":"https:\/\/gazetapernambucana.com\/index.php?rest_route=\/wp\/v2\/posts\/1764\/revisions"}],"predecessor-version":[{"id":1766,"href":"https:\/\/gazetapernambucana.com\/index.php?rest_route=\/wp\/v2\/posts\/1764\/revisions\/1766"}],"wp:featuredmedia":[{"embeddable":true,"href":"https:\/\/gazetapernambucana.com\/index.php?rest_route=\/wp\/v2\/media\/1765"}],"wp:attachment":[{"href":"https:\/\/gazetapernambucana.com\/index.php?rest_route=%2Fwp%2Fv2%2Fmedia&parent=1764"}],"wp:term":[{"taxonomy":"category","embeddable":true,"href":"https:\/\/gazetapernambucana.com\/index.php?rest_route=%2Fwp%2Fv2%2Fcategories&post=1764"},{"taxonomy":"post_tag","embeddable":true,"href":"https:\/\/gazetapernambucana.com\/index.php?rest_route=%2Fwp%2Fv2%2Ftags&post=1764"}],"curies":[{"name":"wp","href":"https:\/\/api.w.org\/{rel}","templated":true}]}}