{"id":1762,"date":"2025-09-21T02:51:22","date_gmt":"2025-09-21T05:51:22","guid":{"rendered":"https:\/\/gazetapernambucana.com\/?p=1762"},"modified":"2025-09-21T02:51:22","modified_gmt":"2025-09-21T05:51:22","slug":"um-convite-para-a-amada-e-o-destino-por-flavio-chaves","status":"publish","type":"post","link":"https:\/\/gazetapernambucana.com\/?p=1762","title":{"rendered":"Um convite para a amada e o destino. Por Fl\u00e1vio Chaves"},"content":{"rendered":"<div id=\":1ck\" class=\"Am aiL Al editable LW-avf tS-tW tS-tY\" tabindex=\"1\" role=\"textbox\" contenteditable=\"true\" spellcheck=\"false\" aria-label=\"Corpo da mensagem\" aria-multiline=\"true\" aria-owns=\":1ey\" aria-controls=\":1ey\" aria-expanded=\"false\">\n<p>&nbsp;<\/p>\n<p><img loading=\"lazy\" decoding=\"async\" class=\"alignnone size-full wp-image-1579\" src=\"http:\/\/gazetapernambucana.com\/wp-content\/uploads\/2025\/08\/32367291_2297679380244334_5270767269897568256_n-1.jpg\" alt=\"\" width=\"240\" height=\"240\" srcset=\"https:\/\/gazetapernambucana.com\/wp-content\/uploads\/2025\/08\/32367291_2297679380244334_5270767269897568256_n-1.jpg 240w, https:\/\/gazetapernambucana.com\/wp-content\/uploads\/2025\/08\/32367291_2297679380244334_5270767269897568256_n-1-150x150.jpg 150w\" sizes=\"auto, (max-width: 240px) 100vw, 240px\" \/>\u00a0 \u00a0 <strong>Por Fl\u00e1vio Chaves \u2013 Jornalista, poeta, escritor e membro da Academia Pernambucana de Letras. Foi Delegado Federal\/Minc\u00a0 \u2013\u00a0<\/strong>\u00a0Toda grande hist\u00f3ria de amor come\u00e7a em sil\u00eancio, n\u00e3o o sil\u00eancio da aus\u00eancia, mas aquele que pulsa como uma ora\u00e7\u00e3o secreta, onde at\u00e9 a respira\u00e7\u00e3o do outro se torna idioma, onde o olhar \u00e9 carta, o gesto \u00e9 poesia e o tempo se curva diante da presen\u00e7a. Foi nesse sil\u00eancio sagrado que ela chegou, n\u00e3o como quem invade, mas como quem compreende. N\u00e3o trouxe promessas de mundos intocados nem juras gravadas no m\u00e1rmore, mas algo mais raro, mais necess\u00e1rio, mais eterno: a delicada e corajosa disposi\u00e7\u00e3o de permanecer.<\/p>\n<p>N\u00e3o falou de milagres, ofereceu o cotidiano. N\u00e3o trouxe mapas do para\u00edso, ofereceu m\u00e3os dispostas a construir. Era presen\u00e7a que n\u00e3o pedia licen\u00e7a, mas tocava com respeito. Um convite sem envelope, escrito na caligrafia invis\u00edvel dos gestos pequenos, na forma como preparou o caf\u00e9 como se estivesse aquecendo a alma alheia, na escuta que fez doer menos as mem\u00f3rias, na maneira como adentrou os c\u00f4modos da vida descal\u00e7a, sem medo dos cacos, sem pressa de partir. Ela n\u00e3o ocupou espa\u00e7o, criou lugar.<\/p>\n<p>E talvez seja a\u00ed, nesse ponto exato em que o mundo se dobra e o tempo desacelera, que o amor verdadeiramente come\u00e7a: quando algu\u00e9m entende que dividir a cama n\u00e3o \u00e9 apenas partilhar len\u00e7\u00f3is, mas construir alvoreceres. Que estar junto \u00e9 menos sobre abra\u00e7os e mais sobre a arte de permanecer no frio, dividindo o agasalho da esperan\u00e7a. Amar, no fundo, \u00e9 um ato filos\u00f3fico. \u00c9 abrir a porta da alma e permitir que o outro entre com seus descompassos, suas lembran\u00e7as desbotadas, seus medos e desordens, suas id\u00e9ias imperfeitas de felicidade.<\/p>\n<p>Amar \u00e9 erguer uma casa em terreno inst\u00e1vel, sabendo que o ch\u00e3o pode tremer e as janelas estalarem ao vento das inseguran\u00e7as. \u00c9 compreender que o cimento pode rachar, as paredes desbotar, os m\u00f3veis cansarem. Mas tamb\u00e9m \u00e9 confiar que tudo pode ser restaurado se houver quem permane\u00e7a, quem cuide, quem transforme o eu e o tu em um n\u00f3s com ra\u00edzes fundas o suficiente para sustentar o peso dos dias.<\/p>\n<p>Porque no fim, quando os enredos se desfazem e as luzes se apagam, o que vale n\u00e3o \u00e9 quem chega com fogos de artif\u00edcio, mas quem acende velas quando tudo escurece. Algu\u00e9m que n\u00e3o prometa para\u00edsos, mas traga no peito o cheiro da eternidade poss\u00edvel. Algu\u00e9m que compreenda que amar \u00e9 mais do que del\u00edrio e arrepio, \u00e9 partilhar o p\u00e3o, a aus\u00eancia, a espera, o sil\u00eancio e a fome de ser compreendido.<\/p>\n<p>\u00c9 nesse intervalo sagrado entre o toque e o descanso que habita o milagre. O amor, esse velho s\u00e1bio de olhos cansados e sorriso discreto, n\u00e3o precisa de grandes discursos, mas de presen\u00e7as que saibam escutar a alma do outro at\u00e9 nos momentos de sil\u00eancio mais profundo. Amar \u00e9 dividir o teto, o tempo, as esta\u00e7\u00f5es, os ru\u00eddos da mem\u00f3ria e os ventos da d\u00favida. \u00c9 plantar-se inteiro no solo do outro e, mesmo em meio \u00e0 terra \u00e1rida, florescer em conjunto, como quem inventa primavera.<\/p>\n<p>Amar, enfim, \u00e9 criar uma p\u00e1tria dentro do olhar de quem fica. \u00c9 construir ref\u00fagio nos gestos simples, transformar o cansa\u00e7o em repouso, e o sil\u00eancio em linguagem secreta. E assim, de peito aberto e alma lavada, a vida se reinventa no plural, e o amor, esse h\u00f3spede antigo que tudo v\u00ea e pouco exige, sorri em sil\u00eancio, agradecido por ter sido chamado a habitar ali.<\/p>\n<\/div>\n","protected":false},"excerpt":{"rendered":"<p>&nbsp; \u00a0 \u00a0 Por Fl\u00e1vio Chaves \u2013 Jornalista, poeta, escritor e membro da Academia Pernambucana de Letras. Foi Delegado Federal\/Minc\u00a0 \u2013\u00a0\u00a0Toda grande hist\u00f3ria de amor come\u00e7a em sil\u00eancio, n\u00e3o o sil\u00eancio da aus\u00eancia, mas aquele que pulsa como uma ora\u00e7\u00e3o secreta, onde at\u00e9 a respira\u00e7\u00e3o do outro se torna idioma, onde o olhar \u00e9 carta, [&hellip;]<\/p>\n","protected":false},"author":1,"featured_media":1579,"comment_status":"open","ping_status":"open","sticky":false,"template":"","format":"standard","meta":{"footnotes":"","jetpack_publicize_message":"","jetpack_publicize_feature_enabled":true,"jetpack_social_post_already_shared":true,"jetpack_social_options":{"image_generator_settings":{"template":"highway","default_image_id":0,"font":"","enabled":false},"version":2}},"categories":[1,35,46],"tags":[],"class_list":["post-1762","post","type-post","status-publish","format-standard","has-post-thumbnail","hentry","category-https-gazetapernambucana-com-page_id225","category-https-gazetapernambucana-com-page_id218","category-literatura"],"yoast_head":"<!-- This site is optimized with the Yoast SEO plugin v24.5 - https:\/\/yoast.com\/wordpress\/plugins\/seo\/ -->\n<title>Um convite para a amada e o destino. Por Fl\u00e1vio Chaves -<\/title>\n<meta name=\"robots\" content=\"index, follow, max-snippet:-1, max-image-preview:large, max-video-preview:-1\" \/>\n<link rel=\"canonical\" href=\"http:\/\/gazetapernambucana.com\/?p=1762\" \/>\n<meta property=\"og:locale\" content=\"pt_BR\" \/>\n<meta property=\"og:type\" content=\"article\" \/>\n<meta property=\"og:title\" content=\"Um convite para a amada e o destino. Por Fl\u00e1vio Chaves -\" \/>\n<meta property=\"og:description\" content=\"&nbsp; \u00a0 \u00a0 Por Fl\u00e1vio Chaves \u2013 Jornalista, poeta, escritor e membro da Academia Pernambucana de Letras. Foi Delegado Federal\/Minc\u00a0 \u2013\u00a0\u00a0Toda grande hist\u00f3ria de amor come\u00e7a em sil\u00eancio, n\u00e3o o sil\u00eancio da aus\u00eancia, mas aquele que pulsa como uma ora\u00e7\u00e3o secreta, onde at\u00e9 a respira\u00e7\u00e3o do outro se torna idioma, onde o olhar \u00e9 carta, [&hellip;]\" \/>\n<meta property=\"og:url\" content=\"http:\/\/gazetapernambucana.com\/?p=1762\" \/>\n<meta property=\"article:published_time\" content=\"2025-09-21T05:51:22+00:00\" \/>\n<meta property=\"og:image\" content=\"http:\/\/gazetapernambucana.com\/wp-content\/uploads\/2025\/08\/32367291_2297679380244334_5270767269897568256_n-1.jpg\" \/>\n\t<meta property=\"og:image:width\" content=\"240\" \/>\n\t<meta property=\"og:image:height\" content=\"240\" \/>\n\t<meta property=\"og:image:type\" content=\"image\/jpeg\" \/>\n<meta name=\"author\" content=\"GP\" \/>\n<meta name=\"twitter:card\" content=\"summary_large_image\" \/>\n<meta name=\"twitter:label1\" content=\"Escrito por\" \/>\n\t<meta name=\"twitter:data1\" content=\"GP\" \/>\n\t<meta name=\"twitter:label2\" content=\"Est. tempo de leitura\" \/>\n\t<meta name=\"twitter:data2\" content=\"4 minutos\" \/>\n<script type=\"application\/ld+json\" class=\"yoast-schema-graph\">{\"@context\":\"https:\/\/schema.org\",\"@graph\":[{\"@type\":\"WebPage\",\"@id\":\"http:\/\/gazetapernambucana.com\/?p=1762\",\"url\":\"http:\/\/gazetapernambucana.com\/?p=1762\",\"name\":\"Um convite para a amada e o destino. Por Fl\u00e1vio Chaves -\",\"isPartOf\":{\"@id\":\"https:\/\/gazetapernambucana.com\/#website\"},\"primaryImageOfPage\":{\"@id\":\"http:\/\/gazetapernambucana.com\/?p=1762#primaryimage\"},\"image\":{\"@id\":\"http:\/\/gazetapernambucana.com\/?p=1762#primaryimage\"},\"thumbnailUrl\":\"https:\/\/gazetapernambucana.com\/wp-content\/uploads\/2025\/08\/32367291_2297679380244334_5270767269897568256_n-1.jpg\",\"datePublished\":\"2025-09-21T05:51:22+00:00\",\"author\":{\"@id\":\"https:\/\/gazetapernambucana.com\/#\/schema\/person\/188dc283325181ac2de4db1e9e987427\"},\"breadcrumb\":{\"@id\":\"http:\/\/gazetapernambucana.com\/?p=1762#breadcrumb\"},\"inLanguage\":\"pt-BR\",\"potentialAction\":[{\"@type\":\"ReadAction\",\"target\":[\"http:\/\/gazetapernambucana.com\/?p=1762\"]}]},{\"@type\":\"ImageObject\",\"inLanguage\":\"pt-BR\",\"@id\":\"http:\/\/gazetapernambucana.com\/?p=1762#primaryimage\",\"url\":\"https:\/\/gazetapernambucana.com\/wp-content\/uploads\/2025\/08\/32367291_2297679380244334_5270767269897568256_n-1.jpg\",\"contentUrl\":\"https:\/\/gazetapernambucana.com\/wp-content\/uploads\/2025\/08\/32367291_2297679380244334_5270767269897568256_n-1.jpg\",\"width\":240,\"height\":240},{\"@type\":\"BreadcrumbList\",\"@id\":\"http:\/\/gazetapernambucana.com\/?p=1762#breadcrumb\",\"itemListElement\":[{\"@type\":\"ListItem\",\"position\":1,\"name\":\"In\u00edcio\",\"item\":\"https:\/\/gazetapernambucana.com\/\"},{\"@type\":\"ListItem\",\"position\":2,\"name\":\"Um convite para a amada e o destino. Por Fl\u00e1vio Chaves\"}]},{\"@type\":\"WebSite\",\"@id\":\"https:\/\/gazetapernambucana.com\/#website\",\"url\":\"https:\/\/gazetapernambucana.com\/\",\"name\":\"\",\"description\":\"\",\"potentialAction\":[{\"@type\":\"SearchAction\",\"target\":{\"@type\":\"EntryPoint\",\"urlTemplate\":\"https:\/\/gazetapernambucana.com\/?s={search_term_string}\"},\"query-input\":{\"@type\":\"PropertyValueSpecification\",\"valueRequired\":true,\"valueName\":\"search_term_string\"}}],\"inLanguage\":\"pt-BR\"},{\"@type\":\"Person\",\"@id\":\"https:\/\/gazetapernambucana.com\/#\/schema\/person\/188dc283325181ac2de4db1e9e987427\",\"name\":\"GP\",\"image\":{\"@type\":\"ImageObject\",\"inLanguage\":\"pt-BR\",\"@id\":\"https:\/\/gazetapernambucana.com\/#\/schema\/person\/image\/\",\"url\":\"https:\/\/secure.gravatar.com\/avatar\/9dad78ff9a2d8b5742d11779f8a3f53b052320c550b2e1907882353c067bb111?s=96&d=mm&r=g\",\"contentUrl\":\"https:\/\/secure.gravatar.com\/avatar\/9dad78ff9a2d8b5742d11779f8a3f53b052320c550b2e1907882353c067bb111?s=96&d=mm&r=g\",\"caption\":\"GP\"},\"sameAs\":[\"http:\/\/gazetapernambucana.com\"],\"url\":\"https:\/\/gazetapernambucana.com\/?author=1\"}]}<\/script>\n<!-- \/ Yoast SEO plugin. -->","yoast_head_json":{"title":"Um convite para a amada e o destino. Por Fl\u00e1vio Chaves -","robots":{"index":"index","follow":"follow","max-snippet":"max-snippet:-1","max-image-preview":"max-image-preview:large","max-video-preview":"max-video-preview:-1"},"canonical":"http:\/\/gazetapernambucana.com\/?p=1762","og_locale":"pt_BR","og_type":"article","og_title":"Um convite para a amada e o destino. Por Fl\u00e1vio Chaves -","og_description":"&nbsp; \u00a0 \u00a0 Por Fl\u00e1vio Chaves \u2013 Jornalista, poeta, escritor e membro da Academia Pernambucana de Letras. Foi Delegado Federal\/Minc\u00a0 \u2013\u00a0\u00a0Toda grande hist\u00f3ria de amor come\u00e7a em sil\u00eancio, n\u00e3o o sil\u00eancio da aus\u00eancia, mas aquele que pulsa como uma ora\u00e7\u00e3o secreta, onde at\u00e9 a respira\u00e7\u00e3o do outro se torna idioma, onde o olhar \u00e9 carta, [&hellip;]","og_url":"http:\/\/gazetapernambucana.com\/?p=1762","article_published_time":"2025-09-21T05:51:22+00:00","og_image":[{"width":240,"height":240,"url":"http:\/\/gazetapernambucana.com\/wp-content\/uploads\/2025\/08\/32367291_2297679380244334_5270767269897568256_n-1.jpg","type":"image\/jpeg"}],"author":"GP","twitter_card":"summary_large_image","twitter_misc":{"Escrito por":"GP","Est. tempo de leitura":"4 minutos"},"schema":{"@context":"https:\/\/schema.org","@graph":[{"@type":"WebPage","@id":"http:\/\/gazetapernambucana.com\/?p=1762","url":"http:\/\/gazetapernambucana.com\/?p=1762","name":"Um convite para a amada e o destino. Por Fl\u00e1vio Chaves -","isPartOf":{"@id":"https:\/\/gazetapernambucana.com\/#website"},"primaryImageOfPage":{"@id":"http:\/\/gazetapernambucana.com\/?p=1762#primaryimage"},"image":{"@id":"http:\/\/gazetapernambucana.com\/?p=1762#primaryimage"},"thumbnailUrl":"https:\/\/gazetapernambucana.com\/wp-content\/uploads\/2025\/08\/32367291_2297679380244334_5270767269897568256_n-1.jpg","datePublished":"2025-09-21T05:51:22+00:00","author":{"@id":"https:\/\/gazetapernambucana.com\/#\/schema\/person\/188dc283325181ac2de4db1e9e987427"},"breadcrumb":{"@id":"http:\/\/gazetapernambucana.com\/?p=1762#breadcrumb"},"inLanguage":"pt-BR","potentialAction":[{"@type":"ReadAction","target":["http:\/\/gazetapernambucana.com\/?p=1762"]}]},{"@type":"ImageObject","inLanguage":"pt-BR","@id":"http:\/\/gazetapernambucana.com\/?p=1762#primaryimage","url":"https:\/\/gazetapernambucana.com\/wp-content\/uploads\/2025\/08\/32367291_2297679380244334_5270767269897568256_n-1.jpg","contentUrl":"https:\/\/gazetapernambucana.com\/wp-content\/uploads\/2025\/08\/32367291_2297679380244334_5270767269897568256_n-1.jpg","width":240,"height":240},{"@type":"BreadcrumbList","@id":"http:\/\/gazetapernambucana.com\/?p=1762#breadcrumb","itemListElement":[{"@type":"ListItem","position":1,"name":"In\u00edcio","item":"https:\/\/gazetapernambucana.com\/"},{"@type":"ListItem","position":2,"name":"Um convite para a amada e o destino. Por Fl\u00e1vio Chaves"}]},{"@type":"WebSite","@id":"https:\/\/gazetapernambucana.com\/#website","url":"https:\/\/gazetapernambucana.com\/","name":"","description":"","potentialAction":[{"@type":"SearchAction","target":{"@type":"EntryPoint","urlTemplate":"https:\/\/gazetapernambucana.com\/?s={search_term_string}"},"query-input":{"@type":"PropertyValueSpecification","valueRequired":true,"valueName":"search_term_string"}}],"inLanguage":"pt-BR"},{"@type":"Person","@id":"https:\/\/gazetapernambucana.com\/#\/schema\/person\/188dc283325181ac2de4db1e9e987427","name":"GP","image":{"@type":"ImageObject","inLanguage":"pt-BR","@id":"https:\/\/gazetapernambucana.com\/#\/schema\/person\/image\/","url":"https:\/\/secure.gravatar.com\/avatar\/9dad78ff9a2d8b5742d11779f8a3f53b052320c550b2e1907882353c067bb111?s=96&d=mm&r=g","contentUrl":"https:\/\/secure.gravatar.com\/avatar\/9dad78ff9a2d8b5742d11779f8a3f53b052320c550b2e1907882353c067bb111?s=96&d=mm&r=g","caption":"GP"},"sameAs":["http:\/\/gazetapernambucana.com"],"url":"https:\/\/gazetapernambucana.com\/?author=1"}]}},"jetpack_publicize_connections":[],"_links":{"self":[{"href":"https:\/\/gazetapernambucana.com\/index.php?rest_route=\/wp\/v2\/posts\/1762","targetHints":{"allow":["GET"]}}],"collection":[{"href":"https:\/\/gazetapernambucana.com\/index.php?rest_route=\/wp\/v2\/posts"}],"about":[{"href":"https:\/\/gazetapernambucana.com\/index.php?rest_route=\/wp\/v2\/types\/post"}],"author":[{"embeddable":true,"href":"https:\/\/gazetapernambucana.com\/index.php?rest_route=\/wp\/v2\/users\/1"}],"replies":[{"embeddable":true,"href":"https:\/\/gazetapernambucana.com\/index.php?rest_route=%2Fwp%2Fv2%2Fcomments&post=1762"}],"version-history":[{"count":1,"href":"https:\/\/gazetapernambucana.com\/index.php?rest_route=\/wp\/v2\/posts\/1762\/revisions"}],"predecessor-version":[{"id":1763,"href":"https:\/\/gazetapernambucana.com\/index.php?rest_route=\/wp\/v2\/posts\/1762\/revisions\/1763"}],"wp:featuredmedia":[{"embeddable":true,"href":"https:\/\/gazetapernambucana.com\/index.php?rest_route=\/wp\/v2\/media\/1579"}],"wp:attachment":[{"href":"https:\/\/gazetapernambucana.com\/index.php?rest_route=%2Fwp%2Fv2%2Fmedia&parent=1762"}],"wp:term":[{"taxonomy":"category","embeddable":true,"href":"https:\/\/gazetapernambucana.com\/index.php?rest_route=%2Fwp%2Fv2%2Fcategories&post=1762"},{"taxonomy":"post_tag","embeddable":true,"href":"https:\/\/gazetapernambucana.com\/index.php?rest_route=%2Fwp%2Fv2%2Ftags&post=1762"}],"curies":[{"name":"wp","href":"https:\/\/api.w.org\/{rel}","templated":true}]}}