{"id":1759,"date":"2025-09-20T23:55:56","date_gmt":"2025-09-21T02:55:56","guid":{"rendered":"https:\/\/gazetapernambucana.com\/?p=1759"},"modified":"2025-09-20T23:56:11","modified_gmt":"2025-09-21T02:56:11","slug":"nautico-frustra-torcida-por-claudemir-gomes","status":"publish","type":"post","link":"https:\/\/gazetapernambucana.com\/?p=1759","title":{"rendered":"N\u00e1utico frustra torcida. Por CLAUDEMIR GOMES"},"content":{"rendered":"<p><strong><img loading=\"lazy\" decoding=\"async\" class=\"alignnone size-full wp-image-1250\" src=\"http:\/\/gazetapernambucana.com\/wp-content\/uploads\/2025\/07\/43163348_124416095196984_1643391599985557504_n-1-1-300x300-1.jpg\" alt=\"\" width=\"300\" height=\"300\" srcset=\"https:\/\/gazetapernambucana.com\/wp-content\/uploads\/2025\/07\/43163348_124416095196984_1643391599985557504_n-1-1-300x300-1.jpg 300w, https:\/\/gazetapernambucana.com\/wp-content\/uploads\/2025\/07\/43163348_124416095196984_1643391599985557504_n-1-1-300x300-1-150x150.jpg 150w\" sizes=\"auto, (max-width: 300px) 100vw, 300px\" \/>\u00a0 Por CLAUDEMIR GOMES &#8211; <\/strong>Com uma vit\u00f3ria &#8211; 1&#215;0 &#8211; sobre o N\u00e1utico, na tarde deste s\u00e1bado, nos Aflitos, a Ponte Preta deu um passo decisivo para assegurar o acesso \u00e0 S\u00e9rie A do Campeonato Brasileiro em 2026. O alvinegro de Campinas\/SP fechou a primeira fase do quadrangular (jogos de ida), com cem por cento de aproveitamento, fruto de tr\u00eas vit\u00f3rias pelo mesmo placar.<\/p>\n<p>Se por um lado a Ponte Preta deu uma demonstra\u00e7\u00e3o de for\u00e7a, ratificando o favoritismo que lhe fora atribu\u00eddo para conquistar uma das vagas em disputa no Grupo C, o N\u00e1utico frustrou sua torcida ao contabilizar duas derrotas, para Guarani e Ponte Preta, respectivamente, na condi\u00e7\u00e3o de mandante. O Alvirrubro Pernambucano n\u00e3o teve compet\u00eancia para administrar as vantagens do mando de campo, fato que tornou mais dif\u00edcil o desafio do acesso.<\/p>\n<p>Com boas campanhas descritas na fase de classifica\u00e7\u00e3o, N\u00e1utico e Ponte Preta se credenciaram como favoritos na briga por duas vagas de acesso para a S\u00e9rie A, num quadrangular onde Guarani e Brusque, teoricamente eram tidos como figurantes. Na primeira rodada, atuando como visitantes, os dois times confirmaram o favoritismo com vit\u00f3rias pelo placar m\u00ednimo: Brusque 0x1 N\u00e1utico e Guarani 0x1 Ponte Preta.<\/p>\n<p>A vantagem de enfrentar Guarani e Ponte Preta na sequ\u00eancia, ou seja, no temido Est\u00e1dio dos Aflitos, onde os alvirrubros ostentavam uma boa sequ\u00eancia de resultados positivos, encheu a torcida de confian\u00e7a em rela\u00e7\u00e3o \u00e0 subida para a S\u00e9rie B. Afinal, com a chegada do t\u00e9cnico H\u00e9lio dos Anjos, que em 2006 conseguiu levar o clube a S\u00e9rie A, o N\u00e1utico apresentou um crescimento sustent\u00e1vel que lhe posicionou na segunda posi\u00e7\u00e3o na tabela de classifica\u00e7\u00e3o.<\/p>\n<p>No futebol, a dist\u00e2ncia que separa o discurso da pr\u00e1tica \u00e9 abissal, e como dizem os fil\u00f3sofos: &#8220;a bola tem suas ironias&#8221;. O narrador, Bartolomeu Fernando, advertiu: &#8220;Chegou a hora de ver quem tem garrafa pra vender&#8221;. O Timbu n\u00e3o conseguiu levar a campo a maturidade que define os vencedores.<\/p>\n<p>N\u00e1utico e Ponte Preta t\u00eam a mesma estatura, por conseguinte, a vit\u00f3ria num confronto entre dois times parelhos somente sairia nos detalhes. E foi justamente numa falha de marca\u00e7\u00e3o, em jogada constru\u00edda pelo setor direito da equipe paulista, os volantes do N\u00e1utico n\u00e3o acompanharam e se equivocaram na leitura do posicionamento deixando o atacante Tor\u00f3 entrar, livre de marca\u00e7\u00e3o, para marcar o \u00fanico gol da partida.<\/p>\n<p>No segundo tempo, H\u00e9lio dos Anjos corrigiu o posicionamento da equipe alvirrubra que &#8220;amassou&#8221; o advers\u00e1rio do seu campo de jogo, mas n\u00e3o foi efetivo nas finaliza\u00e7\u00f5es. Em duas oportunidades o goleiro da Ponte Preta se agigantou praticando duas defesas que asseguraram a vantagem &#8211; 1&#215;0 &#8211; da equipe de Campinas, l\u00edder isolada do Grupo C com 9 pontos ganhos em tr\u00eas jogos disputados.<\/p>\n<p>Na sequ\u00eancia da tabela o N\u00e1utico sai para enfrentar o Guarani e a Ponte Preta, nessa ordem, em Campinas, e fecha sua participa\u00e7\u00e3o medindo for\u00e7as com o Brusque, nos Aflitos.<\/p>\n<p>A frustra\u00e7\u00e3o da torcida alvirrubra, ap\u00f3s duas derrotas como mandante, \u00e9 compreens\u00edvel. Afinal, resta o consolo de uma frase que \u00e9 abominada por alguns treinadores: &#8220;Matematicamente ainda h\u00e1 chance!&#8221;.<\/p>\n","protected":false},"excerpt":{"rendered":"<p>\u00a0 Por CLAUDEMIR GOMES &#8211; Com uma vit\u00f3ria &#8211; 1&#215;0 &#8211; sobre o N\u00e1utico, na tarde deste s\u00e1bado, nos Aflitos, a Ponte Preta deu um passo decisivo para assegurar o acesso \u00e0 S\u00e9rie A do Campeonato Brasileiro em 2026. O alvinegro de Campinas\/SP fechou a primeira fase do quadrangular (jogos de ida), com cem por [&hellip;]<\/p>\n","protected":false},"author":1,"featured_media":1250,"comment_status":"open","ping_status":"open","sticky":false,"template":"","format":"standard","meta":{"footnotes":"","jetpack_publicize_message":"","jetpack_publicize_feature_enabled":true,"jetpack_social_post_already_shared":true,"jetpack_social_options":{"image_generator_settings":{"template":"highway","default_image_id":0,"font":"","enabled":false},"version":2}},"categories":[1,39],"tags":[],"class_list":["post-1759","post","type-post","status-publish","format-standard","has-post-thumbnail","hentry","category-https-gazetapernambucana-com-page_id225","category-https-gazetapernambucana-com-page_id221"],"yoast_head":"<!-- This site is optimized with the Yoast SEO plugin v24.5 - https:\/\/yoast.com\/wordpress\/plugins\/seo\/ -->\n<title>N\u00e1utico frustra torcida. Por CLAUDEMIR GOMES -<\/title>\n<meta name=\"robots\" content=\"index, follow, max-snippet:-1, max-image-preview:large, max-video-preview:-1\" \/>\n<link rel=\"canonical\" href=\"http:\/\/gazetapernambucana.com\/?p=1759\" \/>\n<meta property=\"og:locale\" content=\"pt_BR\" \/>\n<meta property=\"og:type\" content=\"article\" \/>\n<meta property=\"og:title\" content=\"N\u00e1utico frustra torcida. Por CLAUDEMIR GOMES -\" \/>\n<meta property=\"og:description\" content=\"\u00a0 Por CLAUDEMIR GOMES &#8211; Com uma vit\u00f3ria &#8211; 1&#215;0 &#8211; sobre o N\u00e1utico, na tarde deste s\u00e1bado, nos Aflitos, a Ponte Preta deu um passo decisivo para assegurar o acesso \u00e0 S\u00e9rie A do Campeonato Brasileiro em 2026. O alvinegro de Campinas\/SP fechou a primeira fase do quadrangular (jogos de ida), com cem por [&hellip;]\" \/>\n<meta property=\"og:url\" content=\"http:\/\/gazetapernambucana.com\/?p=1759\" \/>\n<meta property=\"article:published_time\" content=\"2025-09-21T02:55:56+00:00\" \/>\n<meta property=\"article:modified_time\" content=\"2025-09-21T02:56:11+00:00\" \/>\n<meta property=\"og:image\" content=\"http:\/\/gazetapernambucana.com\/wp-content\/uploads\/2025\/07\/43163348_124416095196984_1643391599985557504_n-1-1-300x300-1.jpg\" \/>\n\t<meta property=\"og:image:width\" content=\"300\" \/>\n\t<meta property=\"og:image:height\" content=\"300\" \/>\n\t<meta property=\"og:image:type\" content=\"image\/jpeg\" \/>\n<meta name=\"author\" content=\"GP\" \/>\n<meta name=\"twitter:card\" content=\"summary_large_image\" \/>\n<meta name=\"twitter:label1\" content=\"Escrito por\" \/>\n\t<meta name=\"twitter:data1\" content=\"GP\" \/>\n\t<meta name=\"twitter:label2\" content=\"Est. tempo de leitura\" \/>\n\t<meta name=\"twitter:data2\" content=\"4 minutos\" \/>\n<script type=\"application\/ld+json\" class=\"yoast-schema-graph\">{\"@context\":\"https:\/\/schema.org\",\"@graph\":[{\"@type\":\"WebPage\",\"@id\":\"http:\/\/gazetapernambucana.com\/?p=1759\",\"url\":\"http:\/\/gazetapernambucana.com\/?p=1759\",\"name\":\"N\u00e1utico frustra torcida. Por CLAUDEMIR GOMES -\",\"isPartOf\":{\"@id\":\"https:\/\/gazetapernambucana.com\/#website\"},\"primaryImageOfPage\":{\"@id\":\"http:\/\/gazetapernambucana.com\/?p=1759#primaryimage\"},\"image\":{\"@id\":\"http:\/\/gazetapernambucana.com\/?p=1759#primaryimage\"},\"thumbnailUrl\":\"https:\/\/gazetapernambucana.com\/wp-content\/uploads\/2025\/07\/43163348_124416095196984_1643391599985557504_n-1-1-300x300-1.jpg\",\"datePublished\":\"2025-09-21T02:55:56+00:00\",\"dateModified\":\"2025-09-21T02:56:11+00:00\",\"author\":{\"@id\":\"https:\/\/gazetapernambucana.com\/#\/schema\/person\/188dc283325181ac2de4db1e9e987427\"},\"breadcrumb\":{\"@id\":\"http:\/\/gazetapernambucana.com\/?p=1759#breadcrumb\"},\"inLanguage\":\"pt-BR\",\"potentialAction\":[{\"@type\":\"ReadAction\",\"target\":[\"http:\/\/gazetapernambucana.com\/?p=1759\"]}]},{\"@type\":\"ImageObject\",\"inLanguage\":\"pt-BR\",\"@id\":\"http:\/\/gazetapernambucana.com\/?p=1759#primaryimage\",\"url\":\"https:\/\/gazetapernambucana.com\/wp-content\/uploads\/2025\/07\/43163348_124416095196984_1643391599985557504_n-1-1-300x300-1.jpg\",\"contentUrl\":\"https:\/\/gazetapernambucana.com\/wp-content\/uploads\/2025\/07\/43163348_124416095196984_1643391599985557504_n-1-1-300x300-1.jpg\",\"width\":300,\"height\":300},{\"@type\":\"BreadcrumbList\",\"@id\":\"http:\/\/gazetapernambucana.com\/?p=1759#breadcrumb\",\"itemListElement\":[{\"@type\":\"ListItem\",\"position\":1,\"name\":\"In\u00edcio\",\"item\":\"https:\/\/gazetapernambucana.com\/\"},{\"@type\":\"ListItem\",\"position\":2,\"name\":\"N\u00e1utico frustra torcida. Por CLAUDEMIR GOMES\"}]},{\"@type\":\"WebSite\",\"@id\":\"https:\/\/gazetapernambucana.com\/#website\",\"url\":\"https:\/\/gazetapernambucana.com\/\",\"name\":\"\",\"description\":\"\",\"potentialAction\":[{\"@type\":\"SearchAction\",\"target\":{\"@type\":\"EntryPoint\",\"urlTemplate\":\"https:\/\/gazetapernambucana.com\/?s={search_term_string}\"},\"query-input\":{\"@type\":\"PropertyValueSpecification\",\"valueRequired\":true,\"valueName\":\"search_term_string\"}}],\"inLanguage\":\"pt-BR\"},{\"@type\":\"Person\",\"@id\":\"https:\/\/gazetapernambucana.com\/#\/schema\/person\/188dc283325181ac2de4db1e9e987427\",\"name\":\"GP\",\"image\":{\"@type\":\"ImageObject\",\"inLanguage\":\"pt-BR\",\"@id\":\"https:\/\/gazetapernambucana.com\/#\/schema\/person\/image\/\",\"url\":\"https:\/\/secure.gravatar.com\/avatar\/9dad78ff9a2d8b5742d11779f8a3f53b052320c550b2e1907882353c067bb111?s=96&d=mm&r=g\",\"contentUrl\":\"https:\/\/secure.gravatar.com\/avatar\/9dad78ff9a2d8b5742d11779f8a3f53b052320c550b2e1907882353c067bb111?s=96&d=mm&r=g\",\"caption\":\"GP\"},\"sameAs\":[\"http:\/\/gazetapernambucana.com\"],\"url\":\"https:\/\/gazetapernambucana.com\/?author=1\"}]}<\/script>\n<!-- \/ Yoast SEO plugin. -->","yoast_head_json":{"title":"N\u00e1utico frustra torcida. Por CLAUDEMIR GOMES -","robots":{"index":"index","follow":"follow","max-snippet":"max-snippet:-1","max-image-preview":"max-image-preview:large","max-video-preview":"max-video-preview:-1"},"canonical":"http:\/\/gazetapernambucana.com\/?p=1759","og_locale":"pt_BR","og_type":"article","og_title":"N\u00e1utico frustra torcida. Por CLAUDEMIR GOMES -","og_description":"\u00a0 Por CLAUDEMIR GOMES &#8211; Com uma vit\u00f3ria &#8211; 1&#215;0 &#8211; sobre o N\u00e1utico, na tarde deste s\u00e1bado, nos Aflitos, a Ponte Preta deu um passo decisivo para assegurar o acesso \u00e0 S\u00e9rie A do Campeonato Brasileiro em 2026. O alvinegro de Campinas\/SP fechou a primeira fase do quadrangular (jogos de ida), com cem por [&hellip;]","og_url":"http:\/\/gazetapernambucana.com\/?p=1759","article_published_time":"2025-09-21T02:55:56+00:00","article_modified_time":"2025-09-21T02:56:11+00:00","og_image":[{"width":300,"height":300,"url":"http:\/\/gazetapernambucana.com\/wp-content\/uploads\/2025\/07\/43163348_124416095196984_1643391599985557504_n-1-1-300x300-1.jpg","type":"image\/jpeg"}],"author":"GP","twitter_card":"summary_large_image","twitter_misc":{"Escrito por":"GP","Est. tempo de leitura":"4 minutos"},"schema":{"@context":"https:\/\/schema.org","@graph":[{"@type":"WebPage","@id":"http:\/\/gazetapernambucana.com\/?p=1759","url":"http:\/\/gazetapernambucana.com\/?p=1759","name":"N\u00e1utico frustra torcida. Por CLAUDEMIR GOMES -","isPartOf":{"@id":"https:\/\/gazetapernambucana.com\/#website"},"primaryImageOfPage":{"@id":"http:\/\/gazetapernambucana.com\/?p=1759#primaryimage"},"image":{"@id":"http:\/\/gazetapernambucana.com\/?p=1759#primaryimage"},"thumbnailUrl":"https:\/\/gazetapernambucana.com\/wp-content\/uploads\/2025\/07\/43163348_124416095196984_1643391599985557504_n-1-1-300x300-1.jpg","datePublished":"2025-09-21T02:55:56+00:00","dateModified":"2025-09-21T02:56:11+00:00","author":{"@id":"https:\/\/gazetapernambucana.com\/#\/schema\/person\/188dc283325181ac2de4db1e9e987427"},"breadcrumb":{"@id":"http:\/\/gazetapernambucana.com\/?p=1759#breadcrumb"},"inLanguage":"pt-BR","potentialAction":[{"@type":"ReadAction","target":["http:\/\/gazetapernambucana.com\/?p=1759"]}]},{"@type":"ImageObject","inLanguage":"pt-BR","@id":"http:\/\/gazetapernambucana.com\/?p=1759#primaryimage","url":"https:\/\/gazetapernambucana.com\/wp-content\/uploads\/2025\/07\/43163348_124416095196984_1643391599985557504_n-1-1-300x300-1.jpg","contentUrl":"https:\/\/gazetapernambucana.com\/wp-content\/uploads\/2025\/07\/43163348_124416095196984_1643391599985557504_n-1-1-300x300-1.jpg","width":300,"height":300},{"@type":"BreadcrumbList","@id":"http:\/\/gazetapernambucana.com\/?p=1759#breadcrumb","itemListElement":[{"@type":"ListItem","position":1,"name":"In\u00edcio","item":"https:\/\/gazetapernambucana.com\/"},{"@type":"ListItem","position":2,"name":"N\u00e1utico frustra torcida. Por CLAUDEMIR GOMES"}]},{"@type":"WebSite","@id":"https:\/\/gazetapernambucana.com\/#website","url":"https:\/\/gazetapernambucana.com\/","name":"","description":"","potentialAction":[{"@type":"SearchAction","target":{"@type":"EntryPoint","urlTemplate":"https:\/\/gazetapernambucana.com\/?s={search_term_string}"},"query-input":{"@type":"PropertyValueSpecification","valueRequired":true,"valueName":"search_term_string"}}],"inLanguage":"pt-BR"},{"@type":"Person","@id":"https:\/\/gazetapernambucana.com\/#\/schema\/person\/188dc283325181ac2de4db1e9e987427","name":"GP","image":{"@type":"ImageObject","inLanguage":"pt-BR","@id":"https:\/\/gazetapernambucana.com\/#\/schema\/person\/image\/","url":"https:\/\/secure.gravatar.com\/avatar\/9dad78ff9a2d8b5742d11779f8a3f53b052320c550b2e1907882353c067bb111?s=96&d=mm&r=g","contentUrl":"https:\/\/secure.gravatar.com\/avatar\/9dad78ff9a2d8b5742d11779f8a3f53b052320c550b2e1907882353c067bb111?s=96&d=mm&r=g","caption":"GP"},"sameAs":["http:\/\/gazetapernambucana.com"],"url":"https:\/\/gazetapernambucana.com\/?author=1"}]}},"jetpack_publicize_connections":[],"_links":{"self":[{"href":"https:\/\/gazetapernambucana.com\/index.php?rest_route=\/wp\/v2\/posts\/1759","targetHints":{"allow":["GET"]}}],"collection":[{"href":"https:\/\/gazetapernambucana.com\/index.php?rest_route=\/wp\/v2\/posts"}],"about":[{"href":"https:\/\/gazetapernambucana.com\/index.php?rest_route=\/wp\/v2\/types\/post"}],"author":[{"embeddable":true,"href":"https:\/\/gazetapernambucana.com\/index.php?rest_route=\/wp\/v2\/users\/1"}],"replies":[{"embeddable":true,"href":"https:\/\/gazetapernambucana.com\/index.php?rest_route=%2Fwp%2Fv2%2Fcomments&post=1759"}],"version-history":[{"count":2,"href":"https:\/\/gazetapernambucana.com\/index.php?rest_route=\/wp\/v2\/posts\/1759\/revisions"}],"predecessor-version":[{"id":1761,"href":"https:\/\/gazetapernambucana.com\/index.php?rest_route=\/wp\/v2\/posts\/1759\/revisions\/1761"}],"wp:featuredmedia":[{"embeddable":true,"href":"https:\/\/gazetapernambucana.com\/index.php?rest_route=\/wp\/v2\/media\/1250"}],"wp:attachment":[{"href":"https:\/\/gazetapernambucana.com\/index.php?rest_route=%2Fwp%2Fv2%2Fmedia&parent=1759"}],"wp:term":[{"taxonomy":"category","embeddable":true,"href":"https:\/\/gazetapernambucana.com\/index.php?rest_route=%2Fwp%2Fv2%2Fcategories&post=1759"},{"taxonomy":"post_tag","embeddable":true,"href":"https:\/\/gazetapernambucana.com\/index.php?rest_route=%2Fwp%2Fv2%2Ftags&post=1759"}],"curies":[{"name":"wp","href":"https:\/\/api.w.org\/{rel}","templated":true}]}}