{"id":1754,"date":"2025-09-20T18:54:02","date_gmt":"2025-09-20T21:54:02","guid":{"rendered":"https:\/\/gazetapernambucana.com\/?p=1754"},"modified":"2025-09-20T18:54:02","modified_gmt":"2025-09-20T21:54:02","slug":"carpina-contra-seus-professores-quando-cortar-aposentadorias-e-cortar-a-esperanca","status":"publish","type":"post","link":"https:\/\/gazetapernambucana.com\/?p=1754","title":{"rendered":"Carpina contra seus professores: quando cortar aposentadorias \u00e9 cortar a esperan\u00e7a"},"content":{"rendered":"<p data-start=\"320\" data-end=\"406\">\n<p data-start=\"408\" data-end=\"897\"><img loading=\"lazy\" decoding=\"async\" class=\"alignnone size-medium wp-image-1755\" src=\"http:\/\/gazetapernambucana.com\/wp-content\/uploads\/2025\/09\/prefeitura_3-300x160.jpg\" alt=\"\" width=\"300\" height=\"160\" srcset=\"https:\/\/gazetapernambucana.com\/wp-content\/uploads\/2025\/09\/prefeitura_3-300x160.jpg 300w, https:\/\/gazetapernambucana.com\/wp-content\/uploads\/2025\/09\/prefeitura_3-768x410.jpg 768w, https:\/\/gazetapernambucana.com\/wp-content\/uploads\/2025\/09\/prefeitura_3.jpg 800w\" sizes=\"auto, (max-width: 300px) 100vw, 300px\" \/>\u00a0 Um grupo de aposentados de Carpina protocolou nesta quinta-feira, 18 de setembro, um requerimento \u00e0 Subprocuradoria Geral de Justi\u00e7a em Assuntos Jur\u00eddicos, pedindo a suspens\u00e3o da aplica\u00e7\u00e3o da Lei n\u00ba 01\/2025. A medida imp\u00f5e uma cobran\u00e7a extraordin\u00e1ria sobre aposentadorias e pens\u00f5es acima de um sal\u00e1rio m\u00ednimo, com in\u00edcio previsto para outubro. A legisla\u00e7\u00e3o est\u00e1 sendo questionada no Supremo Tribunal Federal, onde aguarda decis\u00e3o do ministro Gilmar Mendes quanto \u00e0 sua constitucionalidade.<\/p>\n<p data-start=\"899\" data-end=\"1224\">Os aposentados denunciam que os descontos v\u00e3o piorar a situa\u00e7\u00e3o de quem j\u00e1 vive com dificuldades. Muitos deles mal conseguem pagar aluguel, comprar medicamentos ou honrar d\u00edvidas com empr\u00e9stimos. Para quem j\u00e1 trabalhou uma vida inteira, esse corte representa mais que um preju\u00edzo financeiro. Representa um golpe na dignidade.<\/p>\n<p data-start=\"1226\" data-end=\"1595\">Entre os mais atingidos est\u00e3o os professores aposentados. Homens e mulheres que dedicaram d\u00e9cadas \u00e0 sala de aula, \u00e0 forma\u00e7\u00e3o de crian\u00e7as, jovens e adultos. Cortar a aposentadoria dessas pessoas \u00e9 mais do que insensibilidade. \u00c9 falta de compromisso com a hist\u00f3ria de um povo. \u00c9 desprezar o valor de quem construiu a cidade com esfor\u00e7o, conhecimento e amor pela educa\u00e7\u00e3o.<\/p>\n<p data-start=\"1597\" data-end=\"1843\">N\u00e3o \u00e9 a sociedade que est\u00e1 atacando seus professores. \u00c9 o gestor p\u00fablico. \u00c9 quem tem o dever de proteger, mas escolheu penalizar. Quando um gestor age assim, ele est\u00e1 trabalhando contra as fam\u00edlias, contra os cidad\u00e3os, contra o futuro de Carpina.<\/p>\n<p data-start=\"1845\" data-end=\"2093\">A miss\u00e3o de um professor n\u00e3o se encerra com a aposentadoria. Mesmo fora da sala de aula, muitos seguem sendo refer\u00eancia, conselheiros, presen\u00e7a ativa nas comunidades. Desrespeitar esses profissionais \u00e9 uma forma de enfraquecer os valores da cidade.<\/p>\n<p data-start=\"2095\" data-end=\"2350\">Paulo Freire dizia que educar \u00e9 criar possibilidades para a constru\u00e7\u00e3o do saber. Nelson Mandela defendia a educa\u00e7\u00e3o como a maior arma de transforma\u00e7\u00e3o social. Ignorar a import\u00e2ncia do professor \u00e9 romper com esses princ\u00edpios. \u00c9 negar a pr\u00f3pria civiliza\u00e7\u00e3o.<\/p>\n<p data-start=\"2352\" data-end=\"2590\">O que se v\u00ea em Carpina \u00e9 um gesto que n\u00e3o tem justificativa moral. Se a medida est\u00e1 sob an\u00e1lise do Supremo Tribunal Federal, por que antecipar seus efeitos? Por que sacrificar quem mais precisa? Isso n\u00e3o \u00e9 gest\u00e3o p\u00fablica. Isso \u00e9 abandono.<\/p>\n<p data-start=\"2592\" data-end=\"2857\">O Minist\u00e9rio P\u00fablico tem a responsabilidade de intervir, avaliando os impactos dessa cobran\u00e7a e protegendo os direitos dos aposentados. A popula\u00e7\u00e3o tamb\u00e9m deve cobrar explica\u00e7\u00f5es e exigir respeito. Professores n\u00e3o s\u00e3o n\u00fameros no or\u00e7amento. S\u00e3o pilares da sociedade.<\/p>\n<p data-start=\"2859\" data-end=\"3123\">Carpina tem a chance de corrigir esse erro. Valorizar seus educadores \u00e9 valorizar sua pr\u00f3pria hist\u00f3ria. \u00c9 garantir que a cidade n\u00e3o ande para tr\u00e1s. Porque quando se corta de quem ensinou, o que se tira \u00e9 muito mais que dinheiro. \u00c9 dignidade. \u00c9 gratid\u00e3o. \u00c9 justi\u00e7a.<\/p>\n","protected":false},"excerpt":{"rendered":"<p>\u00a0 Um grupo de aposentados de Carpina protocolou nesta quinta-feira, 18 de setembro, um requerimento \u00e0 Subprocuradoria Geral de Justi\u00e7a em Assuntos Jur\u00eddicos, pedindo a suspens\u00e3o da aplica\u00e7\u00e3o da Lei n\u00ba 01\/2025. A medida imp\u00f5e uma cobran\u00e7a extraordin\u00e1ria sobre aposentadorias e pens\u00f5es acima de um sal\u00e1rio m\u00ednimo, com in\u00edcio previsto para outubro. A legisla\u00e7\u00e3o est\u00e1 [&hellip;]<\/p>\n","protected":false},"author":1,"featured_media":1755,"comment_status":"open","ping_status":"open","sticky":false,"template":"","format":"standard","meta":{"footnotes":"","jetpack_publicize_message":"","jetpack_publicize_feature_enabled":true,"jetpack_social_post_already_shared":true,"jetpack_social_options":{"image_generator_settings":{"template":"highway","default_image_id":0,"font":"","enabled":false},"version":2}},"categories":[66,1,65],"tags":[],"class_list":["post-1754","post","type-post","status-publish","format-standard","has-post-thumbnail","hentry","category-cidades","category-https-gazetapernambucana-com-page_id225","category-politica"],"yoast_head":"<!-- This site is optimized with the Yoast SEO plugin v24.5 - https:\/\/yoast.com\/wordpress\/plugins\/seo\/ -->\n<title>Carpina contra seus professores: quando cortar aposentadorias \u00e9 cortar a esperan\u00e7a -<\/title>\n<meta name=\"robots\" content=\"index, follow, max-snippet:-1, max-image-preview:large, max-video-preview:-1\" \/>\n<link rel=\"canonical\" href=\"http:\/\/gazetapernambucana.com\/?p=1754\" \/>\n<meta property=\"og:locale\" content=\"pt_BR\" \/>\n<meta property=\"og:type\" content=\"article\" \/>\n<meta property=\"og:title\" content=\"Carpina contra seus professores: quando cortar aposentadorias \u00e9 cortar a esperan\u00e7a -\" \/>\n<meta property=\"og:description\" content=\"\u00a0 Um grupo de aposentados de Carpina protocolou nesta quinta-feira, 18 de setembro, um requerimento \u00e0 Subprocuradoria Geral de Justi\u00e7a em Assuntos Jur\u00eddicos, pedindo a suspens\u00e3o da aplica\u00e7\u00e3o da Lei n\u00ba 01\/2025. A medida imp\u00f5e uma cobran\u00e7a extraordin\u00e1ria sobre aposentadorias e pens\u00f5es acima de um sal\u00e1rio m\u00ednimo, com in\u00edcio previsto para outubro. A legisla\u00e7\u00e3o est\u00e1 [&hellip;]\" \/>\n<meta property=\"og:url\" content=\"http:\/\/gazetapernambucana.com\/?p=1754\" \/>\n<meta property=\"article:published_time\" content=\"2025-09-20T21:54:02+00:00\" \/>\n<meta property=\"og:image\" content=\"http:\/\/gazetapernambucana.com\/wp-content\/uploads\/2025\/09\/prefeitura_3.jpg\" \/>\n\t<meta property=\"og:image:width\" content=\"800\" \/>\n\t<meta property=\"og:image:height\" content=\"427\" \/>\n\t<meta property=\"og:image:type\" content=\"image\/jpeg\" \/>\n<meta name=\"author\" content=\"GP\" \/>\n<meta name=\"twitter:card\" content=\"summary_large_image\" \/>\n<meta name=\"twitter:label1\" content=\"Escrito por\" \/>\n\t<meta name=\"twitter:data1\" content=\"GP\" \/>\n\t<meta name=\"twitter:label2\" content=\"Est. tempo de leitura\" \/>\n\t<meta name=\"twitter:data2\" content=\"3 minutos\" \/>\n<script type=\"application\/ld+json\" class=\"yoast-schema-graph\">{\"@context\":\"https:\/\/schema.org\",\"@graph\":[{\"@type\":\"WebPage\",\"@id\":\"http:\/\/gazetapernambucana.com\/?p=1754\",\"url\":\"http:\/\/gazetapernambucana.com\/?p=1754\",\"name\":\"Carpina contra seus professores: quando cortar aposentadorias \u00e9 cortar a esperan\u00e7a -\",\"isPartOf\":{\"@id\":\"https:\/\/gazetapernambucana.com\/#website\"},\"primaryImageOfPage\":{\"@id\":\"http:\/\/gazetapernambucana.com\/?p=1754#primaryimage\"},\"image\":{\"@id\":\"http:\/\/gazetapernambucana.com\/?p=1754#primaryimage\"},\"thumbnailUrl\":\"https:\/\/gazetapernambucana.com\/wp-content\/uploads\/2025\/09\/prefeitura_3.jpg\",\"datePublished\":\"2025-09-20T21:54:02+00:00\",\"author\":{\"@id\":\"https:\/\/gazetapernambucana.com\/#\/schema\/person\/188dc283325181ac2de4db1e9e987427\"},\"breadcrumb\":{\"@id\":\"http:\/\/gazetapernambucana.com\/?p=1754#breadcrumb\"},\"inLanguage\":\"pt-BR\",\"potentialAction\":[{\"@type\":\"ReadAction\",\"target\":[\"http:\/\/gazetapernambucana.com\/?p=1754\"]}]},{\"@type\":\"ImageObject\",\"inLanguage\":\"pt-BR\",\"@id\":\"http:\/\/gazetapernambucana.com\/?p=1754#primaryimage\",\"url\":\"https:\/\/gazetapernambucana.com\/wp-content\/uploads\/2025\/09\/prefeitura_3.jpg\",\"contentUrl\":\"https:\/\/gazetapernambucana.com\/wp-content\/uploads\/2025\/09\/prefeitura_3.jpg\",\"width\":800,\"height\":427},{\"@type\":\"BreadcrumbList\",\"@id\":\"http:\/\/gazetapernambucana.com\/?p=1754#breadcrumb\",\"itemListElement\":[{\"@type\":\"ListItem\",\"position\":1,\"name\":\"In\u00edcio\",\"item\":\"https:\/\/gazetapernambucana.com\/\"},{\"@type\":\"ListItem\",\"position\":2,\"name\":\"Carpina contra seus professores: quando cortar aposentadorias \u00e9 cortar a esperan\u00e7a\"}]},{\"@type\":\"WebSite\",\"@id\":\"https:\/\/gazetapernambucana.com\/#website\",\"url\":\"https:\/\/gazetapernambucana.com\/\",\"name\":\"\",\"description\":\"\",\"potentialAction\":[{\"@type\":\"SearchAction\",\"target\":{\"@type\":\"EntryPoint\",\"urlTemplate\":\"https:\/\/gazetapernambucana.com\/?s={search_term_string}\"},\"query-input\":{\"@type\":\"PropertyValueSpecification\",\"valueRequired\":true,\"valueName\":\"search_term_string\"}}],\"inLanguage\":\"pt-BR\"},{\"@type\":\"Person\",\"@id\":\"https:\/\/gazetapernambucana.com\/#\/schema\/person\/188dc283325181ac2de4db1e9e987427\",\"name\":\"GP\",\"image\":{\"@type\":\"ImageObject\",\"inLanguage\":\"pt-BR\",\"@id\":\"https:\/\/gazetapernambucana.com\/#\/schema\/person\/image\/\",\"url\":\"https:\/\/secure.gravatar.com\/avatar\/9dad78ff9a2d8b5742d11779f8a3f53b052320c550b2e1907882353c067bb111?s=96&d=mm&r=g\",\"contentUrl\":\"https:\/\/secure.gravatar.com\/avatar\/9dad78ff9a2d8b5742d11779f8a3f53b052320c550b2e1907882353c067bb111?s=96&d=mm&r=g\",\"caption\":\"GP\"},\"sameAs\":[\"http:\/\/gazetapernambucana.com\"],\"url\":\"https:\/\/gazetapernambucana.com\/?author=1\"}]}<\/script>\n<!-- \/ Yoast SEO plugin. -->","yoast_head_json":{"title":"Carpina contra seus professores: quando cortar aposentadorias \u00e9 cortar a esperan\u00e7a -","robots":{"index":"index","follow":"follow","max-snippet":"max-snippet:-1","max-image-preview":"max-image-preview:large","max-video-preview":"max-video-preview:-1"},"canonical":"http:\/\/gazetapernambucana.com\/?p=1754","og_locale":"pt_BR","og_type":"article","og_title":"Carpina contra seus professores: quando cortar aposentadorias \u00e9 cortar a esperan\u00e7a -","og_description":"\u00a0 Um grupo de aposentados de Carpina protocolou nesta quinta-feira, 18 de setembro, um requerimento \u00e0 Subprocuradoria Geral de Justi\u00e7a em Assuntos Jur\u00eddicos, pedindo a suspens\u00e3o da aplica\u00e7\u00e3o da Lei n\u00ba 01\/2025. A medida imp\u00f5e uma cobran\u00e7a extraordin\u00e1ria sobre aposentadorias e pens\u00f5es acima de um sal\u00e1rio m\u00ednimo, com in\u00edcio previsto para outubro. A legisla\u00e7\u00e3o est\u00e1 [&hellip;]","og_url":"http:\/\/gazetapernambucana.com\/?p=1754","article_published_time":"2025-09-20T21:54:02+00:00","og_image":[{"width":800,"height":427,"url":"http:\/\/gazetapernambucana.com\/wp-content\/uploads\/2025\/09\/prefeitura_3.jpg","type":"image\/jpeg"}],"author":"GP","twitter_card":"summary_large_image","twitter_misc":{"Escrito por":"GP","Est. tempo de leitura":"3 minutos"},"schema":{"@context":"https:\/\/schema.org","@graph":[{"@type":"WebPage","@id":"http:\/\/gazetapernambucana.com\/?p=1754","url":"http:\/\/gazetapernambucana.com\/?p=1754","name":"Carpina contra seus professores: quando cortar aposentadorias \u00e9 cortar a esperan\u00e7a -","isPartOf":{"@id":"https:\/\/gazetapernambucana.com\/#website"},"primaryImageOfPage":{"@id":"http:\/\/gazetapernambucana.com\/?p=1754#primaryimage"},"image":{"@id":"http:\/\/gazetapernambucana.com\/?p=1754#primaryimage"},"thumbnailUrl":"https:\/\/gazetapernambucana.com\/wp-content\/uploads\/2025\/09\/prefeitura_3.jpg","datePublished":"2025-09-20T21:54:02+00:00","author":{"@id":"https:\/\/gazetapernambucana.com\/#\/schema\/person\/188dc283325181ac2de4db1e9e987427"},"breadcrumb":{"@id":"http:\/\/gazetapernambucana.com\/?p=1754#breadcrumb"},"inLanguage":"pt-BR","potentialAction":[{"@type":"ReadAction","target":["http:\/\/gazetapernambucana.com\/?p=1754"]}]},{"@type":"ImageObject","inLanguage":"pt-BR","@id":"http:\/\/gazetapernambucana.com\/?p=1754#primaryimage","url":"https:\/\/gazetapernambucana.com\/wp-content\/uploads\/2025\/09\/prefeitura_3.jpg","contentUrl":"https:\/\/gazetapernambucana.com\/wp-content\/uploads\/2025\/09\/prefeitura_3.jpg","width":800,"height":427},{"@type":"BreadcrumbList","@id":"http:\/\/gazetapernambucana.com\/?p=1754#breadcrumb","itemListElement":[{"@type":"ListItem","position":1,"name":"In\u00edcio","item":"https:\/\/gazetapernambucana.com\/"},{"@type":"ListItem","position":2,"name":"Carpina contra seus professores: quando cortar aposentadorias \u00e9 cortar a esperan\u00e7a"}]},{"@type":"WebSite","@id":"https:\/\/gazetapernambucana.com\/#website","url":"https:\/\/gazetapernambucana.com\/","name":"","description":"","potentialAction":[{"@type":"SearchAction","target":{"@type":"EntryPoint","urlTemplate":"https:\/\/gazetapernambucana.com\/?s={search_term_string}"},"query-input":{"@type":"PropertyValueSpecification","valueRequired":true,"valueName":"search_term_string"}}],"inLanguage":"pt-BR"},{"@type":"Person","@id":"https:\/\/gazetapernambucana.com\/#\/schema\/person\/188dc283325181ac2de4db1e9e987427","name":"GP","image":{"@type":"ImageObject","inLanguage":"pt-BR","@id":"https:\/\/gazetapernambucana.com\/#\/schema\/person\/image\/","url":"https:\/\/secure.gravatar.com\/avatar\/9dad78ff9a2d8b5742d11779f8a3f53b052320c550b2e1907882353c067bb111?s=96&d=mm&r=g","contentUrl":"https:\/\/secure.gravatar.com\/avatar\/9dad78ff9a2d8b5742d11779f8a3f53b052320c550b2e1907882353c067bb111?s=96&d=mm&r=g","caption":"GP"},"sameAs":["http:\/\/gazetapernambucana.com"],"url":"https:\/\/gazetapernambucana.com\/?author=1"}]}},"jetpack_publicize_connections":[],"_links":{"self":[{"href":"https:\/\/gazetapernambucana.com\/index.php?rest_route=\/wp\/v2\/posts\/1754","targetHints":{"allow":["GET"]}}],"collection":[{"href":"https:\/\/gazetapernambucana.com\/index.php?rest_route=\/wp\/v2\/posts"}],"about":[{"href":"https:\/\/gazetapernambucana.com\/index.php?rest_route=\/wp\/v2\/types\/post"}],"author":[{"embeddable":true,"href":"https:\/\/gazetapernambucana.com\/index.php?rest_route=\/wp\/v2\/users\/1"}],"replies":[{"embeddable":true,"href":"https:\/\/gazetapernambucana.com\/index.php?rest_route=%2Fwp%2Fv2%2Fcomments&post=1754"}],"version-history":[{"count":1,"href":"https:\/\/gazetapernambucana.com\/index.php?rest_route=\/wp\/v2\/posts\/1754\/revisions"}],"predecessor-version":[{"id":1756,"href":"https:\/\/gazetapernambucana.com\/index.php?rest_route=\/wp\/v2\/posts\/1754\/revisions\/1756"}],"wp:featuredmedia":[{"embeddable":true,"href":"https:\/\/gazetapernambucana.com\/index.php?rest_route=\/wp\/v2\/media\/1755"}],"wp:attachment":[{"href":"https:\/\/gazetapernambucana.com\/index.php?rest_route=%2Fwp%2Fv2%2Fmedia&parent=1754"}],"wp:term":[{"taxonomy":"category","embeddable":true,"href":"https:\/\/gazetapernambucana.com\/index.php?rest_route=%2Fwp%2Fv2%2Fcategories&post=1754"},{"taxonomy":"post_tag","embeddable":true,"href":"https:\/\/gazetapernambucana.com\/index.php?rest_route=%2Fwp%2Fv2%2Ftags&post=1754"}],"curies":[{"name":"wp","href":"https:\/\/api.w.org\/{rel}","templated":true}]}}