{"id":1749,"date":"2025-09-19T21:46:06","date_gmt":"2025-09-20T00:46:06","guid":{"rendered":"https:\/\/gazetapernambucana.com\/?p=1749"},"modified":"2025-09-19T21:46:06","modified_gmt":"2025-09-20T00:46:06","slug":"os-leoes-do-norte-e-lancado-no-cabo-de-santo-agostinho-com-protagonismo-estudantil-e-apoio-institucional","status":"publish","type":"post","link":"https:\/\/gazetapernambucana.com\/?p=1749","title":{"rendered":"\u201cOs Le\u00f5es do Norte\u201d \u00e9 lan\u00e7ado no Cabo de Santo Agostinho com protagonismo estudantil e apoio institucional"},"content":{"rendered":"<p data-start=\"476\" data-end=\"810\"><img loading=\"lazy\" decoding=\"async\" class=\"alignnone size-medium wp-image-1750\" src=\"http:\/\/gazetapernambucana.com\/wp-content\/uploads\/2025\/09\/WhatsApp-Image-2025-09-19-at-11.48.38-1-1-300x225.jpeg\" alt=\"\" width=\"300\" height=\"225\" srcset=\"https:\/\/gazetapernambucana.com\/wp-content\/uploads\/2025\/09\/WhatsApp-Image-2025-09-19-at-11.48.38-1-1-300x225.jpeg 300w, https:\/\/gazetapernambucana.com\/wp-content\/uploads\/2025\/09\/WhatsApp-Image-2025-09-19-at-11.48.38-1-1-1024x768.jpeg 1024w, https:\/\/gazetapernambucana.com\/wp-content\/uploads\/2025\/09\/WhatsApp-Image-2025-09-19-at-11.48.38-1-1-768x576.jpeg 768w, https:\/\/gazetapernambucana.com\/wp-content\/uploads\/2025\/09\/WhatsApp-Image-2025-09-19-at-11.48.38-1-1.jpeg 1280w\" sizes=\"auto, (max-width: 300px) 100vw, 300px\" \/>\u00a0 \u00a0 <strong data-start=\"149\" data-end=\"168\">Por Fl\u00e1vio Chaves \u2013 Jornalista, poeta, escritor e membro da Academia Pernambucana de Letras. Foi Delegado Federal\/Minc\u00a0 \u2013\u00a0 <\/strong>Na manh\u00e3 desta quinta-feira, o Centro Administrativo do Cabo de Santo Agostinho foi palco de um encontro entre passado e futuro. O lan\u00e7amento do livro <em data-start=\"627\" data-end=\"646\">Os Le\u00f5es do Norte<\/em>, do jornalista Magno Martins, reuniu autoridades, educadores, estudantes e membros da comunidade local em um evento marcado por emo\u00e7\u00e3o, reflex\u00e3o e cidadania ativa.<\/p>\n<p data-start=\"812\" data-end=\"1182\">A iniciativa partiu do prefeito Lula Cabral (Solidariedade), que promoveu a palestra e sess\u00e3o de aut\u00f3grafos como parte de uma a\u00e7\u00e3o estrat\u00e9gica para valorizar a mem\u00f3ria pol\u00edtica de Pernambuco. A obra, publicada pela editora <em data-start=\"1035\" data-end=\"1047\">Eu Escrevo<\/em>, traz 22 minibiografias de ex-governadores do Estado entre 1930 e 2022, resultado de extensa pesquisa jornal\u00edstica e historiogr\u00e1fica.<\/p>\n<p data-start=\"812\" data-end=\"1182\"><img loading=\"lazy\" decoding=\"async\" class=\"size-medium wp-image-1751 aligncenter\" src=\"http:\/\/gazetapernambucana.com\/wp-content\/uploads\/2025\/09\/image-34-1-300x230.jpg\" alt=\"\" width=\"300\" height=\"230\" srcset=\"https:\/\/gazetapernambucana.com\/wp-content\/uploads\/2025\/09\/image-34-1-300x230.jpg 300w, https:\/\/gazetapernambucana.com\/wp-content\/uploads\/2025\/09\/image-34-1-768x588.jpg 768w, https:\/\/gazetapernambucana.com\/wp-content\/uploads\/2025\/09\/image-34-1.jpg 790w\" sizes=\"auto, (max-width: 300px) 100vw, 300px\" \/><\/p>\n<p data-start=\"1184\" data-end=\"1447\">Com capa, caricaturas e design gr\u00e1fico assinados por Samuca Andrade e ilustra\u00e7\u00f5es de Greg, <em data-start=\"1275\" data-end=\"1294\">Os Le\u00f5es do Norte<\/em> \u00e9 mais que um livro: \u00e9 uma ponte entre gera\u00e7\u00f5es, que convida o leitor a refletir sobre os legados e contradi\u00e7\u00f5es das lideran\u00e7as que moldaram Pernambuco.<\/p>\n<p data-start=\"1449\" data-end=\"1896\">O grande destaque do evento foi a presen\u00e7a vibrante dos mais de 40 estudantes do N\u00facleo de Estudos Avan\u00e7ados e Cient\u00edficos (NEAC), mobilizados pela professora Andresa e pela Secretaria de Educa\u00e7\u00e3o. Atentos, curiosos e participativos, os jovens n\u00e3o apenas ouviram, interagiram, comentaram trechos, fizeram perguntas instigantes e demonstraram como a educa\u00e7\u00e3o pode ser instrumento de transforma\u00e7\u00e3o social quando conectada ao conhecimento hist\u00f3rico.<\/p>\n<p data-start=\"1449\" data-end=\"1896\"><strong><img loading=\"lazy\" decoding=\"async\" class=\"wp-image-131265 aligncenter\" src=\"https:\/\/blogdomagno.com.br\/wp-content\/uploads\/2025\/09\/WhatsApp-Image-2025-09-19-at-13.19.48-1-768x1024.jpg\" sizes=\"auto, (max-width: 768px) 100vw, 768px\" srcset=\"https:\/\/blogdomagno.com.br\/wp-content\/uploads\/2025\/09\/WhatsApp-Image-2025-09-19-at-13.19.48-1-768x1024.jpg 768w, https:\/\/blogdomagno.com.br\/wp-content\/uploads\/2025\/09\/WhatsApp-Image-2025-09-19-at-13.19.48-1-225x300.jpg 225w, https:\/\/blogdomagno.com.br\/wp-content\/uploads\/2025\/09\/WhatsApp-Image-2025-09-19-at-13.19.48-1-1152x1536.jpg 1152w, https:\/\/blogdomagno.com.br\/wp-content\/uploads\/2025\/09\/WhatsApp-Image-2025-09-19-at-13.19.48-1.jpg 1200w\" alt=\"\" width=\"768\" height=\"1024\" \/><\/strong><\/p>\n<p style=\"text-align: center;\" data-start=\"1449\" data-end=\"1896\"><strong>O prefeito Lula Cabral durante o evento<\/strong><\/p>\n<p data-start=\"1898\" data-end=\"2187\">Encerrando o encontro com um gesto simb\u00f3lico e educativo, o prefeito Lula Cabral anunciou a doa\u00e7\u00e3o de um exemplar da obra para cada estudante presente, reafirmando o compromisso de incorporar o livro como refer\u00eancia pedag\u00f3gica na Rede Municipal de Ensino da Regi\u00e3o Metropolitana do Recife.<\/p>\n<p data-start=\"2189\" data-end=\"2373\">Entre os presentes, uma constela\u00e7\u00e3o de lideran\u00e7as pol\u00edticas e gestores p\u00fablicos prestigiou o momento, refor\u00e7ando a import\u00e2ncia do di\u00e1logo entre cultura, educa\u00e7\u00e3o e compromisso p\u00fablico.<\/p>\n<p data-start=\"2375\" data-end=\"2644\">O lan\u00e7amento de <em data-start=\"2391\" data-end=\"2410\">Os Le\u00f5es do Norte<\/em> no Cabo de Santo Agostinho foi mais do que uma celebra\u00e7\u00e3o liter\u00e1ria, foi um gesto de valoriza\u00e7\u00e3o da hist\u00f3ria, da educa\u00e7\u00e3o e do futuro. Uma demonstra\u00e7\u00e3o de que, quando o poder p\u00fablico aposta no conhecimento, quem ganha \u00e9 a cidadania.<\/p>\n<p data-start=\"2375\" data-end=\"2644\"><strong>Veja o V\u00eddeo:<\/strong><\/p>\n<p><iframe loading=\"lazy\" title=\"No Cabo, estudantes roubam a cena no lan\u00e7amento de \u2018Os Le\u00f5es do Norte\u2019\" width=\"540\" height=\"960\" src=\"https:\/\/www.youtube.com\/embed\/f9WBDFi0X5M?start=7&#038;feature=oembed\" frameborder=\"0\" allow=\"accelerometer; autoplay; clipboard-write; encrypted-media; gyroscope; picture-in-picture; web-share\" referrerpolicy=\"strict-origin-when-cross-origin\" allowfullscreen><\/iframe><\/p>\n","protected":false},"excerpt":{"rendered":"<p>\u00a0 \u00a0 Por Fl\u00e1vio Chaves \u2013 Jornalista, poeta, escritor e membro da Academia Pernambucana de Letras. Foi Delegado Federal\/Minc\u00a0 \u2013\u00a0 Na manh\u00e3 desta quinta-feira, o Centro Administrativo do Cabo de Santo Agostinho foi palco de um encontro entre passado e futuro. O lan\u00e7amento do livro Os Le\u00f5es do Norte, do jornalista Magno Martins, reuniu autoridades, [&hellip;]<\/p>\n","protected":false},"author":1,"featured_media":1750,"comment_status":"open","ping_status":"open","sticky":false,"template":"","format":"standard","meta":{"footnotes":"","jetpack_publicize_message":"","jetpack_publicize_feature_enabled":true,"jetpack_social_post_already_shared":true,"jetpack_social_options":{"image_generator_settings":{"template":"highway","default_image_id":0,"font":"","enabled":false},"version":2}},"categories":[66,1,35,46],"tags":[],"class_list":["post-1749","post","type-post","status-publish","format-standard","has-post-thumbnail","hentry","category-cidades","category-https-gazetapernambucana-com-page_id225","category-https-gazetapernambucana-com-page_id218","category-literatura"],"yoast_head":"<!-- This site is optimized with the Yoast SEO plugin v24.5 - https:\/\/yoast.com\/wordpress\/plugins\/seo\/ -->\n<title>\u201cOs Le\u00f5es do Norte\u201d \u00e9 lan\u00e7ado no Cabo de Santo Agostinho com protagonismo estudantil e apoio institucional -<\/title>\n<meta name=\"robots\" content=\"index, follow, max-snippet:-1, max-image-preview:large, max-video-preview:-1\" \/>\n<link rel=\"canonical\" href=\"http:\/\/gazetapernambucana.com\/?p=1749\" \/>\n<meta property=\"og:locale\" content=\"pt_BR\" \/>\n<meta property=\"og:type\" content=\"article\" \/>\n<meta property=\"og:title\" content=\"\u201cOs Le\u00f5es do Norte\u201d \u00e9 lan\u00e7ado no Cabo de Santo Agostinho com protagonismo estudantil e apoio institucional -\" \/>\n<meta property=\"og:description\" content=\"\u00a0 \u00a0 Por Fl\u00e1vio Chaves \u2013 Jornalista, poeta, escritor e membro da Academia Pernambucana de Letras. Foi Delegado Federal\/Minc\u00a0 \u2013\u00a0 Na manh\u00e3 desta quinta-feira, o Centro Administrativo do Cabo de Santo Agostinho foi palco de um encontro entre passado e futuro. O lan\u00e7amento do livro Os Le\u00f5es do Norte, do jornalista Magno Martins, reuniu autoridades, [&hellip;]\" \/>\n<meta property=\"og:url\" content=\"http:\/\/gazetapernambucana.com\/?p=1749\" \/>\n<meta property=\"article:published_time\" content=\"2025-09-20T00:46:06+00:00\" \/>\n<meta property=\"og:image\" content=\"http:\/\/gazetapernambucana.com\/wp-content\/uploads\/2025\/09\/WhatsApp-Image-2025-09-19-at-11.48.38-1-1.jpeg\" \/>\n\t<meta property=\"og:image:width\" content=\"1280\" \/>\n\t<meta property=\"og:image:height\" content=\"960\" \/>\n\t<meta property=\"og:image:type\" content=\"image\/jpeg\" \/>\n<meta name=\"author\" content=\"GP\" \/>\n<meta name=\"twitter:card\" content=\"summary_large_image\" \/>\n<meta name=\"twitter:label1\" content=\"Escrito por\" \/>\n\t<meta name=\"twitter:data1\" content=\"GP\" \/>\n\t<meta name=\"twitter:label2\" content=\"Est. tempo de leitura\" \/>\n\t<meta name=\"twitter:data2\" content=\"3 minutos\" \/>\n<script type=\"application\/ld+json\" class=\"yoast-schema-graph\">{\"@context\":\"https:\/\/schema.org\",\"@graph\":[{\"@type\":\"WebPage\",\"@id\":\"http:\/\/gazetapernambucana.com\/?p=1749\",\"url\":\"http:\/\/gazetapernambucana.com\/?p=1749\",\"name\":\"\u201cOs Le\u00f5es do Norte\u201d \u00e9 lan\u00e7ado no Cabo de Santo Agostinho com protagonismo estudantil e apoio institucional -\",\"isPartOf\":{\"@id\":\"https:\/\/gazetapernambucana.com\/#website\"},\"primaryImageOfPage\":{\"@id\":\"http:\/\/gazetapernambucana.com\/?p=1749#primaryimage\"},\"image\":{\"@id\":\"http:\/\/gazetapernambucana.com\/?p=1749#primaryimage\"},\"thumbnailUrl\":\"https:\/\/gazetapernambucana.com\/wp-content\/uploads\/2025\/09\/WhatsApp-Image-2025-09-19-at-11.48.38-1-1.jpeg\",\"datePublished\":\"2025-09-20T00:46:06+00:00\",\"author\":{\"@id\":\"https:\/\/gazetapernambucana.com\/#\/schema\/person\/188dc283325181ac2de4db1e9e987427\"},\"breadcrumb\":{\"@id\":\"http:\/\/gazetapernambucana.com\/?p=1749#breadcrumb\"},\"inLanguage\":\"pt-BR\",\"potentialAction\":[{\"@type\":\"ReadAction\",\"target\":[\"http:\/\/gazetapernambucana.com\/?p=1749\"]}]},{\"@type\":\"ImageObject\",\"inLanguage\":\"pt-BR\",\"@id\":\"http:\/\/gazetapernambucana.com\/?p=1749#primaryimage\",\"url\":\"https:\/\/gazetapernambucana.com\/wp-content\/uploads\/2025\/09\/WhatsApp-Image-2025-09-19-at-11.48.38-1-1.jpeg\",\"contentUrl\":\"https:\/\/gazetapernambucana.com\/wp-content\/uploads\/2025\/09\/WhatsApp-Image-2025-09-19-at-11.48.38-1-1.jpeg\",\"width\":1280,\"height\":960},{\"@type\":\"BreadcrumbList\",\"@id\":\"http:\/\/gazetapernambucana.com\/?p=1749#breadcrumb\",\"itemListElement\":[{\"@type\":\"ListItem\",\"position\":1,\"name\":\"In\u00edcio\",\"item\":\"https:\/\/gazetapernambucana.com\/\"},{\"@type\":\"ListItem\",\"position\":2,\"name\":\"\u201cOs Le\u00f5es do Norte\u201d \u00e9 lan\u00e7ado no Cabo de Santo Agostinho com protagonismo estudantil e apoio institucional\"}]},{\"@type\":\"WebSite\",\"@id\":\"https:\/\/gazetapernambucana.com\/#website\",\"url\":\"https:\/\/gazetapernambucana.com\/\",\"name\":\"\",\"description\":\"\",\"potentialAction\":[{\"@type\":\"SearchAction\",\"target\":{\"@type\":\"EntryPoint\",\"urlTemplate\":\"https:\/\/gazetapernambucana.com\/?s={search_term_string}\"},\"query-input\":{\"@type\":\"PropertyValueSpecification\",\"valueRequired\":true,\"valueName\":\"search_term_string\"}}],\"inLanguage\":\"pt-BR\"},{\"@type\":\"Person\",\"@id\":\"https:\/\/gazetapernambucana.com\/#\/schema\/person\/188dc283325181ac2de4db1e9e987427\",\"name\":\"GP\",\"image\":{\"@type\":\"ImageObject\",\"inLanguage\":\"pt-BR\",\"@id\":\"https:\/\/gazetapernambucana.com\/#\/schema\/person\/image\/\",\"url\":\"https:\/\/secure.gravatar.com\/avatar\/9dad78ff9a2d8b5742d11779f8a3f53b052320c550b2e1907882353c067bb111?s=96&d=mm&r=g\",\"contentUrl\":\"https:\/\/secure.gravatar.com\/avatar\/9dad78ff9a2d8b5742d11779f8a3f53b052320c550b2e1907882353c067bb111?s=96&d=mm&r=g\",\"caption\":\"GP\"},\"sameAs\":[\"http:\/\/gazetapernambucana.com\"],\"url\":\"https:\/\/gazetapernambucana.com\/?author=1\"}]}<\/script>\n<!-- \/ Yoast SEO plugin. -->","yoast_head_json":{"title":"\u201cOs Le\u00f5es do Norte\u201d \u00e9 lan\u00e7ado no Cabo de Santo Agostinho com protagonismo estudantil e apoio institucional -","robots":{"index":"index","follow":"follow","max-snippet":"max-snippet:-1","max-image-preview":"max-image-preview:large","max-video-preview":"max-video-preview:-1"},"canonical":"http:\/\/gazetapernambucana.com\/?p=1749","og_locale":"pt_BR","og_type":"article","og_title":"\u201cOs Le\u00f5es do Norte\u201d \u00e9 lan\u00e7ado no Cabo de Santo Agostinho com protagonismo estudantil e apoio institucional -","og_description":"\u00a0 \u00a0 Por Fl\u00e1vio Chaves \u2013 Jornalista, poeta, escritor e membro da Academia Pernambucana de Letras. Foi Delegado Federal\/Minc\u00a0 \u2013\u00a0 Na manh\u00e3 desta quinta-feira, o Centro Administrativo do Cabo de Santo Agostinho foi palco de um encontro entre passado e futuro. O lan\u00e7amento do livro Os Le\u00f5es do Norte, do jornalista Magno Martins, reuniu autoridades, [&hellip;]","og_url":"http:\/\/gazetapernambucana.com\/?p=1749","article_published_time":"2025-09-20T00:46:06+00:00","og_image":[{"width":1280,"height":960,"url":"http:\/\/gazetapernambucana.com\/wp-content\/uploads\/2025\/09\/WhatsApp-Image-2025-09-19-at-11.48.38-1-1.jpeg","type":"image\/jpeg"}],"author":"GP","twitter_card":"summary_large_image","twitter_misc":{"Escrito por":"GP","Est. tempo de leitura":"3 minutos"},"schema":{"@context":"https:\/\/schema.org","@graph":[{"@type":"WebPage","@id":"http:\/\/gazetapernambucana.com\/?p=1749","url":"http:\/\/gazetapernambucana.com\/?p=1749","name":"\u201cOs Le\u00f5es do Norte\u201d \u00e9 lan\u00e7ado no Cabo de Santo Agostinho com protagonismo estudantil e apoio institucional -","isPartOf":{"@id":"https:\/\/gazetapernambucana.com\/#website"},"primaryImageOfPage":{"@id":"http:\/\/gazetapernambucana.com\/?p=1749#primaryimage"},"image":{"@id":"http:\/\/gazetapernambucana.com\/?p=1749#primaryimage"},"thumbnailUrl":"https:\/\/gazetapernambucana.com\/wp-content\/uploads\/2025\/09\/WhatsApp-Image-2025-09-19-at-11.48.38-1-1.jpeg","datePublished":"2025-09-20T00:46:06+00:00","author":{"@id":"https:\/\/gazetapernambucana.com\/#\/schema\/person\/188dc283325181ac2de4db1e9e987427"},"breadcrumb":{"@id":"http:\/\/gazetapernambucana.com\/?p=1749#breadcrumb"},"inLanguage":"pt-BR","potentialAction":[{"@type":"ReadAction","target":["http:\/\/gazetapernambucana.com\/?p=1749"]}]},{"@type":"ImageObject","inLanguage":"pt-BR","@id":"http:\/\/gazetapernambucana.com\/?p=1749#primaryimage","url":"https:\/\/gazetapernambucana.com\/wp-content\/uploads\/2025\/09\/WhatsApp-Image-2025-09-19-at-11.48.38-1-1.jpeg","contentUrl":"https:\/\/gazetapernambucana.com\/wp-content\/uploads\/2025\/09\/WhatsApp-Image-2025-09-19-at-11.48.38-1-1.jpeg","width":1280,"height":960},{"@type":"BreadcrumbList","@id":"http:\/\/gazetapernambucana.com\/?p=1749#breadcrumb","itemListElement":[{"@type":"ListItem","position":1,"name":"In\u00edcio","item":"https:\/\/gazetapernambucana.com\/"},{"@type":"ListItem","position":2,"name":"\u201cOs Le\u00f5es do Norte\u201d \u00e9 lan\u00e7ado no Cabo de Santo Agostinho com protagonismo estudantil e apoio institucional"}]},{"@type":"WebSite","@id":"https:\/\/gazetapernambucana.com\/#website","url":"https:\/\/gazetapernambucana.com\/","name":"","description":"","potentialAction":[{"@type":"SearchAction","target":{"@type":"EntryPoint","urlTemplate":"https:\/\/gazetapernambucana.com\/?s={search_term_string}"},"query-input":{"@type":"PropertyValueSpecification","valueRequired":true,"valueName":"search_term_string"}}],"inLanguage":"pt-BR"},{"@type":"Person","@id":"https:\/\/gazetapernambucana.com\/#\/schema\/person\/188dc283325181ac2de4db1e9e987427","name":"GP","image":{"@type":"ImageObject","inLanguage":"pt-BR","@id":"https:\/\/gazetapernambucana.com\/#\/schema\/person\/image\/","url":"https:\/\/secure.gravatar.com\/avatar\/9dad78ff9a2d8b5742d11779f8a3f53b052320c550b2e1907882353c067bb111?s=96&d=mm&r=g","contentUrl":"https:\/\/secure.gravatar.com\/avatar\/9dad78ff9a2d8b5742d11779f8a3f53b052320c550b2e1907882353c067bb111?s=96&d=mm&r=g","caption":"GP"},"sameAs":["http:\/\/gazetapernambucana.com"],"url":"https:\/\/gazetapernambucana.com\/?author=1"}]}},"jetpack_publicize_connections":[],"_links":{"self":[{"href":"https:\/\/gazetapernambucana.com\/index.php?rest_route=\/wp\/v2\/posts\/1749","targetHints":{"allow":["GET"]}}],"collection":[{"href":"https:\/\/gazetapernambucana.com\/index.php?rest_route=\/wp\/v2\/posts"}],"about":[{"href":"https:\/\/gazetapernambucana.com\/index.php?rest_route=\/wp\/v2\/types\/post"}],"author":[{"embeddable":true,"href":"https:\/\/gazetapernambucana.com\/index.php?rest_route=\/wp\/v2\/users\/1"}],"replies":[{"embeddable":true,"href":"https:\/\/gazetapernambucana.com\/index.php?rest_route=%2Fwp%2Fv2%2Fcomments&post=1749"}],"version-history":[{"count":1,"href":"https:\/\/gazetapernambucana.com\/index.php?rest_route=\/wp\/v2\/posts\/1749\/revisions"}],"predecessor-version":[{"id":1752,"href":"https:\/\/gazetapernambucana.com\/index.php?rest_route=\/wp\/v2\/posts\/1749\/revisions\/1752"}],"wp:featuredmedia":[{"embeddable":true,"href":"https:\/\/gazetapernambucana.com\/index.php?rest_route=\/wp\/v2\/media\/1750"}],"wp:attachment":[{"href":"https:\/\/gazetapernambucana.com\/index.php?rest_route=%2Fwp%2Fv2%2Fmedia&parent=1749"}],"wp:term":[{"taxonomy":"category","embeddable":true,"href":"https:\/\/gazetapernambucana.com\/index.php?rest_route=%2Fwp%2Fv2%2Fcategories&post=1749"},{"taxonomy":"post_tag","embeddable":true,"href":"https:\/\/gazetapernambucana.com\/index.php?rest_route=%2Fwp%2Fv2%2Ftags&post=1749"}],"curies":[{"name":"wp","href":"https:\/\/api.w.org\/{rel}","templated":true}]}}