{"id":1746,"date":"2025-09-19T21:14:43","date_gmt":"2025-09-20T00:14:43","guid":{"rendered":"https:\/\/gazetapernambucana.com\/?p=1746"},"modified":"2025-09-19T21:14:43","modified_gmt":"2025-09-20T00:14:43","slug":"pesquisa-aponta-disputa-acirrada-para-o-governo-do-rn","status":"publish","type":"post","link":"https:\/\/gazetapernambucana.com\/?p=1746","title":{"rendered":"Pesquisa aponta disputa acirrada para o governo do RN"},"content":{"rendered":"<div class=\"elementor-element elementor-element-7d2fc729 titulo-post elementor-widget elementor-widget-theme-post-title elementor-page-title elementor-widget-heading\" data-id=\"7d2fc729\" data-element_type=\"widget\" data-widget_type=\"theme-post-title.default\">\n<div class=\"elementor-widget-container\"><\/div>\n<\/div>\n<section class=\"elementor-section elementor-inner-section elementor-element elementor-element-7e25a070 elementor-section-boxed elementor-section-height-default elementor-section-height-default\" data-id=\"7e25a070\" data-element_type=\"section\">\n<div class=\"elementor-container elementor-column-gap-default\">\n<div class=\"elementor-column elementor-col-50 elementor-inner-column elementor-element elementor-element-24f401b5\" data-id=\"24f401b5\" data-element_type=\"column\">\n<div class=\"elementor-widget-wrap elementor-element-populated\">\n<div class=\"elementor-element elementor-element-6b34b66e elementor-share-buttons--view-icon elementor-share-buttons--skin-flat elementor-share-buttons--align-right elementor-share-buttons--shape-square elementor-grid-0 elementor-share-buttons--color-official elementor-widget elementor-widget-share-buttons\" data-id=\"6b34b66e\" data-element_type=\"widget\" data-settings=\"{&quot;share_url&quot;:{&quot;url&quot;:&quot;https:\\\/\\\/blogdomagno.com.br\\\/pesquisa-aponta-disputa-acirrada-para-o-governo-do-rn\\\/&quot;,&quot;is_external&quot;:&quot;&quot;,&quot;nofollow&quot;:&quot;&quot;,&quot;custom_attributes&quot;:&quot;&quot;}}\" data-widget_type=\"share-buttons.default\">\n<div class=\"elementor-widget-container\">\n<div class=\"elementor-grid\"><\/div>\n<\/div>\n<\/div>\n<\/div>\n<\/div>\n<\/div>\n<\/section>\n<div class=\"elementor-element elementor-element-7f30e03 elementor-widget elementor-widget-image\" data-id=\"7f30e03\" data-element_type=\"widget\" data-widget_type=\"image.default\">\n<div class=\"elementor-widget-container\"><img loading=\"lazy\" decoding=\"async\" class=\"attachment-full size-full\" src=\"https:\/\/blogdomagno.com.br\/wp-content\/uploads\/2025\/09\/WhatsApp-Image-2025-09-19-at-10.45.05.jpeg\" sizes=\"auto, (max-width: 984px) 100vw, 984px\" srcset=\"https:\/\/blogdomagno.com.br\/wp-content\/uploads\/2025\/09\/WhatsApp-Image-2025-09-19-at-10.45.05.jpeg 984w, https:\/\/blogdomagno.com.br\/wp-content\/uploads\/2025\/09\/WhatsApp-Image-2025-09-19-at-10.45.05-300x251.jpeg 300w, https:\/\/blogdomagno.com.br\/wp-content\/uploads\/2025\/09\/WhatsApp-Image-2025-09-19-at-10.45.05-768x642.jpeg 768w\" alt=\"\" width=\"984\" height=\"822\" \/><\/div>\n<\/div>\n<div class=\"elementor-element elementor-element-746f5ae4 elementor-widget elementor-widget-theme-post-content\" data-id=\"746f5ae4\" data-element_type=\"widget\" data-widget_type=\"theme-post-content.default\">\n<div class=\"elementor-widget-container\">\n<div id=\"ub-expand-3f33630e-9931-4871-9963-5e7c91386817\" class=\"wp-block-ub-expand ub-expand\" data-scroll-type=\"false\" data-scroll-amount=\"\" data-scroll-target=\"\">\n<div id=\"ub-expand-full-e4a7c5a5-0c3f-4fa7-b409-8fdf2ff6ad12\" class=\"ub-expand-portion ub-expand-partial wp-block-ub-expand-portion\" tabindex=\"0\" role=\"button\" aria-expanded=\"false\" aria-controls=\"ub-expand-full-e4a7c5a5-0c3f-4fa7-b409-8fdf2ff6ad12\">\n<p>O prefeito de Mossor\u00f3, Allyson Bezerra (Uni\u00e3o), lidera as inten\u00e7\u00f5es de voto para o Governo do Rio Grande do Norte, segundo pesquisa do Instituto Media em parceria com o jornal\u00a0<em>O Potengi<\/em>. O levantamento foi realizado entre os dias 14 e 17 de setembro, ouviu 1.600 eleitores em 75 munic\u00edpios potiguares e tem margem de erro de tr\u00eas pontos percentuais.<\/p>\n<p>No primeiro cen\u00e1rio da pesquisa estimulada (imagem acima), Allyson aparece com 26,8% das inten\u00e7\u00f5es de voto. O senador Rog\u00e9rio Marinho (PL) surge em seguida, com 19,1%, seguido de perto pelo ex-prefeito de Natal, \u00c1lvaro Dias (Republicanos), que registrou 18%. O secret\u00e1rio estadual da Fazenda, Cadu Xavier (PT), marcou 8,2%. Outros 22,8% n\u00e3o souberam ou n\u00e3o responderam, enquanto 5% disseram votar em branco ou nulo.<\/p>\n<\/div>\n<div id=\"ub-expand-full-e4a7c5a5-0c3f-4fa7-b409-8fdf2ff6ad12\" class=\"ub-expand-portion ub-expand-full wp-block-ub-expand-portion\" tabindex=\"0\" role=\"button\" aria-expanded=\"false\" aria-controls=\"ub-expand-full-e4a7c5a5-0c3f-4fa7-b409-8fdf2ff6ad12\">\n<p>No segundo cen\u00e1rio, sem o nome de Cadu Xavier e com a inclus\u00e3o do vice-governador Walter Alves (MDB), Allyson Bezerra manteve a lideran\u00e7a, com 25,1%. Rog\u00e9rio Marinho aparece com 18,6%, em empate t\u00e9cnico com \u00c1lvaro Dias, que somou 17,2%. Walter Alves registrou 12,9%. Nesse recorte, 20,8% n\u00e3o souberam responder e 5,4% optaram por branco ou nulo.<\/p>\n<figure class=\"wp-block-image size-full\"><img loading=\"lazy\" decoding=\"async\" class=\"wp-image-131281\" src=\"https:\/\/blogdomagno.com.br\/wp-content\/uploads\/2025\/09\/WhatsApp-Image-2025-09-19-at-10.45.06-1.jpeg\" sizes=\"auto, (max-width: 957px) 100vw, 957px\" srcset=\"https:\/\/blogdomagno.com.br\/wp-content\/uploads\/2025\/09\/WhatsApp-Image-2025-09-19-at-10.45.06-1.jpeg 957w, https:\/\/blogdomagno.com.br\/wp-content\/uploads\/2025\/09\/WhatsApp-Image-2025-09-19-at-10.45.06-1-300x252.jpeg 300w, https:\/\/blogdomagno.com.br\/wp-content\/uploads\/2025\/09\/WhatsApp-Image-2025-09-19-at-10.45.06-1-768x644.jpeg 768w\" alt=\"\" width=\"957\" height=\"803\" \/><\/figure>\n<p>A terceira simula\u00e7\u00e3o mostrou Allyson com 31,2% e \u00c1lvaro Dias com 25,8%, seguidos por Cadu Xavier, que marcou 10,5%. J\u00e1 no quarto cen\u00e1rio, sem \u00c1lvaro e Cadu, Allyson teve 28,9% contra 25,3% de Rog\u00e9rio Marinho, configurando um empate t\u00e9cnico. Walter Alves ficou com 14,1%, enquanto cerca de um quarto do eleitorado n\u00e3o soube responder.<\/p>\n<figure class=\"wp-block-image size-full\"><img loading=\"lazy\" decoding=\"async\" class=\"wp-image-131280\" src=\"https:\/\/blogdomagno.com.br\/wp-content\/uploads\/2025\/09\/WhatsApp-Image-2025-09-19-at-10.45.06.jpeg\" sizes=\"auto, (max-width: 969px) 100vw, 969px\" srcset=\"https:\/\/blogdomagno.com.br\/wp-content\/uploads\/2025\/09\/WhatsApp-Image-2025-09-19-at-10.45.06.jpeg 969w, https:\/\/blogdomagno.com.br\/wp-content\/uploads\/2025\/09\/WhatsApp-Image-2025-09-19-at-10.45.06-300x237.jpeg 300w, https:\/\/blogdomagno.com.br\/wp-content\/uploads\/2025\/09\/WhatsApp-Image-2025-09-19-at-10.45.06-768x607.jpeg 768w\" alt=\"\" width=\"969\" height=\"766\" \/><\/figure>\n<p>Na pesquisa espont\u00e2nea, quando os nomes dos pr\u00e9-candidatos n\u00e3o s\u00e3o apresentados, Allyson Bezerra tamb\u00e9m aparece em primeiro, com 15,8%. Rog\u00e9rio Marinho registra 9%, \u00c1lvaro Dias 7,2%, enquanto Cadu Xavier e Walter Alves aparecem empatados com 2%. O presidente da Assembleia, Ezequiel Ferreira, soma 1%, e a vereadora de Natal, Thabata Pimenta, 0,6%. Mais da metade dos entrevistados (54,6%) n\u00e3o soube responder ou n\u00e3o opinou.<\/p>\n<figure class=\"wp-block-image size-full\"><img loading=\"lazy\" decoding=\"async\" class=\"wp-image-131282\" src=\"https:\/\/blogdomagno.com.br\/wp-content\/uploads\/2025\/09\/WhatsApp-Image-2025-09-19-at-10.45.05-1.jpeg\" sizes=\"auto, (max-width: 957px) 100vw, 957px\" srcset=\"https:\/\/blogdomagno.com.br\/wp-content\/uploads\/2025\/09\/WhatsApp-Image-2025-09-19-at-10.45.05-1.jpeg 957w, https:\/\/blogdomagno.com.br\/wp-content\/uploads\/2025\/09\/WhatsApp-Image-2025-09-19-at-10.45.05-1-300x239.jpeg 300w, https:\/\/blogdomagno.com.br\/wp-content\/uploads\/2025\/09\/WhatsApp-Image-2025-09-19-at-10.45.05-1-768x612.jpeg 768w\" alt=\"\" width=\"957\" height=\"762\" \/><\/figure>\n<p>O levantamento tamb\u00e9m avaliou probabilidade de voto e rejei\u00e7\u00e3o. Segundo os dados, 25,2% afirmaram que votariam com certeza em Allyson Bezerra, 18,1% em Rog\u00e9rio Marinho e 16,8% em \u00c1lvaro Dias. J\u00e1 na rejei\u00e7\u00e3o, Rog\u00e9rio lidera com 36,5% dos eleitores dizendo que n\u00e3o votariam nele de jeito nenhum, seguido de Cadu Xavier (25,9%) e Walter Alves (23%). A pesquisa indica, portanto, um quadro competitivo, com disputas acirradas e alto \u00edndice de indecisos.<\/p>\n<p><strong>Probabilidade de Voto e Rejei\u00e7\u00e3o<\/strong><\/p>\n<figure class=\"wp-block-image size-full\"><img loading=\"lazy\" decoding=\"async\" class=\"wp-image-131283\" src=\"https:\/\/blogdomagno.com.br\/wp-content\/uploads\/2025\/09\/WhatsApp-Image-2025-09-19-at-10.45.05-2.jpeg\" sizes=\"auto, (max-width: 955px) 100vw, 955px\" srcset=\"https:\/\/blogdomagno.com.br\/wp-content\/uploads\/2025\/09\/WhatsApp-Image-2025-09-19-at-10.45.05-2.jpeg 955w, https:\/\/blogdomagno.com.br\/wp-content\/uploads\/2025\/09\/WhatsApp-Image-2025-09-19-at-10.45.05-2-300x244.jpeg 300w, https:\/\/blogdomagno.com.br\/wp-content\/uploads\/2025\/09\/WhatsApp-Image-2025-09-19-at-10.45.05-2-768x624.jpeg 768w\" alt=\"\" width=\"955\" height=\"776\" \/><\/figure>\n<p><a class=\"ub-expand-toggle-button\" role=\"button\">Leia menos<\/a><\/div>\n<\/div>\n<\/div>\n<\/div>\n","protected":false},"excerpt":{"rendered":"<p>O prefeito de Mossor\u00f3, Allyson Bezerra (Uni\u00e3o), lidera as inten\u00e7\u00f5es de voto para o Governo do Rio Grande do Norte, segundo pesquisa do Instituto Media em parceria com o jornal\u00a0O Potengi. O levantamento foi realizado entre os dias 14 e 17 de setembro, ouviu 1.600 eleitores em 75 munic\u00edpios potiguares e tem margem de erro [&hellip;]<\/p>\n","protected":false},"author":1,"featured_media":1747,"comment_status":"open","ping_status":"open","sticky":false,"template":"","format":"standard","meta":{"footnotes":"","jetpack_publicize_message":"","jetpack_publicize_feature_enabled":true,"jetpack_social_post_already_shared":true,"jetpack_social_options":{"image_generator_settings":{"template":"highway","default_image_id":0,"font":"","enabled":false},"version":2}},"categories":[37,1,65],"tags":[],"class_list":["post-1746","post","type-post","status-publish","format-standard","has-post-thumbnail","hentry","category-https-gazetapernambucana-com-page_id212","category-https-gazetapernambucana-com-page_id225","category-politica"],"yoast_head":"<!-- This site is optimized with the Yoast SEO plugin v24.5 - https:\/\/yoast.com\/wordpress\/plugins\/seo\/ -->\n<title>Pesquisa aponta disputa acirrada para o governo do RN -<\/title>\n<meta name=\"robots\" content=\"index, follow, max-snippet:-1, max-image-preview:large, max-video-preview:-1\" \/>\n<link rel=\"canonical\" href=\"http:\/\/gazetapernambucana.com\/?p=1746\" \/>\n<meta property=\"og:locale\" content=\"pt_BR\" \/>\n<meta property=\"og:type\" content=\"article\" \/>\n<meta property=\"og:title\" content=\"Pesquisa aponta disputa acirrada para o governo do RN -\" \/>\n<meta property=\"og:description\" content=\"O prefeito de Mossor\u00f3, Allyson Bezerra (Uni\u00e3o), lidera as inten\u00e7\u00f5es de voto para o Governo do Rio Grande do Norte, segundo pesquisa do Instituto Media em parceria com o jornal\u00a0O Potengi. O levantamento foi realizado entre os dias 14 e 17 de setembro, ouviu 1.600 eleitores em 75 munic\u00edpios potiguares e tem margem de erro [&hellip;]\" \/>\n<meta property=\"og:url\" content=\"http:\/\/gazetapernambucana.com\/?p=1746\" \/>\n<meta property=\"article:published_time\" content=\"2025-09-20T00:14:43+00:00\" \/>\n<meta property=\"og:image\" content=\"http:\/\/gazetapernambucana.com\/wp-content\/uploads\/2025\/09\/WhatsApp-Image-2025-09-19-at-10.45.05.jpeg\" \/>\n\t<meta property=\"og:image:width\" content=\"984\" \/>\n\t<meta property=\"og:image:height\" content=\"822\" \/>\n\t<meta property=\"og:image:type\" content=\"image\/jpeg\" \/>\n<meta name=\"author\" content=\"GP\" \/>\n<meta name=\"twitter:card\" content=\"summary_large_image\" \/>\n<meta name=\"twitter:label1\" content=\"Escrito por\" \/>\n\t<meta name=\"twitter:data1\" content=\"GP\" \/>\n\t<meta name=\"twitter:label2\" content=\"Est. tempo de leitura\" \/>\n\t<meta name=\"twitter:data2\" content=\"4 minutos\" \/>\n<script type=\"application\/ld+json\" class=\"yoast-schema-graph\">{\"@context\":\"https:\/\/schema.org\",\"@graph\":[{\"@type\":\"WebPage\",\"@id\":\"http:\/\/gazetapernambucana.com\/?p=1746\",\"url\":\"http:\/\/gazetapernambucana.com\/?p=1746\",\"name\":\"Pesquisa aponta disputa acirrada para o governo do RN -\",\"isPartOf\":{\"@id\":\"https:\/\/gazetapernambucana.com\/#website\"},\"primaryImageOfPage\":{\"@id\":\"http:\/\/gazetapernambucana.com\/?p=1746#primaryimage\"},\"image\":{\"@id\":\"http:\/\/gazetapernambucana.com\/?p=1746#primaryimage\"},\"thumbnailUrl\":\"https:\/\/gazetapernambucana.com\/wp-content\/uploads\/2025\/09\/WhatsApp-Image-2025-09-19-at-10.45.05.jpeg\",\"datePublished\":\"2025-09-20T00:14:43+00:00\",\"author\":{\"@id\":\"https:\/\/gazetapernambucana.com\/#\/schema\/person\/188dc283325181ac2de4db1e9e987427\"},\"breadcrumb\":{\"@id\":\"http:\/\/gazetapernambucana.com\/?p=1746#breadcrumb\"},\"inLanguage\":\"pt-BR\",\"potentialAction\":[{\"@type\":\"ReadAction\",\"target\":[\"http:\/\/gazetapernambucana.com\/?p=1746\"]}]},{\"@type\":\"ImageObject\",\"inLanguage\":\"pt-BR\",\"@id\":\"http:\/\/gazetapernambucana.com\/?p=1746#primaryimage\",\"url\":\"https:\/\/gazetapernambucana.com\/wp-content\/uploads\/2025\/09\/WhatsApp-Image-2025-09-19-at-10.45.05.jpeg\",\"contentUrl\":\"https:\/\/gazetapernambucana.com\/wp-content\/uploads\/2025\/09\/WhatsApp-Image-2025-09-19-at-10.45.05.jpeg\",\"width\":984,\"height\":822},{\"@type\":\"BreadcrumbList\",\"@id\":\"http:\/\/gazetapernambucana.com\/?p=1746#breadcrumb\",\"itemListElement\":[{\"@type\":\"ListItem\",\"position\":1,\"name\":\"In\u00edcio\",\"item\":\"https:\/\/gazetapernambucana.com\/\"},{\"@type\":\"ListItem\",\"position\":2,\"name\":\"Pesquisa aponta disputa acirrada para o governo do RN\"}]},{\"@type\":\"WebSite\",\"@id\":\"https:\/\/gazetapernambucana.com\/#website\",\"url\":\"https:\/\/gazetapernambucana.com\/\",\"name\":\"\",\"description\":\"\",\"potentialAction\":[{\"@type\":\"SearchAction\",\"target\":{\"@type\":\"EntryPoint\",\"urlTemplate\":\"https:\/\/gazetapernambucana.com\/?s={search_term_string}\"},\"query-input\":{\"@type\":\"PropertyValueSpecification\",\"valueRequired\":true,\"valueName\":\"search_term_string\"}}],\"inLanguage\":\"pt-BR\"},{\"@type\":\"Person\",\"@id\":\"https:\/\/gazetapernambucana.com\/#\/schema\/person\/188dc283325181ac2de4db1e9e987427\",\"name\":\"GP\",\"image\":{\"@type\":\"ImageObject\",\"inLanguage\":\"pt-BR\",\"@id\":\"https:\/\/gazetapernambucana.com\/#\/schema\/person\/image\/\",\"url\":\"https:\/\/secure.gravatar.com\/avatar\/9dad78ff9a2d8b5742d11779f8a3f53b052320c550b2e1907882353c067bb111?s=96&d=mm&r=g\",\"contentUrl\":\"https:\/\/secure.gravatar.com\/avatar\/9dad78ff9a2d8b5742d11779f8a3f53b052320c550b2e1907882353c067bb111?s=96&d=mm&r=g\",\"caption\":\"GP\"},\"sameAs\":[\"http:\/\/gazetapernambucana.com\"],\"url\":\"https:\/\/gazetapernambucana.com\/?author=1\"}]}<\/script>\n<!-- \/ Yoast SEO plugin. -->","yoast_head_json":{"title":"Pesquisa aponta disputa acirrada para o governo do RN -","robots":{"index":"index","follow":"follow","max-snippet":"max-snippet:-1","max-image-preview":"max-image-preview:large","max-video-preview":"max-video-preview:-1"},"canonical":"http:\/\/gazetapernambucana.com\/?p=1746","og_locale":"pt_BR","og_type":"article","og_title":"Pesquisa aponta disputa acirrada para o governo do RN -","og_description":"O prefeito de Mossor\u00f3, Allyson Bezerra (Uni\u00e3o), lidera as inten\u00e7\u00f5es de voto para o Governo do Rio Grande do Norte, segundo pesquisa do Instituto Media em parceria com o jornal\u00a0O Potengi. O levantamento foi realizado entre os dias 14 e 17 de setembro, ouviu 1.600 eleitores em 75 munic\u00edpios potiguares e tem margem de erro [&hellip;]","og_url":"http:\/\/gazetapernambucana.com\/?p=1746","article_published_time":"2025-09-20T00:14:43+00:00","og_image":[{"width":984,"height":822,"url":"http:\/\/gazetapernambucana.com\/wp-content\/uploads\/2025\/09\/WhatsApp-Image-2025-09-19-at-10.45.05.jpeg","type":"image\/jpeg"}],"author":"GP","twitter_card":"summary_large_image","twitter_misc":{"Escrito por":"GP","Est. tempo de leitura":"4 minutos"},"schema":{"@context":"https:\/\/schema.org","@graph":[{"@type":"WebPage","@id":"http:\/\/gazetapernambucana.com\/?p=1746","url":"http:\/\/gazetapernambucana.com\/?p=1746","name":"Pesquisa aponta disputa acirrada para o governo do RN -","isPartOf":{"@id":"https:\/\/gazetapernambucana.com\/#website"},"primaryImageOfPage":{"@id":"http:\/\/gazetapernambucana.com\/?p=1746#primaryimage"},"image":{"@id":"http:\/\/gazetapernambucana.com\/?p=1746#primaryimage"},"thumbnailUrl":"https:\/\/gazetapernambucana.com\/wp-content\/uploads\/2025\/09\/WhatsApp-Image-2025-09-19-at-10.45.05.jpeg","datePublished":"2025-09-20T00:14:43+00:00","author":{"@id":"https:\/\/gazetapernambucana.com\/#\/schema\/person\/188dc283325181ac2de4db1e9e987427"},"breadcrumb":{"@id":"http:\/\/gazetapernambucana.com\/?p=1746#breadcrumb"},"inLanguage":"pt-BR","potentialAction":[{"@type":"ReadAction","target":["http:\/\/gazetapernambucana.com\/?p=1746"]}]},{"@type":"ImageObject","inLanguage":"pt-BR","@id":"http:\/\/gazetapernambucana.com\/?p=1746#primaryimage","url":"https:\/\/gazetapernambucana.com\/wp-content\/uploads\/2025\/09\/WhatsApp-Image-2025-09-19-at-10.45.05.jpeg","contentUrl":"https:\/\/gazetapernambucana.com\/wp-content\/uploads\/2025\/09\/WhatsApp-Image-2025-09-19-at-10.45.05.jpeg","width":984,"height":822},{"@type":"BreadcrumbList","@id":"http:\/\/gazetapernambucana.com\/?p=1746#breadcrumb","itemListElement":[{"@type":"ListItem","position":1,"name":"In\u00edcio","item":"https:\/\/gazetapernambucana.com\/"},{"@type":"ListItem","position":2,"name":"Pesquisa aponta disputa acirrada para o governo do RN"}]},{"@type":"WebSite","@id":"https:\/\/gazetapernambucana.com\/#website","url":"https:\/\/gazetapernambucana.com\/","name":"","description":"","potentialAction":[{"@type":"SearchAction","target":{"@type":"EntryPoint","urlTemplate":"https:\/\/gazetapernambucana.com\/?s={search_term_string}"},"query-input":{"@type":"PropertyValueSpecification","valueRequired":true,"valueName":"search_term_string"}}],"inLanguage":"pt-BR"},{"@type":"Person","@id":"https:\/\/gazetapernambucana.com\/#\/schema\/person\/188dc283325181ac2de4db1e9e987427","name":"GP","image":{"@type":"ImageObject","inLanguage":"pt-BR","@id":"https:\/\/gazetapernambucana.com\/#\/schema\/person\/image\/","url":"https:\/\/secure.gravatar.com\/avatar\/9dad78ff9a2d8b5742d11779f8a3f53b052320c550b2e1907882353c067bb111?s=96&d=mm&r=g","contentUrl":"https:\/\/secure.gravatar.com\/avatar\/9dad78ff9a2d8b5742d11779f8a3f53b052320c550b2e1907882353c067bb111?s=96&d=mm&r=g","caption":"GP"},"sameAs":["http:\/\/gazetapernambucana.com"],"url":"https:\/\/gazetapernambucana.com\/?author=1"}]}},"jetpack_publicize_connections":[],"_links":{"self":[{"href":"https:\/\/gazetapernambucana.com\/index.php?rest_route=\/wp\/v2\/posts\/1746","targetHints":{"allow":["GET"]}}],"collection":[{"href":"https:\/\/gazetapernambucana.com\/index.php?rest_route=\/wp\/v2\/posts"}],"about":[{"href":"https:\/\/gazetapernambucana.com\/index.php?rest_route=\/wp\/v2\/types\/post"}],"author":[{"embeddable":true,"href":"https:\/\/gazetapernambucana.com\/index.php?rest_route=\/wp\/v2\/users\/1"}],"replies":[{"embeddable":true,"href":"https:\/\/gazetapernambucana.com\/index.php?rest_route=%2Fwp%2Fv2%2Fcomments&post=1746"}],"version-history":[{"count":1,"href":"https:\/\/gazetapernambucana.com\/index.php?rest_route=\/wp\/v2\/posts\/1746\/revisions"}],"predecessor-version":[{"id":1748,"href":"https:\/\/gazetapernambucana.com\/index.php?rest_route=\/wp\/v2\/posts\/1746\/revisions\/1748"}],"wp:featuredmedia":[{"embeddable":true,"href":"https:\/\/gazetapernambucana.com\/index.php?rest_route=\/wp\/v2\/media\/1747"}],"wp:attachment":[{"href":"https:\/\/gazetapernambucana.com\/index.php?rest_route=%2Fwp%2Fv2%2Fmedia&parent=1746"}],"wp:term":[{"taxonomy":"category","embeddable":true,"href":"https:\/\/gazetapernambucana.com\/index.php?rest_route=%2Fwp%2Fv2%2Fcategories&post=1746"},{"taxonomy":"post_tag","embeddable":true,"href":"https:\/\/gazetapernambucana.com\/index.php?rest_route=%2Fwp%2Fv2%2Ftags&post=1746"}],"curies":[{"name":"wp","href":"https:\/\/api.w.org\/{rel}","templated":true}]}}