{"id":1737,"date":"2025-09-19T20:03:09","date_gmt":"2025-09-19T23:03:09","guid":{"rendered":"https:\/\/gazetapernambucana.com\/?p=1737"},"modified":"2025-09-19T20:03:09","modified_gmt":"2025-09-19T23:03:09","slug":"curso-de-oratoria-com-decilene-mendes-mostra-que-comunicar-bem-e-muito-mais-que-falar-bonito","status":"publish","type":"post","link":"https:\/\/gazetapernambucana.com\/?p=1737","title":{"rendered":"Curso de Orat\u00f3ria com Decilene Mendes mostra que comunicar bem \u00e9 muito mais que falar bonito"},"content":{"rendered":"<h3 data-start=\"290\" data-end=\"406\">Em Recife, forma\u00e7\u00e3o pr\u00e1tica ensina t\u00e9cnicas de express\u00e3o estrat\u00e9gica para neg\u00f3cios, lideran\u00e7a e conex\u00f5es humanas<\/h3>\n<p data-start=\"408\" data-end=\"803\"><img loading=\"lazy\" decoding=\"async\" class=\"alignnone size-medium wp-image-1739\" src=\"http:\/\/gazetapernambucana.com\/wp-content\/uploads\/2025\/09\/COM-MICROFONE-214x300.jpg\" alt=\"\" width=\"214\" height=\"300\" srcset=\"https:\/\/gazetapernambucana.com\/wp-content\/uploads\/2025\/09\/COM-MICROFONE-214x300.jpg 214w, https:\/\/gazetapernambucana.com\/wp-content\/uploads\/2025\/09\/COM-MICROFONE-731x1024.jpg 731w, https:\/\/gazetapernambucana.com\/wp-content\/uploads\/2025\/09\/COM-MICROFONE-768x1075.jpg 768w, https:\/\/gazetapernambucana.com\/wp-content\/uploads\/2025\/09\/COM-MICROFONE-1097x1536.jpg 1097w, https:\/\/gazetapernambucana.com\/wp-content\/uploads\/2025\/09\/COM-MICROFONE-1463x2048.jpg 1463w, https:\/\/gazetapernambucana.com\/wp-content\/uploads\/2025\/09\/COM-MICROFONE-scaled.jpg 1828w\" sizes=\"auto, (max-width: 214px) 100vw, 214px\" \/>\u00a0 Mais do que superar o medo de falar em p\u00fablico, comunicar-se bem \u00e9 uma habilidade decisiva para quem quer crescer pessoal e profissionalmente. Essa \u00e9 a ess\u00eancia do <strong data-start=\"572\" data-end=\"593\">Curso de Orat\u00f3ria<\/strong> comandado por <strong data-start=\"608\" data-end=\"627\">Decilene Mendes<\/strong>, pedagoga, jornalista e especialista em Comunica\u00e7\u00e3o e Desenvolvimento de Pessoas, que ser\u00e1 realizado nos dias <strong data-start=\"738\" data-end=\"760\">24 e 25 de outubro<\/strong>, nas instala\u00e7\u00f5es do <strong data-start=\"781\" data-end=\"802\">Sebrae, em Recife<\/strong>.<\/p>\n<p data-start=\"805\" data-end=\"1089\">Com uma proposta din\u00e2mica, acess\u00edvel e voltada para resultados reais, o curso n\u00e3o se limita a ensinar belas palavras. Ele mergulha na constru\u00e7\u00e3o de uma <strong data-start=\"957\" data-end=\"984\">comunica\u00e7\u00e3o estrat\u00e9gica<\/strong>, capaz de abrir portas, fortalecer v\u00ednculos e gerar impacto em reuni\u00f5es, vendas, lideran\u00e7a e networking.<\/p>\n<blockquote data-start=\"1091\" data-end=\"1323\">\n<p data-start=\"1093\" data-end=\"1323\">\u201cA comunica\u00e7\u00e3o \u00e9 um ativo que gera valor. Quem sabe se expressar com clareza conquista espa\u00e7o, gera confian\u00e7a e fortalece relacionamentos\u201d, afirma Decilene, que j\u00e1 formou centenas de profissionais em sua jornada como comunic\u00f3loga.<\/p>\n<\/blockquote>\n<p data-start=\"1325\" data-end=\"1564\">Voltado para <strong data-start=\"1338\" data-end=\"1356\">empreendedores<\/strong>, <strong data-start=\"1358\" data-end=\"1384\">profissionais liberais<\/strong>, <strong data-start=\"1386\" data-end=\"1397\">l\u00edderes<\/strong> e todos que desejam aprimorar sua presen\u00e7a e influ\u00eancia, o curso oferece <strong data-start=\"1471\" data-end=\"1503\">12 horas de conte\u00fado pr\u00e1tico<\/strong>, com destaque para simula\u00e7\u00f5es reais e exerc\u00edcios vivenciais.<\/p>\n<p data-start=\"1325\" data-end=\"1564\"><img loading=\"lazy\" decoding=\"async\" class=\"size-medium wp-image-1740 aligncenter\" src=\"http:\/\/gazetapernambucana.com\/wp-content\/uploads\/2025\/09\/49b5b4b4-8df6-47ae-94e0-2f1bcf9bfafe-212x300.jpeg\" alt=\"\" width=\"212\" height=\"300\" srcset=\"https:\/\/gazetapernambucana.com\/wp-content\/uploads\/2025\/09\/49b5b4b4-8df6-47ae-94e0-2f1bcf9bfafe-212x300.jpeg 212w, https:\/\/gazetapernambucana.com\/wp-content\/uploads\/2025\/09\/49b5b4b4-8df6-47ae-94e0-2f1bcf9bfafe-724x1024.jpeg 724w, https:\/\/gazetapernambucana.com\/wp-content\/uploads\/2025\/09\/49b5b4b4-8df6-47ae-94e0-2f1bcf9bfafe-768x1086.jpeg 768w, https:\/\/gazetapernambucana.com\/wp-content\/uploads\/2025\/09\/49b5b4b4-8df6-47ae-94e0-2f1bcf9bfafe-1086x1536.jpeg 1086w, https:\/\/gazetapernambucana.com\/wp-content\/uploads\/2025\/09\/49b5b4b4-8df6-47ae-94e0-2f1bcf9bfafe.jpeg 1131w\" sizes=\"auto, (max-width: 212px) 100vw, 212px\" \/><\/p>\n<h3 data-start=\"1566\" data-end=\"1604\">O que o participante vai aprender:<\/h3>\n<ul data-start=\"1606\" data-end=\"1937\">\n<li data-start=\"1606\" data-end=\"1676\">\n<p data-start=\"1608\" data-end=\"1676\">Como estruturar uma fala com come\u00e7o, meio e fim de forma envolvente;<\/p>\n<\/li>\n<li data-start=\"1677\" data-end=\"1740\">\n<p data-start=\"1679\" data-end=\"1740\">T\u00e9cnicas para controlar o medo e a ansiedade ao se expressar;<\/p>\n<\/li>\n<li data-start=\"1741\" data-end=\"1809\">\n<p data-start=\"1743\" data-end=\"1809\">Estrat\u00e9gias de comunica\u00e7\u00e3o aplicadas a vendas e conex\u00f5es de valor;<\/p>\n<\/li>\n<li data-start=\"1810\" data-end=\"1866\">\n<p data-start=\"1812\" data-end=\"1866\">Recursos de orat\u00f3ria voltados ao ambiente corporativo;<\/p>\n<\/li>\n<li data-start=\"1867\" data-end=\"1937\">\n<p data-start=\"1869\" data-end=\"1937\">Uso inteligente da linguagem n\u00e3o verbal, postura e entona\u00e7\u00e3o de voz.<\/p>\n<\/li>\n<\/ul>\n<p data-start=\"1939\" data-end=\"2190\">Al\u00e9m do conte\u00fado t\u00e9cnico, o grande diferencial do curso est\u00e1 no <strong data-start=\"2003\" data-end=\"2045\">olhar humano e estrat\u00e9gico de Decilene<\/strong>, que combina teoria e pr\u00e1tica com sensibilidade, despertando nos participantes a autoconfian\u00e7a necess\u00e1ria para ocupar espa\u00e7os com autenticidade.<\/p>\n<p data-start=\"2192\" data-end=\"2273\">As vagas s\u00e3o limitadas e as inscri\u00e7\u00f5es j\u00e1 est\u00e3o abertas na plataforma <strong data-start=\"2262\" data-end=\"2272\">Sympla<\/strong>.<\/p>\n<hr data-start=\"2275\" data-end=\"2278\" \/>\n<h3 data-start=\"2280\" data-end=\"2296\"><strong data-start=\"2284\" data-end=\"2296\">Servi\u00e7o:<\/strong><\/h3>\n<p data-start=\"2297\" data-end=\"2704\"><strong data-start=\"2297\" data-end=\"2343\">Curso de Orat\u00f3ria \u2013 Orat\u00f3ria sem Medo (T4)<\/strong><br data-start=\"2343\" data-end=\"2346\" \/>\ud83d\udcc5 <strong data-start=\"2349\" data-end=\"2359\">Datas:<\/strong> 24 e 25 de outubro de 2025 (sexta \u00e0 noite e s\u00e1bado at\u00e9 16h)<br data-start=\"2419\" data-end=\"2422\" \/>\ud83d\udccd <strong data-start=\"2425\" data-end=\"2435\">Local:<\/strong> Sebrae Recife<br data-start=\"2449\" data-end=\"2452\" \/>\u23f0 <strong data-start=\"2454\" data-end=\"2472\">Carga hor\u00e1ria:<\/strong> 12h<br data-start=\"2476\" data-end=\"2479\" \/>\ud83d\udcf1 <strong data-start=\"2482\" data-end=\"2511\">Inscri\u00e7\u00f5es e informa\u00e7\u00f5es:<\/strong> WhatsApp (81) 98836-8485 | Instagram: @decilene_comunicologa<br data-start=\"2572\" data-end=\"2575\" \/>\ud83d\udd17 <strong data-start=\"2578\" data-end=\"2589\">Sympla:<\/strong> <a class=\"decorated-link\" href=\"https:\/\/www.sympla.com.br\/evento\/oratOria-sem-medo-t4\/3079937\" target=\"_new\" rel=\"noopener\" data-start=\"2590\" data-end=\"2704\">sympla.com.br\/evento\/oratoria-sem-medo-t4\/3079937<\/a><\/p>\n","protected":false},"excerpt":{"rendered":"<p>Em Recife, forma\u00e7\u00e3o pr\u00e1tica ensina t\u00e9cnicas de express\u00e3o estrat\u00e9gica para neg\u00f3cios, lideran\u00e7a e conex\u00f5es humanas \u00a0 Mais do que superar o medo de falar em p\u00fablico, comunicar-se bem \u00e9 uma habilidade decisiva para quem quer crescer pessoal e profissionalmente. Essa \u00e9 a ess\u00eancia do Curso de Orat\u00f3ria comandado por Decilene Mendes, pedagoga, jornalista e especialista [&hellip;]<\/p>\n","protected":false},"author":1,"featured_media":1739,"comment_status":"open","ping_status":"open","sticky":false,"template":"","format":"standard","meta":{"footnotes":"","jetpack_publicize_message":"","jetpack_publicize_feature_enabled":true,"jetpack_social_post_already_shared":true,"jetpack_social_options":{"image_generator_settings":{"template":"highway","default_image_id":0,"font":"","enabled":false},"version":2}},"categories":[1,35],"tags":[],"class_list":["post-1737","post","type-post","status-publish","format-standard","has-post-thumbnail","hentry","category-https-gazetapernambucana-com-page_id225","category-https-gazetapernambucana-com-page_id218"],"yoast_head":"<!-- This site is optimized with the Yoast SEO plugin v24.5 - https:\/\/yoast.com\/wordpress\/plugins\/seo\/ -->\n<title>Curso de Orat\u00f3ria com Decilene Mendes mostra que comunicar bem \u00e9 muito mais que falar bonito -<\/title>\n<meta name=\"robots\" content=\"index, follow, max-snippet:-1, max-image-preview:large, max-video-preview:-1\" \/>\n<link rel=\"canonical\" href=\"http:\/\/gazetapernambucana.com\/?p=1737\" \/>\n<meta property=\"og:locale\" content=\"pt_BR\" \/>\n<meta property=\"og:type\" content=\"article\" \/>\n<meta property=\"og:title\" content=\"Curso de Orat\u00f3ria com Decilene Mendes mostra que comunicar bem \u00e9 muito mais que falar bonito -\" \/>\n<meta property=\"og:description\" content=\"Em Recife, forma\u00e7\u00e3o pr\u00e1tica ensina t\u00e9cnicas de express\u00e3o estrat\u00e9gica para neg\u00f3cios, lideran\u00e7a e conex\u00f5es humanas \u00a0 Mais do que superar o medo de falar em p\u00fablico, comunicar-se bem \u00e9 uma habilidade decisiva para quem quer crescer pessoal e profissionalmente. Essa \u00e9 a ess\u00eancia do Curso de Orat\u00f3ria comandado por Decilene Mendes, pedagoga, jornalista e especialista [&hellip;]\" \/>\n<meta property=\"og:url\" content=\"http:\/\/gazetapernambucana.com\/?p=1737\" \/>\n<meta property=\"article:published_time\" content=\"2025-09-19T23:03:09+00:00\" \/>\n<meta property=\"og:image\" content=\"http:\/\/gazetapernambucana.com\/wp-content\/uploads\/2025\/09\/COM-MICROFONE-scaled.jpg\" \/>\n\t<meta property=\"og:image:width\" content=\"1828\" \/>\n\t<meta property=\"og:image:height\" content=\"2560\" \/>\n\t<meta property=\"og:image:type\" content=\"image\/jpeg\" \/>\n<meta name=\"author\" content=\"GP\" \/>\n<meta name=\"twitter:card\" content=\"summary_large_image\" \/>\n<meta name=\"twitter:label1\" content=\"Escrito por\" \/>\n\t<meta name=\"twitter:data1\" content=\"GP\" \/>\n\t<meta name=\"twitter:label2\" content=\"Est. tempo de leitura\" \/>\n\t<meta name=\"twitter:data2\" content=\"3 minutos\" \/>\n<script type=\"application\/ld+json\" class=\"yoast-schema-graph\">{\"@context\":\"https:\/\/schema.org\",\"@graph\":[{\"@type\":\"WebPage\",\"@id\":\"http:\/\/gazetapernambucana.com\/?p=1737\",\"url\":\"http:\/\/gazetapernambucana.com\/?p=1737\",\"name\":\"Curso de Orat\u00f3ria com Decilene Mendes mostra que comunicar bem \u00e9 muito mais que falar bonito -\",\"isPartOf\":{\"@id\":\"https:\/\/gazetapernambucana.com\/#website\"},\"primaryImageOfPage\":{\"@id\":\"http:\/\/gazetapernambucana.com\/?p=1737#primaryimage\"},\"image\":{\"@id\":\"http:\/\/gazetapernambucana.com\/?p=1737#primaryimage\"},\"thumbnailUrl\":\"https:\/\/gazetapernambucana.com\/wp-content\/uploads\/2025\/09\/COM-MICROFONE-scaled.jpg\",\"datePublished\":\"2025-09-19T23:03:09+00:00\",\"author\":{\"@id\":\"https:\/\/gazetapernambucana.com\/#\/schema\/person\/188dc283325181ac2de4db1e9e987427\"},\"breadcrumb\":{\"@id\":\"http:\/\/gazetapernambucana.com\/?p=1737#breadcrumb\"},\"inLanguage\":\"pt-BR\",\"potentialAction\":[{\"@type\":\"ReadAction\",\"target\":[\"http:\/\/gazetapernambucana.com\/?p=1737\"]}]},{\"@type\":\"ImageObject\",\"inLanguage\":\"pt-BR\",\"@id\":\"http:\/\/gazetapernambucana.com\/?p=1737#primaryimage\",\"url\":\"https:\/\/gazetapernambucana.com\/wp-content\/uploads\/2025\/09\/COM-MICROFONE-scaled.jpg\",\"contentUrl\":\"https:\/\/gazetapernambucana.com\/wp-content\/uploads\/2025\/09\/COM-MICROFONE-scaled.jpg\",\"width\":1828,\"height\":2560},{\"@type\":\"BreadcrumbList\",\"@id\":\"http:\/\/gazetapernambucana.com\/?p=1737#breadcrumb\",\"itemListElement\":[{\"@type\":\"ListItem\",\"position\":1,\"name\":\"In\u00edcio\",\"item\":\"https:\/\/gazetapernambucana.com\/\"},{\"@type\":\"ListItem\",\"position\":2,\"name\":\"Curso de Orat\u00f3ria com Decilene Mendes mostra que comunicar bem \u00e9 muito mais que falar bonito\"}]},{\"@type\":\"WebSite\",\"@id\":\"https:\/\/gazetapernambucana.com\/#website\",\"url\":\"https:\/\/gazetapernambucana.com\/\",\"name\":\"\",\"description\":\"\",\"potentialAction\":[{\"@type\":\"SearchAction\",\"target\":{\"@type\":\"EntryPoint\",\"urlTemplate\":\"https:\/\/gazetapernambucana.com\/?s={search_term_string}\"},\"query-input\":{\"@type\":\"PropertyValueSpecification\",\"valueRequired\":true,\"valueName\":\"search_term_string\"}}],\"inLanguage\":\"pt-BR\"},{\"@type\":\"Person\",\"@id\":\"https:\/\/gazetapernambucana.com\/#\/schema\/person\/188dc283325181ac2de4db1e9e987427\",\"name\":\"GP\",\"image\":{\"@type\":\"ImageObject\",\"inLanguage\":\"pt-BR\",\"@id\":\"https:\/\/gazetapernambucana.com\/#\/schema\/person\/image\/\",\"url\":\"https:\/\/secure.gravatar.com\/avatar\/9dad78ff9a2d8b5742d11779f8a3f53b052320c550b2e1907882353c067bb111?s=96&d=mm&r=g\",\"contentUrl\":\"https:\/\/secure.gravatar.com\/avatar\/9dad78ff9a2d8b5742d11779f8a3f53b052320c550b2e1907882353c067bb111?s=96&d=mm&r=g\",\"caption\":\"GP\"},\"sameAs\":[\"http:\/\/gazetapernambucana.com\"],\"url\":\"https:\/\/gazetapernambucana.com\/?author=1\"}]}<\/script>\n<!-- \/ Yoast SEO plugin. -->","yoast_head_json":{"title":"Curso de Orat\u00f3ria com Decilene Mendes mostra que comunicar bem \u00e9 muito mais que falar bonito -","robots":{"index":"index","follow":"follow","max-snippet":"max-snippet:-1","max-image-preview":"max-image-preview:large","max-video-preview":"max-video-preview:-1"},"canonical":"http:\/\/gazetapernambucana.com\/?p=1737","og_locale":"pt_BR","og_type":"article","og_title":"Curso de Orat\u00f3ria com Decilene Mendes mostra que comunicar bem \u00e9 muito mais que falar bonito -","og_description":"Em Recife, forma\u00e7\u00e3o pr\u00e1tica ensina t\u00e9cnicas de express\u00e3o estrat\u00e9gica para neg\u00f3cios, lideran\u00e7a e conex\u00f5es humanas \u00a0 Mais do que superar o medo de falar em p\u00fablico, comunicar-se bem \u00e9 uma habilidade decisiva para quem quer crescer pessoal e profissionalmente. Essa \u00e9 a ess\u00eancia do Curso de Orat\u00f3ria comandado por Decilene Mendes, pedagoga, jornalista e especialista [&hellip;]","og_url":"http:\/\/gazetapernambucana.com\/?p=1737","article_published_time":"2025-09-19T23:03:09+00:00","og_image":[{"width":1828,"height":2560,"url":"http:\/\/gazetapernambucana.com\/wp-content\/uploads\/2025\/09\/COM-MICROFONE-scaled.jpg","type":"image\/jpeg"}],"author":"GP","twitter_card":"summary_large_image","twitter_misc":{"Escrito por":"GP","Est. tempo de leitura":"3 minutos"},"schema":{"@context":"https:\/\/schema.org","@graph":[{"@type":"WebPage","@id":"http:\/\/gazetapernambucana.com\/?p=1737","url":"http:\/\/gazetapernambucana.com\/?p=1737","name":"Curso de Orat\u00f3ria com Decilene Mendes mostra que comunicar bem \u00e9 muito mais que falar bonito -","isPartOf":{"@id":"https:\/\/gazetapernambucana.com\/#website"},"primaryImageOfPage":{"@id":"http:\/\/gazetapernambucana.com\/?p=1737#primaryimage"},"image":{"@id":"http:\/\/gazetapernambucana.com\/?p=1737#primaryimage"},"thumbnailUrl":"https:\/\/gazetapernambucana.com\/wp-content\/uploads\/2025\/09\/COM-MICROFONE-scaled.jpg","datePublished":"2025-09-19T23:03:09+00:00","author":{"@id":"https:\/\/gazetapernambucana.com\/#\/schema\/person\/188dc283325181ac2de4db1e9e987427"},"breadcrumb":{"@id":"http:\/\/gazetapernambucana.com\/?p=1737#breadcrumb"},"inLanguage":"pt-BR","potentialAction":[{"@type":"ReadAction","target":["http:\/\/gazetapernambucana.com\/?p=1737"]}]},{"@type":"ImageObject","inLanguage":"pt-BR","@id":"http:\/\/gazetapernambucana.com\/?p=1737#primaryimage","url":"https:\/\/gazetapernambucana.com\/wp-content\/uploads\/2025\/09\/COM-MICROFONE-scaled.jpg","contentUrl":"https:\/\/gazetapernambucana.com\/wp-content\/uploads\/2025\/09\/COM-MICROFONE-scaled.jpg","width":1828,"height":2560},{"@type":"BreadcrumbList","@id":"http:\/\/gazetapernambucana.com\/?p=1737#breadcrumb","itemListElement":[{"@type":"ListItem","position":1,"name":"In\u00edcio","item":"https:\/\/gazetapernambucana.com\/"},{"@type":"ListItem","position":2,"name":"Curso de Orat\u00f3ria com Decilene Mendes mostra que comunicar bem \u00e9 muito mais que falar bonito"}]},{"@type":"WebSite","@id":"https:\/\/gazetapernambucana.com\/#website","url":"https:\/\/gazetapernambucana.com\/","name":"","description":"","potentialAction":[{"@type":"SearchAction","target":{"@type":"EntryPoint","urlTemplate":"https:\/\/gazetapernambucana.com\/?s={search_term_string}"},"query-input":{"@type":"PropertyValueSpecification","valueRequired":true,"valueName":"search_term_string"}}],"inLanguage":"pt-BR"},{"@type":"Person","@id":"https:\/\/gazetapernambucana.com\/#\/schema\/person\/188dc283325181ac2de4db1e9e987427","name":"GP","image":{"@type":"ImageObject","inLanguage":"pt-BR","@id":"https:\/\/gazetapernambucana.com\/#\/schema\/person\/image\/","url":"https:\/\/secure.gravatar.com\/avatar\/9dad78ff9a2d8b5742d11779f8a3f53b052320c550b2e1907882353c067bb111?s=96&d=mm&r=g","contentUrl":"https:\/\/secure.gravatar.com\/avatar\/9dad78ff9a2d8b5742d11779f8a3f53b052320c550b2e1907882353c067bb111?s=96&d=mm&r=g","caption":"GP"},"sameAs":["http:\/\/gazetapernambucana.com"],"url":"https:\/\/gazetapernambucana.com\/?author=1"}]}},"jetpack_publicize_connections":[],"_links":{"self":[{"href":"https:\/\/gazetapernambucana.com\/index.php?rest_route=\/wp\/v2\/posts\/1737","targetHints":{"allow":["GET"]}}],"collection":[{"href":"https:\/\/gazetapernambucana.com\/index.php?rest_route=\/wp\/v2\/posts"}],"about":[{"href":"https:\/\/gazetapernambucana.com\/index.php?rest_route=\/wp\/v2\/types\/post"}],"author":[{"embeddable":true,"href":"https:\/\/gazetapernambucana.com\/index.php?rest_route=\/wp\/v2\/users\/1"}],"replies":[{"embeddable":true,"href":"https:\/\/gazetapernambucana.com\/index.php?rest_route=%2Fwp%2Fv2%2Fcomments&post=1737"}],"version-history":[{"count":1,"href":"https:\/\/gazetapernambucana.com\/index.php?rest_route=\/wp\/v2\/posts\/1737\/revisions"}],"predecessor-version":[{"id":1741,"href":"https:\/\/gazetapernambucana.com\/index.php?rest_route=\/wp\/v2\/posts\/1737\/revisions\/1741"}],"wp:featuredmedia":[{"embeddable":true,"href":"https:\/\/gazetapernambucana.com\/index.php?rest_route=\/wp\/v2\/media\/1739"}],"wp:attachment":[{"href":"https:\/\/gazetapernambucana.com\/index.php?rest_route=%2Fwp%2Fv2%2Fmedia&parent=1737"}],"wp:term":[{"taxonomy":"category","embeddable":true,"href":"https:\/\/gazetapernambucana.com\/index.php?rest_route=%2Fwp%2Fv2%2Fcategories&post=1737"},{"taxonomy":"post_tag","embeddable":true,"href":"https:\/\/gazetapernambucana.com\/index.php?rest_route=%2Fwp%2Fv2%2Ftags&post=1737"}],"curies":[{"name":"wp","href":"https:\/\/api.w.org\/{rel}","templated":true}]}}