{"id":1734,"date":"2025-09-19T19:30:44","date_gmt":"2025-09-19T22:30:44","guid":{"rendered":"https:\/\/gazetapernambucana.com\/?p=1734"},"modified":"2025-09-19T19:30:44","modified_gmt":"2025-09-19T22:30:44","slug":"prefeito-junior-de-irma-teca-e-ze-de-irma-teca-recebem-a-governadora-raquel-lyra-em-itapissuma","status":"publish","type":"post","link":"https:\/\/gazetapernambucana.com\/?p=1734","title":{"rendered":"Prefeito J\u00fanior de Irm\u00e3 Teca e Z\u00e9 de Irm\u00e3 Teca recebem a governadora Raquel Lyra em Itapissuma"},"content":{"rendered":"<div id=\"attachment_167788\" class=\"wp-caption aligncenter\"><img loading=\"lazy\" decoding=\"async\" class=\"wp-image-167788 size-large\" src=\"https:\/\/i0.wp.com\/blogpontodevista.com\/wp-content\/uploads\/2025\/09\/6ded8a06-99d0-4e78-9c2c-6e5aaaa2d302.webp?resize=880%2C587&amp;ssl=1\" sizes=\"auto, (max-width: 880px) 100vw, 880px\" srcset=\"https:\/\/i0.wp.com\/blogpontodevista.com\/wp-content\/uploads\/2025\/09\/6ded8a06-99d0-4e78-9c2c-6e5aaaa2d302.webp?resize=1024%2C683&amp;ssl=1 1024w, https:\/\/i0.wp.com\/blogpontodevista.com\/wp-content\/uploads\/2025\/09\/6ded8a06-99d0-4e78-9c2c-6e5aaaa2d302.webp?resize=300%2C200&amp;ssl=1 300w, https:\/\/i0.wp.com\/blogpontodevista.com\/wp-content\/uploads\/2025\/09\/6ded8a06-99d0-4e78-9c2c-6e5aaaa2d302.webp?resize=600%2C400&amp;ssl=1 600w, https:\/\/i0.wp.com\/blogpontodevista.com\/wp-content\/uploads\/2025\/09\/6ded8a06-99d0-4e78-9c2c-6e5aaaa2d302.webp?w=1600&amp;ssl=1 1600w\" alt=\"J\u00fanior de Irm\u00e3 Teca Munic\u00edpio de Itapissuma Z\u00e9 de Irm\u00e3 Teca Raquel Lyra Andr\u00e9 de Paula\" width=\"880\" height=\"587\" aria-describedby=\"caption-attachment-167788\" data-recalc-dims=\"1\" \/><\/div>\n<div class=\"wp-caption aligncenter\">Foto: Cyndi Danielle<\/div>\n<p>A visita de hoje (19) da governadora Raquel Lyra a Itapissuma foi o tipo de ocasi\u00e3o em que pol\u00edtica e cidade se entrela\u00e7am com sentido pr\u00e1tico. Recebida pelo prefeito J\u00fanior de Irm\u00e3 Teca e pelo superintendente federal da pesca Z\u00e9 de Irm\u00e3 Teca, e marcada pela presen\u00e7a da vice-governadora Priscila Krause e do ministro da Pesca e Aquicultura Andr\u00e9 de Paula, a agenda consolidou a\u00e7\u00f5es que podem, de fato, mudar o ritmo local: a ordem de servi\u00e7o para a revitaliza\u00e7\u00e3o do Polo Gastron\u00f4mico da Caldeirada, a constru\u00e7\u00e3o de uma creche na \u00e1rea do Gr\u00eamio \u2014 obra esperada h\u00e1 d\u00e9cadas \u2014 e o lan\u00e7amento da terceira etapa do programa PE Produz.<\/p>\n<p>O ponto de maior carga simb\u00f3lica ocorreu quando a governadora percorreu as ru\u00ednas do antigo mercado, afetado pelo inc\u00eandio de outubro de 2021. Aquilo que foi perda torna-se agora projeto; integrar o mercado recuperado ao polo gastron\u00f4mico \u00e9 transformar mem\u00f3ria e dor em oportunidade econ\u00f4mica e social. Ao anunciar prazo estimado de cerca de seis meses para as obras e prometer retorno para inaugura\u00e7\u00e3o, Raquel Lyra ofereceu mais que calend\u00e1rio: ofereceu confian\u00e7a p\u00fablica em um cronograma vi\u00e1vel \u2014 condi\u00e7\u00e3o essencial para que investimentos privados e iniciativas locais se organizem em torno do espa\u00e7o.<\/p>\n<p>No plano pr\u00e1tico, as consequ\u00eancias potenciais s\u00e3o claras. A revitaliza\u00e7\u00e3o do polo deve dinamizar o com\u00e9rcio local e qualificar a oferta tur\u00edstica \u2014 impulso que reverbera desde restaurantes e pousadas at\u00e9 pequenos produtores ligados \u00e0 cadeia gastron\u00f4mica. A nova creche responde a uma lacuna hist\u00f3rica de infraestrutura social e libera capacidade produtiva \u00e0s fam\u00edlias trabalhadoras; e o PE Produz, em sua terceira etapa, promete ampliar acesso a capacita\u00e7\u00e3o, apoio t\u00e9cnico e mercados para pequenos empres\u00e1rios do munic\u00edpio.<\/p>\n<p>Politicamente, a leitura \u00e9 igualmente relevante. J\u00fanior de Irm\u00e3 Teca assumiu hoje o papel de anfitri\u00e3o articulado: soube mobilizar a pauta estadual em torno de demandas locais e, com a presen\u00e7a do ministro Andr\u00e9 de Paula e da vice-governadora Priscila Krause, deu \u00e0 cidade visibilidade necess\u00e1ria para transformar assinaturas em obras. Z\u00e9, como figura de conex\u00e3o federal e refer\u00eancia local, tamb\u00e9m conferiu \u00e0 a\u00e7\u00e3o o peso institucional que projetos dessa natureza exigem, um nome forte, com experi\u00eancia de quem muito fez e quer fazer muito mais.<\/p>\n","protected":false},"excerpt":{"rendered":"<p>Foto: Cyndi Danielle A visita de hoje (19) da governadora Raquel Lyra a Itapissuma foi o tipo de ocasi\u00e3o em que pol\u00edtica e cidade se entrela\u00e7am com sentido pr\u00e1tico. Recebida pelo prefeito J\u00fanior de Irm\u00e3 Teca e pelo superintendente federal da pesca Z\u00e9 de Irm\u00e3 Teca, e marcada pela presen\u00e7a da vice-governadora Priscila Krause e [&hellip;]<\/p>\n","protected":false},"author":1,"featured_media":1735,"comment_status":"open","ping_status":"open","sticky":false,"template":"","format":"standard","meta":{"footnotes":"","jetpack_publicize_message":"","jetpack_publicize_feature_enabled":true,"jetpack_social_post_already_shared":true,"jetpack_social_options":{"image_generator_settings":{"template":"highway","default_image_id":0,"font":"","enabled":false},"version":2}},"categories":[1,65],"tags":[],"class_list":["post-1734","post","type-post","status-publish","format-standard","has-post-thumbnail","hentry","category-https-gazetapernambucana-com-page_id225","category-politica"],"yoast_head":"<!-- This site is optimized with the Yoast SEO plugin v24.5 - https:\/\/yoast.com\/wordpress\/plugins\/seo\/ -->\n<title>Prefeito J\u00fanior de Irm\u00e3 Teca e Z\u00e9 de Irm\u00e3 Teca recebem a governadora Raquel Lyra em Itapissuma -<\/title>\n<meta name=\"robots\" content=\"index, follow, max-snippet:-1, max-image-preview:large, max-video-preview:-1\" \/>\n<link rel=\"canonical\" href=\"http:\/\/gazetapernambucana.com\/?p=1734\" \/>\n<meta property=\"og:locale\" content=\"pt_BR\" \/>\n<meta property=\"og:type\" content=\"article\" \/>\n<meta property=\"og:title\" content=\"Prefeito J\u00fanior de Irm\u00e3 Teca e Z\u00e9 de Irm\u00e3 Teca recebem a governadora Raquel Lyra em Itapissuma -\" \/>\n<meta property=\"og:description\" content=\"Foto: Cyndi Danielle A visita de hoje (19) da governadora Raquel Lyra a Itapissuma foi o tipo de ocasi\u00e3o em que pol\u00edtica e cidade se entrela\u00e7am com sentido pr\u00e1tico. Recebida pelo prefeito J\u00fanior de Irm\u00e3 Teca e pelo superintendente federal da pesca Z\u00e9 de Irm\u00e3 Teca, e marcada pela presen\u00e7a da vice-governadora Priscila Krause e [&hellip;]\" \/>\n<meta property=\"og:url\" content=\"http:\/\/gazetapernambucana.com\/?p=1734\" \/>\n<meta property=\"article:published_time\" content=\"2025-09-19T22:30:44+00:00\" \/>\n<meta property=\"og:image\" content=\"http:\/\/gazetapernambucana.com\/wp-content\/uploads\/2025\/09\/6ded8a06-99d0-4e78-9c2c-6e5aaaa2d302.webp\" \/>\n\t<meta property=\"og:image:width\" content=\"1600\" \/>\n\t<meta property=\"og:image:height\" content=\"1067\" \/>\n\t<meta property=\"og:image:type\" content=\"image\/webp\" \/>\n<meta name=\"author\" content=\"GP\" \/>\n<meta name=\"twitter:card\" content=\"summary_large_image\" \/>\n<meta name=\"twitter:label1\" content=\"Escrito por\" \/>\n\t<meta name=\"twitter:data1\" content=\"GP\" \/>\n\t<meta name=\"twitter:label2\" content=\"Est. tempo de leitura\" \/>\n\t<meta name=\"twitter:data2\" content=\"3 minutos\" \/>\n<script type=\"application\/ld+json\" class=\"yoast-schema-graph\">{\"@context\":\"https:\/\/schema.org\",\"@graph\":[{\"@type\":\"WebPage\",\"@id\":\"http:\/\/gazetapernambucana.com\/?p=1734\",\"url\":\"http:\/\/gazetapernambucana.com\/?p=1734\",\"name\":\"Prefeito J\u00fanior de Irm\u00e3 Teca e Z\u00e9 de Irm\u00e3 Teca recebem a governadora Raquel Lyra em Itapissuma -\",\"isPartOf\":{\"@id\":\"https:\/\/gazetapernambucana.com\/#website\"},\"primaryImageOfPage\":{\"@id\":\"http:\/\/gazetapernambucana.com\/?p=1734#primaryimage\"},\"image\":{\"@id\":\"http:\/\/gazetapernambucana.com\/?p=1734#primaryimage\"},\"thumbnailUrl\":\"https:\/\/gazetapernambucana.com\/wp-content\/uploads\/2025\/09\/6ded8a06-99d0-4e78-9c2c-6e5aaaa2d302.webp\",\"datePublished\":\"2025-09-19T22:30:44+00:00\",\"author\":{\"@id\":\"https:\/\/gazetapernambucana.com\/#\/schema\/person\/188dc283325181ac2de4db1e9e987427\"},\"breadcrumb\":{\"@id\":\"http:\/\/gazetapernambucana.com\/?p=1734#breadcrumb\"},\"inLanguage\":\"pt-BR\",\"potentialAction\":[{\"@type\":\"ReadAction\",\"target\":[\"http:\/\/gazetapernambucana.com\/?p=1734\"]}]},{\"@type\":\"ImageObject\",\"inLanguage\":\"pt-BR\",\"@id\":\"http:\/\/gazetapernambucana.com\/?p=1734#primaryimage\",\"url\":\"https:\/\/gazetapernambucana.com\/wp-content\/uploads\/2025\/09\/6ded8a06-99d0-4e78-9c2c-6e5aaaa2d302.webp\",\"contentUrl\":\"https:\/\/gazetapernambucana.com\/wp-content\/uploads\/2025\/09\/6ded8a06-99d0-4e78-9c2c-6e5aaaa2d302.webp\",\"width\":1600,\"height\":1067},{\"@type\":\"BreadcrumbList\",\"@id\":\"http:\/\/gazetapernambucana.com\/?p=1734#breadcrumb\",\"itemListElement\":[{\"@type\":\"ListItem\",\"position\":1,\"name\":\"In\u00edcio\",\"item\":\"https:\/\/gazetapernambucana.com\/\"},{\"@type\":\"ListItem\",\"position\":2,\"name\":\"Prefeito J\u00fanior de Irm\u00e3 Teca e Z\u00e9 de Irm\u00e3 Teca recebem a governadora Raquel Lyra em Itapissuma\"}]},{\"@type\":\"WebSite\",\"@id\":\"https:\/\/gazetapernambucana.com\/#website\",\"url\":\"https:\/\/gazetapernambucana.com\/\",\"name\":\"\",\"description\":\"\",\"potentialAction\":[{\"@type\":\"SearchAction\",\"target\":{\"@type\":\"EntryPoint\",\"urlTemplate\":\"https:\/\/gazetapernambucana.com\/?s={search_term_string}\"},\"query-input\":{\"@type\":\"PropertyValueSpecification\",\"valueRequired\":true,\"valueName\":\"search_term_string\"}}],\"inLanguage\":\"pt-BR\"},{\"@type\":\"Person\",\"@id\":\"https:\/\/gazetapernambucana.com\/#\/schema\/person\/188dc283325181ac2de4db1e9e987427\",\"name\":\"GP\",\"image\":{\"@type\":\"ImageObject\",\"inLanguage\":\"pt-BR\",\"@id\":\"https:\/\/gazetapernambucana.com\/#\/schema\/person\/image\/\",\"url\":\"https:\/\/secure.gravatar.com\/avatar\/9dad78ff9a2d8b5742d11779f8a3f53b052320c550b2e1907882353c067bb111?s=96&d=mm&r=g\",\"contentUrl\":\"https:\/\/secure.gravatar.com\/avatar\/9dad78ff9a2d8b5742d11779f8a3f53b052320c550b2e1907882353c067bb111?s=96&d=mm&r=g\",\"caption\":\"GP\"},\"sameAs\":[\"http:\/\/gazetapernambucana.com\"],\"url\":\"https:\/\/gazetapernambucana.com\/?author=1\"}]}<\/script>\n<!-- \/ Yoast SEO plugin. -->","yoast_head_json":{"title":"Prefeito J\u00fanior de Irm\u00e3 Teca e Z\u00e9 de Irm\u00e3 Teca recebem a governadora Raquel Lyra em Itapissuma -","robots":{"index":"index","follow":"follow","max-snippet":"max-snippet:-1","max-image-preview":"max-image-preview:large","max-video-preview":"max-video-preview:-1"},"canonical":"http:\/\/gazetapernambucana.com\/?p=1734","og_locale":"pt_BR","og_type":"article","og_title":"Prefeito J\u00fanior de Irm\u00e3 Teca e Z\u00e9 de Irm\u00e3 Teca recebem a governadora Raquel Lyra em Itapissuma -","og_description":"Foto: Cyndi Danielle A visita de hoje (19) da governadora Raquel Lyra a Itapissuma foi o tipo de ocasi\u00e3o em que pol\u00edtica e cidade se entrela\u00e7am com sentido pr\u00e1tico. Recebida pelo prefeito J\u00fanior de Irm\u00e3 Teca e pelo superintendente federal da pesca Z\u00e9 de Irm\u00e3 Teca, e marcada pela presen\u00e7a da vice-governadora Priscila Krause e [&hellip;]","og_url":"http:\/\/gazetapernambucana.com\/?p=1734","article_published_time":"2025-09-19T22:30:44+00:00","og_image":[{"width":1600,"height":1067,"url":"http:\/\/gazetapernambucana.com\/wp-content\/uploads\/2025\/09\/6ded8a06-99d0-4e78-9c2c-6e5aaaa2d302.webp","type":"image\/webp"}],"author":"GP","twitter_card":"summary_large_image","twitter_misc":{"Escrito por":"GP","Est. tempo de leitura":"3 minutos"},"schema":{"@context":"https:\/\/schema.org","@graph":[{"@type":"WebPage","@id":"http:\/\/gazetapernambucana.com\/?p=1734","url":"http:\/\/gazetapernambucana.com\/?p=1734","name":"Prefeito J\u00fanior de Irm\u00e3 Teca e Z\u00e9 de Irm\u00e3 Teca recebem a governadora Raquel Lyra em Itapissuma -","isPartOf":{"@id":"https:\/\/gazetapernambucana.com\/#website"},"primaryImageOfPage":{"@id":"http:\/\/gazetapernambucana.com\/?p=1734#primaryimage"},"image":{"@id":"http:\/\/gazetapernambucana.com\/?p=1734#primaryimage"},"thumbnailUrl":"https:\/\/gazetapernambucana.com\/wp-content\/uploads\/2025\/09\/6ded8a06-99d0-4e78-9c2c-6e5aaaa2d302.webp","datePublished":"2025-09-19T22:30:44+00:00","author":{"@id":"https:\/\/gazetapernambucana.com\/#\/schema\/person\/188dc283325181ac2de4db1e9e987427"},"breadcrumb":{"@id":"http:\/\/gazetapernambucana.com\/?p=1734#breadcrumb"},"inLanguage":"pt-BR","potentialAction":[{"@type":"ReadAction","target":["http:\/\/gazetapernambucana.com\/?p=1734"]}]},{"@type":"ImageObject","inLanguage":"pt-BR","@id":"http:\/\/gazetapernambucana.com\/?p=1734#primaryimage","url":"https:\/\/gazetapernambucana.com\/wp-content\/uploads\/2025\/09\/6ded8a06-99d0-4e78-9c2c-6e5aaaa2d302.webp","contentUrl":"https:\/\/gazetapernambucana.com\/wp-content\/uploads\/2025\/09\/6ded8a06-99d0-4e78-9c2c-6e5aaaa2d302.webp","width":1600,"height":1067},{"@type":"BreadcrumbList","@id":"http:\/\/gazetapernambucana.com\/?p=1734#breadcrumb","itemListElement":[{"@type":"ListItem","position":1,"name":"In\u00edcio","item":"https:\/\/gazetapernambucana.com\/"},{"@type":"ListItem","position":2,"name":"Prefeito J\u00fanior de Irm\u00e3 Teca e Z\u00e9 de Irm\u00e3 Teca recebem a governadora Raquel Lyra em Itapissuma"}]},{"@type":"WebSite","@id":"https:\/\/gazetapernambucana.com\/#website","url":"https:\/\/gazetapernambucana.com\/","name":"","description":"","potentialAction":[{"@type":"SearchAction","target":{"@type":"EntryPoint","urlTemplate":"https:\/\/gazetapernambucana.com\/?s={search_term_string}"},"query-input":{"@type":"PropertyValueSpecification","valueRequired":true,"valueName":"search_term_string"}}],"inLanguage":"pt-BR"},{"@type":"Person","@id":"https:\/\/gazetapernambucana.com\/#\/schema\/person\/188dc283325181ac2de4db1e9e987427","name":"GP","image":{"@type":"ImageObject","inLanguage":"pt-BR","@id":"https:\/\/gazetapernambucana.com\/#\/schema\/person\/image\/","url":"https:\/\/secure.gravatar.com\/avatar\/9dad78ff9a2d8b5742d11779f8a3f53b052320c550b2e1907882353c067bb111?s=96&d=mm&r=g","contentUrl":"https:\/\/secure.gravatar.com\/avatar\/9dad78ff9a2d8b5742d11779f8a3f53b052320c550b2e1907882353c067bb111?s=96&d=mm&r=g","caption":"GP"},"sameAs":["http:\/\/gazetapernambucana.com"],"url":"https:\/\/gazetapernambucana.com\/?author=1"}]}},"jetpack_publicize_connections":[],"_links":{"self":[{"href":"https:\/\/gazetapernambucana.com\/index.php?rest_route=\/wp\/v2\/posts\/1734","targetHints":{"allow":["GET"]}}],"collection":[{"href":"https:\/\/gazetapernambucana.com\/index.php?rest_route=\/wp\/v2\/posts"}],"about":[{"href":"https:\/\/gazetapernambucana.com\/index.php?rest_route=\/wp\/v2\/types\/post"}],"author":[{"embeddable":true,"href":"https:\/\/gazetapernambucana.com\/index.php?rest_route=\/wp\/v2\/users\/1"}],"replies":[{"embeddable":true,"href":"https:\/\/gazetapernambucana.com\/index.php?rest_route=%2Fwp%2Fv2%2Fcomments&post=1734"}],"version-history":[{"count":1,"href":"https:\/\/gazetapernambucana.com\/index.php?rest_route=\/wp\/v2\/posts\/1734\/revisions"}],"predecessor-version":[{"id":1736,"href":"https:\/\/gazetapernambucana.com\/index.php?rest_route=\/wp\/v2\/posts\/1734\/revisions\/1736"}],"wp:featuredmedia":[{"embeddable":true,"href":"https:\/\/gazetapernambucana.com\/index.php?rest_route=\/wp\/v2\/media\/1735"}],"wp:attachment":[{"href":"https:\/\/gazetapernambucana.com\/index.php?rest_route=%2Fwp%2Fv2%2Fmedia&parent=1734"}],"wp:term":[{"taxonomy":"category","embeddable":true,"href":"https:\/\/gazetapernambucana.com\/index.php?rest_route=%2Fwp%2Fv2%2Fcategories&post=1734"},{"taxonomy":"post_tag","embeddable":true,"href":"https:\/\/gazetapernambucana.com\/index.php?rest_route=%2Fwp%2Fv2%2Ftags&post=1734"}],"curies":[{"name":"wp","href":"https:\/\/api.w.org\/{rel}","templated":true}]}}