{"id":1732,"date":"2025-09-19T17:12:09","date_gmt":"2025-09-19T20:12:09","guid":{"rendered":"https:\/\/gazetapernambucana.com\/?p=1732"},"modified":"2025-09-19T17:12:09","modified_gmt":"2025-09-19T20:12:09","slug":"no-morro-da-conceicao-por-claudemir-gomes","status":"publish","type":"post","link":"https:\/\/gazetapernambucana.com\/?p=1732","title":{"rendered":"No Morro da Concei\u00e7\u00e3o. Por CLAUDEMIR GOMES"},"content":{"rendered":"<p style=\"font-weight: 400;\">\n<p><strong><img loading=\"lazy\" decoding=\"async\" class=\"alignnone size-full wp-image-1250\" src=\"http:\/\/gazetapernambucana.com\/wp-content\/uploads\/2025\/07\/43163348_124416095196984_1643391599985557504_n-1-1-300x300-1.jpg\" alt=\"\" width=\"300\" height=\"300\" srcset=\"https:\/\/gazetapernambucana.com\/wp-content\/uploads\/2025\/07\/43163348_124416095196984_1643391599985557504_n-1-1-300x300-1.jpg 300w, https:\/\/gazetapernambucana.com\/wp-content\/uploads\/2025\/07\/43163348_124416095196984_1643391599985557504_n-1-1-300x300-1-150x150.jpg 150w\" sizes=\"auto, (max-width: 300px) 100vw, 300px\" \/>\u00a0 Por CLAUDEMIR GOMES\u00a0 &#8211; <\/strong>O dia amanheceu e o sol parece mais radiante do que nunca. \u00c9 que hoje &#8211; quinta-feira 18\/09\/2025 &#8211; \u00e9 um dia especial nas Rep\u00fablicas Independentes do Arruda. Jogadores, dirigentes e torcedores do Santa Cruz subir\u00e3o ao Morro da Concei\u00e7\u00e3o, em Casa Amarela, num momento de louva\u00e7\u00e3o e agradecimento a Virgem Sant\u00edssima, pelo acesso conquistado pelo Clube do Povo que, no pr\u00f3ximo ano, disputar\u00e1 a S\u00e9rie C do Campeonato Brasileiro.<\/p>\n<p>O Santa Cruz \u00e9 um clube que foi fundado na cal\u00e7ada de uma igreja cat\u00f3lica, e quando mudou de domicilio, edificou seu patrim\u00f4nio num espa\u00e7o para o qual a imagem de Nossa Senhora da Concei\u00e7\u00e3o, no alto do morro, tem os olhos fixos e os bra\u00e7os abertos. Eis a raz\u00e3o pela qual todas as suas conquistas do Tricolor\u00a0\u00a0t\u00eam o vi\u00e9s da religi\u00e3o.<\/p>\n<p>Nos anos 60, 70 e 80 do s\u00e9culo passado, era pr\u00e1tica comum, todo clube pernambucano subir o Morro da Concei\u00e7\u00e3o um dia ap\u00f3s a conquista do t\u00edtulo estadual. O tempo passou e houve uma mudan\u00e7a de h\u00e1bito, mas o torcedor do Santa Cruz raiz mant\u00e9m sua f\u00e9. At\u00e9 porque, como canta o grande Gilberto Gil, &#8220;a f\u00e9 n\u00e3o costuma fai\u00e1&#8221;.<\/p>\n<p>O futebol \u00e9 um &#8220;templo&#8221; m\u00edstico que abriga todas as religi\u00f5es. Cat\u00f3licos, evang\u00e9licos, espiritas, a turma do candombl\u00e9, da umbanda, todos recorrem as suas cren\u00e7as na busca do sucesso. E para n\u00e3o levar bola nas costas, e ter os caminhos fechados, as conquistas s\u00e3o creditadas a todos os poderes.<\/p>\n<p>A conex\u00e3o do Santa Cruz com o Morro da Concei\u00e7\u00e3o \u00e9 uma coisa extraordin\u00e1ria. Sempre haver\u00e1 pagadores de promessas subindo o morro a p\u00e9, ou de joelhos, em agradecimento pela &#8220;gra\u00e7a alcan\u00e7ada&#8221;, pelo seu clube do cora\u00e7\u00e3o.<\/p>\n<p>Existe um pelot\u00e3o de profissionais, na m\u00eddia esportiva pernambucana, que perderam a conta das vezes que subiram o morro para testemunhar os campe\u00f5es fazendo suas ora\u00e7\u00f5es de agradecimento. E as hist\u00f3rias de supera\u00e7\u00e3o alimentam a f\u00e9.<\/p>\n<p>Miro do Samba \u00e9 uma das figuras populares mais emblem\u00e1ticas do Recife de hoje. Reside em Santo Amaro, tem uma vida dedicada ao samba, onde \u00e9 respeitado como mestre de bateria com v\u00e1rios t\u00edtulos de campe\u00e3o. Torcedor do Santa Cruz e, para fechar o curr\u00edculo, nasceu no 8 de dezembro, dia dedicado \u00e0 Nossa Senhora da Concei\u00e7\u00e3o. Miro conhece uma infinidade de terreiros com suas respectivas M\u00e3es e Pais de Santo. Faz pedidos e deixa oferendas em v\u00e1rios lugares, mas quando o Santinha alcan\u00e7a seus objetivos, ele sobe o morro para agradecer a &#8220;Minha Madrinha&#8221;.<\/p>\n<p>Eis porque o futebol vai muito mais al\u00e9m do jogo jogado dentro das quatro linhas.<\/p>\n<p>Na minha vida de rep\u00f3rter, quando n\u00e3o existia internet, nem telefonia m\u00f3vel, a busca pela not\u00edcia nos levava a visitar os clubes e as empresas dos dirigentes. Alguns tinham um verdadeiro altar, cheio de imagens de santos, em seus escrit\u00f3rios. Outros, optavam pela improvisa\u00e7\u00e3o de um peji com imagens e s\u00edmbolos dos orix\u00e1s. Assim \u00e9 o futebol de todas as ra\u00e7as, todas as cren\u00e7as e todas as cores.<\/p>\n<p>O Santa Cruz j\u00e1 alcan\u00e7ou o grande objetivo da temporada: deixar a S\u00e9rie D. \u00c9 hora de agradecer a Virgem da Concei\u00e7\u00e3o.<\/p>\n<p>A nova ordem: Comemorar, rezar e jogar, para l\u00e1 nunca mais voltar.<\/p>\n","protected":false},"excerpt":{"rendered":"<p>\u00a0 Por CLAUDEMIR GOMES\u00a0 &#8211; O dia amanheceu e o sol parece mais radiante do que nunca. \u00c9 que hoje &#8211; quinta-feira 18\/09\/2025 &#8211; \u00e9 um dia especial nas Rep\u00fablicas Independentes do Arruda. Jogadores, dirigentes e torcedores do Santa Cruz subir\u00e3o ao Morro da Concei\u00e7\u00e3o, em Casa Amarela, num momento de louva\u00e7\u00e3o e agradecimento a [&hellip;]<\/p>\n","protected":false},"author":1,"featured_media":1250,"comment_status":"open","ping_status":"open","sticky":false,"template":"","format":"standard","meta":{"footnotes":"","jetpack_publicize_message":"","jetpack_publicize_feature_enabled":true,"jetpack_social_post_already_shared":true,"jetpack_social_options":{"image_generator_settings":{"template":"highway","default_image_id":0,"font":"","enabled":false},"version":2}},"categories":[1,39],"tags":[],"class_list":["post-1732","post","type-post","status-publish","format-standard","has-post-thumbnail","hentry","category-https-gazetapernambucana-com-page_id225","category-https-gazetapernambucana-com-page_id221"],"yoast_head":"<!-- This site is optimized with the Yoast SEO plugin v24.5 - https:\/\/yoast.com\/wordpress\/plugins\/seo\/ -->\n<title>No Morro da Concei\u00e7\u00e3o. Por CLAUDEMIR GOMES -<\/title>\n<meta name=\"robots\" content=\"index, follow, max-snippet:-1, max-image-preview:large, max-video-preview:-1\" \/>\n<link rel=\"canonical\" href=\"https:\/\/gazetapernambucana.com\/?p=1732\" \/>\n<meta property=\"og:locale\" content=\"pt_BR\" \/>\n<meta property=\"og:type\" content=\"article\" \/>\n<meta property=\"og:title\" content=\"No Morro da Concei\u00e7\u00e3o. Por CLAUDEMIR GOMES -\" \/>\n<meta property=\"og:description\" content=\"\u00a0 Por CLAUDEMIR GOMES\u00a0 &#8211; O dia amanheceu e o sol parece mais radiante do que nunca. \u00c9 que hoje &#8211; quinta-feira 18\/09\/2025 &#8211; \u00e9 um dia especial nas Rep\u00fablicas Independentes do Arruda. Jogadores, dirigentes e torcedores do Santa Cruz subir\u00e3o ao Morro da Concei\u00e7\u00e3o, em Casa Amarela, num momento de louva\u00e7\u00e3o e agradecimento a [&hellip;]\" \/>\n<meta property=\"og:url\" content=\"https:\/\/gazetapernambucana.com\/?p=1732\" \/>\n<meta property=\"article:published_time\" content=\"2025-09-19T20:12:09+00:00\" \/>\n<meta property=\"og:image\" content=\"https:\/\/gazetapernambucana.com\/wp-content\/uploads\/2025\/07\/43163348_124416095196984_1643391599985557504_n-1-1-300x300-1.jpg\" \/>\n\t<meta property=\"og:image:width\" content=\"300\" \/>\n\t<meta property=\"og:image:height\" content=\"300\" \/>\n\t<meta property=\"og:image:type\" content=\"image\/jpeg\" \/>\n<meta name=\"author\" content=\"GP\" \/>\n<meta name=\"twitter:card\" content=\"summary_large_image\" \/>\n<meta name=\"twitter:label1\" content=\"Escrito por\" \/>\n\t<meta name=\"twitter:data1\" content=\"GP\" \/>\n\t<meta name=\"twitter:label2\" content=\"Est. tempo de leitura\" \/>\n\t<meta name=\"twitter:data2\" content=\"4 minutos\" \/>\n<script type=\"application\/ld+json\" class=\"yoast-schema-graph\">{\"@context\":\"https:\/\/schema.org\",\"@graph\":[{\"@type\":\"WebPage\",\"@id\":\"https:\/\/gazetapernambucana.com\/?p=1732\",\"url\":\"https:\/\/gazetapernambucana.com\/?p=1732\",\"name\":\"No Morro da Concei\u00e7\u00e3o. Por CLAUDEMIR GOMES -\",\"isPartOf\":{\"@id\":\"https:\/\/gazetapernambucana.com\/#website\"},\"primaryImageOfPage\":{\"@id\":\"https:\/\/gazetapernambucana.com\/?p=1732#primaryimage\"},\"image\":{\"@id\":\"https:\/\/gazetapernambucana.com\/?p=1732#primaryimage\"},\"thumbnailUrl\":\"https:\/\/gazetapernambucana.com\/wp-content\/uploads\/2025\/07\/43163348_124416095196984_1643391599985557504_n-1-1-300x300-1.jpg\",\"datePublished\":\"2025-09-19T20:12:09+00:00\",\"author\":{\"@id\":\"https:\/\/gazetapernambucana.com\/#\/schema\/person\/188dc283325181ac2de4db1e9e987427\"},\"breadcrumb\":{\"@id\":\"https:\/\/gazetapernambucana.com\/?p=1732#breadcrumb\"},\"inLanguage\":\"pt-BR\",\"potentialAction\":[{\"@type\":\"ReadAction\",\"target\":[\"https:\/\/gazetapernambucana.com\/?p=1732\"]}]},{\"@type\":\"ImageObject\",\"inLanguage\":\"pt-BR\",\"@id\":\"https:\/\/gazetapernambucana.com\/?p=1732#primaryimage\",\"url\":\"https:\/\/gazetapernambucana.com\/wp-content\/uploads\/2025\/07\/43163348_124416095196984_1643391599985557504_n-1-1-300x300-1.jpg\",\"contentUrl\":\"https:\/\/gazetapernambucana.com\/wp-content\/uploads\/2025\/07\/43163348_124416095196984_1643391599985557504_n-1-1-300x300-1.jpg\",\"width\":300,\"height\":300},{\"@type\":\"BreadcrumbList\",\"@id\":\"https:\/\/gazetapernambucana.com\/?p=1732#breadcrumb\",\"itemListElement\":[{\"@type\":\"ListItem\",\"position\":1,\"name\":\"In\u00edcio\",\"item\":\"https:\/\/gazetapernambucana.com\/\"},{\"@type\":\"ListItem\",\"position\":2,\"name\":\"No Morro da Concei\u00e7\u00e3o. Por CLAUDEMIR GOMES\"}]},{\"@type\":\"WebSite\",\"@id\":\"https:\/\/gazetapernambucana.com\/#website\",\"url\":\"https:\/\/gazetapernambucana.com\/\",\"name\":\"\",\"description\":\"\",\"potentialAction\":[{\"@type\":\"SearchAction\",\"target\":{\"@type\":\"EntryPoint\",\"urlTemplate\":\"https:\/\/gazetapernambucana.com\/?s={search_term_string}\"},\"query-input\":{\"@type\":\"PropertyValueSpecification\",\"valueRequired\":true,\"valueName\":\"search_term_string\"}}],\"inLanguage\":\"pt-BR\"},{\"@type\":\"Person\",\"@id\":\"https:\/\/gazetapernambucana.com\/#\/schema\/person\/188dc283325181ac2de4db1e9e987427\",\"name\":\"GP\",\"image\":{\"@type\":\"ImageObject\",\"inLanguage\":\"pt-BR\",\"@id\":\"https:\/\/gazetapernambucana.com\/#\/schema\/person\/image\/\",\"url\":\"https:\/\/secure.gravatar.com\/avatar\/9dad78ff9a2d8b5742d11779f8a3f53b052320c550b2e1907882353c067bb111?s=96&d=mm&r=g\",\"contentUrl\":\"https:\/\/secure.gravatar.com\/avatar\/9dad78ff9a2d8b5742d11779f8a3f53b052320c550b2e1907882353c067bb111?s=96&d=mm&r=g\",\"caption\":\"GP\"},\"sameAs\":[\"http:\/\/gazetapernambucana.com\"],\"url\":\"https:\/\/gazetapernambucana.com\/?author=1\"}]}<\/script>\n<!-- \/ Yoast SEO plugin. -->","yoast_head_json":{"title":"No Morro da Concei\u00e7\u00e3o. Por CLAUDEMIR GOMES -","robots":{"index":"index","follow":"follow","max-snippet":"max-snippet:-1","max-image-preview":"max-image-preview:large","max-video-preview":"max-video-preview:-1"},"canonical":"https:\/\/gazetapernambucana.com\/?p=1732","og_locale":"pt_BR","og_type":"article","og_title":"No Morro da Concei\u00e7\u00e3o. Por CLAUDEMIR GOMES -","og_description":"\u00a0 Por CLAUDEMIR GOMES\u00a0 &#8211; O dia amanheceu e o sol parece mais radiante do que nunca. \u00c9 que hoje &#8211; quinta-feira 18\/09\/2025 &#8211; \u00e9 um dia especial nas Rep\u00fablicas Independentes do Arruda. Jogadores, dirigentes e torcedores do Santa Cruz subir\u00e3o ao Morro da Concei\u00e7\u00e3o, em Casa Amarela, num momento de louva\u00e7\u00e3o e agradecimento a [&hellip;]","og_url":"https:\/\/gazetapernambucana.com\/?p=1732","article_published_time":"2025-09-19T20:12:09+00:00","og_image":[{"width":300,"height":300,"url":"https:\/\/gazetapernambucana.com\/wp-content\/uploads\/2025\/07\/43163348_124416095196984_1643391599985557504_n-1-1-300x300-1.jpg","type":"image\/jpeg"}],"author":"GP","twitter_card":"summary_large_image","twitter_misc":{"Escrito por":"GP","Est. tempo de leitura":"4 minutos"},"schema":{"@context":"https:\/\/schema.org","@graph":[{"@type":"WebPage","@id":"https:\/\/gazetapernambucana.com\/?p=1732","url":"https:\/\/gazetapernambucana.com\/?p=1732","name":"No Morro da Concei\u00e7\u00e3o. Por CLAUDEMIR GOMES -","isPartOf":{"@id":"https:\/\/gazetapernambucana.com\/#website"},"primaryImageOfPage":{"@id":"https:\/\/gazetapernambucana.com\/?p=1732#primaryimage"},"image":{"@id":"https:\/\/gazetapernambucana.com\/?p=1732#primaryimage"},"thumbnailUrl":"https:\/\/gazetapernambucana.com\/wp-content\/uploads\/2025\/07\/43163348_124416095196984_1643391599985557504_n-1-1-300x300-1.jpg","datePublished":"2025-09-19T20:12:09+00:00","author":{"@id":"https:\/\/gazetapernambucana.com\/#\/schema\/person\/188dc283325181ac2de4db1e9e987427"},"breadcrumb":{"@id":"https:\/\/gazetapernambucana.com\/?p=1732#breadcrumb"},"inLanguage":"pt-BR","potentialAction":[{"@type":"ReadAction","target":["https:\/\/gazetapernambucana.com\/?p=1732"]}]},{"@type":"ImageObject","inLanguage":"pt-BR","@id":"https:\/\/gazetapernambucana.com\/?p=1732#primaryimage","url":"https:\/\/gazetapernambucana.com\/wp-content\/uploads\/2025\/07\/43163348_124416095196984_1643391599985557504_n-1-1-300x300-1.jpg","contentUrl":"https:\/\/gazetapernambucana.com\/wp-content\/uploads\/2025\/07\/43163348_124416095196984_1643391599985557504_n-1-1-300x300-1.jpg","width":300,"height":300},{"@type":"BreadcrumbList","@id":"https:\/\/gazetapernambucana.com\/?p=1732#breadcrumb","itemListElement":[{"@type":"ListItem","position":1,"name":"In\u00edcio","item":"https:\/\/gazetapernambucana.com\/"},{"@type":"ListItem","position":2,"name":"No Morro da Concei\u00e7\u00e3o. Por CLAUDEMIR GOMES"}]},{"@type":"WebSite","@id":"https:\/\/gazetapernambucana.com\/#website","url":"https:\/\/gazetapernambucana.com\/","name":"","description":"","potentialAction":[{"@type":"SearchAction","target":{"@type":"EntryPoint","urlTemplate":"https:\/\/gazetapernambucana.com\/?s={search_term_string}"},"query-input":{"@type":"PropertyValueSpecification","valueRequired":true,"valueName":"search_term_string"}}],"inLanguage":"pt-BR"},{"@type":"Person","@id":"https:\/\/gazetapernambucana.com\/#\/schema\/person\/188dc283325181ac2de4db1e9e987427","name":"GP","image":{"@type":"ImageObject","inLanguage":"pt-BR","@id":"https:\/\/gazetapernambucana.com\/#\/schema\/person\/image\/","url":"https:\/\/secure.gravatar.com\/avatar\/9dad78ff9a2d8b5742d11779f8a3f53b052320c550b2e1907882353c067bb111?s=96&d=mm&r=g","contentUrl":"https:\/\/secure.gravatar.com\/avatar\/9dad78ff9a2d8b5742d11779f8a3f53b052320c550b2e1907882353c067bb111?s=96&d=mm&r=g","caption":"GP"},"sameAs":["http:\/\/gazetapernambucana.com"],"url":"https:\/\/gazetapernambucana.com\/?author=1"}]}},"jetpack_publicize_connections":[],"_links":{"self":[{"href":"https:\/\/gazetapernambucana.com\/index.php?rest_route=\/wp\/v2\/posts\/1732","targetHints":{"allow":["GET"]}}],"collection":[{"href":"https:\/\/gazetapernambucana.com\/index.php?rest_route=\/wp\/v2\/posts"}],"about":[{"href":"https:\/\/gazetapernambucana.com\/index.php?rest_route=\/wp\/v2\/types\/post"}],"author":[{"embeddable":true,"href":"https:\/\/gazetapernambucana.com\/index.php?rest_route=\/wp\/v2\/users\/1"}],"replies":[{"embeddable":true,"href":"https:\/\/gazetapernambucana.com\/index.php?rest_route=%2Fwp%2Fv2%2Fcomments&post=1732"}],"version-history":[{"count":1,"href":"https:\/\/gazetapernambucana.com\/index.php?rest_route=\/wp\/v2\/posts\/1732\/revisions"}],"predecessor-version":[{"id":1733,"href":"https:\/\/gazetapernambucana.com\/index.php?rest_route=\/wp\/v2\/posts\/1732\/revisions\/1733"}],"wp:featuredmedia":[{"embeddable":true,"href":"https:\/\/gazetapernambucana.com\/index.php?rest_route=\/wp\/v2\/media\/1250"}],"wp:attachment":[{"href":"https:\/\/gazetapernambucana.com\/index.php?rest_route=%2Fwp%2Fv2%2Fmedia&parent=1732"}],"wp:term":[{"taxonomy":"category","embeddable":true,"href":"https:\/\/gazetapernambucana.com\/index.php?rest_route=%2Fwp%2Fv2%2Fcategories&post=1732"},{"taxonomy":"post_tag","embeddable":true,"href":"https:\/\/gazetapernambucana.com\/index.php?rest_route=%2Fwp%2Fv2%2Ftags&post=1732"}],"curies":[{"name":"wp","href":"https:\/\/api.w.org\/{rel}","templated":true}]}}