{"id":1714,"date":"2025-09-16T22:18:20","date_gmt":"2025-09-17T01:18:20","guid":{"rendered":"https:\/\/gazetapernambucana.com\/?p=1714"},"modified":"2025-09-16T22:18:20","modified_gmt":"2025-09-17T01:18:20","slug":"a-estacao-e-o-coracao-por-flavio-chaves","status":"publish","type":"post","link":"https:\/\/gazetapernambucana.com\/?p=1714","title":{"rendered":"A esta\u00e7\u00e3o e o cora\u00e7\u00e3o. Por Fl\u00e1vio Chaves"},"content":{"rendered":"<p data-start=\"397\" data-end=\"842\"><img loading=\"lazy\" decoding=\"async\" class=\"alignnone size-full wp-image-1093\" src=\"http:\/\/gazetapernambucana.com\/wp-content\/uploads\/2025\/06\/466974204_882266677415909_7722904790121753745_n-1-1-300x300-1.jpg\" alt=\"\" width=\"300\" height=\"300\" srcset=\"https:\/\/gazetapernambucana.com\/wp-content\/uploads\/2025\/06\/466974204_882266677415909_7722904790121753745_n-1-1-300x300-1.jpg 300w, https:\/\/gazetapernambucana.com\/wp-content\/uploads\/2025\/06\/466974204_882266677415909_7722904790121753745_n-1-1-300x300-1-150x150.jpg 150w\" sizes=\"auto, (max-width: 300px) 100vw, 300px\" \/>\u00a0 <strong data-start=\"149\" data-end=\"168\">Por Fl\u00e1vio Chaves \u2013 Jornalista, poeta, escritor e membro da Academia Pernambucana de Letras. Foi Delegado Federal\/Minc\u00a0 \u2013<\/strong>\u00a0 N\u00e3o sei se foi o trem que partiu antes da hora, se foi a esta\u00e7\u00e3o que se perdeu no meio do caminho, ou se fui eu que fiquei parado com as m\u00e3os cheias de aus\u00eancia, acreditando que algu\u00e9m ainda viria. O que sei \u00e9 que o amor, quando chega, n\u00e3o pede bilhete, n\u00e3o consulta rel\u00f3gios, n\u00e3o calcula dist\u00e2ncias. Ele vem como se viesse de muito longe, de lugares que nenhum mapa ousaria marcar, e ainda assim encontra o caminho exato para pousar no peito.<\/p>\n<p data-start=\"844\" data-end=\"1282\">H\u00e1 amores que n\u00e3o passam pela vida como passageiros distra\u00eddos: atravessam como paisagens definitivas, daquelas que ningu\u00e9m esquece porque ficam gravadas na pele do cora\u00e7\u00e3o. Esse amor n\u00e3o quer\u00a0 o conforto das respostas f\u00e1ceis, querem a vertigem das perguntas que n\u00e3o cessam. Constantemente embaralha a pauta do encontro. E na da despedida quando se beija recita o dicion\u00e1rio inteiro de ternura. \u00c9\u00a0 amor\u00a0 que, ao chegar , devolve at\u00e9 a f\u00e9 perdida, como se Deus, cansado de tanto sil\u00eancio, resolvesse nos visitar disfar\u00e7ado de sorriso, de olhar, de perfume.<\/p>\n<p data-start=\"1284\" data-end=\"1570\">E quando chega, muda tudo: o corpo reaprende a respirar, a saudade deixa de ser dor para se tornar chama, e at\u00e9 a solid\u00e3o ganha outra cor, como se dissesse: \u201cespere mais um pouco, ela vai voltar, e vir\u00e1 com pressa, e cair\u00e1 nos teus bra\u00e7os como quem reencontra o pr\u00f3prio destino\u201d.<\/p>\n<p data-start=\"1572\" data-end=\"1829\">O amor n\u00e3o \u00e9 nunca uma tese de juventude, \u00e9 sempre uma senten\u00e7a antiga, escrita em algum idioma que a mem\u00f3ria n\u00e3o sabe decifrar. \u00c9 viagem sem chegada, trem que n\u00e3o precisa de destino, porque o \u00fanico lugar onde ele cabe \u00e9 no peito aberto de quem ousa amar.<\/p>\n<p data-start=\"1831\" data-end=\"2167\">E se um dia, na curva de algum tempo que ainda n\u00e3o se viu, ela voltar sorrindo e beijar o cora\u00e7\u00e3o que esperou, entende-se: n\u00e3o foi a esta\u00e7\u00e3o que se perdeu, nem o trem que partiu cedo demais. Foi apenas o amor, esse viajante eterno, que precisava de sil\u00eancio e de aus\u00eancia para ensinar que h\u00e1 saudades que doem, sim, mas que tamb\u00e9m salvam.<\/p>\n","protected":false},"excerpt":{"rendered":"<p>\u00a0 Por Fl\u00e1vio Chaves \u2013 Jornalista, poeta, escritor e membro da Academia Pernambucana de Letras. Foi Delegado Federal\/Minc\u00a0 \u2013\u00a0 N\u00e3o sei se foi o trem que partiu antes da hora, se foi a esta\u00e7\u00e3o que se perdeu no meio do caminho, ou se fui eu que fiquei parado com as m\u00e3os cheias de aus\u00eancia, acreditando [&hellip;]<\/p>\n","protected":false},"author":1,"featured_media":1093,"comment_status":"open","ping_status":"open","sticky":false,"template":"","format":"standard","meta":{"footnotes":"","jetpack_publicize_message":"","jetpack_publicize_feature_enabled":true,"jetpack_social_post_already_shared":true,"jetpack_social_options":{"image_generator_settings":{"template":"highway","default_image_id":0,"font":"","enabled":false},"version":2}},"categories":[1,35,46],"tags":[],"class_list":["post-1714","post","type-post","status-publish","format-standard","has-post-thumbnail","hentry","category-https-gazetapernambucana-com-page_id225","category-https-gazetapernambucana-com-page_id218","category-literatura"],"yoast_head":"<!-- This site is optimized with the Yoast SEO plugin v24.5 - https:\/\/yoast.com\/wordpress\/plugins\/seo\/ -->\n<title>A esta\u00e7\u00e3o e o cora\u00e7\u00e3o. Por Fl\u00e1vio Chaves -<\/title>\n<meta name=\"robots\" content=\"index, follow, max-snippet:-1, max-image-preview:large, max-video-preview:-1\" \/>\n<link rel=\"canonical\" href=\"https:\/\/gazetapernambucana.com\/?p=1714\" \/>\n<meta property=\"og:locale\" content=\"pt_BR\" \/>\n<meta property=\"og:type\" content=\"article\" \/>\n<meta property=\"og:title\" content=\"A esta\u00e7\u00e3o e o cora\u00e7\u00e3o. Por Fl\u00e1vio Chaves -\" \/>\n<meta property=\"og:description\" content=\"\u00a0 Por Fl\u00e1vio Chaves \u2013 Jornalista, poeta, escritor e membro da Academia Pernambucana de Letras. Foi Delegado Federal\/Minc\u00a0 \u2013\u00a0 N\u00e3o sei se foi o trem que partiu antes da hora, se foi a esta\u00e7\u00e3o que se perdeu no meio do caminho, ou se fui eu que fiquei parado com as m\u00e3os cheias de aus\u00eancia, acreditando [&hellip;]\" \/>\n<meta property=\"og:url\" content=\"https:\/\/gazetapernambucana.com\/?p=1714\" \/>\n<meta property=\"article:published_time\" content=\"2025-09-17T01:18:20+00:00\" \/>\n<meta property=\"og:image\" content=\"https:\/\/gazetapernambucana.com\/wp-content\/uploads\/2025\/06\/466974204_882266677415909_7722904790121753745_n-1-1-300x300-1.jpg\" \/>\n\t<meta property=\"og:image:width\" content=\"300\" \/>\n\t<meta property=\"og:image:height\" content=\"300\" \/>\n\t<meta property=\"og:image:type\" content=\"image\/jpeg\" \/>\n<meta name=\"author\" content=\"GP\" \/>\n<meta name=\"twitter:card\" content=\"summary_large_image\" \/>\n<meta name=\"twitter:label1\" content=\"Escrito por\" \/>\n\t<meta name=\"twitter:data1\" content=\"GP\" \/>\n\t<meta name=\"twitter:label2\" content=\"Est. tempo de leitura\" \/>\n\t<meta name=\"twitter:data2\" content=\"3 minutos\" \/>\n<script type=\"application\/ld+json\" class=\"yoast-schema-graph\">{\"@context\":\"https:\/\/schema.org\",\"@graph\":[{\"@type\":\"WebPage\",\"@id\":\"https:\/\/gazetapernambucana.com\/?p=1714\",\"url\":\"https:\/\/gazetapernambucana.com\/?p=1714\",\"name\":\"A esta\u00e7\u00e3o e o cora\u00e7\u00e3o. Por Fl\u00e1vio Chaves -\",\"isPartOf\":{\"@id\":\"https:\/\/gazetapernambucana.com\/#website\"},\"primaryImageOfPage\":{\"@id\":\"https:\/\/gazetapernambucana.com\/?p=1714#primaryimage\"},\"image\":{\"@id\":\"https:\/\/gazetapernambucana.com\/?p=1714#primaryimage\"},\"thumbnailUrl\":\"https:\/\/gazetapernambucana.com\/wp-content\/uploads\/2025\/06\/466974204_882266677415909_7722904790121753745_n-1-1-300x300-1.jpg\",\"datePublished\":\"2025-09-17T01:18:20+00:00\",\"author\":{\"@id\":\"https:\/\/gazetapernambucana.com\/#\/schema\/person\/188dc283325181ac2de4db1e9e987427\"},\"breadcrumb\":{\"@id\":\"https:\/\/gazetapernambucana.com\/?p=1714#breadcrumb\"},\"inLanguage\":\"pt-BR\",\"potentialAction\":[{\"@type\":\"ReadAction\",\"target\":[\"https:\/\/gazetapernambucana.com\/?p=1714\"]}]},{\"@type\":\"ImageObject\",\"inLanguage\":\"pt-BR\",\"@id\":\"https:\/\/gazetapernambucana.com\/?p=1714#primaryimage\",\"url\":\"https:\/\/gazetapernambucana.com\/wp-content\/uploads\/2025\/06\/466974204_882266677415909_7722904790121753745_n-1-1-300x300-1.jpg\",\"contentUrl\":\"https:\/\/gazetapernambucana.com\/wp-content\/uploads\/2025\/06\/466974204_882266677415909_7722904790121753745_n-1-1-300x300-1.jpg\",\"width\":300,\"height\":300},{\"@type\":\"BreadcrumbList\",\"@id\":\"https:\/\/gazetapernambucana.com\/?p=1714#breadcrumb\",\"itemListElement\":[{\"@type\":\"ListItem\",\"position\":1,\"name\":\"In\u00edcio\",\"item\":\"https:\/\/gazetapernambucana.com\/\"},{\"@type\":\"ListItem\",\"position\":2,\"name\":\"A esta\u00e7\u00e3o e o cora\u00e7\u00e3o. Por Fl\u00e1vio Chaves\"}]},{\"@type\":\"WebSite\",\"@id\":\"https:\/\/gazetapernambucana.com\/#website\",\"url\":\"https:\/\/gazetapernambucana.com\/\",\"name\":\"\",\"description\":\"\",\"potentialAction\":[{\"@type\":\"SearchAction\",\"target\":{\"@type\":\"EntryPoint\",\"urlTemplate\":\"https:\/\/gazetapernambucana.com\/?s={search_term_string}\"},\"query-input\":{\"@type\":\"PropertyValueSpecification\",\"valueRequired\":true,\"valueName\":\"search_term_string\"}}],\"inLanguage\":\"pt-BR\"},{\"@type\":\"Person\",\"@id\":\"https:\/\/gazetapernambucana.com\/#\/schema\/person\/188dc283325181ac2de4db1e9e987427\",\"name\":\"GP\",\"image\":{\"@type\":\"ImageObject\",\"inLanguage\":\"pt-BR\",\"@id\":\"https:\/\/gazetapernambucana.com\/#\/schema\/person\/image\/\",\"url\":\"https:\/\/secure.gravatar.com\/avatar\/9dad78ff9a2d8b5742d11779f8a3f53b052320c550b2e1907882353c067bb111?s=96&d=mm&r=g\",\"contentUrl\":\"https:\/\/secure.gravatar.com\/avatar\/9dad78ff9a2d8b5742d11779f8a3f53b052320c550b2e1907882353c067bb111?s=96&d=mm&r=g\",\"caption\":\"GP\"},\"sameAs\":[\"http:\/\/gazetapernambucana.com\"],\"url\":\"https:\/\/gazetapernambucana.com\/?author=1\"}]}<\/script>\n<!-- \/ Yoast SEO plugin. -->","yoast_head_json":{"title":"A esta\u00e7\u00e3o e o cora\u00e7\u00e3o. Por Fl\u00e1vio Chaves -","robots":{"index":"index","follow":"follow","max-snippet":"max-snippet:-1","max-image-preview":"max-image-preview:large","max-video-preview":"max-video-preview:-1"},"canonical":"https:\/\/gazetapernambucana.com\/?p=1714","og_locale":"pt_BR","og_type":"article","og_title":"A esta\u00e7\u00e3o e o cora\u00e7\u00e3o. Por Fl\u00e1vio Chaves -","og_description":"\u00a0 Por Fl\u00e1vio Chaves \u2013 Jornalista, poeta, escritor e membro da Academia Pernambucana de Letras. Foi Delegado Federal\/Minc\u00a0 \u2013\u00a0 N\u00e3o sei se foi o trem que partiu antes da hora, se foi a esta\u00e7\u00e3o que se perdeu no meio do caminho, ou se fui eu que fiquei parado com as m\u00e3os cheias de aus\u00eancia, acreditando [&hellip;]","og_url":"https:\/\/gazetapernambucana.com\/?p=1714","article_published_time":"2025-09-17T01:18:20+00:00","og_image":[{"width":300,"height":300,"url":"https:\/\/gazetapernambucana.com\/wp-content\/uploads\/2025\/06\/466974204_882266677415909_7722904790121753745_n-1-1-300x300-1.jpg","type":"image\/jpeg"}],"author":"GP","twitter_card":"summary_large_image","twitter_misc":{"Escrito por":"GP","Est. tempo de leitura":"3 minutos"},"schema":{"@context":"https:\/\/schema.org","@graph":[{"@type":"WebPage","@id":"https:\/\/gazetapernambucana.com\/?p=1714","url":"https:\/\/gazetapernambucana.com\/?p=1714","name":"A esta\u00e7\u00e3o e o cora\u00e7\u00e3o. Por Fl\u00e1vio Chaves -","isPartOf":{"@id":"https:\/\/gazetapernambucana.com\/#website"},"primaryImageOfPage":{"@id":"https:\/\/gazetapernambucana.com\/?p=1714#primaryimage"},"image":{"@id":"https:\/\/gazetapernambucana.com\/?p=1714#primaryimage"},"thumbnailUrl":"https:\/\/gazetapernambucana.com\/wp-content\/uploads\/2025\/06\/466974204_882266677415909_7722904790121753745_n-1-1-300x300-1.jpg","datePublished":"2025-09-17T01:18:20+00:00","author":{"@id":"https:\/\/gazetapernambucana.com\/#\/schema\/person\/188dc283325181ac2de4db1e9e987427"},"breadcrumb":{"@id":"https:\/\/gazetapernambucana.com\/?p=1714#breadcrumb"},"inLanguage":"pt-BR","potentialAction":[{"@type":"ReadAction","target":["https:\/\/gazetapernambucana.com\/?p=1714"]}]},{"@type":"ImageObject","inLanguage":"pt-BR","@id":"https:\/\/gazetapernambucana.com\/?p=1714#primaryimage","url":"https:\/\/gazetapernambucana.com\/wp-content\/uploads\/2025\/06\/466974204_882266677415909_7722904790121753745_n-1-1-300x300-1.jpg","contentUrl":"https:\/\/gazetapernambucana.com\/wp-content\/uploads\/2025\/06\/466974204_882266677415909_7722904790121753745_n-1-1-300x300-1.jpg","width":300,"height":300},{"@type":"BreadcrumbList","@id":"https:\/\/gazetapernambucana.com\/?p=1714#breadcrumb","itemListElement":[{"@type":"ListItem","position":1,"name":"In\u00edcio","item":"https:\/\/gazetapernambucana.com\/"},{"@type":"ListItem","position":2,"name":"A esta\u00e7\u00e3o e o cora\u00e7\u00e3o. Por Fl\u00e1vio Chaves"}]},{"@type":"WebSite","@id":"https:\/\/gazetapernambucana.com\/#website","url":"https:\/\/gazetapernambucana.com\/","name":"","description":"","potentialAction":[{"@type":"SearchAction","target":{"@type":"EntryPoint","urlTemplate":"https:\/\/gazetapernambucana.com\/?s={search_term_string}"},"query-input":{"@type":"PropertyValueSpecification","valueRequired":true,"valueName":"search_term_string"}}],"inLanguage":"pt-BR"},{"@type":"Person","@id":"https:\/\/gazetapernambucana.com\/#\/schema\/person\/188dc283325181ac2de4db1e9e987427","name":"GP","image":{"@type":"ImageObject","inLanguage":"pt-BR","@id":"https:\/\/gazetapernambucana.com\/#\/schema\/person\/image\/","url":"https:\/\/secure.gravatar.com\/avatar\/9dad78ff9a2d8b5742d11779f8a3f53b052320c550b2e1907882353c067bb111?s=96&d=mm&r=g","contentUrl":"https:\/\/secure.gravatar.com\/avatar\/9dad78ff9a2d8b5742d11779f8a3f53b052320c550b2e1907882353c067bb111?s=96&d=mm&r=g","caption":"GP"},"sameAs":["http:\/\/gazetapernambucana.com"],"url":"https:\/\/gazetapernambucana.com\/?author=1"}]}},"jetpack_publicize_connections":[],"_links":{"self":[{"href":"https:\/\/gazetapernambucana.com\/index.php?rest_route=\/wp\/v2\/posts\/1714","targetHints":{"allow":["GET"]}}],"collection":[{"href":"https:\/\/gazetapernambucana.com\/index.php?rest_route=\/wp\/v2\/posts"}],"about":[{"href":"https:\/\/gazetapernambucana.com\/index.php?rest_route=\/wp\/v2\/types\/post"}],"author":[{"embeddable":true,"href":"https:\/\/gazetapernambucana.com\/index.php?rest_route=\/wp\/v2\/users\/1"}],"replies":[{"embeddable":true,"href":"https:\/\/gazetapernambucana.com\/index.php?rest_route=%2Fwp%2Fv2%2Fcomments&post=1714"}],"version-history":[{"count":1,"href":"https:\/\/gazetapernambucana.com\/index.php?rest_route=\/wp\/v2\/posts\/1714\/revisions"}],"predecessor-version":[{"id":1715,"href":"https:\/\/gazetapernambucana.com\/index.php?rest_route=\/wp\/v2\/posts\/1714\/revisions\/1715"}],"wp:featuredmedia":[{"embeddable":true,"href":"https:\/\/gazetapernambucana.com\/index.php?rest_route=\/wp\/v2\/media\/1093"}],"wp:attachment":[{"href":"https:\/\/gazetapernambucana.com\/index.php?rest_route=%2Fwp%2Fv2%2Fmedia&parent=1714"}],"wp:term":[{"taxonomy":"category","embeddable":true,"href":"https:\/\/gazetapernambucana.com\/index.php?rest_route=%2Fwp%2Fv2%2Fcategories&post=1714"},{"taxonomy":"post_tag","embeddable":true,"href":"https:\/\/gazetapernambucana.com\/index.php?rest_route=%2Fwp%2Fv2%2Ftags&post=1714"}],"curies":[{"name":"wp","href":"https:\/\/api.w.org\/{rel}","templated":true}]}}