{"id":1709,"date":"2025-09-14T14:05:49","date_gmt":"2025-09-14T17:05:49","guid":{"rendered":"https:\/\/gazetapernambucana.com\/?p=1709"},"modified":"2025-09-14T14:05:49","modified_gmt":"2025-09-14T17:05:49","slug":"a-cronica-domingueira-por-magno-martins-8","status":"publish","type":"post","link":"https:\/\/gazetapernambucana.com\/?p=1709","title":{"rendered":"A cr\u00f4nica domingueira. Por Magno Martins"},"content":{"rendered":"<div class=\"elementor-element elementor-element-7d2fc729 titulo-post elementor-widget elementor-widget-theme-post-title elementor-page-title elementor-widget-heading\" data-id=\"7d2fc729\" data-element_type=\"widget\" data-widget_type=\"theme-post-title.default\">\n<div class=\"elementor-widget-container\"><\/div>\n<\/div>\n<section class=\"elementor-section elementor-inner-section elementor-element elementor-element-7e25a070 elementor-section-boxed elementor-section-height-default elementor-section-height-default\" data-id=\"7e25a070\" data-element_type=\"section\">\n<div class=\"elementor-container elementor-column-gap-default\">\n<div class=\"elementor-column elementor-col-50 elementor-inner-column elementor-element elementor-element-24f401b5\" data-id=\"24f401b5\" data-element_type=\"column\">\n<div class=\"elementor-widget-wrap elementor-element-populated\">\n<div class=\"elementor-element elementor-element-6b34b66e elementor-share-buttons--view-icon elementor-share-buttons--skin-flat elementor-share-buttons--align-right elementor-share-buttons--shape-square elementor-grid-0 elementor-share-buttons--color-official elementor-widget elementor-widget-share-buttons\" data-id=\"6b34b66e\" data-element_type=\"widget\" data-settings=\"{&quot;share_url&quot;:{&quot;url&quot;:&quot;https:\\\/\\\/blogdomagno.com.br\\\/a-cronica-domingueira-48\\\/&quot;,&quot;is_external&quot;:&quot;&quot;,&quot;nofollow&quot;:&quot;&quot;,&quot;custom_attributes&quot;:&quot;&quot;}}\" data-widget_type=\"share-buttons.default\">\n<div class=\"elementor-widget-container\">\n<div class=\"elementor-grid\"><\/div>\n<\/div>\n<\/div>\n<\/div>\n<\/div>\n<\/div>\n<\/section>\n<div class=\"elementor-element elementor-element-7f30e03 elementor-widget elementor-widget-image\" data-id=\"7f30e03\" data-element_type=\"widget\" data-widget_type=\"image.default\">\n<div class=\"elementor-widget-container\"><img loading=\"lazy\" decoding=\"async\" class=\"attachment-full size-full\" src=\"https:\/\/blogdomagno.com.br\/wp-content\/uploads\/2025\/09\/2025-09-13-203336.jpeg\" sizes=\"auto, (max-width: 998px) 100vw, 998px\" srcset=\"https:\/\/blogdomagno.com.br\/wp-content\/uploads\/2025\/09\/2025-09-13-203336.jpeg 998w, https:\/\/blogdomagno.com.br\/wp-content\/uploads\/2025\/09\/2025-09-13-203336-300x166.jpeg 300w, https:\/\/blogdomagno.com.br\/wp-content\/uploads\/2025\/09\/2025-09-13-203336-768x424.jpeg 768w\" alt=\"\" width=\"998\" height=\"551\" \/><\/div>\n<\/div>\n<div class=\"elementor-element elementor-element-746f5ae4 elementor-widget elementor-widget-theme-post-content\" data-id=\"746f5ae4\" data-element_type=\"widget\" data-widget_type=\"theme-post-content.default\">\n<div class=\"elementor-widget-container\">\n<div id=\"ub-expand-4f38386c-431e-4142-a3fe-f4c3340a1b26\" class=\"wp-block-ub-expand ub-expand\" data-scroll-type=\"false\" data-scroll-amount=\"\" data-scroll-target=\"\">\n<div id=\"ub-expand-full-50bd914b-db11-41cd-a0b1-12bc36d2a939\" class=\"ub-expand-portion ub-expand-partial wp-block-ub-expand-portion\" tabindex=\"0\" role=\"button\" aria-expanded=\"false\" aria-controls=\"ub-expand-full-50bd914b-db11-41cd-a0b1-12bc36d2a939\">\n<p>\u00a0<strong>Por Magno Martins \u2013 Jornalista, poeta e escritor\u00a0 \u2013\u00a0 <\/strong>Devorei no \u00faltimo voo para Bras\u00edlia o livro \u201cMude o conceito\u201d, da jornalista ga\u00facha-pernambucana J\u00f4 Mazarollo. Trata-se de um longo depoimento da sua experi\u00eancia como diretora de jornalismo da TV Globo Nordeste, no Recife, por 23 anos. Uma verdadeira aula do que \u00e9 ser uma gerente inovadora, inquieta, ideias revolucion\u00e1rias, sem perder, contudo, a alma de rep\u00f3rter.<\/p>\n<p>Na Globo, vindo de destacada posi\u00e7\u00e3o como editora em telejornais nacionais no Rio, onde fica a sede da emissora, J\u00f4 sucedeu Vera Ferraz, minha professora na Unicap, com quem tive mais afinidades, n\u00e3o s\u00f3 pelo aprendizado escolar, mas tamb\u00e9m pela amizade com o marido Vladimir, que indiquei para diretor da Cepe, a Companhia Editora de Pernambuco, quando secret\u00e1rio de Imprensa no Governo Joaquim Francisco.<\/p>\n<\/div>\n<div id=\"ub-expand-full-50bd914b-db11-41cd-a0b1-12bc36d2a939\" class=\"ub-expand-portion ub-expand-full wp-block-ub-expand-portion\" tabindex=\"0\" role=\"button\" aria-expanded=\"false\" aria-controls=\"ub-expand-full-50bd914b-db11-41cd-a0b1-12bc36d2a939\">\n<p>Antes de ler o livro, confesso que n\u00e3o tinha a menor ideia do maravilhoso trabalho que J\u00f4 empreendeu na Globo. Vi que n\u00e3o se acomodou em nenhum momento em apenas dar a sua palavra final no que deve chegar aos telespectadores na condi\u00e7\u00e3o de supervisora da equipe.<\/p>\n<p>Fez muito mais. Na verdade, virou, literalmente, a emissora de cabe\u00e7a para baixo. Renovou cen\u00e1rios, mudou conceitos, explorou a cultura nordestina em programas de cunho regional e criou at\u00e9 uma elei\u00e7\u00e3o para escolher o pernambucano do s\u00e9culo, saindo vitorioso o eterno e saudoso Luiz Gonzaga, o Rei do Bai\u00e3o.<\/p>\n<p>Ela diz que a obra \u00e9 um amontoado de hist\u00f3rias, que come\u00e7am com a primeira e incr\u00edvel transmiss\u00e3o de um jogo de futebol por streaming. Mas \u00e9 muito mais do que isso. S\u00e3o li\u00e7\u00f5es de como fazer jornalismo com garra e criatividade. Imagino as dificuldades que enfrentou para operar tantas e profundas mudan\u00e7as estando sujeita ao bom humor das estrelas globais do Rio de Janeiro!<\/p>\n<p>N\u00e3o deve ter sido f\u00e1cil, por exemplo, emplacar um clipe no Fant\u00e1stico reproduzindo um manifesto em defesa do meio ambiente com o forrozeiro Petr\u00facio Amorim cantando Filho do dono! Igualmente, projetar em rede global o Sivuca Sinf\u00f4nico, o mestre Sivuca em duo com a Orquestra Sinf\u00f4nica.<\/p>\n<p>J\u00f4 trouxe na sua bagagem a experi\u00eancia tamb\u00e9m do que fez em Porto Alegre ao criar a s\u00e9rie de reportagens numa incurs\u00e3o aos grot\u00f5es do Estado com o \u201cPE quero TV\u201d. Diz ela: \u201cEu gostava de ir assistir aos telejornais na rua para ver a rea\u00e7\u00e3o do telespectador\u201d.<\/p>\n<p>J\u00f4 foi mais al\u00e9m. Mudou o cen\u00e1rio e a forma dos \u00e2ncoras da Globo Nordeste apresentarem seus telejornais. Marcio Bonfim e Clarissa G\u00f3es, principais apresentadores dos programas da Globo Nordeste, se movimentam hoje de um lugar para outro hoje no est\u00fadio, largando a postura est\u00e1tica de antigamente, gra\u00e7as a J\u00f4, cujo modelo foi copiado pela Globo Rio e outras afiliadas.<\/p>\n<p>E J\u00f4 n\u00e3o foi apenas as ruas de Pernambuco e do Brasil. Esteve no Jap\u00e3o para conhecer, pasmem, forr\u00f3. E foi l\u00e1 que colheu uma grande li\u00e7\u00e3o que usou no seu trabalho no Recife: \u201cNingu\u00e9m pode chegar no quarto e n\u00e3o saber arrumar a pr\u00f3pria cama\u201d. Isso mesmo! Dita por um homem simples em terras japonesas, despertou a aten\u00e7\u00e3o de J\u00f4 para um grande erro de quem est\u00e1 na chefia: n\u00e3o falar o \u00f3bvio por achar que todo mundo j\u00e1 sabia.<\/p>\n<p>Gostei quando ela escreveu: \u201cLiderar n\u00e3o \u00e9 ocupar um cargo. \u00c9 assumir uma causa. Causa feita de gente, cultura, respeito e coragem\u201d. E sua coragem est\u00e1 sintetizada na sua maior realiza\u00e7\u00e3o: a mudan\u00e7a da estrutura da Globo, que funcionou por muitos anos num morro de dif\u00edcil acesso, em Olinda, o do Peludo, para o cora\u00e7\u00e3o do Recife, a Rua da Aurora.<\/p>\n<p>\u201cMeses depois das transmiss\u00f5es no novo endere\u00e7o, Celso Coli, j\u00e1 aposentado, visitou a nova sede. Foi um motivo para celebrar e agradecer o empenho e as in\u00fameras defesas que fez comigo. Na fala, comentei que talvez eu tivesse sido a pessoa que mais defendeu e quis a mudan\u00e7a. Na resposta, ele disse: \u2018Tire o talvez, voc\u00ea foi quem mais defendeu a troca\u2019\u201d, contou J\u00f4, no cap\u00edtulo que trata da troca de endere\u00e7o da emissora.<\/p>\n<p>Para a sociedade, especialmente os jornalistas, J\u00f4 deixa uma grande li\u00e7\u00e3o: ser chefe n\u00e3o \u00e9 s\u00f3 cuidar do padr\u00e3o global do jornalismo. \u00c9 empreender. A persist\u00eancia de um l\u00edder est\u00e1 na coragem e na sua capacidade de inovar. Se o jornalismo \u00e9 a busca pela verdade, o empreendedor \u00e9 o buscador constante de novas solu\u00e7\u00f5es.<\/p>\n<p>Fica mais do que isso, outra irrefut\u00e1vel li\u00e7\u00e3o: se podemos sonhar, podemos realizar. O sucesso normalmente vem para quem est\u00e1 ocupado para procurar por ele. Afinal, J\u00f4 pode dizer, depois de cumprir sua miss\u00e3o na Globo, sem nenhuma pretens\u00e3o: \u201cEu n\u00e3o sonhei com o sucesso. Trabalhei para ele\u201d.<\/p>\n<\/div>\n<\/div>\n<\/div>\n<\/div>\n","protected":false},"excerpt":{"rendered":"<p>\u00a0Por Magno Martins \u2013 Jornalista, poeta e escritor\u00a0 \u2013\u00a0 Devorei no \u00faltimo voo para Bras\u00edlia o livro \u201cMude o conceito\u201d, da jornalista ga\u00facha-pernambucana J\u00f4 Mazarollo. Trata-se de um longo depoimento da sua experi\u00eancia como diretora de jornalismo da TV Globo Nordeste, no Recife, por 23 anos. Uma verdadeira aula do que \u00e9 ser uma gerente [&hellip;]<\/p>\n","protected":false},"author":1,"featured_media":1710,"comment_status":"open","ping_status":"open","sticky":false,"template":"","format":"standard","meta":{"footnotes":"","jetpack_publicize_message":"","jetpack_publicize_feature_enabled":true,"jetpack_social_post_already_shared":true,"jetpack_social_options":{"image_generator_settings":{"template":"highway","default_image_id":0,"font":"","enabled":false},"version":2}},"categories":[1,35,46],"tags":[],"class_list":["post-1709","post","type-post","status-publish","format-standard","has-post-thumbnail","hentry","category-https-gazetapernambucana-com-page_id225","category-https-gazetapernambucana-com-page_id218","category-literatura"],"yoast_head":"<!-- This site is optimized with the Yoast SEO plugin v24.5 - https:\/\/yoast.com\/wordpress\/plugins\/seo\/ -->\n<title>A cr\u00f4nica domingueira. Por Magno Martins -<\/title>\n<meta name=\"robots\" content=\"index, follow, max-snippet:-1, max-image-preview:large, max-video-preview:-1\" \/>\n<link rel=\"canonical\" href=\"https:\/\/gazetapernambucana.com\/?p=1709\" \/>\n<meta property=\"og:locale\" content=\"pt_BR\" \/>\n<meta property=\"og:type\" content=\"article\" \/>\n<meta property=\"og:title\" content=\"A cr\u00f4nica domingueira. Por Magno Martins -\" \/>\n<meta property=\"og:description\" content=\"\u00a0Por Magno Martins \u2013 Jornalista, poeta e escritor\u00a0 \u2013\u00a0 Devorei no \u00faltimo voo para Bras\u00edlia o livro \u201cMude o conceito\u201d, da jornalista ga\u00facha-pernambucana J\u00f4 Mazarollo. Trata-se de um longo depoimento da sua experi\u00eancia como diretora de jornalismo da TV Globo Nordeste, no Recife, por 23 anos. Uma verdadeira aula do que \u00e9 ser uma gerente [&hellip;]\" \/>\n<meta property=\"og:url\" content=\"https:\/\/gazetapernambucana.com\/?p=1709\" \/>\n<meta property=\"article:published_time\" content=\"2025-09-14T17:05:49+00:00\" \/>\n<meta property=\"og:image\" content=\"https:\/\/gazetapernambucana.com\/wp-content\/uploads\/2025\/09\/download-66.jpeg\" \/>\n\t<meta property=\"og:image:width\" content=\"858\" \/>\n\t<meta property=\"og:image:height\" content=\"430\" \/>\n\t<meta property=\"og:image:type\" content=\"image\/jpeg\" \/>\n<meta name=\"author\" content=\"GP\" \/>\n<meta name=\"twitter:card\" content=\"summary_large_image\" \/>\n<meta name=\"twitter:label1\" content=\"Escrito por\" \/>\n\t<meta name=\"twitter:data1\" content=\"GP\" \/>\n\t<meta name=\"twitter:label2\" content=\"Est. tempo de leitura\" \/>\n\t<meta name=\"twitter:data2\" content=\"5 minutos\" \/>\n<script type=\"application\/ld+json\" class=\"yoast-schema-graph\">{\"@context\":\"https:\/\/schema.org\",\"@graph\":[{\"@type\":\"WebPage\",\"@id\":\"https:\/\/gazetapernambucana.com\/?p=1709\",\"url\":\"https:\/\/gazetapernambucana.com\/?p=1709\",\"name\":\"A cr\u00f4nica domingueira. Por Magno Martins -\",\"isPartOf\":{\"@id\":\"https:\/\/gazetapernambucana.com\/#website\"},\"primaryImageOfPage\":{\"@id\":\"https:\/\/gazetapernambucana.com\/?p=1709#primaryimage\"},\"image\":{\"@id\":\"https:\/\/gazetapernambucana.com\/?p=1709#primaryimage\"},\"thumbnailUrl\":\"https:\/\/gazetapernambucana.com\/wp-content\/uploads\/2025\/09\/download-66.jpeg\",\"datePublished\":\"2025-09-14T17:05:49+00:00\",\"author\":{\"@id\":\"https:\/\/gazetapernambucana.com\/#\/schema\/person\/188dc283325181ac2de4db1e9e987427\"},\"breadcrumb\":{\"@id\":\"https:\/\/gazetapernambucana.com\/?p=1709#breadcrumb\"},\"inLanguage\":\"pt-BR\",\"potentialAction\":[{\"@type\":\"ReadAction\",\"target\":[\"https:\/\/gazetapernambucana.com\/?p=1709\"]}]},{\"@type\":\"ImageObject\",\"inLanguage\":\"pt-BR\",\"@id\":\"https:\/\/gazetapernambucana.com\/?p=1709#primaryimage\",\"url\":\"https:\/\/gazetapernambucana.com\/wp-content\/uploads\/2025\/09\/download-66.jpeg\",\"contentUrl\":\"https:\/\/gazetapernambucana.com\/wp-content\/uploads\/2025\/09\/download-66.jpeg\",\"width\":858,\"height\":430},{\"@type\":\"BreadcrumbList\",\"@id\":\"https:\/\/gazetapernambucana.com\/?p=1709#breadcrumb\",\"itemListElement\":[{\"@type\":\"ListItem\",\"position\":1,\"name\":\"In\u00edcio\",\"item\":\"https:\/\/gazetapernambucana.com\/\"},{\"@type\":\"ListItem\",\"position\":2,\"name\":\"A cr\u00f4nica domingueira. Por Magno Martins\"}]},{\"@type\":\"WebSite\",\"@id\":\"https:\/\/gazetapernambucana.com\/#website\",\"url\":\"https:\/\/gazetapernambucana.com\/\",\"name\":\"\",\"description\":\"\",\"potentialAction\":[{\"@type\":\"SearchAction\",\"target\":{\"@type\":\"EntryPoint\",\"urlTemplate\":\"https:\/\/gazetapernambucana.com\/?s={search_term_string}\"},\"query-input\":{\"@type\":\"PropertyValueSpecification\",\"valueRequired\":true,\"valueName\":\"search_term_string\"}}],\"inLanguage\":\"pt-BR\"},{\"@type\":\"Person\",\"@id\":\"https:\/\/gazetapernambucana.com\/#\/schema\/person\/188dc283325181ac2de4db1e9e987427\",\"name\":\"GP\",\"image\":{\"@type\":\"ImageObject\",\"inLanguage\":\"pt-BR\",\"@id\":\"https:\/\/gazetapernambucana.com\/#\/schema\/person\/image\/\",\"url\":\"https:\/\/secure.gravatar.com\/avatar\/9dad78ff9a2d8b5742d11779f8a3f53b052320c550b2e1907882353c067bb111?s=96&d=mm&r=g\",\"contentUrl\":\"https:\/\/secure.gravatar.com\/avatar\/9dad78ff9a2d8b5742d11779f8a3f53b052320c550b2e1907882353c067bb111?s=96&d=mm&r=g\",\"caption\":\"GP\"},\"sameAs\":[\"http:\/\/gazetapernambucana.com\"],\"url\":\"https:\/\/gazetapernambucana.com\/?author=1\"}]}<\/script>\n<!-- \/ Yoast SEO plugin. -->","yoast_head_json":{"title":"A cr\u00f4nica domingueira. Por Magno Martins -","robots":{"index":"index","follow":"follow","max-snippet":"max-snippet:-1","max-image-preview":"max-image-preview:large","max-video-preview":"max-video-preview:-1"},"canonical":"https:\/\/gazetapernambucana.com\/?p=1709","og_locale":"pt_BR","og_type":"article","og_title":"A cr\u00f4nica domingueira. Por Magno Martins -","og_description":"\u00a0Por Magno Martins \u2013 Jornalista, poeta e escritor\u00a0 \u2013\u00a0 Devorei no \u00faltimo voo para Bras\u00edlia o livro \u201cMude o conceito\u201d, da jornalista ga\u00facha-pernambucana J\u00f4 Mazarollo. Trata-se de um longo depoimento da sua experi\u00eancia como diretora de jornalismo da TV Globo Nordeste, no Recife, por 23 anos. Uma verdadeira aula do que \u00e9 ser uma gerente [&hellip;]","og_url":"https:\/\/gazetapernambucana.com\/?p=1709","article_published_time":"2025-09-14T17:05:49+00:00","og_image":[{"width":858,"height":430,"url":"https:\/\/gazetapernambucana.com\/wp-content\/uploads\/2025\/09\/download-66.jpeg","type":"image\/jpeg"}],"author":"GP","twitter_card":"summary_large_image","twitter_misc":{"Escrito por":"GP","Est. tempo de leitura":"5 minutos"},"schema":{"@context":"https:\/\/schema.org","@graph":[{"@type":"WebPage","@id":"https:\/\/gazetapernambucana.com\/?p=1709","url":"https:\/\/gazetapernambucana.com\/?p=1709","name":"A cr\u00f4nica domingueira. Por Magno Martins -","isPartOf":{"@id":"https:\/\/gazetapernambucana.com\/#website"},"primaryImageOfPage":{"@id":"https:\/\/gazetapernambucana.com\/?p=1709#primaryimage"},"image":{"@id":"https:\/\/gazetapernambucana.com\/?p=1709#primaryimage"},"thumbnailUrl":"https:\/\/gazetapernambucana.com\/wp-content\/uploads\/2025\/09\/download-66.jpeg","datePublished":"2025-09-14T17:05:49+00:00","author":{"@id":"https:\/\/gazetapernambucana.com\/#\/schema\/person\/188dc283325181ac2de4db1e9e987427"},"breadcrumb":{"@id":"https:\/\/gazetapernambucana.com\/?p=1709#breadcrumb"},"inLanguage":"pt-BR","potentialAction":[{"@type":"ReadAction","target":["https:\/\/gazetapernambucana.com\/?p=1709"]}]},{"@type":"ImageObject","inLanguage":"pt-BR","@id":"https:\/\/gazetapernambucana.com\/?p=1709#primaryimage","url":"https:\/\/gazetapernambucana.com\/wp-content\/uploads\/2025\/09\/download-66.jpeg","contentUrl":"https:\/\/gazetapernambucana.com\/wp-content\/uploads\/2025\/09\/download-66.jpeg","width":858,"height":430},{"@type":"BreadcrumbList","@id":"https:\/\/gazetapernambucana.com\/?p=1709#breadcrumb","itemListElement":[{"@type":"ListItem","position":1,"name":"In\u00edcio","item":"https:\/\/gazetapernambucana.com\/"},{"@type":"ListItem","position":2,"name":"A cr\u00f4nica domingueira. Por Magno Martins"}]},{"@type":"WebSite","@id":"https:\/\/gazetapernambucana.com\/#website","url":"https:\/\/gazetapernambucana.com\/","name":"","description":"","potentialAction":[{"@type":"SearchAction","target":{"@type":"EntryPoint","urlTemplate":"https:\/\/gazetapernambucana.com\/?s={search_term_string}"},"query-input":{"@type":"PropertyValueSpecification","valueRequired":true,"valueName":"search_term_string"}}],"inLanguage":"pt-BR"},{"@type":"Person","@id":"https:\/\/gazetapernambucana.com\/#\/schema\/person\/188dc283325181ac2de4db1e9e987427","name":"GP","image":{"@type":"ImageObject","inLanguage":"pt-BR","@id":"https:\/\/gazetapernambucana.com\/#\/schema\/person\/image\/","url":"https:\/\/secure.gravatar.com\/avatar\/9dad78ff9a2d8b5742d11779f8a3f53b052320c550b2e1907882353c067bb111?s=96&d=mm&r=g","contentUrl":"https:\/\/secure.gravatar.com\/avatar\/9dad78ff9a2d8b5742d11779f8a3f53b052320c550b2e1907882353c067bb111?s=96&d=mm&r=g","caption":"GP"},"sameAs":["http:\/\/gazetapernambucana.com"],"url":"https:\/\/gazetapernambucana.com\/?author=1"}]}},"jetpack_publicize_connections":[],"_links":{"self":[{"href":"https:\/\/gazetapernambucana.com\/index.php?rest_route=\/wp\/v2\/posts\/1709","targetHints":{"allow":["GET"]}}],"collection":[{"href":"https:\/\/gazetapernambucana.com\/index.php?rest_route=\/wp\/v2\/posts"}],"about":[{"href":"https:\/\/gazetapernambucana.com\/index.php?rest_route=\/wp\/v2\/types\/post"}],"author":[{"embeddable":true,"href":"https:\/\/gazetapernambucana.com\/index.php?rest_route=\/wp\/v2\/users\/1"}],"replies":[{"embeddable":true,"href":"https:\/\/gazetapernambucana.com\/index.php?rest_route=%2Fwp%2Fv2%2Fcomments&post=1709"}],"version-history":[{"count":1,"href":"https:\/\/gazetapernambucana.com\/index.php?rest_route=\/wp\/v2\/posts\/1709\/revisions"}],"predecessor-version":[{"id":1711,"href":"https:\/\/gazetapernambucana.com\/index.php?rest_route=\/wp\/v2\/posts\/1709\/revisions\/1711"}],"wp:featuredmedia":[{"embeddable":true,"href":"https:\/\/gazetapernambucana.com\/index.php?rest_route=\/wp\/v2\/media\/1710"}],"wp:attachment":[{"href":"https:\/\/gazetapernambucana.com\/index.php?rest_route=%2Fwp%2Fv2%2Fmedia&parent=1709"}],"wp:term":[{"taxonomy":"category","embeddable":true,"href":"https:\/\/gazetapernambucana.com\/index.php?rest_route=%2Fwp%2Fv2%2Fcategories&post=1709"},{"taxonomy":"post_tag","embeddable":true,"href":"https:\/\/gazetapernambucana.com\/index.php?rest_route=%2Fwp%2Fv2%2Ftags&post=1709"}],"curies":[{"name":"wp","href":"https:\/\/api.w.org\/{rel}","templated":true}]}}