{"id":1693,"date":"2025-09-11T13:18:08","date_gmt":"2025-09-11T16:18:08","guid":{"rendered":"https:\/\/gazetapernambucana.com\/?p=1693"},"modified":"2025-09-11T13:18:08","modified_gmt":"2025-09-11T16:18:08","slug":"servia-multidao-protesta-contra-corrupcao","status":"publish","type":"post","link":"https:\/\/gazetapernambucana.com\/?p=1693","title":{"rendered":"S\u00e9rvia: Multid\u00e3o protesta contra corrup\u00e7\u00e3o"},"content":{"rendered":"<div class=\"article__header article__header--inContent\">\n<header>\n<h3 class=\"subtitle\">Cidad\u00e3os s\u00e9rvios fazem atos contra desgoverno ap\u00f3s desabamento de teto de esta\u00e7\u00e3o de trem<\/h3>\n<\/header>\n<\/div>\n<div class=\"display__flex\"><main><\/p>\n<article class=\"article\">\n<div class=\"article__content\">\n<div class=\"content\">\n<div class=\"figure\"><picture class=\"figure\"><source srcset=\"https:\/\/img.band.com.br\/image\/2025\/03\/16\/manifestantes-protestam-contra-presidente-da-servia-85511_800x450.webp\" type=\"image\/webp\" media=\"(min-width: 1024px)\" \/><source srcset=\"https:\/\/img.band.com.br\/image\/2025\/03\/16\/manifestantes-protestam-contra-presidente-da-servia-85511_800x450.jpg\" type=\"image\/jpeg\" media=\"(min-width: 1024px)\" \/><source srcset=\"https:\/\/img.band.com.br\/image\/2025\/03\/16\/manifestantes-protestam-contra-presidente-da-servia-85511_400x300.webp\" type=\"image\/webp\" media=\"(max-width: 1023px)\" \/><source srcset=\"https:\/\/img.band.com.br\/image\/2025\/03\/16\/manifestantes-protestam-contra-presidente-da-servia-85511_400x300.jpg\" type=\"image\/jpeg\" media=\"(max-width: 1023px)\" \/><img loading=\"lazy\" decoding=\"async\" src=\"https:\/\/img.band.com.br\/image\/2025\/03\/16\/manifestantes-protestam-contra-presidente-da-servia-85511_800x450.webp\" alt=\"Manifestantes fazem grande protesto contra o presidente da S\u00e9rvia\" width=\"800\" height=\"450\" \/><\/picture><\/div>\n<div class=\"info-image__legenda\"><strong>Manifestantes protestam contra presidente da S\u00e9rvia<\/strong><\/div>\n<div class=\"info-image__credito\">REUTERS\/Igor Pavicevic<\/div>\n<div class=\"text\">\n<div>\n<p>Manifestantes tomaram as ruas de Belgrado, capital da\u00a0S\u00e9rvia, neste s\u00e1bado (15) para protestar contra a corrup\u00e7\u00e3o e o presidente do pa\u00eds, Aleksandar Vu\u010di\u0107. Dezenas de milhares de pessoas gritaram palavras de ordem e ergueram cartazes com frases como \u201cele est\u00e1 acabado\u201d.<\/p>\n<\/div>\n<\/div>\n<div class=\"text\">\n<div>\n<p>De acordo com o jornal brit\u00e2nico \u201cThe Guardian\u201d, o protesto deve ser o maior j\u00e1 registrado no pa\u00eds do\u00a0leste europeu. O Arquivo da Assembleia P\u00fablica, um \u00f3rg\u00e3o que monitora tamanhos de p\u00fablico, estima que entre 275 mil e 325 mil participaram da manifesta\u00e7\u00e3o.<\/p>\n<\/div>\n<\/div>\n<div class=\"dynamic-container bg d-ad\">\n<div>\u201cEu espero que isso estreme\u00e7a a autoridade dele e que o Vu\u010di\u0107 perceba que as pessoas n\u00e3o o apoiam mais\u201d, afirmou Milenko Kova\u010devic, um dos manifestantes.<\/div>\n<\/div>\n<div class=\"text\">\n<div class=\"dynamic-container bg d-app-embed-galery\">\n<div class=\"gallery-embed\">\n<header class=\"gallery-embed__header\">\n<h2 class=\"gallery-embed__title\">Galeria de Imagens<\/h2>\n<div class=\"gallery-embed__box-count\"><strong>Manifestantes fazem grande protesto contra o presidente da S\u00e9rvia<\/strong><i class=\"fa fa-camera fa-1\" aria-hidden=\"true\"><\/i><\/div>\n<\/header>\n<div class=\"gallery-embed__container\">\n<section class=\"gallery-embed__main-section\">\n<div class=\"swiper gallery-embed__swiper swiper-initialized swiper-horizontal swiper-pointer-events swiper-backface-hidden\">\n<div id=\"swiper-wrapper-44103d0d0f657fa30\" class=\"swiper-wrapper\" aria-live=\"polite\">\n<div class=\"swiper-slide gallery-embed__slide swiper-slide-visible swiper-slide-active\" role=\"group\" aria-label=\"1 \/ 9\">\n<figure class=\"gallery-embed__figure\"><img decoding=\"async\" class=\"gallery-embed__main-img\" src=\"https:\/\/img.band.com.br\/image\/2025\/03\/16\/manifestantes-protestam-contra-presidente-da-servia-91521.jpg\" alt=\"Manifestantes protestam contra presidente da S\u00e9rvia\" \/><figcaption class=\"gallery-embed__caption\"><strong><span class=\"gallery-embed__caption__title\">Manifestantes protestam contra presidente da S\u00e9rvia<\/span><span class=\"gallery-embed__caption__credit\">REUTERS\/Stringer<\/span><\/strong><\/figcaption><\/figure>\n<\/div>\n<div class=\"swiper-slide gallery-embed__slide swiper-slide-next\" role=\"group\" aria-label=\"2 \/ 9\">\n<figure class=\"gallery-embed__figure\"><img decoding=\"async\" class=\"gallery-embed__main-img\" src=\"https:\/\/img.band.com.br\/image\/2025\/03\/16\/manifestantes-protestam-contra-presidente-da-servia-91327.jpg\" alt=\"Manifestantes protestam contra presidente da S\u00e9rvia\" \/><figcaption class=\"gallery-embed__caption\"><strong><span class=\"gallery-embed__caption__title\">Manifestantes protestam contra presidente da S\u00e9rvia<\/span><span class=\"gallery-embed__caption__credit\">REUTERS\/Igor Pavicevic<\/span><\/strong><\/figcaption><\/figure>\n<\/div>\n<div class=\"swiper-slide gallery-embed__slide\" role=\"group\" aria-label=\"3 \/ 9\">\n<figure class=\"gallery-embed__figure\"><img decoding=\"async\" class=\"gallery-embed__main-img\" src=\"https:\/\/img.band.com.br\/image\/2025\/03\/16\/manifestantes-protestam-contra-presidente-da-servia-9957.jpg\" alt=\"Manifestantes protestam contra presidente da S\u00e9rvia\" \/><figcaption class=\"gallery-embed__caption\"><strong><span class=\"gallery-embed__caption__title\">Manifestantes protestam contra presidente da S\u00e9rvia<\/span><span class=\"gallery-embed__caption__credit\">REUTERS\/Djordje Kojadinovic<\/span><\/strong><\/figcaption><\/figure>\n<\/div>\n<div class=\"swiper-slide gallery-embed__slide\" role=\"group\" aria-label=\"4 \/ 9\">\n<figure class=\"gallery-embed__figure\"><img decoding=\"async\" class=\"gallery-embed__main-img\" src=\"https:\/\/img.band.com.br\/image\/2025\/03\/16\/manifestantes-protestam-contra-presidente-da-servia-85511.jpg\" alt=\"Manifestantes protestam contra presidente da S\u00e9rvia\" \/><figcaption class=\"gallery-embed__caption\"><strong><span class=\"gallery-embed__caption__title\">Manifestantes protestam contra presidente da S\u00e9rvia<\/span><span class=\"gallery-embed__caption__credit\">REUTERS\/Igor Pavicevic<\/span><\/strong><\/figcaption><\/figure>\n<\/div>\n<div class=\"swiper-slide gallery-embed__slide\" role=\"group\" aria-label=\"5 \/ 9\">\n<figure class=\"gallery-embed__figure\"><img decoding=\"async\" class=\"gallery-embed__main-img\" src=\"https:\/\/img.band.com.br\/image\/2025\/03\/16\/manifestantes-protestam-contra-presidente-da-servia-91028.jpg\" alt=\"Manifestantes protestam contra presidente da S\u00e9rvia\" \/><figcaption class=\"gallery-embed__caption\"><strong><span class=\"gallery-embed__caption__title\">Manifestantes protestam contra presidente da S\u00e9rvia<\/span><span class=\"gallery-embed__caption__credit\">REUTERS\/Djordje Kojadinovic<\/span><\/strong><\/figcaption><\/figure>\n<\/div>\n<div class=\"swiper-slide gallery-embed__slide\" role=\"group\" aria-label=\"6 \/ 9\">\n<figure class=\"gallery-embed__figure\"><img decoding=\"async\" class=\"gallery-embed__main-img\" src=\"https:\/\/img.band.com.br\/image\/2025\/03\/16\/manifestantes-protestam-contra-o-presidente-da-servia-91116.jpg\" alt=\"Manifestantes protestam contra o presidente da S\u00e9rvia\" \/><figcaption class=\"gallery-embed__caption\"><strong><span class=\"gallery-embed__caption__title\">Manifestantes protestam contra o presidente da S\u00e9rvia<\/span><span class=\"gallery-embed__caption__credit\">REUTERS\/Djordje Kojadinovic<\/span><\/strong><\/figcaption><\/figure>\n<\/div>\n<div class=\"swiper-slide gallery-embed__slide\" role=\"group\" aria-label=\"7 \/ 9\">\n<figure class=\"gallery-embed__figure\"><strong><img decoding=\"async\" class=\"gallery-embed__main-img\" src=\"https:\/\/img.band.com.br\/image\/2025\/03\/16\/manifestantes-protestam-contra-o-presidente-da-servia-91155.jpg\" alt=\"Manifestantes protestam contra o presidente da S\u00e9rvia\" \/><\/strong><figcaption class=\"gallery-embed__caption\"><strong><span class=\"gallery-embed__caption__title\">Manifestantes protestam contra o presidente da S\u00e9rvia<\/span><span class=\"gallery-embed__caption__credit\">REUTERS\/Mitar Mitrovic<\/span><\/strong><\/figcaption><\/figure>\n<\/div>\n<div class=\"swiper-slide gallery-embed__slide\" role=\"group\" aria-label=\"8 \/ 9\">\n<figure class=\"gallery-embed__figure\"><img decoding=\"async\" class=\"gallery-embed__main-img\" src=\"https:\/\/img.band.com.br\/image\/2025\/03\/16\/manifestantes-protestam-contra-presidente-da-servia-91222.jpg\" alt=\"Manifestantes protestam contra presidente da S\u00e9rvia\" \/><figcaption class=\"gallery-embed__caption\"><strong><span class=\"gallery-embed__caption__title\">Manifestantes protestam contra presidente da S\u00e9rvia<\/span><span class=\"gallery-embed__caption__credit\">REUTERS\/Mitar Mitrovic<\/span><\/strong><\/figcaption><\/figure>\n<\/div>\n<div class=\"swiper-slide gallery-embed__slide\" role=\"group\" aria-label=\"9 \/ 9\">\n<figure class=\"gallery-embed__figure\"><img decoding=\"async\" class=\"gallery-embed__main-img\" src=\"https:\/\/img.band.com.br\/image\/2025\/03\/16\/manifestantes-protestam-contra-presidente-da-servia-91419.jpg\" alt=\"Manifestantes protestam contra presidente da S\u00e9rvia\" \/><figcaption class=\"gallery-embed__caption\"><strong><strong><span class=\"gallery-embed__caption__title\">Manifestantes protestam contra presidente da S\u00e9rvia<\/span><span class=\"gallery-embed__caption__credit\">REUTERS\/Mitar Mitrovic<\/span><\/strong><\/strong><strong><span class=\"gallery-embed__caption__credit\"><br \/>\n<\/span><\/strong><\/figcaption><\/figure>\n<\/div>\n<\/div>\n<div class=\"swiper-button-next gallery-embed__nav-next\" tabindex=\"0\" role=\"button\" aria-label=\"Next slide\" aria-controls=\"swiper-wrapper-44103d0d0f657fa30\" aria-disabled=\"false\">A S\u00e9rvia tem sido palco de protestos constantes desde o final do ano passado, quando o teto de uma esta\u00e7\u00e3o de trem em Novi Sad, a segunda maior cidade do pa\u00eds, desabou e matou 14 pessoas. A situa\u00e7\u00e3o explicitou o debate sobre a corrup\u00e7\u00e3o, que foi apontada como o principal motivo para a trag\u00e9dia. A esta\u00e7\u00e3o havia sido reformada e foi reaberta pelo pr\u00f3prio Vu\u010di\u0107 em 2022.<\/div>\n<\/div>\n<\/section>\n<\/div>\n<\/div>\n<\/div>\n<div>\n<p>Entretanto, o presidente, que assumiu em 2017 ap\u00f3s ter sido primeiro-ministro, disse que n\u00e3o tem nenhuma inten\u00e7\u00e3o de renunciar. \u201cPrecisar\u00e3o me matar se quiserem se livrar de mim\u201d, afirmou.<\/p>\n<\/div>\n<\/div>\n<\/div>\n<\/div>\n<\/article>\n<p><\/main><\/div>\n","protected":false},"excerpt":{"rendered":"<p>Cidad\u00e3os s\u00e9rvios fazem atos contra desgoverno ap\u00f3s desabamento de teto de esta\u00e7\u00e3o de trem Manifestantes protestam contra presidente da S\u00e9rvia REUTERS\/Igor Pavicevic Manifestantes tomaram as ruas de Belgrado, capital da\u00a0S\u00e9rvia, neste s\u00e1bado (15) para protestar contra a corrup\u00e7\u00e3o e o presidente do pa\u00eds, Aleksandar Vu\u010di\u0107. Dezenas de milhares de pessoas gritaram palavras de ordem e [&hellip;]<\/p>\n","protected":false},"author":1,"featured_media":1694,"comment_status":"open","ping_status":"open","sticky":false,"template":"","format":"standard","meta":{"footnotes":"","jetpack_publicize_message":"","jetpack_publicize_feature_enabled":true,"jetpack_social_post_already_shared":true,"jetpack_social_options":{"image_generator_settings":{"template":"highway","default_image_id":0,"font":"","enabled":false},"version":2}},"categories":[1,36,65],"tags":[],"class_list":["post-1693","post","type-post","status-publish","format-standard","has-post-thumbnail","hentry","category-https-gazetapernambucana-com-page_id225","category-https-gazetapernambucana-com-page_id209","category-politica"],"yoast_head":"<!-- This site is optimized with the Yoast SEO plugin v24.5 - https:\/\/yoast.com\/wordpress\/plugins\/seo\/ -->\n<title>S\u00e9rvia: Multid\u00e3o protesta contra corrup\u00e7\u00e3o -<\/title>\n<meta name=\"robots\" content=\"index, follow, max-snippet:-1, max-image-preview:large, max-video-preview:-1\" \/>\n<link rel=\"canonical\" href=\"https:\/\/gazetapernambucana.com\/?p=1693\" \/>\n<meta property=\"og:locale\" content=\"pt_BR\" \/>\n<meta property=\"og:type\" content=\"article\" \/>\n<meta property=\"og:title\" content=\"S\u00e9rvia: Multid\u00e3o protesta contra corrup\u00e7\u00e3o -\" \/>\n<meta property=\"og:description\" content=\"Cidad\u00e3os s\u00e9rvios fazem atos contra desgoverno ap\u00f3s desabamento de teto de esta\u00e7\u00e3o de trem Manifestantes protestam contra presidente da S\u00e9rvia REUTERS\/Igor Pavicevic Manifestantes tomaram as ruas de Belgrado, capital da\u00a0S\u00e9rvia, neste s\u00e1bado (15) para protestar contra a corrup\u00e7\u00e3o e o presidente do pa\u00eds, Aleksandar Vu\u010di\u0107. Dezenas de milhares de pessoas gritaram palavras de ordem e [&hellip;]\" \/>\n<meta property=\"og:url\" content=\"https:\/\/gazetapernambucana.com\/?p=1693\" \/>\n<meta property=\"article:published_time\" content=\"2025-09-11T16:18:08+00:00\" \/>\n<meta property=\"og:image\" content=\"https:\/\/gazetapernambucana.com\/wp-content\/uploads\/2025\/09\/manifestantes-protestam-contra-presidente-da-servia-85511_400x300.webp\" \/>\n\t<meta property=\"og:image:width\" content=\"400\" \/>\n\t<meta property=\"og:image:height\" content=\"300\" \/>\n\t<meta property=\"og:image:type\" content=\"image\/webp\" \/>\n<meta name=\"author\" content=\"GP\" \/>\n<meta name=\"twitter:card\" content=\"summary_large_image\" \/>\n<meta name=\"twitter:label1\" content=\"Escrito por\" \/>\n\t<meta name=\"twitter:data1\" content=\"GP\" \/>\n\t<meta name=\"twitter:label2\" content=\"Est. tempo de leitura\" \/>\n\t<meta name=\"twitter:data2\" content=\"4 minutos\" \/>\n<script type=\"application\/ld+json\" class=\"yoast-schema-graph\">{\"@context\":\"https:\/\/schema.org\",\"@graph\":[{\"@type\":\"WebPage\",\"@id\":\"https:\/\/gazetapernambucana.com\/?p=1693\",\"url\":\"https:\/\/gazetapernambucana.com\/?p=1693\",\"name\":\"S\u00e9rvia: Multid\u00e3o protesta contra corrup\u00e7\u00e3o -\",\"isPartOf\":{\"@id\":\"https:\/\/gazetapernambucana.com\/#website\"},\"primaryImageOfPage\":{\"@id\":\"https:\/\/gazetapernambucana.com\/?p=1693#primaryimage\"},\"image\":{\"@id\":\"https:\/\/gazetapernambucana.com\/?p=1693#primaryimage\"},\"thumbnailUrl\":\"https:\/\/gazetapernambucana.com\/wp-content\/uploads\/2025\/09\/manifestantes-protestam-contra-presidente-da-servia-85511_400x300.webp\",\"datePublished\":\"2025-09-11T16:18:08+00:00\",\"author\":{\"@id\":\"https:\/\/gazetapernambucana.com\/#\/schema\/person\/188dc283325181ac2de4db1e9e987427\"},\"breadcrumb\":{\"@id\":\"https:\/\/gazetapernambucana.com\/?p=1693#breadcrumb\"},\"inLanguage\":\"pt-BR\",\"potentialAction\":[{\"@type\":\"ReadAction\",\"target\":[\"https:\/\/gazetapernambucana.com\/?p=1693\"]}]},{\"@type\":\"ImageObject\",\"inLanguage\":\"pt-BR\",\"@id\":\"https:\/\/gazetapernambucana.com\/?p=1693#primaryimage\",\"url\":\"https:\/\/gazetapernambucana.com\/wp-content\/uploads\/2025\/09\/manifestantes-protestam-contra-presidente-da-servia-85511_400x300.webp\",\"contentUrl\":\"https:\/\/gazetapernambucana.com\/wp-content\/uploads\/2025\/09\/manifestantes-protestam-contra-presidente-da-servia-85511_400x300.webp\",\"width\":400,\"height\":300},{\"@type\":\"BreadcrumbList\",\"@id\":\"https:\/\/gazetapernambucana.com\/?p=1693#breadcrumb\",\"itemListElement\":[{\"@type\":\"ListItem\",\"position\":1,\"name\":\"In\u00edcio\",\"item\":\"https:\/\/gazetapernambucana.com\/\"},{\"@type\":\"ListItem\",\"position\":2,\"name\":\"S\u00e9rvia: Multid\u00e3o protesta contra corrup\u00e7\u00e3o\"}]},{\"@type\":\"WebSite\",\"@id\":\"https:\/\/gazetapernambucana.com\/#website\",\"url\":\"https:\/\/gazetapernambucana.com\/\",\"name\":\"\",\"description\":\"\",\"potentialAction\":[{\"@type\":\"SearchAction\",\"target\":{\"@type\":\"EntryPoint\",\"urlTemplate\":\"https:\/\/gazetapernambucana.com\/?s={search_term_string}\"},\"query-input\":{\"@type\":\"PropertyValueSpecification\",\"valueRequired\":true,\"valueName\":\"search_term_string\"}}],\"inLanguage\":\"pt-BR\"},{\"@type\":\"Person\",\"@id\":\"https:\/\/gazetapernambucana.com\/#\/schema\/person\/188dc283325181ac2de4db1e9e987427\",\"name\":\"GP\",\"image\":{\"@type\":\"ImageObject\",\"inLanguage\":\"pt-BR\",\"@id\":\"https:\/\/gazetapernambucana.com\/#\/schema\/person\/image\/\",\"url\":\"https:\/\/secure.gravatar.com\/avatar\/9dad78ff9a2d8b5742d11779f8a3f53b052320c550b2e1907882353c067bb111?s=96&d=mm&r=g\",\"contentUrl\":\"https:\/\/secure.gravatar.com\/avatar\/9dad78ff9a2d8b5742d11779f8a3f53b052320c550b2e1907882353c067bb111?s=96&d=mm&r=g\",\"caption\":\"GP\"},\"sameAs\":[\"http:\/\/gazetapernambucana.com\"],\"url\":\"https:\/\/gazetapernambucana.com\/?author=1\"}]}<\/script>\n<!-- \/ Yoast SEO plugin. -->","yoast_head_json":{"title":"S\u00e9rvia: Multid\u00e3o protesta contra corrup\u00e7\u00e3o -","robots":{"index":"index","follow":"follow","max-snippet":"max-snippet:-1","max-image-preview":"max-image-preview:large","max-video-preview":"max-video-preview:-1"},"canonical":"https:\/\/gazetapernambucana.com\/?p=1693","og_locale":"pt_BR","og_type":"article","og_title":"S\u00e9rvia: Multid\u00e3o protesta contra corrup\u00e7\u00e3o -","og_description":"Cidad\u00e3os s\u00e9rvios fazem atos contra desgoverno ap\u00f3s desabamento de teto de esta\u00e7\u00e3o de trem Manifestantes protestam contra presidente da S\u00e9rvia REUTERS\/Igor Pavicevic Manifestantes tomaram as ruas de Belgrado, capital da\u00a0S\u00e9rvia, neste s\u00e1bado (15) para protestar contra a corrup\u00e7\u00e3o e o presidente do pa\u00eds, Aleksandar Vu\u010di\u0107. Dezenas de milhares de pessoas gritaram palavras de ordem e [&hellip;]","og_url":"https:\/\/gazetapernambucana.com\/?p=1693","article_published_time":"2025-09-11T16:18:08+00:00","og_image":[{"width":400,"height":300,"url":"https:\/\/gazetapernambucana.com\/wp-content\/uploads\/2025\/09\/manifestantes-protestam-contra-presidente-da-servia-85511_400x300.webp","type":"image\/webp"}],"author":"GP","twitter_card":"summary_large_image","twitter_misc":{"Escrito por":"GP","Est. tempo de leitura":"4 minutos"},"schema":{"@context":"https:\/\/schema.org","@graph":[{"@type":"WebPage","@id":"https:\/\/gazetapernambucana.com\/?p=1693","url":"https:\/\/gazetapernambucana.com\/?p=1693","name":"S\u00e9rvia: Multid\u00e3o protesta contra corrup\u00e7\u00e3o -","isPartOf":{"@id":"https:\/\/gazetapernambucana.com\/#website"},"primaryImageOfPage":{"@id":"https:\/\/gazetapernambucana.com\/?p=1693#primaryimage"},"image":{"@id":"https:\/\/gazetapernambucana.com\/?p=1693#primaryimage"},"thumbnailUrl":"https:\/\/gazetapernambucana.com\/wp-content\/uploads\/2025\/09\/manifestantes-protestam-contra-presidente-da-servia-85511_400x300.webp","datePublished":"2025-09-11T16:18:08+00:00","author":{"@id":"https:\/\/gazetapernambucana.com\/#\/schema\/person\/188dc283325181ac2de4db1e9e987427"},"breadcrumb":{"@id":"https:\/\/gazetapernambucana.com\/?p=1693#breadcrumb"},"inLanguage":"pt-BR","potentialAction":[{"@type":"ReadAction","target":["https:\/\/gazetapernambucana.com\/?p=1693"]}]},{"@type":"ImageObject","inLanguage":"pt-BR","@id":"https:\/\/gazetapernambucana.com\/?p=1693#primaryimage","url":"https:\/\/gazetapernambucana.com\/wp-content\/uploads\/2025\/09\/manifestantes-protestam-contra-presidente-da-servia-85511_400x300.webp","contentUrl":"https:\/\/gazetapernambucana.com\/wp-content\/uploads\/2025\/09\/manifestantes-protestam-contra-presidente-da-servia-85511_400x300.webp","width":400,"height":300},{"@type":"BreadcrumbList","@id":"https:\/\/gazetapernambucana.com\/?p=1693#breadcrumb","itemListElement":[{"@type":"ListItem","position":1,"name":"In\u00edcio","item":"https:\/\/gazetapernambucana.com\/"},{"@type":"ListItem","position":2,"name":"S\u00e9rvia: Multid\u00e3o protesta contra corrup\u00e7\u00e3o"}]},{"@type":"WebSite","@id":"https:\/\/gazetapernambucana.com\/#website","url":"https:\/\/gazetapernambucana.com\/","name":"","description":"","potentialAction":[{"@type":"SearchAction","target":{"@type":"EntryPoint","urlTemplate":"https:\/\/gazetapernambucana.com\/?s={search_term_string}"},"query-input":{"@type":"PropertyValueSpecification","valueRequired":true,"valueName":"search_term_string"}}],"inLanguage":"pt-BR"},{"@type":"Person","@id":"https:\/\/gazetapernambucana.com\/#\/schema\/person\/188dc283325181ac2de4db1e9e987427","name":"GP","image":{"@type":"ImageObject","inLanguage":"pt-BR","@id":"https:\/\/gazetapernambucana.com\/#\/schema\/person\/image\/","url":"https:\/\/secure.gravatar.com\/avatar\/9dad78ff9a2d8b5742d11779f8a3f53b052320c550b2e1907882353c067bb111?s=96&d=mm&r=g","contentUrl":"https:\/\/secure.gravatar.com\/avatar\/9dad78ff9a2d8b5742d11779f8a3f53b052320c550b2e1907882353c067bb111?s=96&d=mm&r=g","caption":"GP"},"sameAs":["http:\/\/gazetapernambucana.com"],"url":"https:\/\/gazetapernambucana.com\/?author=1"}]}},"jetpack_publicize_connections":[],"_links":{"self":[{"href":"https:\/\/gazetapernambucana.com\/index.php?rest_route=\/wp\/v2\/posts\/1693","targetHints":{"allow":["GET"]}}],"collection":[{"href":"https:\/\/gazetapernambucana.com\/index.php?rest_route=\/wp\/v2\/posts"}],"about":[{"href":"https:\/\/gazetapernambucana.com\/index.php?rest_route=\/wp\/v2\/types\/post"}],"author":[{"embeddable":true,"href":"https:\/\/gazetapernambucana.com\/index.php?rest_route=\/wp\/v2\/users\/1"}],"replies":[{"embeddable":true,"href":"https:\/\/gazetapernambucana.com\/index.php?rest_route=%2Fwp%2Fv2%2Fcomments&post=1693"}],"version-history":[{"count":1,"href":"https:\/\/gazetapernambucana.com\/index.php?rest_route=\/wp\/v2\/posts\/1693\/revisions"}],"predecessor-version":[{"id":1696,"href":"https:\/\/gazetapernambucana.com\/index.php?rest_route=\/wp\/v2\/posts\/1693\/revisions\/1696"}],"wp:featuredmedia":[{"embeddable":true,"href":"https:\/\/gazetapernambucana.com\/index.php?rest_route=\/wp\/v2\/media\/1694"}],"wp:attachment":[{"href":"https:\/\/gazetapernambucana.com\/index.php?rest_route=%2Fwp%2Fv2%2Fmedia&parent=1693"}],"wp:term":[{"taxonomy":"category","embeddable":true,"href":"https:\/\/gazetapernambucana.com\/index.php?rest_route=%2Fwp%2Fv2%2Fcategories&post=1693"},{"taxonomy":"post_tag","embeddable":true,"href":"https:\/\/gazetapernambucana.com\/index.php?rest_route=%2Fwp%2Fv2%2Ftags&post=1693"}],"curies":[{"name":"wp","href":"https:\/\/api.w.org\/{rel}","templated":true}]}}