{"id":1689,"date":"2025-09-10T22:06:01","date_gmt":"2025-09-11T01:06:01","guid":{"rendered":"https:\/\/gazetapernambucana.com\/?p=1689"},"modified":"2025-09-10T22:06:52","modified_gmt":"2025-09-11T01:06:52","slug":"politicos-do-nepal-sao-evacuados-por-helicoptero-indiano-com-uso-de-corda-apos-protestos-tomarem-o-pais","status":"publish","type":"post","link":"https:\/\/gazetapernambucana.com\/?p=1689","title":{"rendered":"Pol\u00edticos do Nepal s\u00e3o evacuados por helic\u00f3ptero indiano com uso de corda ap\u00f3s protestos tomarem o pa\u00eds"},"content":{"rendered":"<div class=\"entry-header\">\n<div id=\"tdi_44\" class=\"tdc-row\">\n<div class=\"vc_row tdi_45 wpb_row td-pb-row\">\n<div class=\"vc_column tdi_47 wpb_column vc_column_container tdc-column td-pb-span12\">\n<div class=\"wpb_wrapper\">\n<div class=\"td_block_wrap tdb_title tdi_49 tdb-single-title td-pb-border-top td_block_template_1\" data-td-block-uid=\"tdi_49\">\n<div class=\"tdb-block-inner td-fix-index\">\n<h2 class=\"jeg_post_subtitle\">As imagens mostram aeronaves sobrevoando \u00e1reas residenciais para retirar \u00e0s pressas pol\u00edticos, familiares e funcion\u00e1rios<\/h2>\n<\/div>\n<\/div>\n<\/div>\n<\/div>\n<\/div>\n<\/div>\n<div id=\"tdi_50\" class=\"tdc-row\">\n<div class=\"vc_row tdi_51 td-ss-row wpb_row td-pb-row\">\n<div class=\"vc_column tdi_53 wpb_column vc_column_container tdc-column td-pb-span8\">\n<div class=\"wpb_wrapper\">\n<div class=\"td_block_wrap tdb_single_content tdi_62 td-pb-border-top td_block_template_1 td-post-content tagdiv-type\" data-td-block-uid=\"tdi_62\">\n<div class=\"tdb-block-inner td-fix-index\">\n<div class=\"wp-block-image\">\n<figure class=\"aligncenter size-large\"><img loading=\"lazy\" decoding=\"async\" class=\"wp-image-404892 td-animation-stack-type0-2\" src=\"https:\/\/aeroin.net\/wp-content\/uploads\/2025\/09\/Dhruv-1024x684.jpg\" sizes=\"auto, (max-width: 1024px) 100vw, 1024px\" srcset=\"https:\/\/aeroin.net\/wp-content\/uploads\/2025\/09\/Dhruv-1024x684.jpg 1024w, https:\/\/aeroin.net\/wp-content\/uploads\/2025\/09\/Dhruv-300x200.jpg 300w, https:\/\/aeroin.net\/wp-content\/uploads\/2025\/09\/Dhruv-768x513.jpg 768w, https:\/\/aeroin.net\/wp-content\/uploads\/2025\/09\/Dhruv-629x420.jpg 629w, https:\/\/aeroin.net\/wp-content\/uploads\/2025\/09\/Dhruv-696x465.jpg 696w, https:\/\/aeroin.net\/wp-content\/uploads\/2025\/09\/Dhruv-1068x713.jpg 1068w, https:\/\/aeroin.net\/wp-content\/uploads\/2025\/09\/Dhruv.jpg 1200w\" alt=\"\" width=\"1024\" height=\"684\" \/><\/figure>\n<\/div>\n<p>Helic\u00f3pteros do Servi\u00e7o A\u00e9reo do Ex\u00e9rcito Nepal\u00eas foram vistos evacuando dezenas de pessoas das resid\u00eancias de pol\u00edticos em Katmandu, invadidas ap\u00f3s uma forte onda de protestos contra o governo.<\/p>\n<p>Os manifestantes iniciaram atos contra a corrup\u00e7\u00e3o, que foram reprimidos com viol\u00eancia e acompanhados pelo bloqueio de redes sociais como Twitter, Instagram e YouTube. A medida intensificou a revolta popular e, nesta ter\u00e7a-feira (9), multid\u00f5es foram \u00e0s ruas, invadindo o Parlamento e as casas de v\u00e1rios ministros.<\/p>\n<p>Cercados, pol\u00edticos, familiares e funcion\u00e1rios precisaram ser retirados \u00e0s pressas de suas resid\u00eancias na capital. Para a evacua\u00e7\u00e3o, foram utilizados helic\u00f3pteros Leonardo AW139, de fabrica\u00e7\u00e3o italiana, e HAL Dhruv, de origem indiana:<\/p>\n<blockquote class=\"twitter-tweet\" data-twitter-extracted-i1757551645287155956=\"true\">\n<p dir=\"ltr\" lang=\"pt\">Helic\u00f3pteros indianos HAL Dhruv s\u00e3o usados para evacuar pol\u00edticos no Nepal ap\u00f3s manifestantes promoverem revolta popular e invadirem as resid\u00eancias de membros do Executivo e do Parlamento@eixopolitico\u00a0@hoje_no\u00a0pic.twitter.com\/AyZFbMbrIv<\/p>\n<\/blockquote>\n<p>O Dhruv, um helic\u00f3ptero bimotor desenvolvido em parceria com a alem\u00e3 Messerschmitt-B\u00f6lkow-Blohm (MBB), hoje parte da Airbus Helicopters, foi empregado em ao menos duas opera\u00e7\u00f5es de resgate com corda, j\u00e1 que n\u00e3o havia \u00e1reas seguras para pouso pr\u00f3ximo \u00e0s casas dos membros do governo.<\/p>\n<p>As cenas de evacua\u00e7\u00e3o a\u00e9rea em meio ao caos pol\u00edtico no Nepal lembraram a Opera\u00e7\u00e3o Vento Constante (Frequent Wind), realizada pelos Estados Unidos na Queda de Saigon, no Vietn\u00e3 do Sul em 1975, quando helic\u00f3pteros foram usados para retirar diplomatas e militares. Imagens semelhantes s\u00f3 foram registradas em 2021, durante a retirada das tropas americanas de Cabul, no Afeganist\u00e3o, embora naquela ocasi\u00e3o a opera\u00e7\u00e3o tenha sido feita apenas com avi\u00f5es.<\/p>\n<h3 class=\"wp-block-heading\">Veja v\u00eddeo do resgate<\/h3>\n<\/div>\n<blockquote class=\"twitter-tweet\" data-width=\"550\" data-dnt=\"true\">\n<p lang=\"hi\" dir=\"ltr\">\u0928\u0947\u092a\u093e\u0932 \u0915\u0947 \u090f\u0915 \u092b\u0915\u0940\u0930<br \/>\u0939\u0947\u0932\u0940\u0915\u0949\u092a\u094d\u091f\u0930 \u0938\u0947 \u091d\u094b\u0932\u093e \u091f\u093e\u0902\u0917 \u0915\u0930 \u0928\u093f\u0915\u0932\u0924\u0947 \u0939\u0941\u090f&#8230;<a href=\"https:\/\/twitter.com\/hashtag\/NepalPM?src=hash&amp;ref_src=twsrc%5Etfw\">#NepalPM<\/a> <a href=\"https:\/\/t.co\/kljksuAEUJ\">pic.twitter.com\/kljksuAEUJ<\/a><\/p>\n<p>&mdash; \ud835\udc04\ud835\udc2b. \ud835\udc00\ud835\udc1d\ud835\udc22\ud835\udc2d\ud835\udc32\ud835\udc1a (@AdityaSolarEngg) <a href=\"https:\/\/twitter.com\/AdityaSolarEngg\/status\/1965441562521026998?ref_src=twsrc%5Etfw\">September 9, 2025<\/a><\/p><\/blockquote>\n<p><script async src=\"https:\/\/platform.twitter.com\/widgets.js\" charset=\"utf-8\"><\/script><\/p>\n<\/div>\n<\/div>\n<\/div>\n<\/div>\n<\/div>\n<\/div>\n<div class=\"entry-content no-share\">\n<div class=\"content-inner \">\n<h3 class=\"wp-block-heading\">Veja v\u00eddeo do resgate<\/h3>\n<p><iframe loading=\"lazy\" title=\"Nepal&#039;s Leader Escaped By Hanging From A Helicopter\" width=\"540\" height=\"960\" src=\"https:\/\/www.youtube.com\/embed\/TeTuQwSAia8?start=6&#038;feature=oembed\" frameborder=\"0\" allow=\"accelerometer; autoplay; clipboard-write; encrypted-media; gyroscope; picture-in-picture; web-share\" referrerpolicy=\"strict-origin-when-cross-origin\" allowfullscreen><\/iframe><\/p>\n<\/div>\n<\/div>\n","protected":false},"excerpt":{"rendered":"<p>As imagens mostram aeronaves sobrevoando \u00e1reas residenciais para retirar \u00e0s pressas pol\u00edticos, familiares e funcion\u00e1rios Helic\u00f3pteros do Servi\u00e7o A\u00e9reo do Ex\u00e9rcito Nepal\u00eas foram vistos evacuando dezenas de pessoas das resid\u00eancias de pol\u00edticos em Katmandu, invadidas ap\u00f3s uma forte onda de protestos contra o governo. Os manifestantes iniciaram atos contra a corrup\u00e7\u00e3o, que foram reprimidos com [&hellip;]<\/p>\n","protected":false},"author":1,"featured_media":1690,"comment_status":"open","ping_status":"open","sticky":false,"template":"","format":"standard","meta":{"footnotes":"","jetpack_publicize_message":"","jetpack_publicize_feature_enabled":true,"jetpack_social_post_already_shared":true,"jetpack_social_options":{"image_generator_settings":{"template":"highway","default_image_id":0,"font":"","enabled":false},"version":2}},"categories":[1,36,65],"tags":[],"class_list":["post-1689","post","type-post","status-publish","format-standard","has-post-thumbnail","hentry","category-https-gazetapernambucana-com-page_id225","category-https-gazetapernambucana-com-page_id209","category-politica"],"yoast_head":"<!-- This site is optimized with the Yoast SEO plugin v24.5 - https:\/\/yoast.com\/wordpress\/plugins\/seo\/ -->\n<title>Pol\u00edticos do Nepal s\u00e3o evacuados por helic\u00f3ptero indiano com uso de corda ap\u00f3s protestos tomarem o pa\u00eds -<\/title>\n<meta name=\"robots\" content=\"index, follow, max-snippet:-1, max-image-preview:large, max-video-preview:-1\" \/>\n<link rel=\"canonical\" href=\"https:\/\/gazetapernambucana.com\/?p=1689\" \/>\n<meta property=\"og:locale\" content=\"pt_BR\" \/>\n<meta property=\"og:type\" content=\"article\" \/>\n<meta property=\"og:title\" content=\"Pol\u00edticos do Nepal s\u00e3o evacuados por helic\u00f3ptero indiano com uso de corda ap\u00f3s protestos tomarem o pa\u00eds -\" \/>\n<meta property=\"og:description\" content=\"As imagens mostram aeronaves sobrevoando \u00e1reas residenciais para retirar \u00e0s pressas pol\u00edticos, familiares e funcion\u00e1rios Helic\u00f3pteros do Servi\u00e7o A\u00e9reo do Ex\u00e9rcito Nepal\u00eas foram vistos evacuando dezenas de pessoas das resid\u00eancias de pol\u00edticos em Katmandu, invadidas ap\u00f3s uma forte onda de protestos contra o governo. Os manifestantes iniciaram atos contra a corrup\u00e7\u00e3o, que foram reprimidos com [&hellip;]\" \/>\n<meta property=\"og:url\" content=\"https:\/\/gazetapernambucana.com\/?p=1689\" \/>\n<meta property=\"article:published_time\" content=\"2025-09-11T01:06:01+00:00\" \/>\n<meta property=\"article:modified_time\" content=\"2025-09-11T01:06:52+00:00\" \/>\n<meta property=\"og:image\" content=\"https:\/\/gazetapernambucana.com\/wp-content\/uploads\/2025\/09\/Dhruv.jpg\" \/>\n\t<meta property=\"og:image:width\" content=\"1200\" \/>\n\t<meta property=\"og:image:height\" content=\"801\" \/>\n\t<meta property=\"og:image:type\" content=\"image\/jpeg\" \/>\n<meta name=\"author\" content=\"GP\" \/>\n<meta name=\"twitter:card\" content=\"summary_large_image\" \/>\n<meta name=\"twitter:label1\" content=\"Escrito por\" \/>\n\t<meta name=\"twitter:data1\" content=\"GP\" \/>\n\t<meta name=\"twitter:label2\" content=\"Est. tempo de leitura\" \/>\n\t<meta name=\"twitter:data2\" content=\"2 minutos\" \/>\n<script type=\"application\/ld+json\" class=\"yoast-schema-graph\">{\"@context\":\"https:\/\/schema.org\",\"@graph\":[{\"@type\":\"WebPage\",\"@id\":\"https:\/\/gazetapernambucana.com\/?p=1689\",\"url\":\"https:\/\/gazetapernambucana.com\/?p=1689\",\"name\":\"Pol\u00edticos do Nepal s\u00e3o evacuados por helic\u00f3ptero indiano com uso de corda ap\u00f3s protestos tomarem o pa\u00eds -\",\"isPartOf\":{\"@id\":\"https:\/\/gazetapernambucana.com\/#website\"},\"primaryImageOfPage\":{\"@id\":\"https:\/\/gazetapernambucana.com\/?p=1689#primaryimage\"},\"image\":{\"@id\":\"https:\/\/gazetapernambucana.com\/?p=1689#primaryimage\"},\"thumbnailUrl\":\"https:\/\/gazetapernambucana.com\/wp-content\/uploads\/2025\/09\/Dhruv.jpg\",\"datePublished\":\"2025-09-11T01:06:01+00:00\",\"dateModified\":\"2025-09-11T01:06:52+00:00\",\"author\":{\"@id\":\"https:\/\/gazetapernambucana.com\/#\/schema\/person\/188dc283325181ac2de4db1e9e987427\"},\"breadcrumb\":{\"@id\":\"https:\/\/gazetapernambucana.com\/?p=1689#breadcrumb\"},\"inLanguage\":\"pt-BR\",\"potentialAction\":[{\"@type\":\"ReadAction\",\"target\":[\"https:\/\/gazetapernambucana.com\/?p=1689\"]}]},{\"@type\":\"ImageObject\",\"inLanguage\":\"pt-BR\",\"@id\":\"https:\/\/gazetapernambucana.com\/?p=1689#primaryimage\",\"url\":\"https:\/\/gazetapernambucana.com\/wp-content\/uploads\/2025\/09\/Dhruv.jpg\",\"contentUrl\":\"https:\/\/gazetapernambucana.com\/wp-content\/uploads\/2025\/09\/Dhruv.jpg\",\"width\":1200,\"height\":801},{\"@type\":\"BreadcrumbList\",\"@id\":\"https:\/\/gazetapernambucana.com\/?p=1689#breadcrumb\",\"itemListElement\":[{\"@type\":\"ListItem\",\"position\":1,\"name\":\"In\u00edcio\",\"item\":\"https:\/\/gazetapernambucana.com\/\"},{\"@type\":\"ListItem\",\"position\":2,\"name\":\"Pol\u00edticos do Nepal s\u00e3o evacuados por helic\u00f3ptero indiano com uso de corda ap\u00f3s protestos tomarem o pa\u00eds\"}]},{\"@type\":\"WebSite\",\"@id\":\"https:\/\/gazetapernambucana.com\/#website\",\"url\":\"https:\/\/gazetapernambucana.com\/\",\"name\":\"\",\"description\":\"\",\"potentialAction\":[{\"@type\":\"SearchAction\",\"target\":{\"@type\":\"EntryPoint\",\"urlTemplate\":\"https:\/\/gazetapernambucana.com\/?s={search_term_string}\"},\"query-input\":{\"@type\":\"PropertyValueSpecification\",\"valueRequired\":true,\"valueName\":\"search_term_string\"}}],\"inLanguage\":\"pt-BR\"},{\"@type\":\"Person\",\"@id\":\"https:\/\/gazetapernambucana.com\/#\/schema\/person\/188dc283325181ac2de4db1e9e987427\",\"name\":\"GP\",\"image\":{\"@type\":\"ImageObject\",\"inLanguage\":\"pt-BR\",\"@id\":\"https:\/\/gazetapernambucana.com\/#\/schema\/person\/image\/\",\"url\":\"https:\/\/secure.gravatar.com\/avatar\/9dad78ff9a2d8b5742d11779f8a3f53b052320c550b2e1907882353c067bb111?s=96&d=mm&r=g\",\"contentUrl\":\"https:\/\/secure.gravatar.com\/avatar\/9dad78ff9a2d8b5742d11779f8a3f53b052320c550b2e1907882353c067bb111?s=96&d=mm&r=g\",\"caption\":\"GP\"},\"sameAs\":[\"http:\/\/gazetapernambucana.com\"],\"url\":\"https:\/\/gazetapernambucana.com\/?author=1\"}]}<\/script>\n<!-- \/ Yoast SEO plugin. -->","yoast_head_json":{"title":"Pol\u00edticos do Nepal s\u00e3o evacuados por helic\u00f3ptero indiano com uso de corda ap\u00f3s protestos tomarem o pa\u00eds -","robots":{"index":"index","follow":"follow","max-snippet":"max-snippet:-1","max-image-preview":"max-image-preview:large","max-video-preview":"max-video-preview:-1"},"canonical":"https:\/\/gazetapernambucana.com\/?p=1689","og_locale":"pt_BR","og_type":"article","og_title":"Pol\u00edticos do Nepal s\u00e3o evacuados por helic\u00f3ptero indiano com uso de corda ap\u00f3s protestos tomarem o pa\u00eds -","og_description":"As imagens mostram aeronaves sobrevoando \u00e1reas residenciais para retirar \u00e0s pressas pol\u00edticos, familiares e funcion\u00e1rios Helic\u00f3pteros do Servi\u00e7o A\u00e9reo do Ex\u00e9rcito Nepal\u00eas foram vistos evacuando dezenas de pessoas das resid\u00eancias de pol\u00edticos em Katmandu, invadidas ap\u00f3s uma forte onda de protestos contra o governo. Os manifestantes iniciaram atos contra a corrup\u00e7\u00e3o, que foram reprimidos com [&hellip;]","og_url":"https:\/\/gazetapernambucana.com\/?p=1689","article_published_time":"2025-09-11T01:06:01+00:00","article_modified_time":"2025-09-11T01:06:52+00:00","og_image":[{"width":1200,"height":801,"url":"https:\/\/gazetapernambucana.com\/wp-content\/uploads\/2025\/09\/Dhruv.jpg","type":"image\/jpeg"}],"author":"GP","twitter_card":"summary_large_image","twitter_misc":{"Escrito por":"GP","Est. tempo de leitura":"2 minutos"},"schema":{"@context":"https:\/\/schema.org","@graph":[{"@type":"WebPage","@id":"https:\/\/gazetapernambucana.com\/?p=1689","url":"https:\/\/gazetapernambucana.com\/?p=1689","name":"Pol\u00edticos do Nepal s\u00e3o evacuados por helic\u00f3ptero indiano com uso de corda ap\u00f3s protestos tomarem o pa\u00eds -","isPartOf":{"@id":"https:\/\/gazetapernambucana.com\/#website"},"primaryImageOfPage":{"@id":"https:\/\/gazetapernambucana.com\/?p=1689#primaryimage"},"image":{"@id":"https:\/\/gazetapernambucana.com\/?p=1689#primaryimage"},"thumbnailUrl":"https:\/\/gazetapernambucana.com\/wp-content\/uploads\/2025\/09\/Dhruv.jpg","datePublished":"2025-09-11T01:06:01+00:00","dateModified":"2025-09-11T01:06:52+00:00","author":{"@id":"https:\/\/gazetapernambucana.com\/#\/schema\/person\/188dc283325181ac2de4db1e9e987427"},"breadcrumb":{"@id":"https:\/\/gazetapernambucana.com\/?p=1689#breadcrumb"},"inLanguage":"pt-BR","potentialAction":[{"@type":"ReadAction","target":["https:\/\/gazetapernambucana.com\/?p=1689"]}]},{"@type":"ImageObject","inLanguage":"pt-BR","@id":"https:\/\/gazetapernambucana.com\/?p=1689#primaryimage","url":"https:\/\/gazetapernambucana.com\/wp-content\/uploads\/2025\/09\/Dhruv.jpg","contentUrl":"https:\/\/gazetapernambucana.com\/wp-content\/uploads\/2025\/09\/Dhruv.jpg","width":1200,"height":801},{"@type":"BreadcrumbList","@id":"https:\/\/gazetapernambucana.com\/?p=1689#breadcrumb","itemListElement":[{"@type":"ListItem","position":1,"name":"In\u00edcio","item":"https:\/\/gazetapernambucana.com\/"},{"@type":"ListItem","position":2,"name":"Pol\u00edticos do Nepal s\u00e3o evacuados por helic\u00f3ptero indiano com uso de corda ap\u00f3s protestos tomarem o pa\u00eds"}]},{"@type":"WebSite","@id":"https:\/\/gazetapernambucana.com\/#website","url":"https:\/\/gazetapernambucana.com\/","name":"","description":"","potentialAction":[{"@type":"SearchAction","target":{"@type":"EntryPoint","urlTemplate":"https:\/\/gazetapernambucana.com\/?s={search_term_string}"},"query-input":{"@type":"PropertyValueSpecification","valueRequired":true,"valueName":"search_term_string"}}],"inLanguage":"pt-BR"},{"@type":"Person","@id":"https:\/\/gazetapernambucana.com\/#\/schema\/person\/188dc283325181ac2de4db1e9e987427","name":"GP","image":{"@type":"ImageObject","inLanguage":"pt-BR","@id":"https:\/\/gazetapernambucana.com\/#\/schema\/person\/image\/","url":"https:\/\/secure.gravatar.com\/avatar\/9dad78ff9a2d8b5742d11779f8a3f53b052320c550b2e1907882353c067bb111?s=96&d=mm&r=g","contentUrl":"https:\/\/secure.gravatar.com\/avatar\/9dad78ff9a2d8b5742d11779f8a3f53b052320c550b2e1907882353c067bb111?s=96&d=mm&r=g","caption":"GP"},"sameAs":["http:\/\/gazetapernambucana.com"],"url":"https:\/\/gazetapernambucana.com\/?author=1"}]}},"jetpack_publicize_connections":[],"_links":{"self":[{"href":"https:\/\/gazetapernambucana.com\/index.php?rest_route=\/wp\/v2\/posts\/1689","targetHints":{"allow":["GET"]}}],"collection":[{"href":"https:\/\/gazetapernambucana.com\/index.php?rest_route=\/wp\/v2\/posts"}],"about":[{"href":"https:\/\/gazetapernambucana.com\/index.php?rest_route=\/wp\/v2\/types\/post"}],"author":[{"embeddable":true,"href":"https:\/\/gazetapernambucana.com\/index.php?rest_route=\/wp\/v2\/users\/1"}],"replies":[{"embeddable":true,"href":"https:\/\/gazetapernambucana.com\/index.php?rest_route=%2Fwp%2Fv2%2Fcomments&post=1689"}],"version-history":[{"count":2,"href":"https:\/\/gazetapernambucana.com\/index.php?rest_route=\/wp\/v2\/posts\/1689\/revisions"}],"predecessor-version":[{"id":1692,"href":"https:\/\/gazetapernambucana.com\/index.php?rest_route=\/wp\/v2\/posts\/1689\/revisions\/1692"}],"wp:featuredmedia":[{"embeddable":true,"href":"https:\/\/gazetapernambucana.com\/index.php?rest_route=\/wp\/v2\/media\/1690"}],"wp:attachment":[{"href":"https:\/\/gazetapernambucana.com\/index.php?rest_route=%2Fwp%2Fv2%2Fmedia&parent=1689"}],"wp:term":[{"taxonomy":"category","embeddable":true,"href":"https:\/\/gazetapernambucana.com\/index.php?rest_route=%2Fwp%2Fv2%2Fcategories&post=1689"},{"taxonomy":"post_tag","embeddable":true,"href":"https:\/\/gazetapernambucana.com\/index.php?rest_route=%2Fwp%2Fv2%2Ftags&post=1689"}],"curies":[{"name":"wp","href":"https:\/\/api.w.org\/{rel}","templated":true}]}}